{"id":968105,"date":"2026-01-19T11:51:21","date_gmt":"2026-01-19T14:51:21","guid":{"rendered":"https:\/\/bahiaeconomica.com.br\/wp\/?p=968105"},"modified":"2026-01-19T11:51:21","modified_gmt":"2026-01-19T14:51:21","slug":"construido-pela-prefeitura-pacto-garante-comida-e-transporte-a-trabalhadores-do-carnaval-acoes-ja-foram-vistas-no-festival-virada","status":"publish","type":"post","link":"https:\/\/bahiaeconomica.com.br\/wp\/2026\/01\/19\/construido-pela-prefeitura-pacto-garante-comida-e-transporte-a-trabalhadores-do-carnaval-acoes-ja-foram-vistas-no-festival-virada\/","title":{"rendered":"CONSTRU\u00cdDO PELA PREFEITURA, PACTO GARANTE COMIDA E TRANSPORTE A TRABALHADORES DO CARNAVAL; A\u00c7\u00d5ES J\u00c1 FORAM VISTAS NO FESTIVAL VIRADA"},"content":{"rendered":"<p>H\u00e1 dois meses, a Prefeitura de Salvador assinou um pacto com outros entes do poder p\u00fablico para ampliar as suas pol\u00edticas p\u00fablicas que garantem melhores condi\u00e7\u00f5es de trabalho e renda para os profissionais que ajudam a realizar o Carnaval, a exemplo de ambulantes, catadores de recicl\u00e1veis e cordeiros. Parte dessas novidades j\u00e1 foram vistas no Festival Virada Salvador, no R\u00e9veillon, quando os ambulantes tiveram direito a transporte gratuito e a um Restaurante Popular, que distribuiu refei\u00e7\u00f5es gratuitas todos os dias.<\/p>\n<p>Agora, resta menos de um m\u00eas para o Carnaval, maior festa de rua do planeta, quando o alcance das a\u00e7\u00f5es ser\u00e1 ampliado, como por exemplo a distribui\u00e7\u00e3o de 10 mil refei\u00e7\u00f5es. O pacto envolve ainda iniciativas que j\u00e1 vinham sendo executadas pela Prefeitura, como o Salvador Acolhe, programa que cuida dos filhos desses trabalhadores enquanto eles est\u00e3o em servi\u00e7o; a instala\u00e7\u00e3o de banheiros e chuveiros voltados exclusivamente \u00e0 higiene pessoal dos trabalhadores; e o sistema informatizado de cadastramento de ambulantes, que acabou com as filas e criou crit\u00e9rios objetivos de sele\u00e7\u00e3o.<\/p>\n<p>O acordo teve o protagonismo da Prefeitura, atrav\u00e9s da Procuradoria-Geral do Munic\u00edpio de Salvador (PGMS), que buscou o Minist\u00e9rio do Trabalho e Emprego (MTE) para refor\u00e7ar as pol\u00edticas p\u00fablicas e estabelecer as bases do pacto. O munic\u00edpio, inclusive, foi quem elaborou os termos do documento, que recebeu contribui\u00e7\u00f5es e ajustes dos demais entes p\u00fablicos. As entidades representativas de categorias como ambulantes e profissionais da reciclagem tamb\u00e9m apresentaram as suas demandas, que foram acatadas.<\/p>\n<p>Como destaca Eduardo Vaz Porto, procurador-geral do munic\u00edpio, al\u00e9m de melhorar as condi\u00e7\u00f5es dos trabalhadores, o pacto tamb\u00e9m traz seguran\u00e7a jur\u00eddica ao Carnaval e ajuda a aumentar a confian\u00e7a dos patrocinadores. \u201c\u00c9 preciso reconhecer que, enquanto a grande maioria se diverte no Carnaval e festejos populares, os ambulantes, catadores e cordeiros t\u00eam uma \u00e1rdua tarefa pela frente. Ent\u00e3o, o pacto melhora as condi\u00e7\u00f5es daqueles que tanto se dedicam nesses eventos. A uni\u00e3o de esfor\u00e7os sempre leva a resultados mais produtivos e certamente esses trabalhadores ir\u00e3o se beneficiar\u201d, explicou.<\/p>\n<p>\u201cOutro importante avan\u00e7o diz respeito ao aspecto da seguran\u00e7a jur\u00eddica, especialmente para os patrocinadores que desejam vincular sua marca e apoiar o Carnaval. As sucessivas melhorias vistas ano ap\u00f3s ano se tornaram poss\u00edveis gra\u00e7as ao aporte de recursos decorrente, sobretudo, da parceria do munic\u00edpio com a iniciativa privada\u201d, completou Eduardo Vaz Porto.<\/p>\n<p>O Pacto Intergovernamental de Promo\u00e7\u00e3o do Trabalho Decente, do Empreendedorismo e do Desenvolvimento Econ\u00f4mico, como \u00e9 chamado de maneira oficial, tamb\u00e9m foi assinado pelo governo federal e pelo governo do estado. Outras novidades que a Prefeitura vai promover para o Carnaval s\u00e3o a promo\u00e7\u00e3o de cursos de capacita\u00e7\u00e3o e treinamentos e a disponibiliza\u00e7\u00e3o de centros de conviv\u00eancia, com espa\u00e7os adequados para descanso e higiene.<\/p>\n<p>J\u00fanior Magalh\u00e3es, titular da Secretaria Municipal de Promo\u00e7\u00e3o Social, Combate \u00e0 Pobreza, Esportes e Lazer (Sempre), lembrou ainda que a Prefeitura tem bases de apoio que s\u00e3o montadas nos principais circuitos para dar suporte aos catadores, chamadas de Catafolia.<\/p>\n<p>\u201cAderimos ao pacto com o compromisso de fortalecer os cuidados com os trabalhadores. H\u00e1 cerca de tr\u00eas anos, iniciamos este caminho com o projeto Catafolia, garantindo aos catadores de materiais recicl\u00e1veis e reutiliz\u00e1veis tr\u00eas refei\u00e7\u00f5es di\u00e1rias gratuitas, com acompanhamento de seguran\u00e7a alimentar e nutricional. Al\u00e9m disso, oferecemos equipamentos de prote\u00e7\u00e3o individual, atendimentos sociais e orienta\u00e7\u00f5es em sa\u00fade\u201d, disse J\u00fanior Magalh\u00e3es.<\/p>\n<p>O secret\u00e1rio lembrou que no Festival Virada Salvador a pasta assegurou almo\u00e7o gratuito para 1,4 mil ambulantes diariamente. \u201cEssa experi\u00eancia exitosa ser\u00e1 levada, junto com o Catafolia, tamb\u00e9m para o Carnaval de Salvador 2026, oferecendo 10 mil refei\u00e7\u00f5es por dia e reafirmando nosso compromisso com a dignidade, a inclus\u00e3o produtiva e o desenvolvimento econ\u00f4mico sustent\u00e1vel da maior festa popular do pa\u00eds&#8221;, completou.<\/p>\n<p>O chefe da Procuradoria Especializada Judicial Trabalhista de Salvador, Thiers Chagas Filho, foi um dos que negociaram o acordo. Ele afirma que, com a assinatura do pacto, a Prefeitura poder\u00e1, em parceria com os demais entes federativos do poder p\u00fablico e com a iniciativa privada, avan\u00e7ar ainda mais nas iniciativas desenhadas para os profissionais do Carnaval.<\/p>\n<p>\u201cO Carnaval deve ser encarado como uma oportunidade de gera\u00e7\u00e3o de renda para camadas mais carentes da popula\u00e7\u00e3o e, conjuntamente, como um foco do poder p\u00fablico para que essas oportunidades sejam maximizadas com condi\u00e7\u00f5es de trabalho cada vez mais dignas. As iniciativas da Prefeitura se inserem neste contexto de oferecer medidas concretas de melhoria para a vida das pessoas e tamb\u00e9m, sob o ponto de vista simb\u00f3lico, como um reconhecimento de profissionais que podem se sentir invisibilizados\u201d, afirmou o procurador.<\/p>\n<p>Isaac Edington, presidente da Empresa Salvador Turismo (Saltur), afirma que a festa n\u00e3o \u00e9 apenas constru\u00edda por artistas, mas sobretudo por quem trabalha nele. \u201cO Carnaval de Salvador s\u00f3 \u00e9 poss\u00edvel porque milhares de trabalhadores ajudam a construir esse evento todos os dias. Ter um olhar cuidadoso para catadores, ambulantes e demais profissionais \u00e9 parte do nosso compromisso com um Carnaval respons\u00e1vel, inclusivo e socialmente justo. O pacto fortalece esse cuidado e garante mais dignidade e melhores condi\u00e7\u00f5es de trabalho para quem move a festa\u201d, finaliza.<\/p>\n<p>Foto: Camile Barreto\/ Secom PMS<\/p>\n","protected":false},"excerpt":{"rendered":"<p>H\u00e1 dois meses, a Prefeitura de Salvador assinou um pacto com outros entes do poder p\u00fablico para ampliar as suas pol\u00edticas p\u00fablicas que garantem melhores condi\u00e7\u00f5es de trabalho e renda para os profissionais que ajudam a realizar o Carnaval, a exemplo de ambulantes, catadores de recicl\u00e1veis e cordeiros. Parte dessas novidades j\u00e1 foram vistas no [&hellip;]<\/p>\n","protected":false},"author":24,"featured_media":968128,"comment_status":"closed","ping_status":"closed","sticky":false,"template":"","format":"standard","meta":[],"categories":[5],"tags":[1846,4358,75,3407,1552],"acf":[],"yoast_head":"<!-- This site is optimized with the Yoast SEO plugin v20.8 - https:\/\/yoast.com\/wordpress\/plugins\/seo\/ -->\n<title>CONSTRU\u00cdDO PELA PREFEITURA, PACTO GARANTE COMIDA E TRANSPORTE A TRABALHADORES DO CARNAVAL; A\u00c7\u00d5ES J\u00c1 FORAM VISTAS NO FESTIVAL VIRADA - Bahia Economica H\u00e1 dois meses, a Prefeitura de Salvador assinou um pacto com outros entes do poder p\u00fablico para ampliar as suas pol\u00edticas p\u00fablicas que garantem melhores condi\u00e7\u00f5es de trabalho e renda para os profissionais que ajudam a realizar o Carnaval,<\/title>\n<meta name=\"description\" content=\"O maior portal de Economia da Bahia MUNIC\u00cdPIOS Bahia Economica H\u00e1 dois meses, a Prefeitura de Salvador assinou um pacto com outros entes do poder p\u00fablico para ampliar as suas pol\u00edticas p\u00fablicas que garantem melhores condi\u00e7\u00f5es de trabalho e renda para os profissionais que ajudam a realizar o Carnaval,\" \/>\n<meta name=\"robots\" content=\"index, follow, max-snippet:-1, max-image-preview:large, max-video-preview:-1\" \/>\n<link rel=\"canonical\" href=\"https:\/\/bahiaeconomica.com.br\/wp\/2026\/01\/19\/construido-pela-prefeitura-pacto-garante-comida-e-transporte-a-trabalhadores-do-carnaval-acoes-ja-foram-vistas-no-festival-virada\/\" \/>\n<meta property=\"og:locale\" content=\"pt_BR\" \/>\n<meta property=\"og:type\" content=\"article\" \/>\n<meta property=\"og:title\" content=\"CONSTRU\u00cdDO PELA PREFEITURA, PACTO GARANTE COMIDA E TRANSPORTE A TRABALHADORES DO CARNAVAL; A\u00c7\u00d5ES J\u00c1 FORAM VISTAS NO FESTIVAL VIRADA - Bahia Economica H\u00e1 dois meses, a Prefeitura de Salvador assinou um pacto com outros entes do poder p\u00fablico para ampliar as suas pol\u00edticas p\u00fablicas que garantem melhores condi\u00e7\u00f5es de trabalho e renda para os profissionais que ajudam a realizar o Carnaval,\" \/>\n<meta property=\"og:description\" content=\"O maior portal de Economia da Bahia MUNIC\u00cdPIOS Bahia Economica H\u00e1 dois meses, a Prefeitura de Salvador assinou um pacto com outros entes do poder p\u00fablico para ampliar as suas pol\u00edticas p\u00fablicas que garantem melhores condi\u00e7\u00f5es de trabalho e renda para os profissionais que ajudam a realizar o Carnaval,\" \/>\n<meta property=\"og:url\" content=\"https:\/\/bahiaeconomica.com.br\/wp\/2026\/01\/19\/construido-pela-prefeitura-pacto-garante-comida-e-transporte-a-trabalhadores-do-carnaval-acoes-ja-foram-vistas-no-festival-virada\/\" \/>\n<meta property=\"og:site_name\" content=\"Bahia Economica\" \/>\n<meta property=\"article:publisher\" content=\"https:\/\/www.facebook.com\/bahiaeconomica\" \/>\n<meta property=\"article:published_time\" content=\"2026-01-19T14:51:21+00:00\" \/>\n<meta property=\"og:image\" content=\"https:\/\/bahiaeconomica.com.br\/wp\/wp-content\/uploads\/2026\/01\/WhatsApp-Image-2026-01-19-at-11.46.43.jpeg\" \/>\n\t<meta property=\"og:image:width\" content=\"1600\" \/>\n\t<meta property=\"og:image:height\" content=\"900\" \/>\n\t<meta property=\"og:image:type\" content=\"image\/jpeg\" \/>\n<meta name=\"author\" content=\"VICTOR OLIVEIRA\" \/>\n<meta name=\"twitter:card\" content=\"summary_large_image\" \/>\n<meta name=\"twitter:label1\" content=\"Escrito por\" \/>\n\t<meta name=\"twitter:data1\" content=\"VICTOR OLIVEIRA\" \/>\n\t<meta name=\"twitter:label2\" content=\"Est. tempo de leitura\" \/>\n\t<meta name=\"twitter:data2\" content=\"5 minutos\" \/>\n<script type=\"application\/ld+json\" class=\"yoast-schema-graph\">{\"@context\":\"https:\/\/schema.org\",\"@graph\":[{\"@type\":\"Article\",\"@id\":\"https:\/\/bahiaeconomica.com.br\/wp\/2026\/01\/19\/construido-pela-prefeitura-pacto-garante-comida-e-transporte-a-trabalhadores-do-carnaval-acoes-ja-foram-vistas-no-festival-virada\/#article\",\"isPartOf\":{\"@id\":\"https:\/\/bahiaeconomica.com.br\/wp\/2026\/01\/19\/construido-pela-prefeitura-pacto-garante-comida-e-transporte-a-trabalhadores-do-carnaval-acoes-ja-foram-vistas-no-festival-virada\/\"},\"author\":{\"name\":\"VICTOR OLIVEIRA\",\"@id\":\"https:\/\/bahiaeconomica.com.br\/wp\/#\/schema\/person\/a17956d0e1112b626f403fb06b8129a9\"},\"headline\":\"CONSTRU\u00cdDO PELA PREFEITURA, PACTO GARANTE COMIDA E TRANSPORTE A TRABALHADORES DO CARNAVAL; A\u00c7\u00d5ES J\u00c1 FORAM VISTAS NO FESTIVAL VIRADA\",\"datePublished\":\"2026-01-19T14:51:21+00:00\",\"dateModified\":\"2026-01-19T14:51:21+00:00\",\"mainEntityOfPage\":{\"@id\":\"https:\/\/bahiaeconomica.com.br\/wp\/2026\/01\/19\/construido-pela-prefeitura-pacto-garante-comida-e-transporte-a-trabalhadores-do-carnaval-acoes-ja-foram-vistas-no-festival-virada\/\"},\"wordCount\":940,\"publisher\":{\"@id\":\"https:\/\/bahiaeconomica.com.br\/wp\/#organization\"},\"keywords\":[\"a\u00e7\u00f5es\",\"comida\",\"Prefeitura de Salvador\",\"trabalhadores\",\"transporte\"],\"articleSection\":[\"MUNIC\u00cdPIOS\"],\"inLanguage\":\"pt-BR\"},{\"@type\":\"WebPage\",\"@id\":\"https:\/\/bahiaeconomica.com.br\/wp\/2026\/01\/19\/construido-pela-prefeitura-pacto-garante-comida-e-transporte-a-trabalhadores-do-carnaval-acoes-ja-foram-vistas-no-festival-virada\/\",\"url\":\"https:\/\/bahiaeconomica.com.br\/wp\/2026\/01\/19\/construido-pela-prefeitura-pacto-garante-comida-e-transporte-a-trabalhadores-do-carnaval-acoes-ja-foram-vistas-no-festival-virada\/\",\"name\":\"CONSTRU\u00cdDO PELA PREFEITURA, PACTO GARANTE COMIDA E TRANSPORTE A TRABALHADORES DO CARNAVAL; A\u00c7\u00d5ES J\u00c1 FORAM VISTAS NO FESTIVAL VIRADA - Bahia Economica H\u00e1 dois meses, a Prefeitura de Salvador assinou um pacto com outros entes do poder p\u00fablico para ampliar as suas pol\u00edticas p\u00fablicas que garantem melhores condi\u00e7\u00f5es de trabalho e renda para os profissionais que ajudam a realizar o Carnaval,\",\"isPartOf\":{\"@id\":\"https:\/\/bahiaeconomica.com.br\/wp\/#website\"},\"datePublished\":\"2026-01-19T14:51:21+00:00\",\"dateModified\":\"2026-01-19T14:51:21+00:00\",\"description\":\"O maior portal de Economia da Bahia MUNIC\u00cdPIOS Bahia Economica H\u00e1 dois meses, a Prefeitura de Salvador assinou um pacto com outros entes do poder p\u00fablico para ampliar as suas pol\u00edticas p\u00fablicas que garantem melhores condi\u00e7\u00f5es de trabalho e renda para os profissionais que ajudam a realizar o Carnaval,\",\"breadcrumb\":{\"@id\":\"https:\/\/bahiaeconomica.com.br\/wp\/2026\/01\/19\/construido-pela-prefeitura-pacto-garante-comida-e-transporte-a-trabalhadores-do-carnaval-acoes-ja-foram-vistas-no-festival-virada\/#breadcrumb\"},\"inLanguage\":\"pt-BR\",\"potentialAction\":[{\"@type\":\"ReadAction\",\"target\":[\"https:\/\/bahiaeconomica.com.br\/wp\/2026\/01\/19\/construido-pela-prefeitura-pacto-garante-comida-e-transporte-a-trabalhadores-do-carnaval-acoes-ja-foram-vistas-no-festival-virada\/\"]}]},{\"@type\":\"BreadcrumbList\",\"@id\":\"https:\/\/bahiaeconomica.com.br\/wp\/2026\/01\/19\/construido-pela-prefeitura-pacto-garante-comida-e-transporte-a-trabalhadores-do-carnaval-acoes-ja-foram-vistas-no-festival-virada\/#breadcrumb\",\"itemListElement\":[{\"@type\":\"ListItem\",\"position\":1,\"name\":\"In\u00edcio\",\"item\":\"https:\/\/bahiaeconomica.com.br\/wp\/\"},{\"@type\":\"ListItem\",\"position\":2,\"name\":\"CONSTRU\u00cdDO PELA PREFEITURA, PACTO GARANTE COMIDA E TRANSPORTE A TRABALHADORES DO CARNAVAL; A\u00c7\u00d5ES J\u00c1 FORAM VISTAS NO FESTIVAL VIRADA\"}]},{\"@type\":\"WebSite\",\"@id\":\"https:\/\/bahiaeconomica.com.br\/wp\/#website\",\"url\":\"https:\/\/bahiaeconomica.com.br\/wp\/\",\"name\":\"Bahia Economica\",\"description\":\"O maior portal de Economia da Bahia\",\"publisher\":{\"@id\":\"https:\/\/bahiaeconomica.com.br\/wp\/#organization\"},\"potentialAction\":[{\"@type\":\"SearchAction\",\"target\":{\"@type\":\"EntryPoint\",\"urlTemplate\":\"https:\/\/bahiaeconomica.com.br\/wp\/?s={search_term_string}\"},\"query-input\":\"required name=search_term_string\"}],\"inLanguage\":\"pt-BR\"},{\"@type\":\"Organization\",\"@id\":\"https:\/\/bahiaeconomica.com.br\/wp\/#organization\",\"name\":\"Bahia Econ\u00f4mica\",\"url\":\"https:\/\/bahiaeconomica.com.br\/wp\/\",\"logo\":{\"@type\":\"ImageObject\",\"inLanguage\":\"pt-BR\",\"@id\":\"https:\/\/bahiaeconomica.com.br\/wp\/#\/schema\/logo\/image\/\",\"url\":\"https:\/\/bahiaeconomica.com.br\/wp\/wp-content\/uploads\/2020\/12\/cropped-BE.png\",\"contentUrl\":\"https:\/\/bahiaeconomica.com.br\/wp\/wp-content\/uploads\/2020\/12\/cropped-BE.png\",\"width\":512,\"height\":512,\"caption\":\"Bahia Econ\u00f4mica\"},\"image\":{\"@id\":\"https:\/\/bahiaeconomica.com.br\/wp\/#\/schema\/logo\/image\/\"},\"sameAs\":[\"https:\/\/www.facebook.com\/bahiaeconomica\"]},{\"@type\":\"Person\",\"@id\":\"https:\/\/bahiaeconomica.com.br\/wp\/#\/schema\/person\/a17956d0e1112b626f403fb06b8129a9\",\"name\":\"VICTOR OLIVEIRA\",\"sameAs\":[\"http:\/\/www.bahiaeconomica.com.br\"],\"url\":\"https:\/\/bahiaeconomica.com.br\/wp\/author\/victor-oliveira\/\"}]}<\/script>\n<!-- \/ Yoast SEO plugin. -->","yoast_head_json":{"title":"CONSTRU\u00cdDO PELA PREFEITURA, PACTO GARANTE COMIDA E TRANSPORTE A TRABALHADORES DO CARNAVAL; A\u00c7\u00d5ES J\u00c1 FORAM VISTAS NO FESTIVAL VIRADA - Bahia Economica H\u00e1 dois meses, a Prefeitura de Salvador assinou um pacto com outros entes do poder p\u00fablico para ampliar as suas pol\u00edticas p\u00fablicas que garantem melhores condi\u00e7\u00f5es de trabalho e renda para os profissionais que ajudam a realizar o Carnaval,","description":"O maior portal de Economia da Bahia MUNIC\u00cdPIOS Bahia Economica H\u00e1 dois meses, a Prefeitura de Salvador assinou um pacto com outros entes do poder p\u00fablico para ampliar as suas pol\u00edticas p\u00fablicas que garantem melhores condi\u00e7\u00f5es de trabalho e renda para os profissionais que ajudam a realizar o Carnaval,","robots":{"index":"index","follow":"follow","max-snippet":"max-snippet:-1","max-image-preview":"max-image-preview:large","max-video-preview":"max-video-preview:-1"},"canonical":"https:\/\/bahiaeconomica.com.br\/wp\/2026\/01\/19\/construido-pela-prefeitura-pacto-garante-comida-e-transporte-a-trabalhadores-do-carnaval-acoes-ja-foram-vistas-no-festival-virada\/","og_locale":"pt_BR","og_type":"article","og_title":"CONSTRU\u00cdDO PELA PREFEITURA, PACTO GARANTE COMIDA E TRANSPORTE A TRABALHADORES DO CARNAVAL; A\u00c7\u00d5ES J\u00c1 FORAM VISTAS NO FESTIVAL VIRADA - Bahia Economica H\u00e1 dois meses, a Prefeitura de Salvador assinou um pacto com outros entes do poder p\u00fablico para ampliar as suas pol\u00edticas p\u00fablicas que garantem melhores condi\u00e7\u00f5es de trabalho e renda para os profissionais que ajudam a realizar o Carnaval,","og_description":"O maior portal de Economia da Bahia MUNIC\u00cdPIOS Bahia Economica H\u00e1 dois meses, a Prefeitura de Salvador assinou um pacto com outros entes do poder p\u00fablico para ampliar as suas pol\u00edticas p\u00fablicas que garantem melhores condi\u00e7\u00f5es de trabalho e renda para os profissionais que ajudam a realizar o Carnaval,","og_url":"https:\/\/bahiaeconomica.com.br\/wp\/2026\/01\/19\/construido-pela-prefeitura-pacto-garante-comida-e-transporte-a-trabalhadores-do-carnaval-acoes-ja-foram-vistas-no-festival-virada\/","og_site_name":"Bahia Economica","article_publisher":"https:\/\/www.facebook.com\/bahiaeconomica","article_published_time":"2026-01-19T14:51:21+00:00","og_image":[{"width":1600,"height":900,"url":"https:\/\/bahiaeconomica.com.br\/wp\/wp-content\/uploads\/2026\/01\/WhatsApp-Image-2026-01-19-at-11.46.43.jpeg","type":"image\/jpeg"}],"author":"VICTOR OLIVEIRA","twitter_card":"summary_large_image","twitter_misc":{"Escrito por":"VICTOR OLIVEIRA","Est. tempo de leitura":"5 minutos"},"schema":{"@context":"https:\/\/schema.org","@graph":[{"@type":"Article","@id":"https:\/\/bahiaeconomica.com.br\/wp\/2026\/01\/19\/construido-pela-prefeitura-pacto-garante-comida-e-transporte-a-trabalhadores-do-carnaval-acoes-ja-foram-vistas-no-festival-virada\/#article","isPartOf":{"@id":"https:\/\/bahiaeconomica.com.br\/wp\/2026\/01\/19\/construido-pela-prefeitura-pacto-garante-comida-e-transporte-a-trabalhadores-do-carnaval-acoes-ja-foram-vistas-no-festival-virada\/"},"author":{"name":"VICTOR OLIVEIRA","@id":"https:\/\/bahiaeconomica.com.br\/wp\/#\/schema\/person\/a17956d0e1112b626f403fb06b8129a9"},"headline":"CONSTRU\u00cdDO PELA PREFEITURA, PACTO GARANTE COMIDA E TRANSPORTE A TRABALHADORES DO CARNAVAL; A\u00c7\u00d5ES J\u00c1 FORAM VISTAS NO FESTIVAL VIRADA","datePublished":"2026-01-19T14:51:21+00:00","dateModified":"2026-01-19T14:51:21+00:00","mainEntityOfPage":{"@id":"https:\/\/bahiaeconomica.com.br\/wp\/2026\/01\/19\/construido-pela-prefeitura-pacto-garante-comida-e-transporte-a-trabalhadores-do-carnaval-acoes-ja-foram-vistas-no-festival-virada\/"},"wordCount":940,"publisher":{"@id":"https:\/\/bahiaeconomica.com.br\/wp\/#organization"},"keywords":["a\u00e7\u00f5es","comida","Prefeitura de Salvador","trabalhadores","transporte"],"articleSection":["MUNIC\u00cdPIOS"],"inLanguage":"pt-BR"},{"@type":"WebPage","@id":"https:\/\/bahiaeconomica.com.br\/wp\/2026\/01\/19\/construido-pela-prefeitura-pacto-garante-comida-e-transporte-a-trabalhadores-do-carnaval-acoes-ja-foram-vistas-no-festival-virada\/","url":"https:\/\/bahiaeconomica.com.br\/wp\/2026\/01\/19\/construido-pela-prefeitura-pacto-garante-comida-e-transporte-a-trabalhadores-do-carnaval-acoes-ja-foram-vistas-no-festival-virada\/","name":"CONSTRU\u00cdDO PELA PREFEITURA, PACTO GARANTE COMIDA E TRANSPORTE A TRABALHADORES DO CARNAVAL; A\u00c7\u00d5ES J\u00c1 FORAM VISTAS NO FESTIVAL VIRADA - Bahia Economica H\u00e1 dois meses, a Prefeitura de Salvador assinou um pacto com outros entes do poder p\u00fablico para ampliar as suas pol\u00edticas p\u00fablicas que garantem melhores condi\u00e7\u00f5es de trabalho e renda para os profissionais que ajudam a realizar o Carnaval,","isPartOf":{"@id":"https:\/\/bahiaeconomica.com.br\/wp\/#website"},"datePublished":"2026-01-19T14:51:21+00:00","dateModified":"2026-01-19T14:51:21+00:00","description":"O maior portal de Economia da Bahia MUNIC\u00cdPIOS Bahia Economica H\u00e1 dois meses, a Prefeitura de Salvador assinou um pacto com outros entes do poder p\u00fablico para ampliar as suas pol\u00edticas p\u00fablicas que garantem melhores condi\u00e7\u00f5es de trabalho e renda para os profissionais que ajudam a realizar o Carnaval,","breadcrumb":{"@id":"https:\/\/bahiaeconomica.com.br\/wp\/2026\/01\/19\/construido-pela-prefeitura-pacto-garante-comida-e-transporte-a-trabalhadores-do-carnaval-acoes-ja-foram-vistas-no-festival-virada\/#breadcrumb"},"inLanguage":"pt-BR","potentialAction":[{"@type":"ReadAction","target":["https:\/\/bahiaeconomica.com.br\/wp\/2026\/01\/19\/construido-pela-prefeitura-pacto-garante-comida-e-transporte-a-trabalhadores-do-carnaval-acoes-ja-foram-vistas-no-festival-virada\/"]}]},{"@type":"BreadcrumbList","@id":"https:\/\/bahiaeconomica.com.br\/wp\/2026\/01\/19\/construido-pela-prefeitura-pacto-garante-comida-e-transporte-a-trabalhadores-do-carnaval-acoes-ja-foram-vistas-no-festival-virada\/#breadcrumb","itemListElement":[{"@type":"ListItem","position":1,"name":"In\u00edcio","item":"https:\/\/bahiaeconomica.com.br\/wp\/"},{"@type":"ListItem","position":2,"name":"CONSTRU\u00cdDO PELA PREFEITURA, PACTO GARANTE COMIDA E TRANSPORTE A TRABALHADORES DO CARNAVAL; A\u00c7\u00d5ES J\u00c1 FORAM VISTAS NO FESTIVAL VIRADA"}]},{"@type":"WebSite","@id":"https:\/\/bahiaeconomica.com.br\/wp\/#website","url":"https:\/\/bahiaeconomica.com.br\/wp\/","name":"Bahia Economica","description":"O maior portal de Economia da Bahia","publisher":{"@id":"https:\/\/bahiaeconomica.com.br\/wp\/#organization"},"potentialAction":[{"@type":"SearchAction","target":{"@type":"EntryPoint","urlTemplate":"https:\/\/bahiaeconomica.com.br\/wp\/?s={search_term_string}"},"query-input":"required name=search_term_string"}],"inLanguage":"pt-BR"},{"@type":"Organization","@id":"https:\/\/bahiaeconomica.com.br\/wp\/#organization","name":"Bahia Econ\u00f4mica","url":"https:\/\/bahiaeconomica.com.br\/wp\/","logo":{"@type":"ImageObject","inLanguage":"pt-BR","@id":"https:\/\/bahiaeconomica.com.br\/wp\/#\/schema\/logo\/image\/","url":"https:\/\/bahiaeconomica.com.br\/wp\/wp-content\/uploads\/2020\/12\/cropped-BE.png","contentUrl":"https:\/\/bahiaeconomica.com.br\/wp\/wp-content\/uploads\/2020\/12\/cropped-BE.png","width":512,"height":512,"caption":"Bahia Econ\u00f4mica"},"image":{"@id":"https:\/\/bahiaeconomica.com.br\/wp\/#\/schema\/logo\/image\/"},"sameAs":["https:\/\/www.facebook.com\/bahiaeconomica"]},{"@type":"Person","@id":"https:\/\/bahiaeconomica.com.br\/wp\/#\/schema\/person\/a17956d0e1112b626f403fb06b8129a9","name":"VICTOR OLIVEIRA","sameAs":["http:\/\/www.bahiaeconomica.com.br"],"url":"https:\/\/bahiaeconomica.com.br\/wp\/author\/victor-oliveira\/"}]}},"views":13,"_links":{"self":[{"href":"https:\/\/bahiaeconomica.com.br\/wp\/wp-json\/wp\/v2\/posts\/968105"}],"collection":[{"href":"https:\/\/bahiaeconomica.com.br\/wp\/wp-json\/wp\/v2\/posts"}],"about":[{"href":"https:\/\/bahiaeconomica.com.br\/wp\/wp-json\/wp\/v2\/types\/post"}],"author":[{"embeddable":true,"href":"https:\/\/bahiaeconomica.com.br\/wp\/wp-json\/wp\/v2\/users\/24"}],"replies":[{"embeddable":true,"href":"https:\/\/bahiaeconomica.com.br\/wp\/wp-json\/wp\/v2\/comments?post=968105"}],"version-history":[{"count":1,"href":"https:\/\/bahiaeconomica.com.br\/wp\/wp-json\/wp\/v2\/posts\/968105\/revisions"}],"predecessor-version":[{"id":968129,"href":"https:\/\/bahiaeconomica.com.br\/wp\/wp-json\/wp\/v2\/posts\/968105\/revisions\/968129"}],"wp:featuredmedia":[{"embeddable":true,"href":"https:\/\/bahiaeconomica.com.br\/wp\/wp-json\/wp\/v2\/media\/968128"}],"wp:attachment":[{"href":"https:\/\/bahiaeconomica.com.br\/wp\/wp-json\/wp\/v2\/media?parent=968105"}],"wp:term":[{"taxonomy":"category","embeddable":true,"href":"https:\/\/bahiaeconomica.com.br\/wp\/wp-json\/wp\/v2\/categories?post=968105"},{"taxonomy":"post_tag","embeddable":true,"href":"https:\/\/bahiaeconomica.com.br\/wp\/wp-json\/wp\/v2\/tags?post=968105"}],"curies":[{"name":"wp","href":"https:\/\/api.w.org\/{rel}","templated":true}]}}