{"id":968047,"date":"2026-01-19T08:54:08","date_gmt":"2026-01-19T11:54:08","guid":{"rendered":"https:\/\/bahiaeconomica.com.br\/wp\/?p=968047"},"modified":"2026-01-19T08:54:08","modified_gmt":"2026-01-19T11:54:08","slug":"bbb-26-atitude-inaceitavel-diz-tadeu-schmidt-ao-comentar-saida-de-pedro","status":"publish","type":"post","link":"https:\/\/bahiaeconomica.com.br\/wp\/2026\/01\/19\/bbb-26-atitude-inaceitavel-diz-tadeu-schmidt-ao-comentar-saida-de-pedro\/","title":{"rendered":"BBB 26: \u201cATITUDE INACEIT\u00c1VEL\u201d, DIZ TADEU SCHMIDT AO COMENTAR SA\u00cdDA DE PEDRO"},"content":{"rendered":"<p data-start=\"255\" data-end=\"569\">Pedro Henrique Esp\u00edndola deixou o Big Brother Brasil 26 na noite de domingo (18), poucas horas antes da primeira forma\u00e7\u00e3o de pared\u00e3o da temporada, ap\u00f3s um epis\u00f3dio de ass\u00e9dio envolvendo a participante Jordana Morais. O vendedor ambulante apertou o bot\u00e3o de desist\u00eancia depois que o caso veio \u00e0 tona dentro da casa.<\/p>\n<p data-start=\"571\" data-end=\"888\">Durante o programa ao vivo, a TV Globo exibiu imagens e relatos sobre o momento em que Pedro encurralou Jordana dentro da despensa da casa e tentou beij\u00e1-la sem consentimento. A advogada contou aos colegas de confinamento que havia ido ao local procurar um objeto quando foi surpreendida pela atitude do participante.<\/p>\n<p data-start=\"890\" data-end=\"1142\">Segundo o relato de Jordana, Pedro entrou na despensa com ela, segurou-a pelo pesco\u00e7o e tentou beij\u00e1-la. A participante reagiu imediatamente, questionando a atitude. Ainda de acordo com ela, o brother respondeu que estava fazendo \u201co que tinha vontade\u201d.<\/p>\n<p data-start=\"1144\" data-end=\"1349\">A edi\u00e7\u00e3o tamb\u00e9m exibiu o depoimento de Pedro no confession\u00e1rio. Ele afirmou que vinha tentando conter seus desejos dentro do jogo, mas que acreditou, de forma equivocada, que a aproxima\u00e7\u00e3o seria rec\u00edproca.<\/p>\n<p data-start=\"1351\" data-end=\"1605\">Diante da repercuss\u00e3o do caso, o apresentador Tadeu Schmidt conversou com os participantes e deixou claro que a produ\u00e7\u00e3o n\u00e3o tolera esse tipo de comportamento. Segundo ele, caso Pedro n\u00e3o tivesse desistido voluntariamente do programa, teria sido expulso.<\/p>\n<p data-start=\"1607\" data-end=\"1718\">\u201cEsse tipo de atitude \u00e9 inaceit\u00e1vel, n\u00e3o apenas no BBB, mas em qualquer lugar\u201d, afirmou o apresentador ao vivo.<\/p>\n<p data-start=\"1720\" data-end=\"1872\">A emissora refor\u00e7ou o compromisso com a seguran\u00e7a e o respeito dentro do reality, destacando que situa\u00e7\u00f5es de ass\u00e9dio s\u00e3o tratadas com m\u00e1xima seriedade.<\/p>\n<p data-start=\"1720\" data-end=\"1872\">Foto: Reprodu\u00e7\u00e3o<\/p>\n","protected":false},"excerpt":{"rendered":"<p>Pedro Henrique Esp\u00edndola deixou o Big Brother Brasil 26 na noite de domingo (18), poucas horas antes da primeira forma\u00e7\u00e3o de pared\u00e3o da temporada, ap\u00f3s um epis\u00f3dio de ass\u00e9dio envolvendo a participante Jordana Morais. O vendedor ambulante apertou o bot\u00e3o de desist\u00eancia depois que o caso veio \u00e0 tona dentro da casa. Durante o programa [&hellip;]<\/p>\n","protected":false},"author":24,"featured_media":968048,"comment_status":"closed","ping_status":"closed","sticky":false,"template":"","format":"standard","meta":[],"categories":[4],"tags":[5303,42794,43245,43246],"acf":[],"yoast_head":"<!-- This site is optimized with the Yoast SEO plugin v20.8 - https:\/\/yoast.com\/wordpress\/plugins\/seo\/ -->\n<title>BBB 26: \u201cATITUDE INACEIT\u00c1VEL\u201d, DIZ TADEU SCHMIDT AO COMENTAR SA\u00cdDA DE PEDRO - Bahia Economica Pedro Henrique Esp\u00edndola deixou o Big Brother Brasil 26 na noite de domingo (18), poucas horas antes da primeira forma\u00e7\u00e3o de pared\u00e3o da temporada, ap\u00f3s um epis\u00f3dio de ass\u00e9dio envolvendo a participante Jordana Morais.<\/title>\n<meta name=\"description\" content=\"O maior portal de Economia da Bahia ENTRETENIMENTO Bahia Economica Pedro Henrique Esp\u00edndola deixou o Big Brother Brasil 26 na noite de domingo (18), poucas horas antes da primeira forma\u00e7\u00e3o de pared\u00e3o da temporada, ap\u00f3s um epis\u00f3dio de ass\u00e9dio envolvendo a participante Jordana Morais.\" \/>\n<meta name=\"robots\" content=\"index, follow, max-snippet:-1, max-image-preview:large, max-video-preview:-1\" \/>\n<link rel=\"canonical\" href=\"https:\/\/bahiaeconomica.com.br\/wp\/2026\/01\/19\/bbb-26-atitude-inaceitavel-diz-tadeu-schmidt-ao-comentar-saida-de-pedro\/\" \/>\n<meta property=\"og:locale\" content=\"pt_BR\" \/>\n<meta property=\"og:type\" content=\"article\" \/>\n<meta property=\"og:title\" content=\"BBB 26: \u201cATITUDE INACEIT\u00c1VEL\u201d, DIZ TADEU SCHMIDT AO COMENTAR SA\u00cdDA DE PEDRO - Bahia Economica Pedro Henrique Esp\u00edndola deixou o Big Brother Brasil 26 na noite de domingo (18), poucas horas antes da primeira forma\u00e7\u00e3o de pared\u00e3o da temporada, ap\u00f3s um epis\u00f3dio de ass\u00e9dio envolvendo a participante Jordana Morais.\" \/>\n<meta property=\"og:description\" content=\"O maior portal de Economia da Bahia ENTRETENIMENTO Bahia Economica Pedro Henrique Esp\u00edndola deixou o Big Brother Brasil 26 na noite de domingo (18), poucas horas antes da primeira forma\u00e7\u00e3o de pared\u00e3o da temporada, ap\u00f3s um epis\u00f3dio de ass\u00e9dio envolvendo a participante Jordana Morais.\" \/>\n<meta property=\"og:url\" content=\"https:\/\/bahiaeconomica.com.br\/wp\/2026\/01\/19\/bbb-26-atitude-inaceitavel-diz-tadeu-schmidt-ao-comentar-saida-de-pedro\/\" \/>\n<meta property=\"og:site_name\" content=\"Bahia Economica\" \/>\n<meta property=\"article:publisher\" content=\"https:\/\/www.facebook.com\/bahiaeconomica\" \/>\n<meta property=\"article:published_time\" content=\"2026-01-19T11:54:08+00:00\" \/>\n<meta property=\"og:image\" content=\"https:\/\/bahiaeconomica.com.br\/wp\/wp-content\/uploads\/2026\/01\/tadeu-schmidt-e-jordana-apos-a-saida-de-pedro-do-bbb-26-3100285-article.webp\" \/>\n\t<meta property=\"og:image:width\" content=\"600\" \/>\n\t<meta property=\"og:image:height\" content=\"373\" \/>\n\t<meta property=\"og:image:type\" content=\"image\/webp\" \/>\n<meta name=\"author\" content=\"VICTOR OLIVEIRA\" \/>\n<meta name=\"twitter:card\" content=\"summary_large_image\" \/>\n<meta name=\"twitter:label1\" content=\"Escrito por\" \/>\n\t<meta name=\"twitter:data1\" content=\"VICTOR OLIVEIRA\" \/>\n\t<meta name=\"twitter:label2\" content=\"Est. tempo de leitura\" \/>\n\t<meta name=\"twitter:data2\" content=\"2 minutos\" \/>\n<script type=\"application\/ld+json\" class=\"yoast-schema-graph\">{\"@context\":\"https:\/\/schema.org\",\"@graph\":[{\"@type\":\"Article\",\"@id\":\"https:\/\/bahiaeconomica.com.br\/wp\/2026\/01\/19\/bbb-26-atitude-inaceitavel-diz-tadeu-schmidt-ao-comentar-saida-de-pedro\/#article\",\"isPartOf\":{\"@id\":\"https:\/\/bahiaeconomica.com.br\/wp\/2026\/01\/19\/bbb-26-atitude-inaceitavel-diz-tadeu-schmidt-ao-comentar-saida-de-pedro\/\"},\"author\":{\"name\":\"VICTOR OLIVEIRA\",\"@id\":\"https:\/\/bahiaeconomica.com.br\/wp\/#\/schema\/person\/a17956d0e1112b626f403fb06b8129a9\"},\"headline\":\"BBB 26: \u201cATITUDE INACEIT\u00c1VEL\u201d, DIZ TADEU SCHMIDT AO COMENTAR SA\u00cdDA DE PEDRO\",\"datePublished\":\"2026-01-19T11:54:08+00:00\",\"dateModified\":\"2026-01-19T11:54:08+00:00\",\"mainEntityOfPage\":{\"@id\":\"https:\/\/bahiaeconomica.com.br\/wp\/2026\/01\/19\/bbb-26-atitude-inaceitavel-diz-tadeu-schmidt-ao-comentar-saida-de-pedro\/\"},\"wordCount\":296,\"publisher\":{\"@id\":\"https:\/\/bahiaeconomica.com.br\/wp\/#organization\"},\"keywords\":[\"ASSEDIO\",\"bbb26\",\"Jordana Morais.\",\"Pedro Henrique Esp\u00edndol\"],\"articleSection\":[\"ENTRETENIMENTO\"],\"inLanguage\":\"pt-BR\"},{\"@type\":\"WebPage\",\"@id\":\"https:\/\/bahiaeconomica.com.br\/wp\/2026\/01\/19\/bbb-26-atitude-inaceitavel-diz-tadeu-schmidt-ao-comentar-saida-de-pedro\/\",\"url\":\"https:\/\/bahiaeconomica.com.br\/wp\/2026\/01\/19\/bbb-26-atitude-inaceitavel-diz-tadeu-schmidt-ao-comentar-saida-de-pedro\/\",\"name\":\"BBB 26: \u201cATITUDE INACEIT\u00c1VEL\u201d, DIZ TADEU SCHMIDT AO COMENTAR SA\u00cdDA DE PEDRO - Bahia Economica Pedro Henrique Esp\u00edndola deixou o Big Brother Brasil 26 na noite de domingo (18), poucas horas antes da primeira forma\u00e7\u00e3o de pared\u00e3o da temporada, ap\u00f3s um epis\u00f3dio de ass\u00e9dio envolvendo a participante Jordana Morais.\",\"isPartOf\":{\"@id\":\"https:\/\/bahiaeconomica.com.br\/wp\/#website\"},\"datePublished\":\"2026-01-19T11:54:08+00:00\",\"dateModified\":\"2026-01-19T11:54:08+00:00\",\"description\":\"O maior portal de Economia da Bahia ENTRETENIMENTO Bahia Economica Pedro Henrique Esp\u00edndola deixou o Big Brother Brasil 26 na noite de domingo (18), poucas horas antes da primeira forma\u00e7\u00e3o de pared\u00e3o da temporada, ap\u00f3s um epis\u00f3dio de ass\u00e9dio envolvendo a participante Jordana Morais.\",\"breadcrumb\":{\"@id\":\"https:\/\/bahiaeconomica.com.br\/wp\/2026\/01\/19\/bbb-26-atitude-inaceitavel-diz-tadeu-schmidt-ao-comentar-saida-de-pedro\/#breadcrumb\"},\"inLanguage\":\"pt-BR\",\"potentialAction\":[{\"@type\":\"ReadAction\",\"target\":[\"https:\/\/bahiaeconomica.com.br\/wp\/2026\/01\/19\/bbb-26-atitude-inaceitavel-diz-tadeu-schmidt-ao-comentar-saida-de-pedro\/\"]}]},{\"@type\":\"BreadcrumbList\",\"@id\":\"https:\/\/bahiaeconomica.com.br\/wp\/2026\/01\/19\/bbb-26-atitude-inaceitavel-diz-tadeu-schmidt-ao-comentar-saida-de-pedro\/#breadcrumb\",\"itemListElement\":[{\"@type\":\"ListItem\",\"position\":1,\"name\":\"In\u00edcio\",\"item\":\"https:\/\/bahiaeconomica.com.br\/wp\/\"},{\"@type\":\"ListItem\",\"position\":2,\"name\":\"BBB 26: \u201cATITUDE INACEIT\u00c1VEL\u201d, DIZ TADEU SCHMIDT AO COMENTAR SA\u00cdDA DE PEDRO\"}]},{\"@type\":\"WebSite\",\"@id\":\"https:\/\/bahiaeconomica.com.br\/wp\/#website\",\"url\":\"https:\/\/bahiaeconomica.com.br\/wp\/\",\"name\":\"Bahia Economica\",\"description\":\"O maior portal de Economia da Bahia\",\"publisher\":{\"@id\":\"https:\/\/bahiaeconomica.com.br\/wp\/#organization\"},\"potentialAction\":[{\"@type\":\"SearchAction\",\"target\":{\"@type\":\"EntryPoint\",\"urlTemplate\":\"https:\/\/bahiaeconomica.com.br\/wp\/?s={search_term_string}\"},\"query-input\":\"required name=search_term_string\"}],\"inLanguage\":\"pt-BR\"},{\"@type\":\"Organization\",\"@id\":\"https:\/\/bahiaeconomica.com.br\/wp\/#organization\",\"name\":\"Bahia Econ\u00f4mica\",\"url\":\"https:\/\/bahiaeconomica.com.br\/wp\/\",\"logo\":{\"@type\":\"ImageObject\",\"inLanguage\":\"pt-BR\",\"@id\":\"https:\/\/bahiaeconomica.com.br\/wp\/#\/schema\/logo\/image\/\",\"url\":\"https:\/\/bahiaeconomica.com.br\/wp\/wp-content\/uploads\/2020\/12\/cropped-BE.png\",\"contentUrl\":\"https:\/\/bahiaeconomica.com.br\/wp\/wp-content\/uploads\/2020\/12\/cropped-BE.png\",\"width\":512,\"height\":512,\"caption\":\"Bahia Econ\u00f4mica\"},\"image\":{\"@id\":\"https:\/\/bahiaeconomica.com.br\/wp\/#\/schema\/logo\/image\/\"},\"sameAs\":[\"https:\/\/www.facebook.com\/bahiaeconomica\"]},{\"@type\":\"Person\",\"@id\":\"https:\/\/bahiaeconomica.com.br\/wp\/#\/schema\/person\/a17956d0e1112b626f403fb06b8129a9\",\"name\":\"VICTOR OLIVEIRA\",\"sameAs\":[\"http:\/\/www.bahiaeconomica.com.br\"],\"url\":\"https:\/\/bahiaeconomica.com.br\/wp\/author\/victor-oliveira\/\"}]}<\/script>\n<!-- \/ Yoast SEO plugin. -->","yoast_head_json":{"title":"BBB 26: \u201cATITUDE INACEIT\u00c1VEL\u201d, DIZ TADEU SCHMIDT AO COMENTAR SA\u00cdDA DE PEDRO - Bahia Economica Pedro Henrique Esp\u00edndola deixou o Big Brother Brasil 26 na noite de domingo (18), poucas horas antes da primeira forma\u00e7\u00e3o de pared\u00e3o da temporada, ap\u00f3s um epis\u00f3dio de ass\u00e9dio envolvendo a participante Jordana Morais.","description":"O maior portal de Economia da Bahia ENTRETENIMENTO Bahia Economica Pedro Henrique Esp\u00edndola deixou o Big Brother Brasil 26 na noite de domingo (18), poucas horas antes da primeira forma\u00e7\u00e3o de pared\u00e3o da temporada, ap\u00f3s um epis\u00f3dio de ass\u00e9dio envolvendo a participante Jordana Morais.","robots":{"index":"index","follow":"follow","max-snippet":"max-snippet:-1","max-image-preview":"max-image-preview:large","max-video-preview":"max-video-preview:-1"},"canonical":"https:\/\/bahiaeconomica.com.br\/wp\/2026\/01\/19\/bbb-26-atitude-inaceitavel-diz-tadeu-schmidt-ao-comentar-saida-de-pedro\/","og_locale":"pt_BR","og_type":"article","og_title":"BBB 26: \u201cATITUDE INACEIT\u00c1VEL\u201d, DIZ TADEU SCHMIDT AO COMENTAR SA\u00cdDA DE PEDRO - Bahia Economica Pedro Henrique Esp\u00edndola deixou o Big Brother Brasil 26 na noite de domingo (18), poucas horas antes da primeira forma\u00e7\u00e3o de pared\u00e3o da temporada, ap\u00f3s um epis\u00f3dio de ass\u00e9dio envolvendo a participante Jordana Morais.","og_description":"O maior portal de Economia da Bahia ENTRETENIMENTO Bahia Economica Pedro Henrique Esp\u00edndola deixou o Big Brother Brasil 26 na noite de domingo (18), poucas horas antes da primeira forma\u00e7\u00e3o de pared\u00e3o da temporada, ap\u00f3s um epis\u00f3dio de ass\u00e9dio envolvendo a participante Jordana Morais.","og_url":"https:\/\/bahiaeconomica.com.br\/wp\/2026\/01\/19\/bbb-26-atitude-inaceitavel-diz-tadeu-schmidt-ao-comentar-saida-de-pedro\/","og_site_name":"Bahia Economica","article_publisher":"https:\/\/www.facebook.com\/bahiaeconomica","article_published_time":"2026-01-19T11:54:08+00:00","og_image":[{"width":600,"height":373,"url":"https:\/\/bahiaeconomica.com.br\/wp\/wp-content\/uploads\/2026\/01\/tadeu-schmidt-e-jordana-apos-a-saida-de-pedro-do-bbb-26-3100285-article.webp","type":"image\/webp"}],"author":"VICTOR OLIVEIRA","twitter_card":"summary_large_image","twitter_misc":{"Escrito por":"VICTOR OLIVEIRA","Est. tempo de leitura":"2 minutos"},"schema":{"@context":"https:\/\/schema.org","@graph":[{"@type":"Article","@id":"https:\/\/bahiaeconomica.com.br\/wp\/2026\/01\/19\/bbb-26-atitude-inaceitavel-diz-tadeu-schmidt-ao-comentar-saida-de-pedro\/#article","isPartOf":{"@id":"https:\/\/bahiaeconomica.com.br\/wp\/2026\/01\/19\/bbb-26-atitude-inaceitavel-diz-tadeu-schmidt-ao-comentar-saida-de-pedro\/"},"author":{"name":"VICTOR OLIVEIRA","@id":"https:\/\/bahiaeconomica.com.br\/wp\/#\/schema\/person\/a17956d0e1112b626f403fb06b8129a9"},"headline":"BBB 26: \u201cATITUDE INACEIT\u00c1VEL\u201d, DIZ TADEU SCHMIDT AO COMENTAR SA\u00cdDA DE PEDRO","datePublished":"2026-01-19T11:54:08+00:00","dateModified":"2026-01-19T11:54:08+00:00","mainEntityOfPage":{"@id":"https:\/\/bahiaeconomica.com.br\/wp\/2026\/01\/19\/bbb-26-atitude-inaceitavel-diz-tadeu-schmidt-ao-comentar-saida-de-pedro\/"},"wordCount":296,"publisher":{"@id":"https:\/\/bahiaeconomica.com.br\/wp\/#organization"},"keywords":["ASSEDIO","bbb26","Jordana Morais.","Pedro Henrique Esp\u00edndol"],"articleSection":["ENTRETENIMENTO"],"inLanguage":"pt-BR"},{"@type":"WebPage","@id":"https:\/\/bahiaeconomica.com.br\/wp\/2026\/01\/19\/bbb-26-atitude-inaceitavel-diz-tadeu-schmidt-ao-comentar-saida-de-pedro\/","url":"https:\/\/bahiaeconomica.com.br\/wp\/2026\/01\/19\/bbb-26-atitude-inaceitavel-diz-tadeu-schmidt-ao-comentar-saida-de-pedro\/","name":"BBB 26: \u201cATITUDE INACEIT\u00c1VEL\u201d, DIZ TADEU SCHMIDT AO COMENTAR SA\u00cdDA DE PEDRO - Bahia Economica Pedro Henrique Esp\u00edndola deixou o Big Brother Brasil 26 na noite de domingo (18), poucas horas antes da primeira forma\u00e7\u00e3o de pared\u00e3o da temporada, ap\u00f3s um epis\u00f3dio de ass\u00e9dio envolvendo a participante Jordana Morais.","isPartOf":{"@id":"https:\/\/bahiaeconomica.com.br\/wp\/#website"},"datePublished":"2026-01-19T11:54:08+00:00","dateModified":"2026-01-19T11:54:08+00:00","description":"O maior portal de Economia da Bahia ENTRETENIMENTO Bahia Economica Pedro Henrique Esp\u00edndola deixou o Big Brother Brasil 26 na noite de domingo (18), poucas horas antes da primeira forma\u00e7\u00e3o de pared\u00e3o da temporada, ap\u00f3s um epis\u00f3dio de ass\u00e9dio envolvendo a participante Jordana Morais.","breadcrumb":{"@id":"https:\/\/bahiaeconomica.com.br\/wp\/2026\/01\/19\/bbb-26-atitude-inaceitavel-diz-tadeu-schmidt-ao-comentar-saida-de-pedro\/#breadcrumb"},"inLanguage":"pt-BR","potentialAction":[{"@type":"ReadAction","target":["https:\/\/bahiaeconomica.com.br\/wp\/2026\/01\/19\/bbb-26-atitude-inaceitavel-diz-tadeu-schmidt-ao-comentar-saida-de-pedro\/"]}]},{"@type":"BreadcrumbList","@id":"https:\/\/bahiaeconomica.com.br\/wp\/2026\/01\/19\/bbb-26-atitude-inaceitavel-diz-tadeu-schmidt-ao-comentar-saida-de-pedro\/#breadcrumb","itemListElement":[{"@type":"ListItem","position":1,"name":"In\u00edcio","item":"https:\/\/bahiaeconomica.com.br\/wp\/"},{"@type":"ListItem","position":2,"name":"BBB 26: \u201cATITUDE INACEIT\u00c1VEL\u201d, DIZ TADEU SCHMIDT AO COMENTAR SA\u00cdDA DE PEDRO"}]},{"@type":"WebSite","@id":"https:\/\/bahiaeconomica.com.br\/wp\/#website","url":"https:\/\/bahiaeconomica.com.br\/wp\/","name":"Bahia Economica","description":"O maior portal de Economia da Bahia","publisher":{"@id":"https:\/\/bahiaeconomica.com.br\/wp\/#organization"},"potentialAction":[{"@type":"SearchAction","target":{"@type":"EntryPoint","urlTemplate":"https:\/\/bahiaeconomica.com.br\/wp\/?s={search_term_string}"},"query-input":"required name=search_term_string"}],"inLanguage":"pt-BR"},{"@type":"Organization","@id":"https:\/\/bahiaeconomica.com.br\/wp\/#organization","name":"Bahia Econ\u00f4mica","url":"https:\/\/bahiaeconomica.com.br\/wp\/","logo":{"@type":"ImageObject","inLanguage":"pt-BR","@id":"https:\/\/bahiaeconomica.com.br\/wp\/#\/schema\/logo\/image\/","url":"https:\/\/bahiaeconomica.com.br\/wp\/wp-content\/uploads\/2020\/12\/cropped-BE.png","contentUrl":"https:\/\/bahiaeconomica.com.br\/wp\/wp-content\/uploads\/2020\/12\/cropped-BE.png","width":512,"height":512,"caption":"Bahia Econ\u00f4mica"},"image":{"@id":"https:\/\/bahiaeconomica.com.br\/wp\/#\/schema\/logo\/image\/"},"sameAs":["https:\/\/www.facebook.com\/bahiaeconomica"]},{"@type":"Person","@id":"https:\/\/bahiaeconomica.com.br\/wp\/#\/schema\/person\/a17956d0e1112b626f403fb06b8129a9","name":"VICTOR OLIVEIRA","sameAs":["http:\/\/www.bahiaeconomica.com.br"],"url":"https:\/\/bahiaeconomica.com.br\/wp\/author\/victor-oliveira\/"}]}},"views":92,"_links":{"self":[{"href":"https:\/\/bahiaeconomica.com.br\/wp\/wp-json\/wp\/v2\/posts\/968047"}],"collection":[{"href":"https:\/\/bahiaeconomica.com.br\/wp\/wp-json\/wp\/v2\/posts"}],"about":[{"href":"https:\/\/bahiaeconomica.com.br\/wp\/wp-json\/wp\/v2\/types\/post"}],"author":[{"embeddable":true,"href":"https:\/\/bahiaeconomica.com.br\/wp\/wp-json\/wp\/v2\/users\/24"}],"replies":[{"embeddable":true,"href":"https:\/\/bahiaeconomica.com.br\/wp\/wp-json\/wp\/v2\/comments?post=968047"}],"version-history":[{"count":1,"href":"https:\/\/bahiaeconomica.com.br\/wp\/wp-json\/wp\/v2\/posts\/968047\/revisions"}],"predecessor-version":[{"id":968049,"href":"https:\/\/bahiaeconomica.com.br\/wp\/wp-json\/wp\/v2\/posts\/968047\/revisions\/968049"}],"wp:featuredmedia":[{"embeddable":true,"href":"https:\/\/bahiaeconomica.com.br\/wp\/wp-json\/wp\/v2\/media\/968048"}],"wp:attachment":[{"href":"https:\/\/bahiaeconomica.com.br\/wp\/wp-json\/wp\/v2\/media?parent=968047"}],"wp:term":[{"taxonomy":"category","embeddable":true,"href":"https:\/\/bahiaeconomica.com.br\/wp\/wp-json\/wp\/v2\/categories?post=968047"},{"taxonomy":"post_tag","embeddable":true,"href":"https:\/\/bahiaeconomica.com.br\/wp\/wp-json\/wp\/v2\/tags?post=968047"}],"curies":[{"name":"wp","href":"https:\/\/api.w.org\/{rel}","templated":true}]}}