{"id":967810,"date":"2026-01-16T17:00:53","date_gmt":"2026-01-16T20:00:53","guid":{"rendered":"https:\/\/bahiaeconomica.com.br\/wp\/?p=967810"},"modified":"2026-01-16T17:03:41","modified_gmt":"2026-01-16T20:03:41","slug":"maioria-do-eleitorado-tem-visao-negativa-de-bolsonaro-diz-pesquisa-genial-quaestmaioria-do-eleitorado-tem-visao-negativa-de-bolsonaro-diz-pesquisa-genial-quaest","status":"publish","type":"post","link":"https:\/\/bahiaeconomica.com.br\/wp\/2026\/01\/16\/maioria-do-eleitorado-tem-visao-negativa-de-bolsonaro-diz-pesquisa-genial-quaestmaioria-do-eleitorado-tem-visao-negativa-de-bolsonaro-diz-pesquisa-genial-quaest\/","title":{"rendered":"MAIORIA DO ELEITORADO TEM VIS\u00c3O NEGATIVA DE BOLSONARO, DIZ PESQUISA GENIAL\/QUAEST"},"content":{"rendered":"<p>Pesquisa\u00a0Genial\/Quaest\u00a0divulgada nesta sexta-feira, 16, mostra que\u00a0a maioria do eleitorado brasileiro tem uma vis\u00e3o negativa do ex-presidente Jair Bolsonaro (PL).\u00a053% das pessoas ouvidas pela pesquisa conhecem e t\u00eam uma imagem negativa do ex-mandat\u00e1rio, 41% o conhecem e t\u00eam uma imagem positiva dele e\u00a06% afirmaram que n\u00e3o o conhecem.<\/p>\n<p>Em rela\u00e7\u00e3o \u00e0\u00a0ex-primeira-dama Michelle Bolsonaro (PL), a situa\u00e7\u00e3o aparece bem dividida: 39% dos brasileiros afirmaram ter uma imagem positiva dela, enquanto 38% disseram ter uma vis\u00e3o negativa sobre a\u00a0esposa de Bolsonaro.\u00a023% n\u00e3o a conhecem. Situa\u00e7\u00e3o semelhante \u00e0 do\u00a0vice-presidente Geraldo Alckmin (PSB). 37% t\u00eam uma imagem positiva dele e 37% pensam o oposto. 26% afirmaram que n\u00e3o sabem quem ele \u00e9.<\/p>\n<p>J\u00e1\u00a0Fernando Haddad (PT), atual ministro da Fazenda, aparece com 42% do eleitorado dizendo ter uma percep\u00e7\u00e3o negativa sobre ele e 32% afirmando ter uma vis\u00e3o positiva do petista. 26% disse n\u00e3o o conhecer. Quando o assunto \u00e9 o\u00a0influenciador Pablo Mar\u00e7al (PRTB), 39% n\u00e3o sabem quem ele \u00e9. Daqueles que o conhecem, 34% dizem ter uma imagem negativa dele e 27% afirmam ter uma vis\u00e3o positiva do empres\u00e1rio.<\/p>\n<p>O\u00a0pastor Silas Malafaia (sem partido)\u00a0\u00e9 mal visto por 46% da popula\u00e7\u00e3o, 37% n\u00e3o o conhece e 17% diz ter uma imagem positiva dele. A situa\u00e7\u00e3o da\u00a0senadora Tereza Cristina (PP)\u00a0\u00e9 ainda pior: 75% da popula\u00e7\u00e3o sequer a conhece. 14% t\u00eam uma imagem negativa dela e 11% a veem de forma positiva.<\/p>\n<p>Em rela\u00e7\u00e3o \u00e0\u00a0Hugo Motta, presidente da C\u00e2mara (Republicanos), 63% dos eleitores dizem que n\u00e3o o conhecem. 26% afirmam ter uma imagem negativa dele e 11% pensam o oposto. J\u00e1\u00a0Davi Alcolumbre (Uni\u00e3o), presidente do Senado, \u00e9 ainda menos conhecido: 68% dos brasileiros n\u00e3o sabem quem ele \u00e9. 25% t\u00eam uma vis\u00e3o ruim dele e 7% o veem de forma positiva.<\/p>\n<p>O\u00a0presidente Luiz In\u00e1cio Lula da Silva (PT)\u00a0n\u00e3o foi considerado neste levantamento pois o estudo afirma estar apenas levando em considera\u00e7\u00e3o os poss\u00edveis articuladores e influenciadores nas elei\u00e7\u00f5es deste ano, mas n\u00e3o os poss\u00edveis candidatos.\u00a0A pesquisa foi feita entre os dias\u00a08 e 11 de janeiro\u00a0com brasileiros de 16 anos ou mais. Ao todo, foram ouvidas 2.004 pessoas. A margem de erro \u00e9 de dois pontos percentuais para mais ou para menos e o n\u00edvel de confian\u00e7a \u00e9 de 95%.<\/p>\n<p>Fonte: Estad\u00e3o Conte\u00fado<\/p>\n<p>Foto: Reprodu\u00e7\u00e3o<\/p>\n","protected":false},"excerpt":{"rendered":"<p>Pesquisa\u00a0Genial\/Quaest\u00a0divulgada nesta sexta-feira, 16, mostra que\u00a0a maioria do eleitorado brasileiro tem uma vis\u00e3o negativa do ex-presidente Jair Bolsonaro (PL).\u00a053% das pessoas ouvidas pela pesquisa conhecem e t\u00eam uma imagem negativa do ex-mandat\u00e1rio, 41% o conhecem e t\u00eam uma imagem positiva dele e\u00a06% afirmaram que n\u00e3o o conhecem. Em rela\u00e7\u00e3o \u00e0\u00a0ex-primeira-dama Michelle Bolsonaro (PL), a situa\u00e7\u00e3o [&hellip;]<\/p>\n","protected":false},"author":24,"featured_media":965305,"comment_status":"closed","ping_status":"closed","sticky":false,"template":"","format":"standard","meta":[],"categories":[14601],"tags":[95,4847,184],"acf":[],"yoast_head":"<!-- This site is optimized with the Yoast SEO plugin v20.8 - https:\/\/yoast.com\/wordpress\/plugins\/seo\/ -->\n<title>MAIORIA DO ELEITORADO TEM VIS\u00c3O NEGATIVA DE BOLSONARO, DIZ PESQUISA GENIAL\/QUAEST - Bahia Economica Pesquisa\u00a0Genial\/Quaest\u00a0divulgada nesta sexta-feira, 16, mostra que\u00a0a maioria do eleitorado brasileiro tem uma vis\u00e3o negativa do ex-presidente Jair Bolsonaro (PL).<\/title>\n<meta name=\"description\" content=\"O maior portal de Economia da Bahia Pol\u00edtica Bahia Economica Pesquisa\u00a0Genial\/Quaest\u00a0divulgada nesta sexta-feira, 16, mostra que\u00a0a maioria do eleitorado brasileiro tem uma vis\u00e3o negativa do ex-presidente Jair Bolsonaro (PL).\" \/>\n<meta name=\"robots\" content=\"index, follow, max-snippet:-1, max-image-preview:large, max-video-preview:-1\" \/>\n<link rel=\"canonical\" href=\"https:\/\/bahiaeconomica.com.br\/wp\/2026\/01\/16\/maioria-do-eleitorado-tem-visao-negativa-de-bolsonaro-diz-pesquisa-genial-quaestmaioria-do-eleitorado-tem-visao-negativa-de-bolsonaro-diz-pesquisa-genial-quaest\/\" \/>\n<meta property=\"og:locale\" content=\"pt_BR\" \/>\n<meta property=\"og:type\" content=\"article\" \/>\n<meta property=\"og:title\" content=\"MAIORIA DO ELEITORADO TEM VIS\u00c3O NEGATIVA DE BOLSONARO, DIZ PESQUISA GENIAL\/QUAEST - Bahia Economica Pesquisa\u00a0Genial\/Quaest\u00a0divulgada nesta sexta-feira, 16, mostra que\u00a0a maioria do eleitorado brasileiro tem uma vis\u00e3o negativa do ex-presidente Jair Bolsonaro (PL).\" \/>\n<meta property=\"og:description\" content=\"O maior portal de Economia da Bahia Pol\u00edtica Bahia Economica Pesquisa\u00a0Genial\/Quaest\u00a0divulgada nesta sexta-feira, 16, mostra que\u00a0a maioria do eleitorado brasileiro tem uma vis\u00e3o negativa do ex-presidente Jair Bolsonaro (PL).\" \/>\n<meta property=\"og:url\" content=\"https:\/\/bahiaeconomica.com.br\/wp\/2026\/01\/16\/maioria-do-eleitorado-tem-visao-negativa-de-bolsonaro-diz-pesquisa-genial-quaestmaioria-do-eleitorado-tem-visao-negativa-de-bolsonaro-diz-pesquisa-genial-quaest\/\" \/>\n<meta property=\"og:site_name\" content=\"Bahia Economica\" \/>\n<meta property=\"article:publisher\" content=\"https:\/\/www.facebook.com\/bahiaeconomica\" \/>\n<meta property=\"article:published_time\" content=\"2026-01-16T20:00:53+00:00\" \/>\n<meta property=\"article:modified_time\" content=\"2026-01-16T20:03:41+00:00\" \/>\n<meta property=\"og:image\" content=\"https:\/\/bahiaeconomica.com.br\/wp\/wp-content\/uploads\/2026\/01\/jair-bolsonaro-esta-preso-em-brasilia-3069811-article.webp\" \/>\n\t<meta property=\"og:image:width\" content=\"600\" \/>\n\t<meta property=\"og:image:height\" content=\"400\" \/>\n\t<meta property=\"og:image:type\" content=\"image\/webp\" \/>\n<meta name=\"author\" content=\"VICTOR OLIVEIRA\" \/>\n<meta name=\"twitter:card\" content=\"summary_large_image\" \/>\n<meta name=\"twitter:label1\" content=\"Escrito por\" \/>\n\t<meta name=\"twitter:data1\" content=\"VICTOR OLIVEIRA\" \/>\n\t<meta name=\"twitter:label2\" content=\"Est. tempo de leitura\" \/>\n\t<meta name=\"twitter:data2\" content=\"3 minutos\" \/>\n<script type=\"application\/ld+json\" class=\"yoast-schema-graph\">{\"@context\":\"https:\/\/schema.org\",\"@graph\":[{\"@type\":\"Article\",\"@id\":\"https:\/\/bahiaeconomica.com.br\/wp\/2026\/01\/16\/maioria-do-eleitorado-tem-visao-negativa-de-bolsonaro-diz-pesquisa-genial-quaestmaioria-do-eleitorado-tem-visao-negativa-de-bolsonaro-diz-pesquisa-genial-quaest\/#article\",\"isPartOf\":{\"@id\":\"https:\/\/bahiaeconomica.com.br\/wp\/2026\/01\/16\/maioria-do-eleitorado-tem-visao-negativa-de-bolsonaro-diz-pesquisa-genial-quaestmaioria-do-eleitorado-tem-visao-negativa-de-bolsonaro-diz-pesquisa-genial-quaest\/\"},\"author\":{\"name\":\"VICTOR OLIVEIRA\",\"@id\":\"https:\/\/bahiaeconomica.com.br\/wp\/#\/schema\/person\/a17956d0e1112b626f403fb06b8129a9\"},\"headline\":\"MAIORIA DO ELEITORADO TEM VIS\u00c3O NEGATIVA DE BOLSONARO, DIZ PESQUISA GENIAL\/QUAEST\",\"datePublished\":\"2026-01-16T20:00:53+00:00\",\"dateModified\":\"2026-01-16T20:03:41+00:00\",\"mainEntityOfPage\":{\"@id\":\"https:\/\/bahiaeconomica.com.br\/wp\/2026\/01\/16\/maioria-do-eleitorado-tem-visao-negativa-de-bolsonaro-diz-pesquisa-genial-quaestmaioria-do-eleitorado-tem-visao-negativa-de-bolsonaro-diz-pesquisa-genial-quaest\/\"},\"wordCount\":400,\"publisher\":{\"@id\":\"https:\/\/bahiaeconomica.com.br\/wp\/#organization\"},\"keywords\":[\"Bolsonaro\",\"eleitorado\",\"Pesquisa\"],\"articleSection\":[\"Pol\u00edtica\"],\"inLanguage\":\"pt-BR\"},{\"@type\":\"WebPage\",\"@id\":\"https:\/\/bahiaeconomica.com.br\/wp\/2026\/01\/16\/maioria-do-eleitorado-tem-visao-negativa-de-bolsonaro-diz-pesquisa-genial-quaestmaioria-do-eleitorado-tem-visao-negativa-de-bolsonaro-diz-pesquisa-genial-quaest\/\",\"url\":\"https:\/\/bahiaeconomica.com.br\/wp\/2026\/01\/16\/maioria-do-eleitorado-tem-visao-negativa-de-bolsonaro-diz-pesquisa-genial-quaestmaioria-do-eleitorado-tem-visao-negativa-de-bolsonaro-diz-pesquisa-genial-quaest\/\",\"name\":\"MAIORIA DO ELEITORADO TEM VIS\u00c3O NEGATIVA DE BOLSONARO, DIZ PESQUISA GENIAL\/QUAEST - Bahia Economica Pesquisa\u00a0Genial\/Quaest\u00a0divulgada nesta sexta-feira, 16, mostra que\u00a0a maioria do eleitorado brasileiro tem uma vis\u00e3o negativa do ex-presidente Jair Bolsonaro (PL).\",\"isPartOf\":{\"@id\":\"https:\/\/bahiaeconomica.com.br\/wp\/#website\"},\"datePublished\":\"2026-01-16T20:00:53+00:00\",\"dateModified\":\"2026-01-16T20:03:41+00:00\",\"description\":\"O maior portal de Economia da Bahia Pol\u00edtica Bahia Economica Pesquisa\u00a0Genial\/Quaest\u00a0divulgada nesta sexta-feira, 16, mostra que\u00a0a maioria do eleitorado brasileiro tem uma vis\u00e3o negativa do ex-presidente Jair Bolsonaro (PL).\",\"breadcrumb\":{\"@id\":\"https:\/\/bahiaeconomica.com.br\/wp\/2026\/01\/16\/maioria-do-eleitorado-tem-visao-negativa-de-bolsonaro-diz-pesquisa-genial-quaestmaioria-do-eleitorado-tem-visao-negativa-de-bolsonaro-diz-pesquisa-genial-quaest\/#breadcrumb\"},\"inLanguage\":\"pt-BR\",\"potentialAction\":[{\"@type\":\"ReadAction\",\"target\":[\"https:\/\/bahiaeconomica.com.br\/wp\/2026\/01\/16\/maioria-do-eleitorado-tem-visao-negativa-de-bolsonaro-diz-pesquisa-genial-quaestmaioria-do-eleitorado-tem-visao-negativa-de-bolsonaro-diz-pesquisa-genial-quaest\/\"]}]},{\"@type\":\"BreadcrumbList\",\"@id\":\"https:\/\/bahiaeconomica.com.br\/wp\/2026\/01\/16\/maioria-do-eleitorado-tem-visao-negativa-de-bolsonaro-diz-pesquisa-genial-quaestmaioria-do-eleitorado-tem-visao-negativa-de-bolsonaro-diz-pesquisa-genial-quaest\/#breadcrumb\",\"itemListElement\":[{\"@type\":\"ListItem\",\"position\":1,\"name\":\"In\u00edcio\",\"item\":\"https:\/\/bahiaeconomica.com.br\/wp\/\"},{\"@type\":\"ListItem\",\"position\":2,\"name\":\"MAIORIA DO ELEITORADO TEM VIS\u00c3O NEGATIVA DE BOLSONARO, DIZ PESQUISA GENIAL\/QUAEST\"}]},{\"@type\":\"WebSite\",\"@id\":\"https:\/\/bahiaeconomica.com.br\/wp\/#website\",\"url\":\"https:\/\/bahiaeconomica.com.br\/wp\/\",\"name\":\"Bahia Economica\",\"description\":\"O maior portal de Economia da Bahia\",\"publisher\":{\"@id\":\"https:\/\/bahiaeconomica.com.br\/wp\/#organization\"},\"potentialAction\":[{\"@type\":\"SearchAction\",\"target\":{\"@type\":\"EntryPoint\",\"urlTemplate\":\"https:\/\/bahiaeconomica.com.br\/wp\/?s={search_term_string}\"},\"query-input\":\"required name=search_term_string\"}],\"inLanguage\":\"pt-BR\"},{\"@type\":\"Organization\",\"@id\":\"https:\/\/bahiaeconomica.com.br\/wp\/#organization\",\"name\":\"Bahia Econ\u00f4mica\",\"url\":\"https:\/\/bahiaeconomica.com.br\/wp\/\",\"logo\":{\"@type\":\"ImageObject\",\"inLanguage\":\"pt-BR\",\"@id\":\"https:\/\/bahiaeconomica.com.br\/wp\/#\/schema\/logo\/image\/\",\"url\":\"https:\/\/bahiaeconomica.com.br\/wp\/wp-content\/uploads\/2020\/12\/cropped-BE.png\",\"contentUrl\":\"https:\/\/bahiaeconomica.com.br\/wp\/wp-content\/uploads\/2020\/12\/cropped-BE.png\",\"width\":512,\"height\":512,\"caption\":\"Bahia Econ\u00f4mica\"},\"image\":{\"@id\":\"https:\/\/bahiaeconomica.com.br\/wp\/#\/schema\/logo\/image\/\"},\"sameAs\":[\"https:\/\/www.facebook.com\/bahiaeconomica\"]},{\"@type\":\"Person\",\"@id\":\"https:\/\/bahiaeconomica.com.br\/wp\/#\/schema\/person\/a17956d0e1112b626f403fb06b8129a9\",\"name\":\"VICTOR OLIVEIRA\",\"sameAs\":[\"http:\/\/www.bahiaeconomica.com.br\"],\"url\":\"https:\/\/bahiaeconomica.com.br\/wp\/author\/victor-oliveira\/\"}]}<\/script>\n<!-- \/ Yoast SEO plugin. -->","yoast_head_json":{"title":"MAIORIA DO ELEITORADO TEM VIS\u00c3O NEGATIVA DE BOLSONARO, DIZ PESQUISA GENIAL\/QUAEST - Bahia Economica Pesquisa\u00a0Genial\/Quaest\u00a0divulgada nesta sexta-feira, 16, mostra que\u00a0a maioria do eleitorado brasileiro tem uma vis\u00e3o negativa do ex-presidente Jair Bolsonaro (PL).","description":"O maior portal de Economia da Bahia Pol\u00edtica Bahia Economica Pesquisa\u00a0Genial\/Quaest\u00a0divulgada nesta sexta-feira, 16, mostra que\u00a0a maioria do eleitorado brasileiro tem uma vis\u00e3o negativa do ex-presidente Jair Bolsonaro (PL).","robots":{"index":"index","follow":"follow","max-snippet":"max-snippet:-1","max-image-preview":"max-image-preview:large","max-video-preview":"max-video-preview:-1"},"canonical":"https:\/\/bahiaeconomica.com.br\/wp\/2026\/01\/16\/maioria-do-eleitorado-tem-visao-negativa-de-bolsonaro-diz-pesquisa-genial-quaestmaioria-do-eleitorado-tem-visao-negativa-de-bolsonaro-diz-pesquisa-genial-quaest\/","og_locale":"pt_BR","og_type":"article","og_title":"MAIORIA DO ELEITORADO TEM VIS\u00c3O NEGATIVA DE BOLSONARO, DIZ PESQUISA GENIAL\/QUAEST - Bahia Economica Pesquisa\u00a0Genial\/Quaest\u00a0divulgada nesta sexta-feira, 16, mostra que\u00a0a maioria do eleitorado brasileiro tem uma vis\u00e3o negativa do ex-presidente Jair Bolsonaro (PL).","og_description":"O maior portal de Economia da Bahia Pol\u00edtica Bahia Economica Pesquisa\u00a0Genial\/Quaest\u00a0divulgada nesta sexta-feira, 16, mostra que\u00a0a maioria do eleitorado brasileiro tem uma vis\u00e3o negativa do ex-presidente Jair Bolsonaro (PL).","og_url":"https:\/\/bahiaeconomica.com.br\/wp\/2026\/01\/16\/maioria-do-eleitorado-tem-visao-negativa-de-bolsonaro-diz-pesquisa-genial-quaestmaioria-do-eleitorado-tem-visao-negativa-de-bolsonaro-diz-pesquisa-genial-quaest\/","og_site_name":"Bahia Economica","article_publisher":"https:\/\/www.facebook.com\/bahiaeconomica","article_published_time":"2026-01-16T20:00:53+00:00","article_modified_time":"2026-01-16T20:03:41+00:00","og_image":[{"width":600,"height":400,"url":"https:\/\/bahiaeconomica.com.br\/wp\/wp-content\/uploads\/2026\/01\/jair-bolsonaro-esta-preso-em-brasilia-3069811-article.webp","type":"image\/webp"}],"author":"VICTOR OLIVEIRA","twitter_card":"summary_large_image","twitter_misc":{"Escrito por":"VICTOR OLIVEIRA","Est. tempo de leitura":"3 minutos"},"schema":{"@context":"https:\/\/schema.org","@graph":[{"@type":"Article","@id":"https:\/\/bahiaeconomica.com.br\/wp\/2026\/01\/16\/maioria-do-eleitorado-tem-visao-negativa-de-bolsonaro-diz-pesquisa-genial-quaestmaioria-do-eleitorado-tem-visao-negativa-de-bolsonaro-diz-pesquisa-genial-quaest\/#article","isPartOf":{"@id":"https:\/\/bahiaeconomica.com.br\/wp\/2026\/01\/16\/maioria-do-eleitorado-tem-visao-negativa-de-bolsonaro-diz-pesquisa-genial-quaestmaioria-do-eleitorado-tem-visao-negativa-de-bolsonaro-diz-pesquisa-genial-quaest\/"},"author":{"name":"VICTOR OLIVEIRA","@id":"https:\/\/bahiaeconomica.com.br\/wp\/#\/schema\/person\/a17956d0e1112b626f403fb06b8129a9"},"headline":"MAIORIA DO ELEITORADO TEM VIS\u00c3O NEGATIVA DE BOLSONARO, DIZ PESQUISA GENIAL\/QUAEST","datePublished":"2026-01-16T20:00:53+00:00","dateModified":"2026-01-16T20:03:41+00:00","mainEntityOfPage":{"@id":"https:\/\/bahiaeconomica.com.br\/wp\/2026\/01\/16\/maioria-do-eleitorado-tem-visao-negativa-de-bolsonaro-diz-pesquisa-genial-quaestmaioria-do-eleitorado-tem-visao-negativa-de-bolsonaro-diz-pesquisa-genial-quaest\/"},"wordCount":400,"publisher":{"@id":"https:\/\/bahiaeconomica.com.br\/wp\/#organization"},"keywords":["Bolsonaro","eleitorado","Pesquisa"],"articleSection":["Pol\u00edtica"],"inLanguage":"pt-BR"},{"@type":"WebPage","@id":"https:\/\/bahiaeconomica.com.br\/wp\/2026\/01\/16\/maioria-do-eleitorado-tem-visao-negativa-de-bolsonaro-diz-pesquisa-genial-quaestmaioria-do-eleitorado-tem-visao-negativa-de-bolsonaro-diz-pesquisa-genial-quaest\/","url":"https:\/\/bahiaeconomica.com.br\/wp\/2026\/01\/16\/maioria-do-eleitorado-tem-visao-negativa-de-bolsonaro-diz-pesquisa-genial-quaestmaioria-do-eleitorado-tem-visao-negativa-de-bolsonaro-diz-pesquisa-genial-quaest\/","name":"MAIORIA DO ELEITORADO TEM VIS\u00c3O NEGATIVA DE BOLSONARO, DIZ PESQUISA GENIAL\/QUAEST - Bahia Economica Pesquisa\u00a0Genial\/Quaest\u00a0divulgada nesta sexta-feira, 16, mostra que\u00a0a maioria do eleitorado brasileiro tem uma vis\u00e3o negativa do ex-presidente Jair Bolsonaro (PL).","isPartOf":{"@id":"https:\/\/bahiaeconomica.com.br\/wp\/#website"},"datePublished":"2026-01-16T20:00:53+00:00","dateModified":"2026-01-16T20:03:41+00:00","description":"O maior portal de Economia da Bahia Pol\u00edtica Bahia Economica Pesquisa\u00a0Genial\/Quaest\u00a0divulgada nesta sexta-feira, 16, mostra que\u00a0a maioria do eleitorado brasileiro tem uma vis\u00e3o negativa do ex-presidente Jair Bolsonaro (PL).","breadcrumb":{"@id":"https:\/\/bahiaeconomica.com.br\/wp\/2026\/01\/16\/maioria-do-eleitorado-tem-visao-negativa-de-bolsonaro-diz-pesquisa-genial-quaestmaioria-do-eleitorado-tem-visao-negativa-de-bolsonaro-diz-pesquisa-genial-quaest\/#breadcrumb"},"inLanguage":"pt-BR","potentialAction":[{"@type":"ReadAction","target":["https:\/\/bahiaeconomica.com.br\/wp\/2026\/01\/16\/maioria-do-eleitorado-tem-visao-negativa-de-bolsonaro-diz-pesquisa-genial-quaestmaioria-do-eleitorado-tem-visao-negativa-de-bolsonaro-diz-pesquisa-genial-quaest\/"]}]},{"@type":"BreadcrumbList","@id":"https:\/\/bahiaeconomica.com.br\/wp\/2026\/01\/16\/maioria-do-eleitorado-tem-visao-negativa-de-bolsonaro-diz-pesquisa-genial-quaestmaioria-do-eleitorado-tem-visao-negativa-de-bolsonaro-diz-pesquisa-genial-quaest\/#breadcrumb","itemListElement":[{"@type":"ListItem","position":1,"name":"In\u00edcio","item":"https:\/\/bahiaeconomica.com.br\/wp\/"},{"@type":"ListItem","position":2,"name":"MAIORIA DO ELEITORADO TEM VIS\u00c3O NEGATIVA DE BOLSONARO, DIZ PESQUISA GENIAL\/QUAEST"}]},{"@type":"WebSite","@id":"https:\/\/bahiaeconomica.com.br\/wp\/#website","url":"https:\/\/bahiaeconomica.com.br\/wp\/","name":"Bahia Economica","description":"O maior portal de Economia da Bahia","publisher":{"@id":"https:\/\/bahiaeconomica.com.br\/wp\/#organization"},"potentialAction":[{"@type":"SearchAction","target":{"@type":"EntryPoint","urlTemplate":"https:\/\/bahiaeconomica.com.br\/wp\/?s={search_term_string}"},"query-input":"required name=search_term_string"}],"inLanguage":"pt-BR"},{"@type":"Organization","@id":"https:\/\/bahiaeconomica.com.br\/wp\/#organization","name":"Bahia Econ\u00f4mica","url":"https:\/\/bahiaeconomica.com.br\/wp\/","logo":{"@type":"ImageObject","inLanguage":"pt-BR","@id":"https:\/\/bahiaeconomica.com.br\/wp\/#\/schema\/logo\/image\/","url":"https:\/\/bahiaeconomica.com.br\/wp\/wp-content\/uploads\/2020\/12\/cropped-BE.png","contentUrl":"https:\/\/bahiaeconomica.com.br\/wp\/wp-content\/uploads\/2020\/12\/cropped-BE.png","width":512,"height":512,"caption":"Bahia Econ\u00f4mica"},"image":{"@id":"https:\/\/bahiaeconomica.com.br\/wp\/#\/schema\/logo\/image\/"},"sameAs":["https:\/\/www.facebook.com\/bahiaeconomica"]},{"@type":"Person","@id":"https:\/\/bahiaeconomica.com.br\/wp\/#\/schema\/person\/a17956d0e1112b626f403fb06b8129a9","name":"VICTOR OLIVEIRA","sameAs":["http:\/\/www.bahiaeconomica.com.br"],"url":"https:\/\/bahiaeconomica.com.br\/wp\/author\/victor-oliveira\/"}]}},"views":9,"_links":{"self":[{"href":"https:\/\/bahiaeconomica.com.br\/wp\/wp-json\/wp\/v2\/posts\/967810"}],"collection":[{"href":"https:\/\/bahiaeconomica.com.br\/wp\/wp-json\/wp\/v2\/posts"}],"about":[{"href":"https:\/\/bahiaeconomica.com.br\/wp\/wp-json\/wp\/v2\/types\/post"}],"author":[{"embeddable":true,"href":"https:\/\/bahiaeconomica.com.br\/wp\/wp-json\/wp\/v2\/users\/24"}],"replies":[{"embeddable":true,"href":"https:\/\/bahiaeconomica.com.br\/wp\/wp-json\/wp\/v2\/comments?post=967810"}],"version-history":[{"count":2,"href":"https:\/\/bahiaeconomica.com.br\/wp\/wp-json\/wp\/v2\/posts\/967810\/revisions"}],"predecessor-version":[{"id":967828,"href":"https:\/\/bahiaeconomica.com.br\/wp\/wp-json\/wp\/v2\/posts\/967810\/revisions\/967828"}],"wp:featuredmedia":[{"embeddable":true,"href":"https:\/\/bahiaeconomica.com.br\/wp\/wp-json\/wp\/v2\/media\/965305"}],"wp:attachment":[{"href":"https:\/\/bahiaeconomica.com.br\/wp\/wp-json\/wp\/v2\/media?parent=967810"}],"wp:term":[{"taxonomy":"category","embeddable":true,"href":"https:\/\/bahiaeconomica.com.br\/wp\/wp-json\/wp\/v2\/categories?post=967810"},{"taxonomy":"post_tag","embeddable":true,"href":"https:\/\/bahiaeconomica.com.br\/wp\/wp-json\/wp\/v2\/tags?post=967810"}],"curies":[{"name":"wp","href":"https:\/\/api.w.org\/{rel}","templated":true}]}}