{"id":967770,"date":"2026-01-16T15:12:02","date_gmt":"2026-01-16T18:12:02","guid":{"rendered":"https:\/\/bahiaeconomica.com.br\/wp\/?p=967770"},"modified":"2026-01-16T14:43:22","modified_gmt":"2026-01-16T17:43:22","slug":"metro-bahia-tem-operacao-especial-para-a-mica-lauro","status":"publish","type":"post","link":"https:\/\/bahiaeconomica.com.br\/wp\/2026\/01\/16\/metro-bahia-tem-operacao-especial-para-a-mica-lauro\/","title":{"rendered":"METR\u00d4 BAHIA TEM OPERA\u00c7\u00c3O ESPECIAL PARA A MICA LAURO"},"content":{"rendered":"<p>O Metr\u00f4 Bahia vai ampliar o hor\u00e1rio de funcionamento nesta sexta-feira (16), para atender ao p\u00fablico que ir\u00e1 para a Mica Lauro, festa realizada no munic\u00edpio de Lauro de Freitas. A esta\u00e7\u00e3o Aeroporto, localizada na cidade, estar\u00e1 aberta at\u00e9 1h, exclusivamente para o embarque de clientes, sendo que o desembarque poder\u00e1 ser realizado ap\u00f3s o hor\u00e1rio normal de fechamento das esta\u00e7\u00f5es, apenas na Linha 2. J\u00e1 as esta\u00e7\u00f5es da Linha 1 funcionar\u00e3o at\u00e9 0h, tanto para embarque quanto para desembarque.<\/p>\n<p>Al\u00e9m de estender o hor\u00e1rio de funcionamento, o Metr\u00f4 Bahia vai contar com o refor\u00e7o no quadro de Agentes de Atendimento e Seguran\u00e7a (AAS) e aumento no n\u00famero de viagens de acordo com a demanda.<\/p>\n<p>Para a seguran\u00e7a, o conforto e bem-estar de seus clientes, o Metr\u00f4 Bahia destaca as orienta\u00e7\u00f5es do embarque consciente como: aguardar sempre o desembarque do trem antes de entrar, deixar os assentos preferenciais para quem precisa, bem como os elevadores, e descer a escada sempre usando corrim\u00e3o.<\/p>\n<p>&#8220;Estamos preparados para atender a demanda de passageiros que v\u00e3o se deslocar para a Mica Lauro e garantir um retorno seguro para casa. Pedimos a compreens\u00e3o e colabora\u00e7\u00e3o de todos para um embarque consciente e respeitoso, seguindo as orienta\u00e7\u00f5es dos nossos agentes e sinaliza\u00e7\u00f5es nas esta\u00e7\u00f5es&#8221;, refor\u00e7a Cl\u00e9o Garcia, Gerente de Esta\u00e7\u00f5es e Terminais da concession\u00e1ria.<\/p>\n<p><strong>Pagamento por aproxima\u00e7\u00e3o<\/strong><\/p>\n<p>Os clientes podem pagar a passagem diretamente na catraca, utilizando cart\u00f5es de cr\u00e9dito, d\u00e9bito, celulares com tecnologia NFC, smartwatches, pulseiras de pagamento ou QR Codes adquiridos no aplicativo da Recarga Pay. Basta aproximar o dispositivo na parte inferior da catraca e, ao ver a luz verde, o acesso estar\u00e1 liberado.<\/p>\n<p>Essa modalidade de pagamento oferece mais agilidade e comodidade, especialmente em dias de grande fluxo como o da partida.<\/p>\n<p><strong>Outras formas de recarga<\/strong><\/p>\n<p>Quem utiliza o Cart\u00e3o Integra\u00e7\u00e3o do Metr\u00f4 tamb\u00e9m pode realizar a recarga de forma pr\u00e1tica:<\/p>\n<p>App da CCR Mobilidade (dispon\u00edvel na App e Play Store);<\/p>\n<p>Carteiras digitais: Banco do Brasil (para correntistas), KIM+, PicPay, Recarga Pay, Cittamobi;<\/p>\n<p>Rede credenciada: mais de 2 mil pontos de venda.<\/p>\n<p>O valor da passagem do metr\u00f4 \u00e9 de R$4,10.<\/p>\n<p>foto: Divulga\u00e7\u00e3o\/Metr\u00f4 Bahia<\/p>\n","protected":false},"excerpt":{"rendered":"<p>O Metr\u00f4 Bahia vai ampliar o hor\u00e1rio de funcionamento nesta sexta-feira (16), para atender ao p\u00fablico que ir\u00e1 para a Mica Lauro, festa realizada no munic\u00edpio de Lauro de Freitas. A esta\u00e7\u00e3o Aeroporto, localizada na cidade, estar\u00e1 aberta at\u00e9 1h, exclusivamente para o embarque de clientes, sendo que o desembarque poder\u00e1 ser realizado ap\u00f3s o [&hellip;]<\/p>\n","protected":false},"author":15,"featured_media":967771,"comment_status":"closed","ping_status":"closed","sticky":false,"template":"","format":"standard","meta":[],"categories":[5],"tags":[],"acf":[],"yoast_head":"<!-- This site is optimized with the Yoast SEO plugin v20.8 - https:\/\/yoast.com\/wordpress\/plugins\/seo\/ -->\n<title>METR\u00d4 BAHIA TEM OPERA\u00c7\u00c3O ESPECIAL PARA A MICA LAURO - Bahia Economica<\/title>\n<meta name=\"description\" content=\"O maior portal de Economia da Bahia MUNIC\u00cdPIOS Bahia Economica\" \/>\n<meta name=\"robots\" content=\"index, follow, max-snippet:-1, max-image-preview:large, max-video-preview:-1\" \/>\n<link rel=\"canonical\" href=\"https:\/\/bahiaeconomica.com.br\/wp\/2026\/01\/16\/metro-bahia-tem-operacao-especial-para-a-mica-lauro\/\" \/>\n<meta property=\"og:locale\" content=\"pt_BR\" \/>\n<meta property=\"og:type\" content=\"article\" \/>\n<meta property=\"og:title\" content=\"METR\u00d4 BAHIA TEM OPERA\u00c7\u00c3O ESPECIAL PARA A MICA LAURO - Bahia Economica\" \/>\n<meta property=\"og:description\" content=\"O maior portal de Economia da Bahia MUNIC\u00cdPIOS Bahia Economica\" \/>\n<meta property=\"og:url\" content=\"https:\/\/bahiaeconomica.com.br\/wp\/2026\/01\/16\/metro-bahia-tem-operacao-especial-para-a-mica-lauro\/\" \/>\n<meta property=\"og:site_name\" content=\"Bahia Economica\" \/>\n<meta property=\"article:publisher\" content=\"https:\/\/www.facebook.com\/bahiaeconomica\" \/>\n<meta property=\"article:published_time\" content=\"2026-01-16T18:12:02+00:00\" \/>\n<meta property=\"article:modified_time\" content=\"2026-01-16T17:43:22+00:00\" \/>\n<meta property=\"og:image\" content=\"https:\/\/bahiaeconomica.com.br\/wp\/wp-content\/uploads\/2026\/01\/image-7.jpeg\" \/>\n\t<meta property=\"og:image:width\" content=\"1600\" \/>\n\t<meta property=\"og:image:height\" content=\"900\" \/>\n\t<meta property=\"og:image:type\" content=\"image\/jpeg\" \/>\n<meta name=\"author\" content=\"VICTORIA ISABEL\" \/>\n<meta name=\"twitter:card\" content=\"summary_large_image\" \/>\n<meta name=\"twitter:label1\" content=\"Escrito por\" \/>\n\t<meta name=\"twitter:data1\" content=\"VICTORIA ISABEL\" \/>\n\t<meta name=\"twitter:label2\" content=\"Est. tempo de leitura\" \/>\n\t<meta name=\"twitter:data2\" content=\"2 minutos\" \/>\n<script type=\"application\/ld+json\" class=\"yoast-schema-graph\">{\"@context\":\"https:\/\/schema.org\",\"@graph\":[{\"@type\":\"Article\",\"@id\":\"https:\/\/bahiaeconomica.com.br\/wp\/2026\/01\/16\/metro-bahia-tem-operacao-especial-para-a-mica-lauro\/#article\",\"isPartOf\":{\"@id\":\"https:\/\/bahiaeconomica.com.br\/wp\/2026\/01\/16\/metro-bahia-tem-operacao-especial-para-a-mica-lauro\/\"},\"author\":{\"name\":\"VICTORIA ISABEL\",\"@id\":\"https:\/\/bahiaeconomica.com.br\/wp\/#\/schema\/person\/b719ce0fb1c09f3c7a00d9243ced4a6f\"},\"headline\":\"METR\u00d4 BAHIA TEM OPERA\u00c7\u00c3O ESPECIAL PARA A MICA LAURO\",\"datePublished\":\"2026-01-16T18:12:02+00:00\",\"dateModified\":\"2026-01-16T17:43:22+00:00\",\"mainEntityOfPage\":{\"@id\":\"https:\/\/bahiaeconomica.com.br\/wp\/2026\/01\/16\/metro-bahia-tem-operacao-especial-para-a-mica-lauro\/\"},\"wordCount\":395,\"publisher\":{\"@id\":\"https:\/\/bahiaeconomica.com.br\/wp\/#organization\"},\"articleSection\":[\"MUNIC\u00cdPIOS\"],\"inLanguage\":\"pt-BR\"},{\"@type\":\"WebPage\",\"@id\":\"https:\/\/bahiaeconomica.com.br\/wp\/2026\/01\/16\/metro-bahia-tem-operacao-especial-para-a-mica-lauro\/\",\"url\":\"https:\/\/bahiaeconomica.com.br\/wp\/2026\/01\/16\/metro-bahia-tem-operacao-especial-para-a-mica-lauro\/\",\"name\":\"METR\u00d4 BAHIA TEM OPERA\u00c7\u00c3O ESPECIAL PARA A MICA LAURO - Bahia Economica\",\"isPartOf\":{\"@id\":\"https:\/\/bahiaeconomica.com.br\/wp\/#website\"},\"datePublished\":\"2026-01-16T18:12:02+00:00\",\"dateModified\":\"2026-01-16T17:43:22+00:00\",\"description\":\"O maior portal de Economia da Bahia MUNIC\u00cdPIOS Bahia Economica\",\"breadcrumb\":{\"@id\":\"https:\/\/bahiaeconomica.com.br\/wp\/2026\/01\/16\/metro-bahia-tem-operacao-especial-para-a-mica-lauro\/#breadcrumb\"},\"inLanguage\":\"pt-BR\",\"potentialAction\":[{\"@type\":\"ReadAction\",\"target\":[\"https:\/\/bahiaeconomica.com.br\/wp\/2026\/01\/16\/metro-bahia-tem-operacao-especial-para-a-mica-lauro\/\"]}]},{\"@type\":\"BreadcrumbList\",\"@id\":\"https:\/\/bahiaeconomica.com.br\/wp\/2026\/01\/16\/metro-bahia-tem-operacao-especial-para-a-mica-lauro\/#breadcrumb\",\"itemListElement\":[{\"@type\":\"ListItem\",\"position\":1,\"name\":\"In\u00edcio\",\"item\":\"https:\/\/bahiaeconomica.com.br\/wp\/\"},{\"@type\":\"ListItem\",\"position\":2,\"name\":\"METR\u00d4 BAHIA TEM OPERA\u00c7\u00c3O ESPECIAL PARA A MICA LAURO\"}]},{\"@type\":\"WebSite\",\"@id\":\"https:\/\/bahiaeconomica.com.br\/wp\/#website\",\"url\":\"https:\/\/bahiaeconomica.com.br\/wp\/\",\"name\":\"Bahia Economica\",\"description\":\"O maior portal de Economia da Bahia\",\"publisher\":{\"@id\":\"https:\/\/bahiaeconomica.com.br\/wp\/#organization\"},\"potentialAction\":[{\"@type\":\"SearchAction\",\"target\":{\"@type\":\"EntryPoint\",\"urlTemplate\":\"https:\/\/bahiaeconomica.com.br\/wp\/?s={search_term_string}\"},\"query-input\":\"required name=search_term_string\"}],\"inLanguage\":\"pt-BR\"},{\"@type\":\"Organization\",\"@id\":\"https:\/\/bahiaeconomica.com.br\/wp\/#organization\",\"name\":\"Bahia Econ\u00f4mica\",\"url\":\"https:\/\/bahiaeconomica.com.br\/wp\/\",\"logo\":{\"@type\":\"ImageObject\",\"inLanguage\":\"pt-BR\",\"@id\":\"https:\/\/bahiaeconomica.com.br\/wp\/#\/schema\/logo\/image\/\",\"url\":\"https:\/\/bahiaeconomica.com.br\/wp\/wp-content\/uploads\/2020\/12\/cropped-BE.png\",\"contentUrl\":\"https:\/\/bahiaeconomica.com.br\/wp\/wp-content\/uploads\/2020\/12\/cropped-BE.png\",\"width\":512,\"height\":512,\"caption\":\"Bahia Econ\u00f4mica\"},\"image\":{\"@id\":\"https:\/\/bahiaeconomica.com.br\/wp\/#\/schema\/logo\/image\/\"},\"sameAs\":[\"https:\/\/www.facebook.com\/bahiaeconomica\"]},{\"@type\":\"Person\",\"@id\":\"https:\/\/bahiaeconomica.com.br\/wp\/#\/schema\/person\/b719ce0fb1c09f3c7a00d9243ced4a6f\",\"name\":\"VICTORIA ISABEL\",\"sameAs\":[\"http:\/\/www.bahiaeconomica.com.br\"],\"url\":\"https:\/\/bahiaeconomica.com.br\/wp\/author\/victoria-isabel\/\"}]}<\/script>\n<!-- \/ Yoast SEO plugin. -->","yoast_head_json":{"title":"METR\u00d4 BAHIA TEM OPERA\u00c7\u00c3O ESPECIAL PARA A MICA LAURO - Bahia Economica","description":"O maior portal de Economia da Bahia MUNIC\u00cdPIOS Bahia Economica","robots":{"index":"index","follow":"follow","max-snippet":"max-snippet:-1","max-image-preview":"max-image-preview:large","max-video-preview":"max-video-preview:-1"},"canonical":"https:\/\/bahiaeconomica.com.br\/wp\/2026\/01\/16\/metro-bahia-tem-operacao-especial-para-a-mica-lauro\/","og_locale":"pt_BR","og_type":"article","og_title":"METR\u00d4 BAHIA TEM OPERA\u00c7\u00c3O ESPECIAL PARA A MICA LAURO - Bahia Economica","og_description":"O maior portal de Economia da Bahia MUNIC\u00cdPIOS Bahia Economica","og_url":"https:\/\/bahiaeconomica.com.br\/wp\/2026\/01\/16\/metro-bahia-tem-operacao-especial-para-a-mica-lauro\/","og_site_name":"Bahia Economica","article_publisher":"https:\/\/www.facebook.com\/bahiaeconomica","article_published_time":"2026-01-16T18:12:02+00:00","article_modified_time":"2026-01-16T17:43:22+00:00","og_image":[{"width":1600,"height":900,"url":"https:\/\/bahiaeconomica.com.br\/wp\/wp-content\/uploads\/2026\/01\/image-7.jpeg","type":"image\/jpeg"}],"author":"VICTORIA ISABEL","twitter_card":"summary_large_image","twitter_misc":{"Escrito por":"VICTORIA ISABEL","Est. tempo de leitura":"2 minutos"},"schema":{"@context":"https:\/\/schema.org","@graph":[{"@type":"Article","@id":"https:\/\/bahiaeconomica.com.br\/wp\/2026\/01\/16\/metro-bahia-tem-operacao-especial-para-a-mica-lauro\/#article","isPartOf":{"@id":"https:\/\/bahiaeconomica.com.br\/wp\/2026\/01\/16\/metro-bahia-tem-operacao-especial-para-a-mica-lauro\/"},"author":{"name":"VICTORIA ISABEL","@id":"https:\/\/bahiaeconomica.com.br\/wp\/#\/schema\/person\/b719ce0fb1c09f3c7a00d9243ced4a6f"},"headline":"METR\u00d4 BAHIA TEM OPERA\u00c7\u00c3O ESPECIAL PARA A MICA LAURO","datePublished":"2026-01-16T18:12:02+00:00","dateModified":"2026-01-16T17:43:22+00:00","mainEntityOfPage":{"@id":"https:\/\/bahiaeconomica.com.br\/wp\/2026\/01\/16\/metro-bahia-tem-operacao-especial-para-a-mica-lauro\/"},"wordCount":395,"publisher":{"@id":"https:\/\/bahiaeconomica.com.br\/wp\/#organization"},"articleSection":["MUNIC\u00cdPIOS"],"inLanguage":"pt-BR"},{"@type":"WebPage","@id":"https:\/\/bahiaeconomica.com.br\/wp\/2026\/01\/16\/metro-bahia-tem-operacao-especial-para-a-mica-lauro\/","url":"https:\/\/bahiaeconomica.com.br\/wp\/2026\/01\/16\/metro-bahia-tem-operacao-especial-para-a-mica-lauro\/","name":"METR\u00d4 BAHIA TEM OPERA\u00c7\u00c3O ESPECIAL PARA A MICA LAURO - Bahia Economica","isPartOf":{"@id":"https:\/\/bahiaeconomica.com.br\/wp\/#website"},"datePublished":"2026-01-16T18:12:02+00:00","dateModified":"2026-01-16T17:43:22+00:00","description":"O maior portal de Economia da Bahia MUNIC\u00cdPIOS Bahia Economica","breadcrumb":{"@id":"https:\/\/bahiaeconomica.com.br\/wp\/2026\/01\/16\/metro-bahia-tem-operacao-especial-para-a-mica-lauro\/#breadcrumb"},"inLanguage":"pt-BR","potentialAction":[{"@type":"ReadAction","target":["https:\/\/bahiaeconomica.com.br\/wp\/2026\/01\/16\/metro-bahia-tem-operacao-especial-para-a-mica-lauro\/"]}]},{"@type":"BreadcrumbList","@id":"https:\/\/bahiaeconomica.com.br\/wp\/2026\/01\/16\/metro-bahia-tem-operacao-especial-para-a-mica-lauro\/#breadcrumb","itemListElement":[{"@type":"ListItem","position":1,"name":"In\u00edcio","item":"https:\/\/bahiaeconomica.com.br\/wp\/"},{"@type":"ListItem","position":2,"name":"METR\u00d4 BAHIA TEM OPERA\u00c7\u00c3O ESPECIAL PARA A MICA LAURO"}]},{"@type":"WebSite","@id":"https:\/\/bahiaeconomica.com.br\/wp\/#website","url":"https:\/\/bahiaeconomica.com.br\/wp\/","name":"Bahia Economica","description":"O maior portal de Economia da Bahia","publisher":{"@id":"https:\/\/bahiaeconomica.com.br\/wp\/#organization"},"potentialAction":[{"@type":"SearchAction","target":{"@type":"EntryPoint","urlTemplate":"https:\/\/bahiaeconomica.com.br\/wp\/?s={search_term_string}"},"query-input":"required name=search_term_string"}],"inLanguage":"pt-BR"},{"@type":"Organization","@id":"https:\/\/bahiaeconomica.com.br\/wp\/#organization","name":"Bahia Econ\u00f4mica","url":"https:\/\/bahiaeconomica.com.br\/wp\/","logo":{"@type":"ImageObject","inLanguage":"pt-BR","@id":"https:\/\/bahiaeconomica.com.br\/wp\/#\/schema\/logo\/image\/","url":"https:\/\/bahiaeconomica.com.br\/wp\/wp-content\/uploads\/2020\/12\/cropped-BE.png","contentUrl":"https:\/\/bahiaeconomica.com.br\/wp\/wp-content\/uploads\/2020\/12\/cropped-BE.png","width":512,"height":512,"caption":"Bahia Econ\u00f4mica"},"image":{"@id":"https:\/\/bahiaeconomica.com.br\/wp\/#\/schema\/logo\/image\/"},"sameAs":["https:\/\/www.facebook.com\/bahiaeconomica"]},{"@type":"Person","@id":"https:\/\/bahiaeconomica.com.br\/wp\/#\/schema\/person\/b719ce0fb1c09f3c7a00d9243ced4a6f","name":"VICTORIA ISABEL","sameAs":["http:\/\/www.bahiaeconomica.com.br"],"url":"https:\/\/bahiaeconomica.com.br\/wp\/author\/victoria-isabel\/"}]}},"views":30,"_links":{"self":[{"href":"https:\/\/bahiaeconomica.com.br\/wp\/wp-json\/wp\/v2\/posts\/967770"}],"collection":[{"href":"https:\/\/bahiaeconomica.com.br\/wp\/wp-json\/wp\/v2\/posts"}],"about":[{"href":"https:\/\/bahiaeconomica.com.br\/wp\/wp-json\/wp\/v2\/types\/post"}],"author":[{"embeddable":true,"href":"https:\/\/bahiaeconomica.com.br\/wp\/wp-json\/wp\/v2\/users\/15"}],"replies":[{"embeddable":true,"href":"https:\/\/bahiaeconomica.com.br\/wp\/wp-json\/wp\/v2\/comments?post=967770"}],"version-history":[{"count":1,"href":"https:\/\/bahiaeconomica.com.br\/wp\/wp-json\/wp\/v2\/posts\/967770\/revisions"}],"predecessor-version":[{"id":967772,"href":"https:\/\/bahiaeconomica.com.br\/wp\/wp-json\/wp\/v2\/posts\/967770\/revisions\/967772"}],"wp:featuredmedia":[{"embeddable":true,"href":"https:\/\/bahiaeconomica.com.br\/wp\/wp-json\/wp\/v2\/media\/967771"}],"wp:attachment":[{"href":"https:\/\/bahiaeconomica.com.br\/wp\/wp-json\/wp\/v2\/media?parent=967770"}],"wp:term":[{"taxonomy":"category","embeddable":true,"href":"https:\/\/bahiaeconomica.com.br\/wp\/wp-json\/wp\/v2\/categories?post=967770"},{"taxonomy":"post_tag","embeddable":true,"href":"https:\/\/bahiaeconomica.com.br\/wp\/wp-json\/wp\/v2\/tags?post=967770"}],"curies":[{"name":"wp","href":"https:\/\/api.w.org\/{rel}","templated":true}]}}