{"id":967677,"date":"2026-01-16T10:59:59","date_gmt":"2026-01-16T13:59:59","guid":{"rendered":"https:\/\/bahiaeconomica.com.br\/wp\/?p=967677"},"modified":"2026-01-16T11:12:24","modified_gmt":"2026-01-16T14:12:24","slug":"estado-fortalece-assistencia-social-nos-municipios-com-entrega-de-70-veiculos-da-1a-fase-do-mobsuas","status":"publish","type":"post","link":"https:\/\/bahiaeconomica.com.br\/wp\/2026\/01\/16\/estado-fortalece-assistencia-social-nos-municipios-com-entrega-de-70-veiculos-da-1a-fase-do-mobsuas\/","title":{"rendered":"ESTADO FORTALECE ASSIST\u00caNCIA SOCIAL NOS MUNIC\u00cdPIOS COM ENTREGA DE 70 VE\u00cdCULOS DA 1\u00aa FASE DO MOBSUAS"},"content":{"rendered":"<p>O Governo do Estado realizou, por meio da Secretaria de Assist\u00eancia e Desenvolvimento Social (Seades), a cerim\u00f4nia de entrega de 70 ve\u00edculos referentes \u00e0 1\u00aa fase do Programa MobSUAS Bahia \u2013 Etapa I, investimento de aproximadamente R$ 7 milh\u00f5es. A solenidade aconteceu, nesta sexta-feira (16), no Largo do Pelourinho, em Salvador, e contou com a presen\u00e7a do governador, Jer\u00f4nimo Rodrigues, da secret\u00e1ria de Assist\u00eancia e Desenvolvimento Social, Fabya Reis, al\u00e9m de prefeitos, gestores municipais e demais autoridades. A iniciativa representa um importante avan\u00e7o no fortalecimento do Sistema \u00danico de Assist\u00eancia Social (SUAS) nos munic\u00edpios baianos.<\/p>\n<p>Durante o evento, o governador destacou a import\u00e2ncia do investimento para garantir dignidade e acesso \u00e0s pol\u00edticas p\u00fablicas. \u201cNenhum estado brasileiro est\u00e1 fazendo ou fez uma entrega como esta para assist\u00eancia social. A assist\u00eancia social vem ocupando um espa\u00e7o importante. Portanto, n\u00f3s estamos estruturando o sistema \u00fanico de assist\u00eancia social em cada munic\u00edpio. Existe um plano para isso, planejamos com todos os gestores municipais da assist\u00eancia social\u201d, afirmou.<\/p>\n<p>Os autom\u00f3veis, adquiridos com apoio do Minist\u00e9rio do Desenvolvimento e Assist\u00eancia Social, Fam\u00edlia e Combate \u00e0 Fome (MDS), ser\u00e3o destinados ao uso exclusivo dos servi\u00e7os socioassistenciais nos munic\u00edpios contemplados. O objetivo \u00e9 assegurar melhores condi\u00e7\u00f5es de deslocamento \u00e0s equipes de refer\u00eancia do SUAS, al\u00e9m de ampliar o acesso de usu\u00e1rias e usu\u00e1rios aos servi\u00e7os, programas e equipamentos p\u00fablicos da assist\u00eancia social. Entre os munic\u00edpios beneficiados est\u00e3o Ruy Barbosa, V\u00e1rzea da Ro\u00e7a, Santa Cruz Cabr\u00e1lia, Rodelas, Rio do Ant\u00f4nio, Presidente Tancredo Neves, Alcoba\u00e7a, Am\u00e9lia Rodrigues, Aramari, Ponto Novo, Cacul\u00e9, Angical, Ant\u00f4nio Gon\u00e7alves e Andorinha.<\/p>\n<p>Mais assist\u00eancia<\/p>\n<p>Para a secret\u00e1ria Fabya Reis, o MobSUAS Bahia fortalece a gest\u00e3o e a presen\u00e7a do SUAS nos territ\u00f3rios. \u201cVamos seguir nesse pacto levando a prote\u00e7\u00e3o social e aqui \u00e9 mais do que ve\u00edculos. Trata-se da capacidade de um sistema do porte da Bahia, que abrange todos os nossos munic\u00edpios. Estamos presentes com os CRAS, os CREAS, as unidades de acolhimento e as a\u00e7\u00f5es de prote\u00e7\u00e3o \u00e0s mulheres e aos idosos. Portanto, s\u00e3o condi\u00e7\u00f5es de trabalho para incluir o nosso povo baiano na prote\u00e7\u00e3o social. Essa prote\u00e7\u00e3o social, que em 1988 passa a integrar, como direito, a assist\u00eancia social destinada a todos os brasileiros\u201d, ressaltou a titular da Seades.<\/p>\n<p>A iniciativa integra o Pacto de Aprimoramento do SUAS, compromisso firmado entre a gest\u00e3o estadual, os munic\u00edpios e demais inst\u00e2ncias do sistema, que estabelece metas e prioridades para qualificar a oferta de servi\u00e7os e ampliar a aten\u00e7\u00e3o \u00e0s popula\u00e7\u00f5es em situa\u00e7\u00e3o de vulnerabilidade em todos os territ\u00f3rios baianos. Com os novos ve\u00edculos, os munic\u00edpios ganham mais autonomia e capacidade operacional para atender demandas locais, especialmente em \u00e1reas de dif\u00edcil acesso.<\/p>\n<p>O prefeito de Oliveira dos Brejinhos, Ferrugem, destacou o impacto direto da iniciativa para o atendimento dentro das a\u00e7\u00f5es realizadas. \u201cHoje \u00e9 um dia de gratid\u00e3o. Esse carro vai nos ajudar muito, o nosso munic\u00edpio \u00e9 muito extenso e vai facilitar muito o deslocamento de pessoas vulner\u00e1veis\u201d, destacou o gestor.<\/p>\n<p>A entrega dos ve\u00edculos tamb\u00e9m refor\u00e7a a rede socioassistencial da Bahia, que j\u00e1 conta com mais de 1,7 mil equipamentos, programas e servi\u00e7os distribu\u00eddos pelos territ\u00f3rios de identidade. O refor\u00e7o na frota potencializa a atua\u00e7\u00e3o de equipes itinerantes, amplia a\u00e7\u00f5es como o SUAS Bahia Mais Rural e fortalece a prote\u00e7\u00e3o social em regi\u00f5es mais afastadas dos centros urbanos.<\/p>\n<p>Rep\u00f3rter: Joci Santana\/GOVBA<\/p>\n<p>Fotos: Amanda Erc\u00edlia\/GOVBA<\/p>\n","protected":false},"excerpt":{"rendered":"<p>O Governo do Estado realizou, por meio da Secretaria de Assist\u00eancia e Desenvolvimento Social (Seades), a cerim\u00f4nia de entrega de 70 ve\u00edculos referentes \u00e0 1\u00aa fase do Programa MobSUAS Bahia \u2013 Etapa I, investimento de aproximadamente R$ 7 milh\u00f5es. A solenidade aconteceu, nesta sexta-feira (16), no Largo do Pelourinho, em Salvador, e contou com a [&hellip;]<\/p>\n","protected":false},"author":8,"featured_media":967678,"comment_status":"closed","ping_status":"closed","sticky":false,"template":"","format":"standard","meta":[],"categories":[14,3],"tags":[85,52,1544],"acf":[],"yoast_head":"<!-- This site is optimized with the Yoast SEO plugin v20.8 - https:\/\/yoast.com\/wordpress\/plugins\/seo\/ -->\n<title>ESTADO FORTALECE ASSIST\u00caNCIA SOCIAL NOS MUNIC\u00cdPIOS COM ENTREGA DE 70 VE\u00cdCULOS DA 1\u00aa FASE DO MOBSUAS - Bahia Economica<\/title>\n<meta name=\"description\" content=\"O maior portal de Economia da Bahia DESTAQUE DO DIA, ECONOMIA \/ POL\u00cdTICA Bahia Economica O Governo do Estado realizou, por meio da Secretaria de Assist\u00eancia\" \/>\n<meta name=\"robots\" content=\"index, follow, max-snippet:-1, max-image-preview:large, max-video-preview:-1\" \/>\n<link rel=\"canonical\" href=\"https:\/\/bahiaeconomica.com.br\/wp\/2026\/01\/16\/estado-fortalece-assistencia-social-nos-municipios-com-entrega-de-70-veiculos-da-1a-fase-do-mobsuas\/\" \/>\n<meta property=\"og:locale\" content=\"pt_BR\" \/>\n<meta property=\"og:type\" content=\"article\" \/>\n<meta property=\"og:title\" content=\"ESTADO FORTALECE ASSIST\u00caNCIA SOCIAL NOS MUNIC\u00cdPIOS COM ENTREGA DE 70 VE\u00cdCULOS DA 1\u00aa FASE DO MOBSUAS - Bahia Economica\" \/>\n<meta property=\"og:description\" content=\"O maior portal de Economia da Bahia DESTAQUE DO DIA, ECONOMIA \/ POL\u00cdTICA Bahia Economica O Governo do Estado realizou, por meio da Secretaria de Assist\u00eancia\" \/>\n<meta property=\"og:url\" content=\"https:\/\/bahiaeconomica.com.br\/wp\/2026\/01\/16\/estado-fortalece-assistencia-social-nos-municipios-com-entrega-de-70-veiculos-da-1a-fase-do-mobsuas\/\" \/>\n<meta property=\"og:site_name\" content=\"Bahia Economica\" \/>\n<meta property=\"article:publisher\" content=\"https:\/\/www.facebook.com\/bahiaeconomica\" \/>\n<meta property=\"article:published_time\" content=\"2026-01-16T13:59:59+00:00\" \/>\n<meta property=\"article:modified_time\" content=\"2026-01-16T14:12:24+00:00\" \/>\n<meta property=\"og:image\" content=\"https:\/\/bahiaeconomica.com.br\/wp\/wp-content\/uploads\/2026\/01\/WhatsApp-Image-2026-01-16-at-10.04.27.jpeg\" \/>\n\t<meta property=\"og:image:width\" content=\"1280\" \/>\n\t<meta property=\"og:image:height\" content=\"853\" \/>\n\t<meta property=\"og:image:type\" content=\"image\/jpeg\" \/>\n<meta name=\"author\" content=\"JP\" \/>\n<meta name=\"twitter:card\" content=\"summary_large_image\" \/>\n<meta name=\"twitter:label1\" content=\"Escrito por\" \/>\n\t<meta name=\"twitter:data1\" content=\"JP\" \/>\n\t<meta name=\"twitter:label2\" content=\"Est. tempo de leitura\" \/>\n\t<meta name=\"twitter:data2\" content=\"4 minutos\" \/>\n<script type=\"application\/ld+json\" class=\"yoast-schema-graph\">{\"@context\":\"https:\/\/schema.org\",\"@graph\":[{\"@type\":\"Article\",\"@id\":\"https:\/\/bahiaeconomica.com.br\/wp\/2026\/01\/16\/estado-fortalece-assistencia-social-nos-municipios-com-entrega-de-70-veiculos-da-1a-fase-do-mobsuas\/#article\",\"isPartOf\":{\"@id\":\"https:\/\/bahiaeconomica.com.br\/wp\/2026\/01\/16\/estado-fortalece-assistencia-social-nos-municipios-com-entrega-de-70-veiculos-da-1a-fase-do-mobsuas\/\"},\"author\":{\"name\":\"JP\",\"@id\":\"https:\/\/bahiaeconomica.com.br\/wp\/#\/schema\/person\/c86d3a3f8960425a0f9d0e5245991f4e\"},\"headline\":\"ESTADO FORTALECE ASSIST\u00caNCIA SOCIAL NOS MUNIC\u00cdPIOS COM ENTREGA DE 70 VE\u00cdCULOS DA 1\u00aa FASE DO MOBSUAS\",\"datePublished\":\"2026-01-16T13:59:59+00:00\",\"dateModified\":\"2026-01-16T14:12:24+00:00\",\"mainEntityOfPage\":{\"@id\":\"https:\/\/bahiaeconomica.com.br\/wp\/2026\/01\/16\/estado-fortalece-assistencia-social-nos-municipios-com-entrega-de-70-veiculos-da-1a-fase-do-mobsuas\/\"},\"wordCount\":646,\"publisher\":{\"@id\":\"https:\/\/bahiaeconomica.com.br\/wp\/#organization\"},\"keywords\":[\"Bahia\",\"Brasil\",\"jeronimo\"],\"articleSection\":[\"DESTAQUE DO DIA\",\"ECONOMIA \/ POL\u00cdTICA\"],\"inLanguage\":\"pt-BR\"},{\"@type\":\"WebPage\",\"@id\":\"https:\/\/bahiaeconomica.com.br\/wp\/2026\/01\/16\/estado-fortalece-assistencia-social-nos-municipios-com-entrega-de-70-veiculos-da-1a-fase-do-mobsuas\/\",\"url\":\"https:\/\/bahiaeconomica.com.br\/wp\/2026\/01\/16\/estado-fortalece-assistencia-social-nos-municipios-com-entrega-de-70-veiculos-da-1a-fase-do-mobsuas\/\",\"name\":\"ESTADO FORTALECE ASSIST\u00caNCIA SOCIAL NOS MUNIC\u00cdPIOS COM ENTREGA DE 70 VE\u00cdCULOS DA 1\u00aa FASE DO MOBSUAS - Bahia Economica\",\"isPartOf\":{\"@id\":\"https:\/\/bahiaeconomica.com.br\/wp\/#website\"},\"datePublished\":\"2026-01-16T13:59:59+00:00\",\"dateModified\":\"2026-01-16T14:12:24+00:00\",\"description\":\"O maior portal de Economia da Bahia DESTAQUE DO DIA, ECONOMIA \/ POL\u00cdTICA Bahia Economica O Governo do Estado realizou, por meio da Secretaria de Assist\u00eancia\",\"breadcrumb\":{\"@id\":\"https:\/\/bahiaeconomica.com.br\/wp\/2026\/01\/16\/estado-fortalece-assistencia-social-nos-municipios-com-entrega-de-70-veiculos-da-1a-fase-do-mobsuas\/#breadcrumb\"},\"inLanguage\":\"pt-BR\",\"potentialAction\":[{\"@type\":\"ReadAction\",\"target\":[\"https:\/\/bahiaeconomica.com.br\/wp\/2026\/01\/16\/estado-fortalece-assistencia-social-nos-municipios-com-entrega-de-70-veiculos-da-1a-fase-do-mobsuas\/\"]}]},{\"@type\":\"BreadcrumbList\",\"@id\":\"https:\/\/bahiaeconomica.com.br\/wp\/2026\/01\/16\/estado-fortalece-assistencia-social-nos-municipios-com-entrega-de-70-veiculos-da-1a-fase-do-mobsuas\/#breadcrumb\",\"itemListElement\":[{\"@type\":\"ListItem\",\"position\":1,\"name\":\"In\u00edcio\",\"item\":\"https:\/\/bahiaeconomica.com.br\/wp\/\"},{\"@type\":\"ListItem\",\"position\":2,\"name\":\"ESTADO FORTALECE ASSIST\u00caNCIA SOCIAL NOS MUNIC\u00cdPIOS COM ENTREGA DE 70 VE\u00cdCULOS DA 1\u00aa FASE DO MOBSUAS\"}]},{\"@type\":\"WebSite\",\"@id\":\"https:\/\/bahiaeconomica.com.br\/wp\/#website\",\"url\":\"https:\/\/bahiaeconomica.com.br\/wp\/\",\"name\":\"Bahia Economica\",\"description\":\"O maior portal de Economia da Bahia\",\"publisher\":{\"@id\":\"https:\/\/bahiaeconomica.com.br\/wp\/#organization\"},\"potentialAction\":[{\"@type\":\"SearchAction\",\"target\":{\"@type\":\"EntryPoint\",\"urlTemplate\":\"https:\/\/bahiaeconomica.com.br\/wp\/?s={search_term_string}\"},\"query-input\":\"required name=search_term_string\"}],\"inLanguage\":\"pt-BR\"},{\"@type\":\"Organization\",\"@id\":\"https:\/\/bahiaeconomica.com.br\/wp\/#organization\",\"name\":\"Bahia Econ\u00f4mica\",\"url\":\"https:\/\/bahiaeconomica.com.br\/wp\/\",\"logo\":{\"@type\":\"ImageObject\",\"inLanguage\":\"pt-BR\",\"@id\":\"https:\/\/bahiaeconomica.com.br\/wp\/#\/schema\/logo\/image\/\",\"url\":\"https:\/\/bahiaeconomica.com.br\/wp\/wp-content\/uploads\/2020\/12\/cropped-BE.png\",\"contentUrl\":\"https:\/\/bahiaeconomica.com.br\/wp\/wp-content\/uploads\/2020\/12\/cropped-BE.png\",\"width\":512,\"height\":512,\"caption\":\"Bahia Econ\u00f4mica\"},\"image\":{\"@id\":\"https:\/\/bahiaeconomica.com.br\/wp\/#\/schema\/logo\/image\/\"},\"sameAs\":[\"https:\/\/www.facebook.com\/bahiaeconomica\"]},{\"@type\":\"Person\",\"@id\":\"https:\/\/bahiaeconomica.com.br\/wp\/#\/schema\/person\/c86d3a3f8960425a0f9d0e5245991f4e\",\"name\":\"JP\",\"sameAs\":[\"https:\/\/bahiaeconomica.com.br\/wp\/beta\/\"],\"url\":\"https:\/\/bahiaeconomica.com.br\/wp\/author\/jp\/\"}]}<\/script>\n<!-- \/ Yoast SEO plugin. -->","yoast_head_json":{"title":"ESTADO FORTALECE ASSIST\u00caNCIA SOCIAL NOS MUNIC\u00cdPIOS COM ENTREGA DE 70 VE\u00cdCULOS DA 1\u00aa FASE DO MOBSUAS - Bahia Economica","description":"O maior portal de Economia da Bahia DESTAQUE DO DIA, ECONOMIA \/ POL\u00cdTICA Bahia Economica O Governo do Estado realizou, por meio da Secretaria de Assist\u00eancia","robots":{"index":"index","follow":"follow","max-snippet":"max-snippet:-1","max-image-preview":"max-image-preview:large","max-video-preview":"max-video-preview:-1"},"canonical":"https:\/\/bahiaeconomica.com.br\/wp\/2026\/01\/16\/estado-fortalece-assistencia-social-nos-municipios-com-entrega-de-70-veiculos-da-1a-fase-do-mobsuas\/","og_locale":"pt_BR","og_type":"article","og_title":"ESTADO FORTALECE ASSIST\u00caNCIA SOCIAL NOS MUNIC\u00cdPIOS COM ENTREGA DE 70 VE\u00cdCULOS DA 1\u00aa FASE DO MOBSUAS - Bahia Economica","og_description":"O maior portal de Economia da Bahia DESTAQUE DO DIA, ECONOMIA \/ POL\u00cdTICA Bahia Economica O Governo do Estado realizou, por meio da Secretaria de Assist\u00eancia","og_url":"https:\/\/bahiaeconomica.com.br\/wp\/2026\/01\/16\/estado-fortalece-assistencia-social-nos-municipios-com-entrega-de-70-veiculos-da-1a-fase-do-mobsuas\/","og_site_name":"Bahia Economica","article_publisher":"https:\/\/www.facebook.com\/bahiaeconomica","article_published_time":"2026-01-16T13:59:59+00:00","article_modified_time":"2026-01-16T14:12:24+00:00","og_image":[{"width":1280,"height":853,"url":"https:\/\/bahiaeconomica.com.br\/wp\/wp-content\/uploads\/2026\/01\/WhatsApp-Image-2026-01-16-at-10.04.27.jpeg","type":"image\/jpeg"}],"author":"JP","twitter_card":"summary_large_image","twitter_misc":{"Escrito por":"JP","Est. tempo de leitura":"4 minutos"},"schema":{"@context":"https:\/\/schema.org","@graph":[{"@type":"Article","@id":"https:\/\/bahiaeconomica.com.br\/wp\/2026\/01\/16\/estado-fortalece-assistencia-social-nos-municipios-com-entrega-de-70-veiculos-da-1a-fase-do-mobsuas\/#article","isPartOf":{"@id":"https:\/\/bahiaeconomica.com.br\/wp\/2026\/01\/16\/estado-fortalece-assistencia-social-nos-municipios-com-entrega-de-70-veiculos-da-1a-fase-do-mobsuas\/"},"author":{"name":"JP","@id":"https:\/\/bahiaeconomica.com.br\/wp\/#\/schema\/person\/c86d3a3f8960425a0f9d0e5245991f4e"},"headline":"ESTADO FORTALECE ASSIST\u00caNCIA SOCIAL NOS MUNIC\u00cdPIOS COM ENTREGA DE 70 VE\u00cdCULOS DA 1\u00aa FASE DO MOBSUAS","datePublished":"2026-01-16T13:59:59+00:00","dateModified":"2026-01-16T14:12:24+00:00","mainEntityOfPage":{"@id":"https:\/\/bahiaeconomica.com.br\/wp\/2026\/01\/16\/estado-fortalece-assistencia-social-nos-municipios-com-entrega-de-70-veiculos-da-1a-fase-do-mobsuas\/"},"wordCount":646,"publisher":{"@id":"https:\/\/bahiaeconomica.com.br\/wp\/#organization"},"keywords":["Bahia","Brasil","jeronimo"],"articleSection":["DESTAQUE DO DIA","ECONOMIA \/ POL\u00cdTICA"],"inLanguage":"pt-BR"},{"@type":"WebPage","@id":"https:\/\/bahiaeconomica.com.br\/wp\/2026\/01\/16\/estado-fortalece-assistencia-social-nos-municipios-com-entrega-de-70-veiculos-da-1a-fase-do-mobsuas\/","url":"https:\/\/bahiaeconomica.com.br\/wp\/2026\/01\/16\/estado-fortalece-assistencia-social-nos-municipios-com-entrega-de-70-veiculos-da-1a-fase-do-mobsuas\/","name":"ESTADO FORTALECE ASSIST\u00caNCIA SOCIAL NOS MUNIC\u00cdPIOS COM ENTREGA DE 70 VE\u00cdCULOS DA 1\u00aa FASE DO MOBSUAS - Bahia Economica","isPartOf":{"@id":"https:\/\/bahiaeconomica.com.br\/wp\/#website"},"datePublished":"2026-01-16T13:59:59+00:00","dateModified":"2026-01-16T14:12:24+00:00","description":"O maior portal de Economia da Bahia DESTAQUE DO DIA, ECONOMIA \/ POL\u00cdTICA Bahia Economica O Governo do Estado realizou, por meio da Secretaria de Assist\u00eancia","breadcrumb":{"@id":"https:\/\/bahiaeconomica.com.br\/wp\/2026\/01\/16\/estado-fortalece-assistencia-social-nos-municipios-com-entrega-de-70-veiculos-da-1a-fase-do-mobsuas\/#breadcrumb"},"inLanguage":"pt-BR","potentialAction":[{"@type":"ReadAction","target":["https:\/\/bahiaeconomica.com.br\/wp\/2026\/01\/16\/estado-fortalece-assistencia-social-nos-municipios-com-entrega-de-70-veiculos-da-1a-fase-do-mobsuas\/"]}]},{"@type":"BreadcrumbList","@id":"https:\/\/bahiaeconomica.com.br\/wp\/2026\/01\/16\/estado-fortalece-assistencia-social-nos-municipios-com-entrega-de-70-veiculos-da-1a-fase-do-mobsuas\/#breadcrumb","itemListElement":[{"@type":"ListItem","position":1,"name":"In\u00edcio","item":"https:\/\/bahiaeconomica.com.br\/wp\/"},{"@type":"ListItem","position":2,"name":"ESTADO FORTALECE ASSIST\u00caNCIA SOCIAL NOS MUNIC\u00cdPIOS COM ENTREGA DE 70 VE\u00cdCULOS DA 1\u00aa FASE DO MOBSUAS"}]},{"@type":"WebSite","@id":"https:\/\/bahiaeconomica.com.br\/wp\/#website","url":"https:\/\/bahiaeconomica.com.br\/wp\/","name":"Bahia Economica","description":"O maior portal de Economia da Bahia","publisher":{"@id":"https:\/\/bahiaeconomica.com.br\/wp\/#organization"},"potentialAction":[{"@type":"SearchAction","target":{"@type":"EntryPoint","urlTemplate":"https:\/\/bahiaeconomica.com.br\/wp\/?s={search_term_string}"},"query-input":"required name=search_term_string"}],"inLanguage":"pt-BR"},{"@type":"Organization","@id":"https:\/\/bahiaeconomica.com.br\/wp\/#organization","name":"Bahia Econ\u00f4mica","url":"https:\/\/bahiaeconomica.com.br\/wp\/","logo":{"@type":"ImageObject","inLanguage":"pt-BR","@id":"https:\/\/bahiaeconomica.com.br\/wp\/#\/schema\/logo\/image\/","url":"https:\/\/bahiaeconomica.com.br\/wp\/wp-content\/uploads\/2020\/12\/cropped-BE.png","contentUrl":"https:\/\/bahiaeconomica.com.br\/wp\/wp-content\/uploads\/2020\/12\/cropped-BE.png","width":512,"height":512,"caption":"Bahia Econ\u00f4mica"},"image":{"@id":"https:\/\/bahiaeconomica.com.br\/wp\/#\/schema\/logo\/image\/"},"sameAs":["https:\/\/www.facebook.com\/bahiaeconomica"]},{"@type":"Person","@id":"https:\/\/bahiaeconomica.com.br\/wp\/#\/schema\/person\/c86d3a3f8960425a0f9d0e5245991f4e","name":"JP","sameAs":["https:\/\/bahiaeconomica.com.br\/wp\/beta\/"],"url":"https:\/\/bahiaeconomica.com.br\/wp\/author\/jp\/"}]}},"views":21,"_links":{"self":[{"href":"https:\/\/bahiaeconomica.com.br\/wp\/wp-json\/wp\/v2\/posts\/967677"}],"collection":[{"href":"https:\/\/bahiaeconomica.com.br\/wp\/wp-json\/wp\/v2\/posts"}],"about":[{"href":"https:\/\/bahiaeconomica.com.br\/wp\/wp-json\/wp\/v2\/types\/post"}],"author":[{"embeddable":true,"href":"https:\/\/bahiaeconomica.com.br\/wp\/wp-json\/wp\/v2\/users\/8"}],"replies":[{"embeddable":true,"href":"https:\/\/bahiaeconomica.com.br\/wp\/wp-json\/wp\/v2\/comments?post=967677"}],"version-history":[{"count":1,"href":"https:\/\/bahiaeconomica.com.br\/wp\/wp-json\/wp\/v2\/posts\/967677\/revisions"}],"predecessor-version":[{"id":967679,"href":"https:\/\/bahiaeconomica.com.br\/wp\/wp-json\/wp\/v2\/posts\/967677\/revisions\/967679"}],"wp:featuredmedia":[{"embeddable":true,"href":"https:\/\/bahiaeconomica.com.br\/wp\/wp-json\/wp\/v2\/media\/967678"}],"wp:attachment":[{"href":"https:\/\/bahiaeconomica.com.br\/wp\/wp-json\/wp\/v2\/media?parent=967677"}],"wp:term":[{"taxonomy":"category","embeddable":true,"href":"https:\/\/bahiaeconomica.com.br\/wp\/wp-json\/wp\/v2\/categories?post=967677"},{"taxonomy":"post_tag","embeddable":true,"href":"https:\/\/bahiaeconomica.com.br\/wp\/wp-json\/wp\/v2\/tags?post=967677"}],"curies":[{"name":"wp","href":"https:\/\/api.w.org\/{rel}","templated":true}]}}