{"id":967621,"date":"2026-01-16T09:20:23","date_gmt":"2026-01-16T12:20:23","guid":{"rendered":"https:\/\/bahiaeconomica.com.br\/wp\/?p=967621"},"modified":"2026-01-16T09:06:55","modified_gmt":"2026-01-16T12:06:55","slug":"caetano-celebra-entregas-em-camacari-e-projeta-cenario-para-2026","status":"publish","type":"post","link":"https:\/\/bahiaeconomica.com.br\/wp\/2026\/01\/16\/caetano-celebra-entregas-em-camacari-e-projeta-cenario-para-2026\/","title":{"rendered":"CAETANO CELEBRA ENTREGAS EM CAMA\u00c7ARI E PROJETA CEN\u00c1RIO PARA 2026"},"content":{"rendered":"<p>Mantendo a tradi\u00e7\u00e3o de marcar presen\u00e7a em uma das maiores manifesta\u00e7\u00f5es de f\u00e9 do estado, o prefeito de Cama\u00e7ari, Luiz Caetano (PT), participou nesta quinta-feira, 15, da Lavagem do Bonfim.<\/p>\n<p>O gestor percorreu o cortejo acompanhado da deputada federal Ivoneide Caetano e do vereador Tagner Cerqueira, l\u00edder do governo na C\u00e2mara e pr\u00e9-candidato a deputado estadual, em um gesto que refor\u00e7a a coes\u00e3o do grupo pol\u00edtico. Ao destacar o simbolismo do evento, Caetano enfatizou a rela\u00e7\u00e3o de proximidade com o eleitorado. \u201cO Bonfim \u00e9 uma das festas mais bonitas da Bahia. Todo ano estamos aqui junto com a nossa gente\u201d, afirmou o prefeito, ressaltando a uni\u00e3o do povo baiano durante a caminhada rumo \u00e0 Colina Sagrada.<\/p>\n<p>Balan\u00e7o e metas<\/p>\n<p>Aproveitando o in\u00edcio do ano, o prefeito fez um balan\u00e7o das a\u00e7\u00f5es administrativas em Cama\u00e7ari. De acordo com o gestor, o ano de 2025 foi marcado pela consolida\u00e7\u00e3o de projetos estruturantes, como a reforma de mais de 60% da rede escolar municipal, a moderniza\u00e7\u00e3o da ilumina\u00e7\u00e3o p\u00fablica e a atra\u00e7\u00e3o de novos investimentos que impulsionaram a economia local.<\/p>\n<p>Avan\u00e7os no transporte coletivo e na seguran\u00e7a p\u00fablica tamb\u00e9m foram elencados como prioridades atingidas. \u201cFechamos 2025 com muitas realiza\u00e7\u00f5es e agora estamos preparando 2026 para ser ainda melhor\u201d, projetou Caetano, sinalizando que o ritmo de entregas deve ser intensificado nos pr\u00f3ximos meses.<\/p>\n<p>Cen\u00e1rio pol\u00edtico<\/p>\n<p>No campo das articula\u00e7\u00f5es, o otimismo deu o tom das declara\u00e7\u00f5es. Caetano demonstrou confian\u00e7a na continuidade do projeto estadual liderado pelo PT. Para o prefeito, a avalia\u00e7\u00e3o positiva da gest\u00e3o de Jer\u00f4nimo Rodrigues pavimenta o caminho para uma defini\u00e7\u00e3o eleitoral precoce no pr\u00f3ximo pleito. \u201cO reconhecimento da popula\u00e7\u00e3o ao trabalho do governador \u00e9 vis\u00edvel, o que nos permite projetar uma vit\u00f3ria ainda no primeiro turno em 2026\u201d, vaticinou.<\/p>\n<p>&nbsp;<\/p>\n<p>Foto: Willian Rocha<\/p>\n<p>&nbsp;<\/p>\n<p>&nbsp;<\/p>\n","protected":false},"excerpt":{"rendered":"<p>Mantendo a tradi\u00e7\u00e3o de marcar presen\u00e7a em uma das maiores manifesta\u00e7\u00f5es de f\u00e9 do estado, o prefeito de Cama\u00e7ari, Luiz Caetano (PT), participou nesta quinta-feira, 15, da Lavagem do Bonfim. O gestor percorreu o cortejo acompanhado da deputada federal Ivoneide Caetano e do vereador Tagner Cerqueira, l\u00edder do governo na C\u00e2mara e pr\u00e9-candidato a deputado [&hellip;]<\/p>\n","protected":false},"author":8,"featured_media":967622,"comment_status":"closed","ping_status":"closed","sticky":false,"template":"","format":"standard","meta":[],"categories":[5,14601],"tags":[10080,375,700],"acf":[],"yoast_head":"<!-- This site is optimized with the Yoast SEO plugin v20.8 - https:\/\/yoast.com\/wordpress\/plugins\/seo\/ -->\n<title>CAETANO CELEBRA ENTREGAS EM CAMA\u00c7ARI E PROJETA CEN\u00c1RIO PARA 2026 - Bahia Economica<\/title>\n<meta name=\"description\" content=\"O maior portal de Economia da Bahia MUNIC\u00cdPIOS, Pol\u00edtica Bahia Economica Aproveitando o in\u00edcio do ano, o prefeito fez um balan\u00e7o das\" \/>\n<meta name=\"robots\" content=\"index, follow, max-snippet:-1, max-image-preview:large, max-video-preview:-1\" \/>\n<link rel=\"canonical\" href=\"https:\/\/bahiaeconomica.com.br\/wp\/2026\/01\/16\/caetano-celebra-entregas-em-camacari-e-projeta-cenario-para-2026\/\" \/>\n<meta property=\"og:locale\" content=\"pt_BR\" \/>\n<meta property=\"og:type\" content=\"article\" \/>\n<meta property=\"og:title\" content=\"CAETANO CELEBRA ENTREGAS EM CAMA\u00c7ARI E PROJETA CEN\u00c1RIO PARA 2026 - Bahia Economica\" \/>\n<meta property=\"og:description\" content=\"O maior portal de Economia da Bahia MUNIC\u00cdPIOS, Pol\u00edtica Bahia Economica Aproveitando o in\u00edcio do ano, o prefeito fez um balan\u00e7o das\" \/>\n<meta property=\"og:url\" content=\"https:\/\/bahiaeconomica.com.br\/wp\/2026\/01\/16\/caetano-celebra-entregas-em-camacari-e-projeta-cenario-para-2026\/\" \/>\n<meta property=\"og:site_name\" content=\"Bahia Economica\" \/>\n<meta property=\"article:publisher\" content=\"https:\/\/www.facebook.com\/bahiaeconomica\" \/>\n<meta property=\"article:published_time\" content=\"2026-01-16T12:20:23+00:00\" \/>\n<meta property=\"article:modified_time\" content=\"2026-01-16T12:06:55+00:00\" \/>\n<meta property=\"og:image\" content=\"https:\/\/bahiaeconomica.com.br\/wp\/wp-content\/uploads\/2026\/01\/caetano-celebra-entregas-em-camacari-e-projeta-cen0137624400202601151914-ScaleDownProportional.webp\" \/>\n\t<meta property=\"og:image:width\" content=\"751\" \/>\n\t<meta property=\"og:image:height\" content=\"562\" \/>\n\t<meta property=\"og:image:type\" content=\"image\/webp\" \/>\n<meta name=\"author\" content=\"JP\" \/>\n<meta name=\"twitter:card\" content=\"summary_large_image\" \/>\n<meta name=\"twitter:label1\" content=\"Escrito por\" \/>\n\t<meta name=\"twitter:data1\" content=\"JP\" \/>\n\t<meta name=\"twitter:label2\" content=\"Est. tempo de leitura\" \/>\n\t<meta name=\"twitter:data2\" content=\"2 minutos\" \/>\n<script type=\"application\/ld+json\" class=\"yoast-schema-graph\">{\"@context\":\"https:\/\/schema.org\",\"@graph\":[{\"@type\":\"Article\",\"@id\":\"https:\/\/bahiaeconomica.com.br\/wp\/2026\/01\/16\/caetano-celebra-entregas-em-camacari-e-projeta-cenario-para-2026\/#article\",\"isPartOf\":{\"@id\":\"https:\/\/bahiaeconomica.com.br\/wp\/2026\/01\/16\/caetano-celebra-entregas-em-camacari-e-projeta-cenario-para-2026\/\"},\"author\":{\"name\":\"JP\",\"@id\":\"https:\/\/bahiaeconomica.com.br\/wp\/#\/schema\/person\/c86d3a3f8960425a0f9d0e5245991f4e\"},\"headline\":\"CAETANO CELEBRA ENTREGAS EM CAMA\u00c7ARI E PROJETA CEN\u00c1RIO PARA 2026\",\"datePublished\":\"2026-01-16T12:20:23+00:00\",\"dateModified\":\"2026-01-16T12:06:55+00:00\",\"mainEntityOfPage\":{\"@id\":\"https:\/\/bahiaeconomica.com.br\/wp\/2026\/01\/16\/caetano-celebra-entregas-em-camacari-e-projeta-cenario-para-2026\/\"},\"wordCount\":338,\"publisher\":{\"@id\":\"https:\/\/bahiaeconomica.com.br\/wp\/#organization\"},\"keywords\":[\"2026\",\"Cama\u00e7ari\",\"eleicoes\"],\"articleSection\":[\"MUNIC\u00cdPIOS\",\"Pol\u00edtica\"],\"inLanguage\":\"pt-BR\"},{\"@type\":\"WebPage\",\"@id\":\"https:\/\/bahiaeconomica.com.br\/wp\/2026\/01\/16\/caetano-celebra-entregas-em-camacari-e-projeta-cenario-para-2026\/\",\"url\":\"https:\/\/bahiaeconomica.com.br\/wp\/2026\/01\/16\/caetano-celebra-entregas-em-camacari-e-projeta-cenario-para-2026\/\",\"name\":\"CAETANO CELEBRA ENTREGAS EM CAMA\u00c7ARI E PROJETA CEN\u00c1RIO PARA 2026 - Bahia Economica\",\"isPartOf\":{\"@id\":\"https:\/\/bahiaeconomica.com.br\/wp\/#website\"},\"datePublished\":\"2026-01-16T12:20:23+00:00\",\"dateModified\":\"2026-01-16T12:06:55+00:00\",\"description\":\"O maior portal de Economia da Bahia MUNIC\u00cdPIOS, Pol\u00edtica Bahia Economica Aproveitando o in\u00edcio do ano, o prefeito fez um balan\u00e7o das\",\"breadcrumb\":{\"@id\":\"https:\/\/bahiaeconomica.com.br\/wp\/2026\/01\/16\/caetano-celebra-entregas-em-camacari-e-projeta-cenario-para-2026\/#breadcrumb\"},\"inLanguage\":\"pt-BR\",\"potentialAction\":[{\"@type\":\"ReadAction\",\"target\":[\"https:\/\/bahiaeconomica.com.br\/wp\/2026\/01\/16\/caetano-celebra-entregas-em-camacari-e-projeta-cenario-para-2026\/\"]}]},{\"@type\":\"BreadcrumbList\",\"@id\":\"https:\/\/bahiaeconomica.com.br\/wp\/2026\/01\/16\/caetano-celebra-entregas-em-camacari-e-projeta-cenario-para-2026\/#breadcrumb\",\"itemListElement\":[{\"@type\":\"ListItem\",\"position\":1,\"name\":\"In\u00edcio\",\"item\":\"https:\/\/bahiaeconomica.com.br\/wp\/\"},{\"@type\":\"ListItem\",\"position\":2,\"name\":\"CAETANO CELEBRA ENTREGAS EM CAMA\u00c7ARI E PROJETA CEN\u00c1RIO PARA 2026\"}]},{\"@type\":\"WebSite\",\"@id\":\"https:\/\/bahiaeconomica.com.br\/wp\/#website\",\"url\":\"https:\/\/bahiaeconomica.com.br\/wp\/\",\"name\":\"Bahia Economica\",\"description\":\"O maior portal de Economia da Bahia\",\"publisher\":{\"@id\":\"https:\/\/bahiaeconomica.com.br\/wp\/#organization\"},\"potentialAction\":[{\"@type\":\"SearchAction\",\"target\":{\"@type\":\"EntryPoint\",\"urlTemplate\":\"https:\/\/bahiaeconomica.com.br\/wp\/?s={search_term_string}\"},\"query-input\":\"required name=search_term_string\"}],\"inLanguage\":\"pt-BR\"},{\"@type\":\"Organization\",\"@id\":\"https:\/\/bahiaeconomica.com.br\/wp\/#organization\",\"name\":\"Bahia Econ\u00f4mica\",\"url\":\"https:\/\/bahiaeconomica.com.br\/wp\/\",\"logo\":{\"@type\":\"ImageObject\",\"inLanguage\":\"pt-BR\",\"@id\":\"https:\/\/bahiaeconomica.com.br\/wp\/#\/schema\/logo\/image\/\",\"url\":\"https:\/\/bahiaeconomica.com.br\/wp\/wp-content\/uploads\/2020\/12\/cropped-BE.png\",\"contentUrl\":\"https:\/\/bahiaeconomica.com.br\/wp\/wp-content\/uploads\/2020\/12\/cropped-BE.png\",\"width\":512,\"height\":512,\"caption\":\"Bahia Econ\u00f4mica\"},\"image\":{\"@id\":\"https:\/\/bahiaeconomica.com.br\/wp\/#\/schema\/logo\/image\/\"},\"sameAs\":[\"https:\/\/www.facebook.com\/bahiaeconomica\"]},{\"@type\":\"Person\",\"@id\":\"https:\/\/bahiaeconomica.com.br\/wp\/#\/schema\/person\/c86d3a3f8960425a0f9d0e5245991f4e\",\"name\":\"JP\",\"sameAs\":[\"https:\/\/bahiaeconomica.com.br\/wp\/beta\/\"],\"url\":\"https:\/\/bahiaeconomica.com.br\/wp\/author\/jp\/\"}]}<\/script>\n<!-- \/ Yoast SEO plugin. -->","yoast_head_json":{"title":"CAETANO CELEBRA ENTREGAS EM CAMA\u00c7ARI E PROJETA CEN\u00c1RIO PARA 2026 - Bahia Economica","description":"O maior portal de Economia da Bahia MUNIC\u00cdPIOS, Pol\u00edtica Bahia Economica Aproveitando o in\u00edcio do ano, o prefeito fez um balan\u00e7o das","robots":{"index":"index","follow":"follow","max-snippet":"max-snippet:-1","max-image-preview":"max-image-preview:large","max-video-preview":"max-video-preview:-1"},"canonical":"https:\/\/bahiaeconomica.com.br\/wp\/2026\/01\/16\/caetano-celebra-entregas-em-camacari-e-projeta-cenario-para-2026\/","og_locale":"pt_BR","og_type":"article","og_title":"CAETANO CELEBRA ENTREGAS EM CAMA\u00c7ARI E PROJETA CEN\u00c1RIO PARA 2026 - Bahia Economica","og_description":"O maior portal de Economia da Bahia MUNIC\u00cdPIOS, Pol\u00edtica Bahia Economica Aproveitando o in\u00edcio do ano, o prefeito fez um balan\u00e7o das","og_url":"https:\/\/bahiaeconomica.com.br\/wp\/2026\/01\/16\/caetano-celebra-entregas-em-camacari-e-projeta-cenario-para-2026\/","og_site_name":"Bahia Economica","article_publisher":"https:\/\/www.facebook.com\/bahiaeconomica","article_published_time":"2026-01-16T12:20:23+00:00","article_modified_time":"2026-01-16T12:06:55+00:00","og_image":[{"width":751,"height":562,"url":"https:\/\/bahiaeconomica.com.br\/wp\/wp-content\/uploads\/2026\/01\/caetano-celebra-entregas-em-camacari-e-projeta-cen0137624400202601151914-ScaleDownProportional.webp","type":"image\/webp"}],"author":"JP","twitter_card":"summary_large_image","twitter_misc":{"Escrito por":"JP","Est. tempo de leitura":"2 minutos"},"schema":{"@context":"https:\/\/schema.org","@graph":[{"@type":"Article","@id":"https:\/\/bahiaeconomica.com.br\/wp\/2026\/01\/16\/caetano-celebra-entregas-em-camacari-e-projeta-cenario-para-2026\/#article","isPartOf":{"@id":"https:\/\/bahiaeconomica.com.br\/wp\/2026\/01\/16\/caetano-celebra-entregas-em-camacari-e-projeta-cenario-para-2026\/"},"author":{"name":"JP","@id":"https:\/\/bahiaeconomica.com.br\/wp\/#\/schema\/person\/c86d3a3f8960425a0f9d0e5245991f4e"},"headline":"CAETANO CELEBRA ENTREGAS EM CAMA\u00c7ARI E PROJETA CEN\u00c1RIO PARA 2026","datePublished":"2026-01-16T12:20:23+00:00","dateModified":"2026-01-16T12:06:55+00:00","mainEntityOfPage":{"@id":"https:\/\/bahiaeconomica.com.br\/wp\/2026\/01\/16\/caetano-celebra-entregas-em-camacari-e-projeta-cenario-para-2026\/"},"wordCount":338,"publisher":{"@id":"https:\/\/bahiaeconomica.com.br\/wp\/#organization"},"keywords":["2026","Cama\u00e7ari","eleicoes"],"articleSection":["MUNIC\u00cdPIOS","Pol\u00edtica"],"inLanguage":"pt-BR"},{"@type":"WebPage","@id":"https:\/\/bahiaeconomica.com.br\/wp\/2026\/01\/16\/caetano-celebra-entregas-em-camacari-e-projeta-cenario-para-2026\/","url":"https:\/\/bahiaeconomica.com.br\/wp\/2026\/01\/16\/caetano-celebra-entregas-em-camacari-e-projeta-cenario-para-2026\/","name":"CAETANO CELEBRA ENTREGAS EM CAMA\u00c7ARI E PROJETA CEN\u00c1RIO PARA 2026 - Bahia Economica","isPartOf":{"@id":"https:\/\/bahiaeconomica.com.br\/wp\/#website"},"datePublished":"2026-01-16T12:20:23+00:00","dateModified":"2026-01-16T12:06:55+00:00","description":"O maior portal de Economia da Bahia MUNIC\u00cdPIOS, Pol\u00edtica Bahia Economica Aproveitando o in\u00edcio do ano, o prefeito fez um balan\u00e7o das","breadcrumb":{"@id":"https:\/\/bahiaeconomica.com.br\/wp\/2026\/01\/16\/caetano-celebra-entregas-em-camacari-e-projeta-cenario-para-2026\/#breadcrumb"},"inLanguage":"pt-BR","potentialAction":[{"@type":"ReadAction","target":["https:\/\/bahiaeconomica.com.br\/wp\/2026\/01\/16\/caetano-celebra-entregas-em-camacari-e-projeta-cenario-para-2026\/"]}]},{"@type":"BreadcrumbList","@id":"https:\/\/bahiaeconomica.com.br\/wp\/2026\/01\/16\/caetano-celebra-entregas-em-camacari-e-projeta-cenario-para-2026\/#breadcrumb","itemListElement":[{"@type":"ListItem","position":1,"name":"In\u00edcio","item":"https:\/\/bahiaeconomica.com.br\/wp\/"},{"@type":"ListItem","position":2,"name":"CAETANO CELEBRA ENTREGAS EM CAMA\u00c7ARI E PROJETA CEN\u00c1RIO PARA 2026"}]},{"@type":"WebSite","@id":"https:\/\/bahiaeconomica.com.br\/wp\/#website","url":"https:\/\/bahiaeconomica.com.br\/wp\/","name":"Bahia Economica","description":"O maior portal de Economia da Bahia","publisher":{"@id":"https:\/\/bahiaeconomica.com.br\/wp\/#organization"},"potentialAction":[{"@type":"SearchAction","target":{"@type":"EntryPoint","urlTemplate":"https:\/\/bahiaeconomica.com.br\/wp\/?s={search_term_string}"},"query-input":"required name=search_term_string"}],"inLanguage":"pt-BR"},{"@type":"Organization","@id":"https:\/\/bahiaeconomica.com.br\/wp\/#organization","name":"Bahia Econ\u00f4mica","url":"https:\/\/bahiaeconomica.com.br\/wp\/","logo":{"@type":"ImageObject","inLanguage":"pt-BR","@id":"https:\/\/bahiaeconomica.com.br\/wp\/#\/schema\/logo\/image\/","url":"https:\/\/bahiaeconomica.com.br\/wp\/wp-content\/uploads\/2020\/12\/cropped-BE.png","contentUrl":"https:\/\/bahiaeconomica.com.br\/wp\/wp-content\/uploads\/2020\/12\/cropped-BE.png","width":512,"height":512,"caption":"Bahia Econ\u00f4mica"},"image":{"@id":"https:\/\/bahiaeconomica.com.br\/wp\/#\/schema\/logo\/image\/"},"sameAs":["https:\/\/www.facebook.com\/bahiaeconomica"]},{"@type":"Person","@id":"https:\/\/bahiaeconomica.com.br\/wp\/#\/schema\/person\/c86d3a3f8960425a0f9d0e5245991f4e","name":"JP","sameAs":["https:\/\/bahiaeconomica.com.br\/wp\/beta\/"],"url":"https:\/\/bahiaeconomica.com.br\/wp\/author\/jp\/"}]}},"views":37,"_links":{"self":[{"href":"https:\/\/bahiaeconomica.com.br\/wp\/wp-json\/wp\/v2\/posts\/967621"}],"collection":[{"href":"https:\/\/bahiaeconomica.com.br\/wp\/wp-json\/wp\/v2\/posts"}],"about":[{"href":"https:\/\/bahiaeconomica.com.br\/wp\/wp-json\/wp\/v2\/types\/post"}],"author":[{"embeddable":true,"href":"https:\/\/bahiaeconomica.com.br\/wp\/wp-json\/wp\/v2\/users\/8"}],"replies":[{"embeddable":true,"href":"https:\/\/bahiaeconomica.com.br\/wp\/wp-json\/wp\/v2\/comments?post=967621"}],"version-history":[{"count":1,"href":"https:\/\/bahiaeconomica.com.br\/wp\/wp-json\/wp\/v2\/posts\/967621\/revisions"}],"predecessor-version":[{"id":967623,"href":"https:\/\/bahiaeconomica.com.br\/wp\/wp-json\/wp\/v2\/posts\/967621\/revisions\/967623"}],"wp:featuredmedia":[{"embeddable":true,"href":"https:\/\/bahiaeconomica.com.br\/wp\/wp-json\/wp\/v2\/media\/967622"}],"wp:attachment":[{"href":"https:\/\/bahiaeconomica.com.br\/wp\/wp-json\/wp\/v2\/media?parent=967621"}],"wp:term":[{"taxonomy":"category","embeddable":true,"href":"https:\/\/bahiaeconomica.com.br\/wp\/wp-json\/wp\/v2\/categories?post=967621"},{"taxonomy":"post_tag","embeddable":true,"href":"https:\/\/bahiaeconomica.com.br\/wp\/wp-json\/wp\/v2\/tags?post=967621"}],"curies":[{"name":"wp","href":"https:\/\/api.w.org\/{rel}","templated":true}]}}