{"id":966455,"date":"2026-01-12T08:40:35","date_gmt":"2026-01-12T11:40:35","guid":{"rendered":"https:\/\/bahiaeconomica.com.br\/wp\/?p=966455"},"modified":"2026-01-12T10:03:16","modified_gmt":"2026-01-12T13:03:16","slug":"morre-titina-medeiros-atriz-de-cheias-de-charme-e-mar-do-sertao-aos-48-anos","status":"publish","type":"post","link":"https:\/\/bahiaeconomica.com.br\/wp\/2026\/01\/12\/morre-titina-medeiros-atriz-de-cheias-de-charme-e-mar-do-sertao-aos-48-anos\/","title":{"rendered":"MORRE TITINA MEDEIROS, ATRIZ DE CHEIAS DE CHARME E MAR DO SERT\u00c3O, AOS 48 ANOS"},"content":{"rendered":"<p>A atriz Titina Medeiros morreu, neste domingo (11), aos 48 anos. Ela tratava um c\u00e2ncer no p\u00e2ncreas. A artista participou de novelas da Globo como Cheias de Charme e No Rancho Fundo. Natural de Currais Novo, cidade no interior do Rio Grande do Norte, Titina, cujo nome de batismo era Izabel Cristina de Medeiros, iniciou a carreira no teatro e integrou grupos como o Casa de Zo\u00e9 e o Esta\u00e7\u00e3o de Teatro, atuando tamb\u00e9m como diretora no segundo.<\/p>\n<p>Ela ganhou proje\u00e7\u00e3o nacional com a personagem Socorro, a &#8220;personal colega&#8221; de Cheias de Charme. Esse foi seu primeiro trabalho em novelas. Ela tamb\u00e9m integrou o elenco em novelas como Gera\u00e7\u00e3o Brasil, A Lei do Amor, Onde Nascem os Fortes e Mar do Sert\u00e3o. Al\u00e9m das produ\u00e7\u00f5es na telinha, ela tamb\u00e9m participou de filmes como Filhos do Mangue, Malasartes e o Duelo com a Morte, e Dion\u00edsia: Poema Al\u00e9m da Floresta. Ela era casa h\u00e1 cerca de 20 anos com o ator C\u00e9sar Ferrario, com quem atuou em Cheias de Charme.<\/p>\n<p>&nbsp;<\/p>\n<p>Cr\u00e9dito: Beatriz Damy\/TVGlobo<\/p>\n<p>Divulga\u00e7\u00e3o\/Globo<\/p>\n","protected":false},"excerpt":{"rendered":"<p>A atriz Titina Medeiros morreu, neste domingo (11), aos 48 anos. Ela tratava um c\u00e2ncer no p\u00e2ncreas. A artista participou de novelas da Globo como Cheias de Charme e No Rancho Fundo. Natural de Currais Novo, cidade no interior do Rio Grande do Norte, Titina, cujo nome de batismo era Izabel Cristina de Medeiros, iniciou [&hellip;]<\/p>\n","protected":false},"author":8,"featured_media":966456,"comment_status":"closed","ping_status":"closed","sticky":false,"template":"","format":"standard","meta":[],"categories":[4],"tags":[1356,2864,43149,782,43148,4962,771,43146,43147],"acf":[],"yoast_head":"<!-- This site is optimized with the Yoast SEO plugin v20.8 - https:\/\/yoast.com\/wordpress\/plugins\/seo\/ -->\n<title>MORRE TITINA MEDEIROS, ATRIZ DE CHEIAS DE CHARME E MAR DO SERT\u00c3O, AOS 48 ANOS - Bahia Economica<\/title>\n<meta name=\"description\" content=\"O maior portal de Economia da Bahia ENTRETENIMENTO Bahia Economica\" \/>\n<meta name=\"robots\" content=\"index, follow, max-snippet:-1, max-image-preview:large, max-video-preview:-1\" \/>\n<link rel=\"canonical\" href=\"https:\/\/bahiaeconomica.com.br\/wp\/2026\/01\/12\/morre-titina-medeiros-atriz-de-cheias-de-charme-e-mar-do-sertao-aos-48-anos\/\" \/>\n<meta property=\"og:locale\" content=\"pt_BR\" \/>\n<meta property=\"og:type\" content=\"article\" \/>\n<meta property=\"og:title\" content=\"MORRE TITINA MEDEIROS, ATRIZ DE CHEIAS DE CHARME E MAR DO SERT\u00c3O, AOS 48 ANOS - Bahia Economica\" \/>\n<meta property=\"og:description\" content=\"O maior portal de Economia da Bahia ENTRETENIMENTO Bahia Economica\" \/>\n<meta property=\"og:url\" content=\"https:\/\/bahiaeconomica.com.br\/wp\/2026\/01\/12\/morre-titina-medeiros-atriz-de-cheias-de-charme-e-mar-do-sertao-aos-48-anos\/\" \/>\n<meta property=\"og:site_name\" content=\"Bahia Economica\" \/>\n<meta property=\"article:publisher\" content=\"https:\/\/www.facebook.com\/bahiaeconomica\" \/>\n<meta property=\"article:published_time\" content=\"2026-01-12T11:40:35+00:00\" \/>\n<meta property=\"article:modified_time\" content=\"2026-01-12T13:03:16+00:00\" \/>\n<meta property=\"og:image\" content=\"https:\/\/bahiaeconomica.com.br\/wp\/wp-content\/uploads\/2026\/01\/titina-medeiros-tratava-um-cancer-no-pancreas-3090191-article.webp\" \/>\n\t<meta property=\"og:image:width\" content=\"600\" \/>\n\t<meta property=\"og:image:height\" content=\"331\" \/>\n\t<meta property=\"og:image:type\" content=\"image\/webp\" \/>\n<meta name=\"author\" content=\"JP\" \/>\n<meta name=\"twitter:card\" content=\"summary_large_image\" \/>\n<meta name=\"twitter:label1\" content=\"Escrito por\" \/>\n\t<meta name=\"twitter:data1\" content=\"JP\" \/>\n\t<meta name=\"twitter:label2\" content=\"Est. tempo de leitura\" \/>\n\t<meta name=\"twitter:data2\" content=\"1 minuto\" \/>\n<script type=\"application\/ld+json\" class=\"yoast-schema-graph\">{\"@context\":\"https:\/\/schema.org\",\"@graph\":[{\"@type\":\"Article\",\"@id\":\"https:\/\/bahiaeconomica.com.br\/wp\/2026\/01\/12\/morre-titina-medeiros-atriz-de-cheias-de-charme-e-mar-do-sertao-aos-48-anos\/#article\",\"isPartOf\":{\"@id\":\"https:\/\/bahiaeconomica.com.br\/wp\/2026\/01\/12\/morre-titina-medeiros-atriz-de-cheias-de-charme-e-mar-do-sertao-aos-48-anos\/\"},\"author\":{\"name\":\"JP\",\"@id\":\"https:\/\/bahiaeconomica.com.br\/wp\/#\/schema\/person\/c86d3a3f8960425a0f9d0e5245991f4e\"},\"headline\":\"MORRE TITINA MEDEIROS, ATRIZ DE CHEIAS DE CHARME E MAR DO SERT\u00c3O, AOS 48 ANOS\",\"datePublished\":\"2026-01-12T11:40:35+00:00\",\"dateModified\":\"2026-01-12T13:03:16+00:00\",\"mainEntityOfPage\":{\"@id\":\"https:\/\/bahiaeconomica.com.br\/wp\/2026\/01\/12\/morre-titina-medeiros-atriz-de-cheias-de-charme-e-mar-do-sertao-aos-48-anos\/\"},\"wordCount\":204,\"publisher\":{\"@id\":\"https:\/\/bahiaeconomica.com.br\/wp\/#organization\"},\"keywords\":[\"atriz\",\"c\u00e2ncer\",\"Cheias de Charme\",\"luto\",\"Medeiros\",\"morre\",\"MORTE\",\"no P\u00e2ncreas\",\"Titina\"],\"articleSection\":[\"ENTRETENIMENTO\"],\"inLanguage\":\"pt-BR\"},{\"@type\":\"WebPage\",\"@id\":\"https:\/\/bahiaeconomica.com.br\/wp\/2026\/01\/12\/morre-titina-medeiros-atriz-de-cheias-de-charme-e-mar-do-sertao-aos-48-anos\/\",\"url\":\"https:\/\/bahiaeconomica.com.br\/wp\/2026\/01\/12\/morre-titina-medeiros-atriz-de-cheias-de-charme-e-mar-do-sertao-aos-48-anos\/\",\"name\":\"MORRE TITINA MEDEIROS, ATRIZ DE CHEIAS DE CHARME E MAR DO SERT\u00c3O, AOS 48 ANOS - Bahia Economica\",\"isPartOf\":{\"@id\":\"https:\/\/bahiaeconomica.com.br\/wp\/#website\"},\"datePublished\":\"2026-01-12T11:40:35+00:00\",\"dateModified\":\"2026-01-12T13:03:16+00:00\",\"description\":\"O maior portal de Economia da Bahia ENTRETENIMENTO Bahia Economica\",\"breadcrumb\":{\"@id\":\"https:\/\/bahiaeconomica.com.br\/wp\/2026\/01\/12\/morre-titina-medeiros-atriz-de-cheias-de-charme-e-mar-do-sertao-aos-48-anos\/#breadcrumb\"},\"inLanguage\":\"pt-BR\",\"potentialAction\":[{\"@type\":\"ReadAction\",\"target\":[\"https:\/\/bahiaeconomica.com.br\/wp\/2026\/01\/12\/morre-titina-medeiros-atriz-de-cheias-de-charme-e-mar-do-sertao-aos-48-anos\/\"]}]},{\"@type\":\"BreadcrumbList\",\"@id\":\"https:\/\/bahiaeconomica.com.br\/wp\/2026\/01\/12\/morre-titina-medeiros-atriz-de-cheias-de-charme-e-mar-do-sertao-aos-48-anos\/#breadcrumb\",\"itemListElement\":[{\"@type\":\"ListItem\",\"position\":1,\"name\":\"In\u00edcio\",\"item\":\"https:\/\/bahiaeconomica.com.br\/wp\/\"},{\"@type\":\"ListItem\",\"position\":2,\"name\":\"MORRE TITINA MEDEIROS, ATRIZ DE CHEIAS DE CHARME E MAR DO SERT\u00c3O, AOS 48 ANOS\"}]},{\"@type\":\"WebSite\",\"@id\":\"https:\/\/bahiaeconomica.com.br\/wp\/#website\",\"url\":\"https:\/\/bahiaeconomica.com.br\/wp\/\",\"name\":\"Bahia Economica\",\"description\":\"O maior portal de Economia da Bahia\",\"publisher\":{\"@id\":\"https:\/\/bahiaeconomica.com.br\/wp\/#organization\"},\"potentialAction\":[{\"@type\":\"SearchAction\",\"target\":{\"@type\":\"EntryPoint\",\"urlTemplate\":\"https:\/\/bahiaeconomica.com.br\/wp\/?s={search_term_string}\"},\"query-input\":\"required name=search_term_string\"}],\"inLanguage\":\"pt-BR\"},{\"@type\":\"Organization\",\"@id\":\"https:\/\/bahiaeconomica.com.br\/wp\/#organization\",\"name\":\"Bahia Econ\u00f4mica\",\"url\":\"https:\/\/bahiaeconomica.com.br\/wp\/\",\"logo\":{\"@type\":\"ImageObject\",\"inLanguage\":\"pt-BR\",\"@id\":\"https:\/\/bahiaeconomica.com.br\/wp\/#\/schema\/logo\/image\/\",\"url\":\"https:\/\/bahiaeconomica.com.br\/wp\/wp-content\/uploads\/2020\/12\/cropped-BE.png\",\"contentUrl\":\"https:\/\/bahiaeconomica.com.br\/wp\/wp-content\/uploads\/2020\/12\/cropped-BE.png\",\"width\":512,\"height\":512,\"caption\":\"Bahia Econ\u00f4mica\"},\"image\":{\"@id\":\"https:\/\/bahiaeconomica.com.br\/wp\/#\/schema\/logo\/image\/\"},\"sameAs\":[\"https:\/\/www.facebook.com\/bahiaeconomica\"]},{\"@type\":\"Person\",\"@id\":\"https:\/\/bahiaeconomica.com.br\/wp\/#\/schema\/person\/c86d3a3f8960425a0f9d0e5245991f4e\",\"name\":\"JP\",\"sameAs\":[\"https:\/\/bahiaeconomica.com.br\/wp\/beta\/\"],\"url\":\"https:\/\/bahiaeconomica.com.br\/wp\/author\/jp\/\"}]}<\/script>\n<!-- \/ Yoast SEO plugin. -->","yoast_head_json":{"title":"MORRE TITINA MEDEIROS, ATRIZ DE CHEIAS DE CHARME E MAR DO SERT\u00c3O, AOS 48 ANOS - Bahia Economica","description":"O maior portal de Economia da Bahia ENTRETENIMENTO Bahia Economica","robots":{"index":"index","follow":"follow","max-snippet":"max-snippet:-1","max-image-preview":"max-image-preview:large","max-video-preview":"max-video-preview:-1"},"canonical":"https:\/\/bahiaeconomica.com.br\/wp\/2026\/01\/12\/morre-titina-medeiros-atriz-de-cheias-de-charme-e-mar-do-sertao-aos-48-anos\/","og_locale":"pt_BR","og_type":"article","og_title":"MORRE TITINA MEDEIROS, ATRIZ DE CHEIAS DE CHARME E MAR DO SERT\u00c3O, AOS 48 ANOS - Bahia Economica","og_description":"O maior portal de Economia da Bahia ENTRETENIMENTO Bahia Economica","og_url":"https:\/\/bahiaeconomica.com.br\/wp\/2026\/01\/12\/morre-titina-medeiros-atriz-de-cheias-de-charme-e-mar-do-sertao-aos-48-anos\/","og_site_name":"Bahia Economica","article_publisher":"https:\/\/www.facebook.com\/bahiaeconomica","article_published_time":"2026-01-12T11:40:35+00:00","article_modified_time":"2026-01-12T13:03:16+00:00","og_image":[{"width":600,"height":331,"url":"https:\/\/bahiaeconomica.com.br\/wp\/wp-content\/uploads\/2026\/01\/titina-medeiros-tratava-um-cancer-no-pancreas-3090191-article.webp","type":"image\/webp"}],"author":"JP","twitter_card":"summary_large_image","twitter_misc":{"Escrito por":"JP","Est. tempo de leitura":"1 minuto"},"schema":{"@context":"https:\/\/schema.org","@graph":[{"@type":"Article","@id":"https:\/\/bahiaeconomica.com.br\/wp\/2026\/01\/12\/morre-titina-medeiros-atriz-de-cheias-de-charme-e-mar-do-sertao-aos-48-anos\/#article","isPartOf":{"@id":"https:\/\/bahiaeconomica.com.br\/wp\/2026\/01\/12\/morre-titina-medeiros-atriz-de-cheias-de-charme-e-mar-do-sertao-aos-48-anos\/"},"author":{"name":"JP","@id":"https:\/\/bahiaeconomica.com.br\/wp\/#\/schema\/person\/c86d3a3f8960425a0f9d0e5245991f4e"},"headline":"MORRE TITINA MEDEIROS, ATRIZ DE CHEIAS DE CHARME E MAR DO SERT\u00c3O, AOS 48 ANOS","datePublished":"2026-01-12T11:40:35+00:00","dateModified":"2026-01-12T13:03:16+00:00","mainEntityOfPage":{"@id":"https:\/\/bahiaeconomica.com.br\/wp\/2026\/01\/12\/morre-titina-medeiros-atriz-de-cheias-de-charme-e-mar-do-sertao-aos-48-anos\/"},"wordCount":204,"publisher":{"@id":"https:\/\/bahiaeconomica.com.br\/wp\/#organization"},"keywords":["atriz","c\u00e2ncer","Cheias de Charme","luto","Medeiros","morre","MORTE","no P\u00e2ncreas","Titina"],"articleSection":["ENTRETENIMENTO"],"inLanguage":"pt-BR"},{"@type":"WebPage","@id":"https:\/\/bahiaeconomica.com.br\/wp\/2026\/01\/12\/morre-titina-medeiros-atriz-de-cheias-de-charme-e-mar-do-sertao-aos-48-anos\/","url":"https:\/\/bahiaeconomica.com.br\/wp\/2026\/01\/12\/morre-titina-medeiros-atriz-de-cheias-de-charme-e-mar-do-sertao-aos-48-anos\/","name":"MORRE TITINA MEDEIROS, ATRIZ DE CHEIAS DE CHARME E MAR DO SERT\u00c3O, AOS 48 ANOS - Bahia Economica","isPartOf":{"@id":"https:\/\/bahiaeconomica.com.br\/wp\/#website"},"datePublished":"2026-01-12T11:40:35+00:00","dateModified":"2026-01-12T13:03:16+00:00","description":"O maior portal de Economia da Bahia ENTRETENIMENTO Bahia Economica","breadcrumb":{"@id":"https:\/\/bahiaeconomica.com.br\/wp\/2026\/01\/12\/morre-titina-medeiros-atriz-de-cheias-de-charme-e-mar-do-sertao-aos-48-anos\/#breadcrumb"},"inLanguage":"pt-BR","potentialAction":[{"@type":"ReadAction","target":["https:\/\/bahiaeconomica.com.br\/wp\/2026\/01\/12\/morre-titina-medeiros-atriz-de-cheias-de-charme-e-mar-do-sertao-aos-48-anos\/"]}]},{"@type":"BreadcrumbList","@id":"https:\/\/bahiaeconomica.com.br\/wp\/2026\/01\/12\/morre-titina-medeiros-atriz-de-cheias-de-charme-e-mar-do-sertao-aos-48-anos\/#breadcrumb","itemListElement":[{"@type":"ListItem","position":1,"name":"In\u00edcio","item":"https:\/\/bahiaeconomica.com.br\/wp\/"},{"@type":"ListItem","position":2,"name":"MORRE TITINA MEDEIROS, ATRIZ DE CHEIAS DE CHARME E MAR DO SERT\u00c3O, AOS 48 ANOS"}]},{"@type":"WebSite","@id":"https:\/\/bahiaeconomica.com.br\/wp\/#website","url":"https:\/\/bahiaeconomica.com.br\/wp\/","name":"Bahia Economica","description":"O maior portal de Economia da Bahia","publisher":{"@id":"https:\/\/bahiaeconomica.com.br\/wp\/#organization"},"potentialAction":[{"@type":"SearchAction","target":{"@type":"EntryPoint","urlTemplate":"https:\/\/bahiaeconomica.com.br\/wp\/?s={search_term_string}"},"query-input":"required name=search_term_string"}],"inLanguage":"pt-BR"},{"@type":"Organization","@id":"https:\/\/bahiaeconomica.com.br\/wp\/#organization","name":"Bahia Econ\u00f4mica","url":"https:\/\/bahiaeconomica.com.br\/wp\/","logo":{"@type":"ImageObject","inLanguage":"pt-BR","@id":"https:\/\/bahiaeconomica.com.br\/wp\/#\/schema\/logo\/image\/","url":"https:\/\/bahiaeconomica.com.br\/wp\/wp-content\/uploads\/2020\/12\/cropped-BE.png","contentUrl":"https:\/\/bahiaeconomica.com.br\/wp\/wp-content\/uploads\/2020\/12\/cropped-BE.png","width":512,"height":512,"caption":"Bahia Econ\u00f4mica"},"image":{"@id":"https:\/\/bahiaeconomica.com.br\/wp\/#\/schema\/logo\/image\/"},"sameAs":["https:\/\/www.facebook.com\/bahiaeconomica"]},{"@type":"Person","@id":"https:\/\/bahiaeconomica.com.br\/wp\/#\/schema\/person\/c86d3a3f8960425a0f9d0e5245991f4e","name":"JP","sameAs":["https:\/\/bahiaeconomica.com.br\/wp\/beta\/"],"url":"https:\/\/bahiaeconomica.com.br\/wp\/author\/jp\/"}]}},"views":108,"_links":{"self":[{"href":"https:\/\/bahiaeconomica.com.br\/wp\/wp-json\/wp\/v2\/posts\/966455"}],"collection":[{"href":"https:\/\/bahiaeconomica.com.br\/wp\/wp-json\/wp\/v2\/posts"}],"about":[{"href":"https:\/\/bahiaeconomica.com.br\/wp\/wp-json\/wp\/v2\/types\/post"}],"author":[{"embeddable":true,"href":"https:\/\/bahiaeconomica.com.br\/wp\/wp-json\/wp\/v2\/users\/8"}],"replies":[{"embeddable":true,"href":"https:\/\/bahiaeconomica.com.br\/wp\/wp-json\/wp\/v2\/comments?post=966455"}],"version-history":[{"count":1,"href":"https:\/\/bahiaeconomica.com.br\/wp\/wp-json\/wp\/v2\/posts\/966455\/revisions"}],"predecessor-version":[{"id":966457,"href":"https:\/\/bahiaeconomica.com.br\/wp\/wp-json\/wp\/v2\/posts\/966455\/revisions\/966457"}],"wp:featuredmedia":[{"embeddable":true,"href":"https:\/\/bahiaeconomica.com.br\/wp\/wp-json\/wp\/v2\/media\/966456"}],"wp:attachment":[{"href":"https:\/\/bahiaeconomica.com.br\/wp\/wp-json\/wp\/v2\/media?parent=966455"}],"wp:term":[{"taxonomy":"category","embeddable":true,"href":"https:\/\/bahiaeconomica.com.br\/wp\/wp-json\/wp\/v2\/categories?post=966455"},{"taxonomy":"post_tag","embeddable":true,"href":"https:\/\/bahiaeconomica.com.br\/wp\/wp-json\/wp\/v2\/tags?post=966455"}],"curies":[{"name":"wp","href":"https:\/\/api.w.org\/{rel}","templated":true}]}}