{"id":966413,"date":"2026-01-21T05:00:05","date_gmt":"2026-01-21T08:00:05","guid":{"rendered":"https:\/\/bahiaeconomica.com.br\/wp\/?p=966413"},"modified":"2026-01-26T20:30:31","modified_gmt":"2026-01-26T23:30:31","slug":"adary-oliveira-o-legado-do-polo-para-a-industrializacao-do-nordeste","status":"publish","type":"post","link":"https:\/\/bahiaeconomica.com.br\/wp\/2026\/01\/21\/adary-oliveira-o-legado-do-polo-para-a-industrializacao-do-nordeste\/","title":{"rendered":"ADARY OLIVEIRA &#8211; O LEGADO DO POLO PARA A INDUSTRIALIZA\u00c7\u00c3O DO NORDESTE"},"content":{"rendered":"<p class=\"p1\"><span class=\"s1\">Em 2026, o Polo Petroqu\u00edmico de Cama\u00e7ari celebra 48 anos de funcionamento. Desde sua inaugura\u00e7\u00e3o, em 1978, o Polo n\u00e3o apenas transformou a economia local, mas tamb\u00e9m teve um impacto significativo no desenvolvimento industrial e econ\u00f4mico de toda a regi\u00e3o Nordeste do Brasil. Embora n\u00e3o tenha atingido todos seus objetivos devido a fatores adversos que fecharam f\u00e1bricas, impediram maior expans\u00e3o de terceira e quarta gera\u00e7\u00f5espetroqu\u00edmicas e atualiza\u00e7\u00e3o tecnol\u00f3gica mais atual ecompleta, o Polo trouxe consigo imensas contribui\u00e7\u00f5es para a industrializa\u00e7\u00e3o do Nordeste, tornando mais aparentes os desafios e oportunidades apontadas a partir de sua opera\u00e7\u00e3o. \u00c9 ineg\u00e1vel que que este complexo industrial fez ampliar o ensino t\u00e9cnico aumentando a oferta de cursos profissionais. A disponibilidade de m\u00e3o-de-obrapara opera\u00e7\u00e3o de ind\u00fastrias, como engenheiros, operadoresde processo, t\u00e9cnicos em inform\u00e1tica, mec\u00e2nicos de manuten\u00e7\u00e3o, instrumentistas, especialistas em higiene e seguran\u00e7a e outros tantos \u00e9 muito maior, transformando o Nordeste num ambiente com melhores condi\u00e7\u00f5es para crescer industrialmente.<\/span><\/p>\n<p class=\"p1\"><span class=\"s1\">N\u00e3o se pode negar que o Polo contribuiu para o desenvolvimento econ\u00f4mico com a gera\u00e7\u00e3o de empregos, atra\u00e7\u00e3o de investimentos e fortalecimento da ind\u00fastria local. Desde sua constru\u00e7\u00e3o, o polo criou milhares de empregos diretos e indiretos, contribuindo para a redu\u00e7\u00e3o do desemprego na regi\u00e3o. O polo tem atra\u00eddo um fluxo cont\u00ednuo de investimentos, n\u00e3o apenas de empresas do setor petroqu\u00edmico, mas tamb\u00e9m de ind\u00fastrias que dependem de insumos petroqu\u00edmicos, como a fabrica\u00e7\u00e3o de pl\u00e1sticos, t\u00eaxteis, qu\u00edmicos ativos, elast\u00f4meros,fertilizantes e a promissora ind\u00fastria automobil\u00edstica.Tamb\u00e9m, o polo incentivou o surgimento de ind\u00fastrias locais que fornecem produtos e servi\u00e7os necess\u00e1rios para sustentar as opera\u00e7\u00f5es das grandes empresas, criando uma rede de neg\u00f3cios.<\/span><\/p>\n<p class=\"p1\"><span class=\"s1\">Em rela\u00e7\u00e3o \u00e0 infraestrutura e acessibilidade o Polo trouxe in\u00fameras contribui\u00e7\u00f5es. A constru\u00e7\u00e3o e opera\u00e7\u00e3o do polo estimularam melhorias significativas na infraestrutura regional, como estradas, portos e sistemas de transporte.Com a melhoria da infraestrutura, as cidades do entorno passaram a estar mais integradas, facilitando o com\u00e9rcio e a mobilidade.<\/span><\/p>\n<p class=\"p1\"><span class=\"s2\">Durante quase meio s\u00e9culo de funcionamento o Polon\u00e3o distribuiu apenas flores, e foram muitos os desafios enfrentados. Apesar dos muitos benef\u00edcios, o Polo Petroqu\u00edmico de Cama\u00e7ari tamb\u00e9m enfrenta desafiosdiversos destacando-se os impactos ambientais, e a vulnerabilidade econ\u00f4mica. A opera\u00e7\u00e3o de uma ind\u00fastria petroqu\u00edmica pode resultar em consequ\u00eancias ambientais, como polui\u00e7\u00e3o do ar e da \u00e1gua, exigindo uma gest\u00e3o ambiental adequada. Neste aspecto o Polo planejou desde a sua implanta\u00e7\u00e3o um sistema de tratamento de efluentes industriais, s\u00f3lidos, l\u00edquidos e gasosos sem igual no Pa\u00eds. A Cetrel, empresa privada que cuida da prote\u00e7\u00e3o ambiental do Polo \u00e9 a maior e melhor empresa do ramo, n\u00e3o s\u00f3 atendendo ao Polo, mas a todo o Brasil, um forte legado do Polo. A vulnerabilidade econ\u00f4mica foi trazida pela retiradaabrupta e n\u00e3o seletiva da prote\u00e7\u00e3o aduaneira concedida aos projetos. A globaliza\u00e7\u00e3o penalizou sobremaneira as unidades industriais dimensionadas para atendimento do mercado dom\u00e9stico que ficaram pequenas para enfrentar a concorr\u00eancia mundial. Embora muitas unidades conseguissem superar o problema com a absor\u00e7\u00e3o de novas tecnologias essa fragilidade terminou por determinar o fechamento de v\u00e1rias unidades.<\/span><\/p>\n<p class=\"p1\"><span class=\"s2\">O Futuro do Polo e da Regi\u00e3o tem como esteio a sustentabilidade e o desenvolvimento sustent\u00e1vel. Em resposta aos desafios ambientais, o Polo vem investindo em tecnologias mais sustent\u00e1veis e pr\u00e1ticas de produ\u00e7\u00e3o que minimizam os impactos negativos. A busca por uma ind\u00fastria mais verde poder\u00e1 posicionar Cama\u00e7ari como refer\u00eancia em inova\u00e7\u00e3o no setor petroqu\u00edmico. A diversifica\u00e7\u00e3o das ind\u00fastrias na regi\u00e3o \u00e9 essencial para garantir um futuro pr\u00f3spero. Incentivos para novos empreendimentos em setores como tecnologia, biocombust\u00edveis e energias renov\u00e1veis podem fortalecer a economia local, reduzindo a depend\u00eancia do setor petroqu\u00edmico.<\/span><\/p>\n<p class=\"p1\"><span class=\"s1\">O Polo Petroqu\u00edmico de Cama\u00e7ari \u00e9 um marco n\u00e3o apenas para a Bahia, mas para todo o Nordeste brasileiro. Com 48 anos de hist\u00f3ria, seu legado continua a ser um motor de desenvolvimento econ\u00f4mico e industrial. Entretanto, \u00e9 fundamental que a regi\u00e3o enfrente os desafios associados \u00e0 industrializa\u00e7\u00e3o, buscando um equil\u00edbrio entre crescimento econ\u00f4mico e sustentabilidade ambiental. O futuro do Polo depender\u00e1 de sua capacidade de inovar, diversificar e adaptar-se \u00e0s novas realidades do mercado global e da sociedade, sobretudo atraindo novos investidores para o setor.<\/span><\/p>\n<p class=\"p1\"><span class=\"s1\">Adary Oliveira \u00e9 engenheiro qu\u00edmico e professor (Dr.)<\/span><\/p>\n","protected":false},"excerpt":{"rendered":"<p>Em 2026, o Polo Petroqu\u00edmico de Cama\u00e7ari celebra 48 anos de funcionamento. Desde sua inaugura\u00e7\u00e3o, em 1978, o Polo n\u00e3o apenas transformou a economia local, mas tamb\u00e9m teve um impacto significativo no desenvolvimento industrial e econ\u00f4mico de toda a regi\u00e3o Nordeste do Brasil. Embora n\u00e3o tenha atingido todos seus objetivos devido a fatores adversos que [&hellip;]<\/p>\n","protected":false},"author":1,"featured_media":821318,"comment_status":"closed","ping_status":"closed","sticky":false,"template":"","format":"standard","meta":[],"categories":[22],"tags":[],"acf":[],"yoast_head":"<!-- This site is optimized with the Yoast SEO plugin v20.8 - https:\/\/yoast.com\/wordpress\/plugins\/seo\/ -->\n<title>ADARY OLIVEIRA - O LEGADO DO POLO PARA A INDUSTRIALIZA\u00c7\u00c3O DO NORDESTE - Bahia Economica<\/title>\n<meta name=\"description\" content=\"O maior portal de Economia da Bahia COLUNISTAS Bahia Economica\" \/>\n<meta name=\"robots\" content=\"index, follow, max-snippet:-1, max-image-preview:large, max-video-preview:-1\" \/>\n<link rel=\"canonical\" href=\"https:\/\/bahiaeconomica.com.br\/wp\/2026\/01\/21\/adary-oliveira-o-legado-do-polo-para-a-industrializacao-do-nordeste\/\" \/>\n<meta property=\"og:locale\" content=\"pt_BR\" \/>\n<meta property=\"og:type\" content=\"article\" \/>\n<meta property=\"og:title\" content=\"ADARY OLIVEIRA - O LEGADO DO POLO PARA A INDUSTRIALIZA\u00c7\u00c3O DO NORDESTE - Bahia Economica\" \/>\n<meta property=\"og:description\" content=\"O maior portal de Economia da Bahia COLUNISTAS Bahia Economica\" \/>\n<meta property=\"og:url\" content=\"https:\/\/bahiaeconomica.com.br\/wp\/2026\/01\/21\/adary-oliveira-o-legado-do-polo-para-a-industrializacao-do-nordeste\/\" \/>\n<meta property=\"og:site_name\" content=\"Bahia Economica\" \/>\n<meta property=\"article:publisher\" content=\"https:\/\/www.facebook.com\/bahiaeconomica\" \/>\n<meta property=\"article:published_time\" content=\"2026-01-21T08:00:05+00:00\" \/>\n<meta property=\"article:modified_time\" content=\"2026-01-26T23:30:31+00:00\" \/>\n<meta property=\"og:image\" content=\"https:\/\/bahiaeconomica.com.br\/wp\/wp-content\/uploads\/2024\/05\/15009adary-oliveira-1.jpg\" \/>\n\t<meta property=\"og:image:width\" content=\"510\" \/>\n\t<meta property=\"og:image:height\" content=\"400\" \/>\n\t<meta property=\"og:image:type\" content=\"image\/jpeg\" \/>\n<meta name=\"author\" content=\"admin\" \/>\n<meta name=\"twitter:card\" content=\"summary_large_image\" \/>\n<meta name=\"twitter:label1\" content=\"Escrito por\" \/>\n\t<meta name=\"twitter:data1\" content=\"admin\" \/>\n\t<meta name=\"twitter:label2\" content=\"Est. tempo de leitura\" \/>\n\t<meta name=\"twitter:data2\" content=\"4 minutos\" \/>\n<script type=\"application\/ld+json\" class=\"yoast-schema-graph\">{\"@context\":\"https:\/\/schema.org\",\"@graph\":[{\"@type\":\"Article\",\"@id\":\"https:\/\/bahiaeconomica.com.br\/wp\/2026\/01\/21\/adary-oliveira-o-legado-do-polo-para-a-industrializacao-do-nordeste\/#article\",\"isPartOf\":{\"@id\":\"https:\/\/bahiaeconomica.com.br\/wp\/2026\/01\/21\/adary-oliveira-o-legado-do-polo-para-a-industrializacao-do-nordeste\/\"},\"author\":{\"name\":\"admin\",\"@id\":\"https:\/\/bahiaeconomica.com.br\/wp\/#\/schema\/person\/cb1ab5ba96ad3d9390805381c76284ec\"},\"headline\":\"ADARY OLIVEIRA &#8211; O LEGADO DO POLO PARA A INDUSTRIALIZA\u00c7\u00c3O DO NORDESTE\",\"datePublished\":\"2026-01-21T08:00:05+00:00\",\"dateModified\":\"2026-01-26T23:30:31+00:00\",\"mainEntityOfPage\":{\"@id\":\"https:\/\/bahiaeconomica.com.br\/wp\/2026\/01\/21\/adary-oliveira-o-legado-do-polo-para-a-industrializacao-do-nordeste\/\"},\"wordCount\":795,\"publisher\":{\"@id\":\"https:\/\/bahiaeconomica.com.br\/wp\/#organization\"},\"articleSection\":[\"COLUNISTAS\"],\"inLanguage\":\"pt-BR\"},{\"@type\":\"WebPage\",\"@id\":\"https:\/\/bahiaeconomica.com.br\/wp\/2026\/01\/21\/adary-oliveira-o-legado-do-polo-para-a-industrializacao-do-nordeste\/\",\"url\":\"https:\/\/bahiaeconomica.com.br\/wp\/2026\/01\/21\/adary-oliveira-o-legado-do-polo-para-a-industrializacao-do-nordeste\/\",\"name\":\"ADARY OLIVEIRA - O LEGADO DO POLO PARA A INDUSTRIALIZA\u00c7\u00c3O DO NORDESTE - Bahia Economica\",\"isPartOf\":{\"@id\":\"https:\/\/bahiaeconomica.com.br\/wp\/#website\"},\"datePublished\":\"2026-01-21T08:00:05+00:00\",\"dateModified\":\"2026-01-26T23:30:31+00:00\",\"description\":\"O maior portal de Economia da Bahia COLUNISTAS Bahia Economica\",\"breadcrumb\":{\"@id\":\"https:\/\/bahiaeconomica.com.br\/wp\/2026\/01\/21\/adary-oliveira-o-legado-do-polo-para-a-industrializacao-do-nordeste\/#breadcrumb\"},\"inLanguage\":\"pt-BR\",\"potentialAction\":[{\"@type\":\"ReadAction\",\"target\":[\"https:\/\/bahiaeconomica.com.br\/wp\/2026\/01\/21\/adary-oliveira-o-legado-do-polo-para-a-industrializacao-do-nordeste\/\"]}]},{\"@type\":\"BreadcrumbList\",\"@id\":\"https:\/\/bahiaeconomica.com.br\/wp\/2026\/01\/21\/adary-oliveira-o-legado-do-polo-para-a-industrializacao-do-nordeste\/#breadcrumb\",\"itemListElement\":[{\"@type\":\"ListItem\",\"position\":1,\"name\":\"In\u00edcio\",\"item\":\"https:\/\/bahiaeconomica.com.br\/wp\/\"},{\"@type\":\"ListItem\",\"position\":2,\"name\":\"ADARY OLIVEIRA &#8211; O LEGADO DO POLO PARA A INDUSTRIALIZA\u00c7\u00c3O DO NORDESTE\"}]},{\"@type\":\"WebSite\",\"@id\":\"https:\/\/bahiaeconomica.com.br\/wp\/#website\",\"url\":\"https:\/\/bahiaeconomica.com.br\/wp\/\",\"name\":\"Bahia Economica\",\"description\":\"O maior portal de Economia da Bahia\",\"publisher\":{\"@id\":\"https:\/\/bahiaeconomica.com.br\/wp\/#organization\"},\"potentialAction\":[{\"@type\":\"SearchAction\",\"target\":{\"@type\":\"EntryPoint\",\"urlTemplate\":\"https:\/\/bahiaeconomica.com.br\/wp\/?s={search_term_string}\"},\"query-input\":\"required name=search_term_string\"}],\"inLanguage\":\"pt-BR\"},{\"@type\":\"Organization\",\"@id\":\"https:\/\/bahiaeconomica.com.br\/wp\/#organization\",\"name\":\"Bahia Econ\u00f4mica\",\"url\":\"https:\/\/bahiaeconomica.com.br\/wp\/\",\"logo\":{\"@type\":\"ImageObject\",\"inLanguage\":\"pt-BR\",\"@id\":\"https:\/\/bahiaeconomica.com.br\/wp\/#\/schema\/logo\/image\/\",\"url\":\"https:\/\/bahiaeconomica.com.br\/wp\/wp-content\/uploads\/2020\/12\/cropped-BE.png\",\"contentUrl\":\"https:\/\/bahiaeconomica.com.br\/wp\/wp-content\/uploads\/2020\/12\/cropped-BE.png\",\"width\":512,\"height\":512,\"caption\":\"Bahia Econ\u00f4mica\"},\"image\":{\"@id\":\"https:\/\/bahiaeconomica.com.br\/wp\/#\/schema\/logo\/image\/\"},\"sameAs\":[\"https:\/\/www.facebook.com\/bahiaeconomica\"]},{\"@type\":\"Person\",\"@id\":\"https:\/\/bahiaeconomica.com.br\/wp\/#\/schema\/person\/cb1ab5ba96ad3d9390805381c76284ec\",\"name\":\"admin\",\"url\":\"https:\/\/bahiaeconomica.com.br\/wp\/author\/admin\/\"}]}<\/script>\n<!-- \/ Yoast SEO plugin. -->","yoast_head_json":{"title":"ADARY OLIVEIRA - O LEGADO DO POLO PARA A INDUSTRIALIZA\u00c7\u00c3O DO NORDESTE - Bahia Economica","description":"O maior portal de Economia da Bahia COLUNISTAS Bahia Economica","robots":{"index":"index","follow":"follow","max-snippet":"max-snippet:-1","max-image-preview":"max-image-preview:large","max-video-preview":"max-video-preview:-1"},"canonical":"https:\/\/bahiaeconomica.com.br\/wp\/2026\/01\/21\/adary-oliveira-o-legado-do-polo-para-a-industrializacao-do-nordeste\/","og_locale":"pt_BR","og_type":"article","og_title":"ADARY OLIVEIRA - O LEGADO DO POLO PARA A INDUSTRIALIZA\u00c7\u00c3O DO NORDESTE - Bahia Economica","og_description":"O maior portal de Economia da Bahia COLUNISTAS Bahia Economica","og_url":"https:\/\/bahiaeconomica.com.br\/wp\/2026\/01\/21\/adary-oliveira-o-legado-do-polo-para-a-industrializacao-do-nordeste\/","og_site_name":"Bahia Economica","article_publisher":"https:\/\/www.facebook.com\/bahiaeconomica","article_published_time":"2026-01-21T08:00:05+00:00","article_modified_time":"2026-01-26T23:30:31+00:00","og_image":[{"width":510,"height":400,"url":"https:\/\/bahiaeconomica.com.br\/wp\/wp-content\/uploads\/2024\/05\/15009adary-oliveira-1.jpg","type":"image\/jpeg"}],"author":"admin","twitter_card":"summary_large_image","twitter_misc":{"Escrito por":"admin","Est. tempo de leitura":"4 minutos"},"schema":{"@context":"https:\/\/schema.org","@graph":[{"@type":"Article","@id":"https:\/\/bahiaeconomica.com.br\/wp\/2026\/01\/21\/adary-oliveira-o-legado-do-polo-para-a-industrializacao-do-nordeste\/#article","isPartOf":{"@id":"https:\/\/bahiaeconomica.com.br\/wp\/2026\/01\/21\/adary-oliveira-o-legado-do-polo-para-a-industrializacao-do-nordeste\/"},"author":{"name":"admin","@id":"https:\/\/bahiaeconomica.com.br\/wp\/#\/schema\/person\/cb1ab5ba96ad3d9390805381c76284ec"},"headline":"ADARY OLIVEIRA &#8211; O LEGADO DO POLO PARA A INDUSTRIALIZA\u00c7\u00c3O DO NORDESTE","datePublished":"2026-01-21T08:00:05+00:00","dateModified":"2026-01-26T23:30:31+00:00","mainEntityOfPage":{"@id":"https:\/\/bahiaeconomica.com.br\/wp\/2026\/01\/21\/adary-oliveira-o-legado-do-polo-para-a-industrializacao-do-nordeste\/"},"wordCount":795,"publisher":{"@id":"https:\/\/bahiaeconomica.com.br\/wp\/#organization"},"articleSection":["COLUNISTAS"],"inLanguage":"pt-BR"},{"@type":"WebPage","@id":"https:\/\/bahiaeconomica.com.br\/wp\/2026\/01\/21\/adary-oliveira-o-legado-do-polo-para-a-industrializacao-do-nordeste\/","url":"https:\/\/bahiaeconomica.com.br\/wp\/2026\/01\/21\/adary-oliveira-o-legado-do-polo-para-a-industrializacao-do-nordeste\/","name":"ADARY OLIVEIRA - O LEGADO DO POLO PARA A INDUSTRIALIZA\u00c7\u00c3O DO NORDESTE - Bahia Economica","isPartOf":{"@id":"https:\/\/bahiaeconomica.com.br\/wp\/#website"},"datePublished":"2026-01-21T08:00:05+00:00","dateModified":"2026-01-26T23:30:31+00:00","description":"O maior portal de Economia da Bahia COLUNISTAS Bahia Economica","breadcrumb":{"@id":"https:\/\/bahiaeconomica.com.br\/wp\/2026\/01\/21\/adary-oliveira-o-legado-do-polo-para-a-industrializacao-do-nordeste\/#breadcrumb"},"inLanguage":"pt-BR","potentialAction":[{"@type":"ReadAction","target":["https:\/\/bahiaeconomica.com.br\/wp\/2026\/01\/21\/adary-oliveira-o-legado-do-polo-para-a-industrializacao-do-nordeste\/"]}]},{"@type":"BreadcrumbList","@id":"https:\/\/bahiaeconomica.com.br\/wp\/2026\/01\/21\/adary-oliveira-o-legado-do-polo-para-a-industrializacao-do-nordeste\/#breadcrumb","itemListElement":[{"@type":"ListItem","position":1,"name":"In\u00edcio","item":"https:\/\/bahiaeconomica.com.br\/wp\/"},{"@type":"ListItem","position":2,"name":"ADARY OLIVEIRA &#8211; O LEGADO DO POLO PARA A INDUSTRIALIZA\u00c7\u00c3O DO NORDESTE"}]},{"@type":"WebSite","@id":"https:\/\/bahiaeconomica.com.br\/wp\/#website","url":"https:\/\/bahiaeconomica.com.br\/wp\/","name":"Bahia Economica","description":"O maior portal de Economia da Bahia","publisher":{"@id":"https:\/\/bahiaeconomica.com.br\/wp\/#organization"},"potentialAction":[{"@type":"SearchAction","target":{"@type":"EntryPoint","urlTemplate":"https:\/\/bahiaeconomica.com.br\/wp\/?s={search_term_string}"},"query-input":"required name=search_term_string"}],"inLanguage":"pt-BR"},{"@type":"Organization","@id":"https:\/\/bahiaeconomica.com.br\/wp\/#organization","name":"Bahia Econ\u00f4mica","url":"https:\/\/bahiaeconomica.com.br\/wp\/","logo":{"@type":"ImageObject","inLanguage":"pt-BR","@id":"https:\/\/bahiaeconomica.com.br\/wp\/#\/schema\/logo\/image\/","url":"https:\/\/bahiaeconomica.com.br\/wp\/wp-content\/uploads\/2020\/12\/cropped-BE.png","contentUrl":"https:\/\/bahiaeconomica.com.br\/wp\/wp-content\/uploads\/2020\/12\/cropped-BE.png","width":512,"height":512,"caption":"Bahia Econ\u00f4mica"},"image":{"@id":"https:\/\/bahiaeconomica.com.br\/wp\/#\/schema\/logo\/image\/"},"sameAs":["https:\/\/www.facebook.com\/bahiaeconomica"]},{"@type":"Person","@id":"https:\/\/bahiaeconomica.com.br\/wp\/#\/schema\/person\/cb1ab5ba96ad3d9390805381c76284ec","name":"admin","url":"https:\/\/bahiaeconomica.com.br\/wp\/author\/admin\/"}]}},"views":189,"_links":{"self":[{"href":"https:\/\/bahiaeconomica.com.br\/wp\/wp-json\/wp\/v2\/posts\/966413"}],"collection":[{"href":"https:\/\/bahiaeconomica.com.br\/wp\/wp-json\/wp\/v2\/posts"}],"about":[{"href":"https:\/\/bahiaeconomica.com.br\/wp\/wp-json\/wp\/v2\/types\/post"}],"author":[{"embeddable":true,"href":"https:\/\/bahiaeconomica.com.br\/wp\/wp-json\/wp\/v2\/users\/1"}],"replies":[{"embeddable":true,"href":"https:\/\/bahiaeconomica.com.br\/wp\/wp-json\/wp\/v2\/comments?post=966413"}],"version-history":[{"count":1,"href":"https:\/\/bahiaeconomica.com.br\/wp\/wp-json\/wp\/v2\/posts\/966413\/revisions"}],"predecessor-version":[{"id":966414,"href":"https:\/\/bahiaeconomica.com.br\/wp\/wp-json\/wp\/v2\/posts\/966413\/revisions\/966414"}],"wp:featuredmedia":[{"embeddable":true,"href":"https:\/\/bahiaeconomica.com.br\/wp\/wp-json\/wp\/v2\/media\/821318"}],"wp:attachment":[{"href":"https:\/\/bahiaeconomica.com.br\/wp\/wp-json\/wp\/v2\/media?parent=966413"}],"wp:term":[{"taxonomy":"category","embeddable":true,"href":"https:\/\/bahiaeconomica.com.br\/wp\/wp-json\/wp\/v2\/categories?post=966413"},{"taxonomy":"post_tag","embeddable":true,"href":"https:\/\/bahiaeconomica.com.br\/wp\/wp-json\/wp\/v2\/tags?post=966413"}],"curies":[{"name":"wp","href":"https:\/\/api.w.org\/{rel}","templated":true}]}}