{"id":966378,"date":"2026-01-11T14:00:24","date_gmt":"2026-01-11T17:00:24","guid":{"rendered":"https:\/\/bahiaeconomica.com.br\/wp\/?p=966378"},"modified":"2026-01-12T10:27:46","modified_gmt":"2026-01-12T13:27:46","slug":"bahia-supera-numero-de-veiculos-usados-vendidos-em-2025-e-segue-na-lideranca-do-nordeste","status":"publish","type":"post","link":"https:\/\/bahiaeconomica.com.br\/wp\/2026\/01\/11\/bahia-supera-numero-de-veiculos-usados-vendidos-em-2025-e-segue-na-lideranca-do-nordeste\/","title":{"rendered":"BAHIA SUPERA N\u00daMERO DE VE\u00cdCULOS USADOS VENDIDOS EM 2025 E SEGUE NA LIDERAN\u00c7A DO NORDESTE"},"content":{"rendered":"<p>A Bahia fecha 2025 na lideran\u00e7a do Nordeste no mercado de ve\u00edculos usados e seminovos, registrando 646.946 unidades comercializadas entre janeiro de dezembro, segundo dados divulgados pela Federa\u00e7\u00e3o Nacional das Associa\u00e7\u00f5es dos Revendedores de Ve\u00edculos Automotores (Fenauto). O relat\u00f3rio divulgado pela entidade aponta que o n\u00famero \u00e9 25,2% superior ao contabilizado no ano anterior, quando foram vendidas 516.894 unidades.<\/p>\n<p>Ao todo, o Nordeste tamb\u00e9m registrou alta de 25,3% em 2025, na compara\u00e7\u00e3o com 2024, chegando \u00e0 marca de 2.858.041 ve\u00edculos vendidos. No ranking da regi\u00e3o, a Bahia \u00e9 seguida por Pernambuco (568.563) e Cear\u00e1 (490.528).<\/p>\n<p>De acordo com o presidente da Associa\u00e7\u00e3o Oficial de Revendedores de Ve\u00edculos do Estado da Bahia (Assoveba), Ari Pinheiro Junior, o resultado \u00e9 reflexo da profissionaliza\u00e7\u00e3o dos lojistas e vendedores associados, empenhados em oferecer neg\u00f3cios mais vantajosos para os clientes, criando um ecossistema favor\u00e1vel para o setor no estado.<\/p>\n<p>\u201cNosso empenho em reunir empres\u00e1rios e colaboradores em torno de um ambiente bom para todos vem dando resultados favor\u00e1veis ao longo dos \u00faltimos tempos, garantindo recordes de vendas ano ap\u00f3s ano. A qualifica\u00e7\u00e3o dos lojistas e seus vendedores, al\u00e9m dos investimentos em m\u00eddia para conscientizar os consumidores a negociar com os estabelecimentos associados \u00e0 Assoveba vem dando resultados claros para todos os envolvidos, principalmente para quem quer ter mais seguran\u00e7a&#8221;, afirmou Ari Pinheiro Junior que tamb\u00e9m acaba de ser empossado como integrante do Conselho Fiscal da Fenauto, sendo representante baiano na entidade m\u00e1xima do setor no pa\u00eds.<\/p>\n<p>Ari Pinheiro Junior tamb\u00e9m destaca a consolida\u00e7\u00e3o &#8220;dos feir\u00f5es \u2018Duelo dos Seminovos\u2019 como um ponto de encontro para quem busca por seguran\u00e7a e bons neg\u00f3cios na hora de trocar de ve\u00edculo. Essa f\u00f3rmula de sucesso vem sendo incrementada e ampliada e nossa meta \u00e9 lev\u00e1-la para o m\u00e1ximo de regi\u00f5es do nosso estado\u201d, conclui.<\/p>\n<p>Brasil &#8211; Em \u00e2mbito nacional, o mercado de ve\u00edculos seminovos e usados no Brasil encerrou 2025 com um desempenho sem precedentes. Segundo a Fenauto, o setor comercializou 18.508.929 unidades ao longo do ano, estabelecendo o recorde hist\u00f3rico absoluto desde o in\u00edcio da s\u00e9rie, em 2011.<\/p>\n<p>O resultado representa um crescimento de 17,3% em rela\u00e7\u00e3o a 2024, ano que j\u00e1 havia sido hist\u00f3rico para o segmento. O fen\u00f4meno de &#8220;recorde sobre recorde&#8221; confirma a solidez do setor: em 2024, as vendas somaram 15,7 milh\u00f5es de unidades e, agora, o patamar ultrapassa a barreira dos 18,5 milh\u00f5es.<\/p>\n<p>Dezembro aquecido e for\u00e7a econ\u00f4mica &#8211; O encerramento do ano foi marcado por um f\u00f4lego extra. Em dezembro, 1.774.488 ve\u00edculos trocaram de propriedade, um salto de 19,1% sobre novembro e 20,4% superior ao mesmo m\u00eas do ano anterior.<\/p>\n<p>Para a Fenauto, esses n\u00fameros n\u00e3o s\u00e3o apenas estat\u00edsticos, mas refletem a import\u00e2ncia vital do setor para a economia nacional, facilitando o acesso ao transporte individual al\u00e9m de gerar milhares de neg\u00f3cios em todo o pa\u00eds.<\/p>\n<p>Profissionaliza\u00e7\u00e3o e Lideran\u00e7a &#8211; O recorde hist\u00f3rico coincide com um ciclo de matura\u00e7\u00e3o do mercado, impulsionado pelo trabalho da Fenauto na qualifica\u00e7\u00e3o das lojas multimarcas e na seguran\u00e7a das transa\u00e7\u00f5es.<\/p>\n<p>Jos\u00e9 Everton Fernandes, rec\u00e9m-eleito Presidente da Fenauto, destaca que o resultado \u00e9 fruto de um esfor\u00e7o cont\u00ednuo de profissionaliza\u00e7\u00e3o. \u201cA Fenauto vive um momento hist\u00f3rico. Esse recorde \u00e9 o reflexo de um trabalho intenso para fortalecer a categoria e aumentar a gera\u00e7\u00e3o de neg\u00f3cios. Estamos colhendo os frutos de um setor cada vez mais organizado e essencial para o giro da economia brasileira\u201d, completou o presidente.<\/p>\n<p>Perspectivas para 2026: Desafios e Otimismo &#8211; Apesar de 2026 ser um ano at\u00edpico, com o calend\u00e1rio influenciado pela Copa do Mundo e pelas Elei\u00e7\u00f5es, a expectativa da entidade permanece positiva. A meta \u00e9 manter o ritmo de crescimento e a sustentabilidade dos neg\u00f3cios.<\/p>\n<p>\u201cSabemos que 2026 trar\u00e1 desafios importantes devido ao cen\u00e1rio pol\u00edtico e aos eventos esportivos, que costumam alterar o comportamento de consumo. No entanto, a confian\u00e7a do setor e a maturidade que alcan\u00e7amos nos d\u00e3o a seguran\u00e7a de que continuaremos em uma trajet\u00f3ria de bons resultados\u201d, conclui Everton Fernandes.<\/p>\n<p>Confira os modelos mais procurados pelos consumidores em dezembro de 2025.<\/p>\n<p>&nbsp;<\/p>\n<p>AUTOS<\/p>\n<p>VW &#8211; GOL (74.497)<\/p>\n<p>GM \u2013 ONIX (45.285)<\/p>\n<p>HYUNDAI &#8211; HB20 (42.583)<\/p>\n<p>&nbsp;<\/p>\n<p>COMERCIAIS LEVES<\/p>\n<p>FIAT &#8211; STRADA (40.361)<\/p>\n<p>VW &#8211; SAVEIRO (24.478)<\/p>\n<p>TOYOTA &#8211; HILUX \u00a0\u00a0\u00a0\u00a0\u00a0\u00a0\u00a0\u00a0\u00a0\u00a0\u00a0\u00a0 (24.265)<\/p>\n<p>&nbsp;<\/p>\n<p>MOTOS<\/p>\n<p>HONDA &#8211; CG150 (84.337)<\/p>\n<p>HONDA &#8211; BIZ (38.186)<\/p>\n<p>HONDA &#8211; NXR150 (29.865)<\/p>\n<p>&nbsp;<\/p>\n<p>COMERCIAIS PESADOS<\/p>\n<p>VOLVO &#8211; FH (2.897)<\/p>\n<p>FORD \u2013 CARGO (2.621)<\/p>\n<p>M.BENZ \u2013 ATEGO (1.668)<\/p>\n","protected":false},"excerpt":{"rendered":"<p>A Bahia fecha 2025 na lideran\u00e7a do Nordeste no mercado de ve\u00edculos usados e seminovos, registrando 646.946 unidades comercializadas entre janeiro de dezembro, segundo dados divulgados pela Federa\u00e7\u00e3o Nacional das Associa\u00e7\u00f5es dos Revendedores de Ve\u00edculos Automotores (Fenauto). O relat\u00f3rio divulgado pela entidade aponta que o n\u00famero \u00e9 25,2% superior ao contabilizado no ano anterior, quando [&hellip;]<\/p>\n","protected":false},"author":8,"featured_media":966379,"comment_status":"closed","ping_status":"closed","sticky":false,"template":"","format":"standard","meta":[],"categories":[5,21931],"tags":[2027,100],"acf":[],"yoast_head":"<!-- This site is optimized with the Yoast SEO plugin v20.8 - https:\/\/yoast.com\/wordpress\/plugins\/seo\/ -->\n<title>BAHIA SUPERA N\u00daMERO DE VE\u00cdCULOS USADOS VENDIDOS EM 2025 E SEGUE NA LIDERAN\u00c7A DO NORDESTE - Bahia Economica<\/title>\n<meta name=\"description\" content=\"O maior portal de Economia da Bahia MUNIC\u00cdPIOS, NORDESTE INVEST Bahia Economica\" \/>\n<meta name=\"robots\" content=\"index, follow, max-snippet:-1, max-image-preview:large, max-video-preview:-1\" \/>\n<link rel=\"canonical\" href=\"https:\/\/bahiaeconomica.com.br\/wp\/2026\/01\/11\/bahia-supera-numero-de-veiculos-usados-vendidos-em-2025-e-segue-na-lideranca-do-nordeste\/\" \/>\n<meta property=\"og:locale\" content=\"pt_BR\" \/>\n<meta property=\"og:type\" content=\"article\" \/>\n<meta property=\"og:title\" content=\"BAHIA SUPERA N\u00daMERO DE VE\u00cdCULOS USADOS VENDIDOS EM 2025 E SEGUE NA LIDERAN\u00c7A DO NORDESTE - Bahia Economica\" \/>\n<meta property=\"og:description\" content=\"O maior portal de Economia da Bahia MUNIC\u00cdPIOS, NORDESTE INVEST Bahia Economica\" \/>\n<meta property=\"og:url\" content=\"https:\/\/bahiaeconomica.com.br\/wp\/2026\/01\/11\/bahia-supera-numero-de-veiculos-usados-vendidos-em-2025-e-segue-na-lideranca-do-nordeste\/\" \/>\n<meta property=\"og:site_name\" content=\"Bahia Economica\" \/>\n<meta property=\"article:publisher\" content=\"https:\/\/www.facebook.com\/bahiaeconomica\" \/>\n<meta property=\"article:published_time\" content=\"2026-01-11T17:00:24+00:00\" \/>\n<meta property=\"article:modified_time\" content=\"2026-01-12T13:27:46+00:00\" \/>\n<meta property=\"og:image\" content=\"https:\/\/bahiaeconomica.com.br\/wp\/wp-content\/uploads\/2026\/01\/WhatsApp-Image-2026-01-10-at-16.15.10-scaled.jpeg\" \/>\n\t<meta property=\"og:image:width\" content=\"2560\" \/>\n\t<meta property=\"og:image:height\" content=\"1920\" \/>\n\t<meta property=\"og:image:type\" content=\"image\/jpeg\" \/>\n<meta name=\"author\" content=\"JP\" \/>\n<meta name=\"twitter:card\" content=\"summary_large_image\" \/>\n<meta name=\"twitter:label1\" content=\"Escrito por\" \/>\n\t<meta name=\"twitter:data1\" content=\"JP\" \/>\n\t<meta name=\"twitter:label2\" content=\"Est. tempo de leitura\" \/>\n\t<meta name=\"twitter:data2\" content=\"4 minutos\" \/>\n<script type=\"application\/ld+json\" class=\"yoast-schema-graph\">{\"@context\":\"https:\/\/schema.org\",\"@graph\":[{\"@type\":\"Article\",\"@id\":\"https:\/\/bahiaeconomica.com.br\/wp\/2026\/01\/11\/bahia-supera-numero-de-veiculos-usados-vendidos-em-2025-e-segue-na-lideranca-do-nordeste\/#article\",\"isPartOf\":{\"@id\":\"https:\/\/bahiaeconomica.com.br\/wp\/2026\/01\/11\/bahia-supera-numero-de-veiculos-usados-vendidos-em-2025-e-segue-na-lideranca-do-nordeste\/\"},\"author\":{\"name\":\"JP\",\"@id\":\"https:\/\/bahiaeconomica.com.br\/wp\/#\/schema\/person\/c86d3a3f8960425a0f9d0e5245991f4e\"},\"headline\":\"BAHIA SUPERA N\u00daMERO DE VE\u00cdCULOS USADOS VENDIDOS EM 2025 E SEGUE NA LIDERAN\u00c7A DO NORDESTE\",\"datePublished\":\"2026-01-11T17:00:24+00:00\",\"dateModified\":\"2026-01-12T13:27:46+00:00\",\"mainEntityOfPage\":{\"@id\":\"https:\/\/bahiaeconomica.com.br\/wp\/2026\/01\/11\/bahia-supera-numero-de-veiculos-usados-vendidos-em-2025-e-segue-na-lideranca-do-nordeste\/\"},\"wordCount\":773,\"publisher\":{\"@id\":\"https:\/\/bahiaeconomica.com.br\/wp\/#organization\"},\"keywords\":[\"carros\",\"Pol\u00edtica\"],\"articleSection\":[\"MUNIC\u00cdPIOS\",\"NORDESTE INVEST\"],\"inLanguage\":\"pt-BR\"},{\"@type\":\"WebPage\",\"@id\":\"https:\/\/bahiaeconomica.com.br\/wp\/2026\/01\/11\/bahia-supera-numero-de-veiculos-usados-vendidos-em-2025-e-segue-na-lideranca-do-nordeste\/\",\"url\":\"https:\/\/bahiaeconomica.com.br\/wp\/2026\/01\/11\/bahia-supera-numero-de-veiculos-usados-vendidos-em-2025-e-segue-na-lideranca-do-nordeste\/\",\"name\":\"BAHIA SUPERA N\u00daMERO DE VE\u00cdCULOS USADOS VENDIDOS EM 2025 E SEGUE NA LIDERAN\u00c7A DO NORDESTE - Bahia Economica\",\"isPartOf\":{\"@id\":\"https:\/\/bahiaeconomica.com.br\/wp\/#website\"},\"datePublished\":\"2026-01-11T17:00:24+00:00\",\"dateModified\":\"2026-01-12T13:27:46+00:00\",\"description\":\"O maior portal de Economia da Bahia MUNIC\u00cdPIOS, NORDESTE INVEST Bahia Economica\",\"breadcrumb\":{\"@id\":\"https:\/\/bahiaeconomica.com.br\/wp\/2026\/01\/11\/bahia-supera-numero-de-veiculos-usados-vendidos-em-2025-e-segue-na-lideranca-do-nordeste\/#breadcrumb\"},\"inLanguage\":\"pt-BR\",\"potentialAction\":[{\"@type\":\"ReadAction\",\"target\":[\"https:\/\/bahiaeconomica.com.br\/wp\/2026\/01\/11\/bahia-supera-numero-de-veiculos-usados-vendidos-em-2025-e-segue-na-lideranca-do-nordeste\/\"]}]},{\"@type\":\"BreadcrumbList\",\"@id\":\"https:\/\/bahiaeconomica.com.br\/wp\/2026\/01\/11\/bahia-supera-numero-de-veiculos-usados-vendidos-em-2025-e-segue-na-lideranca-do-nordeste\/#breadcrumb\",\"itemListElement\":[{\"@type\":\"ListItem\",\"position\":1,\"name\":\"In\u00edcio\",\"item\":\"https:\/\/bahiaeconomica.com.br\/wp\/\"},{\"@type\":\"ListItem\",\"position\":2,\"name\":\"BAHIA SUPERA N\u00daMERO DE VE\u00cdCULOS USADOS VENDIDOS EM 2025 E SEGUE NA LIDERAN\u00c7A DO NORDESTE\"}]},{\"@type\":\"WebSite\",\"@id\":\"https:\/\/bahiaeconomica.com.br\/wp\/#website\",\"url\":\"https:\/\/bahiaeconomica.com.br\/wp\/\",\"name\":\"Bahia Economica\",\"description\":\"O maior portal de Economia da Bahia\",\"publisher\":{\"@id\":\"https:\/\/bahiaeconomica.com.br\/wp\/#organization\"},\"potentialAction\":[{\"@type\":\"SearchAction\",\"target\":{\"@type\":\"EntryPoint\",\"urlTemplate\":\"https:\/\/bahiaeconomica.com.br\/wp\/?s={search_term_string}\"},\"query-input\":\"required name=search_term_string\"}],\"inLanguage\":\"pt-BR\"},{\"@type\":\"Organization\",\"@id\":\"https:\/\/bahiaeconomica.com.br\/wp\/#organization\",\"name\":\"Bahia Econ\u00f4mica\",\"url\":\"https:\/\/bahiaeconomica.com.br\/wp\/\",\"logo\":{\"@type\":\"ImageObject\",\"inLanguage\":\"pt-BR\",\"@id\":\"https:\/\/bahiaeconomica.com.br\/wp\/#\/schema\/logo\/image\/\",\"url\":\"https:\/\/bahiaeconomica.com.br\/wp\/wp-content\/uploads\/2020\/12\/cropped-BE.png\",\"contentUrl\":\"https:\/\/bahiaeconomica.com.br\/wp\/wp-content\/uploads\/2020\/12\/cropped-BE.png\",\"width\":512,\"height\":512,\"caption\":\"Bahia Econ\u00f4mica\"},\"image\":{\"@id\":\"https:\/\/bahiaeconomica.com.br\/wp\/#\/schema\/logo\/image\/\"},\"sameAs\":[\"https:\/\/www.facebook.com\/bahiaeconomica\"]},{\"@type\":\"Person\",\"@id\":\"https:\/\/bahiaeconomica.com.br\/wp\/#\/schema\/person\/c86d3a3f8960425a0f9d0e5245991f4e\",\"name\":\"JP\",\"sameAs\":[\"https:\/\/bahiaeconomica.com.br\/wp\/beta\/\"],\"url\":\"https:\/\/bahiaeconomica.com.br\/wp\/author\/jp\/\"}]}<\/script>\n<!-- \/ Yoast SEO plugin. -->","yoast_head_json":{"title":"BAHIA SUPERA N\u00daMERO DE VE\u00cdCULOS USADOS VENDIDOS EM 2025 E SEGUE NA LIDERAN\u00c7A DO NORDESTE - Bahia Economica","description":"O maior portal de Economia da Bahia MUNIC\u00cdPIOS, NORDESTE INVEST Bahia Economica","robots":{"index":"index","follow":"follow","max-snippet":"max-snippet:-1","max-image-preview":"max-image-preview:large","max-video-preview":"max-video-preview:-1"},"canonical":"https:\/\/bahiaeconomica.com.br\/wp\/2026\/01\/11\/bahia-supera-numero-de-veiculos-usados-vendidos-em-2025-e-segue-na-lideranca-do-nordeste\/","og_locale":"pt_BR","og_type":"article","og_title":"BAHIA SUPERA N\u00daMERO DE VE\u00cdCULOS USADOS VENDIDOS EM 2025 E SEGUE NA LIDERAN\u00c7A DO NORDESTE - Bahia Economica","og_description":"O maior portal de Economia da Bahia MUNIC\u00cdPIOS, NORDESTE INVEST Bahia Economica","og_url":"https:\/\/bahiaeconomica.com.br\/wp\/2026\/01\/11\/bahia-supera-numero-de-veiculos-usados-vendidos-em-2025-e-segue-na-lideranca-do-nordeste\/","og_site_name":"Bahia Economica","article_publisher":"https:\/\/www.facebook.com\/bahiaeconomica","article_published_time":"2026-01-11T17:00:24+00:00","article_modified_time":"2026-01-12T13:27:46+00:00","og_image":[{"width":2560,"height":1920,"url":"https:\/\/bahiaeconomica.com.br\/wp\/wp-content\/uploads\/2026\/01\/WhatsApp-Image-2026-01-10-at-16.15.10-scaled.jpeg","type":"image\/jpeg"}],"author":"JP","twitter_card":"summary_large_image","twitter_misc":{"Escrito por":"JP","Est. tempo de leitura":"4 minutos"},"schema":{"@context":"https:\/\/schema.org","@graph":[{"@type":"Article","@id":"https:\/\/bahiaeconomica.com.br\/wp\/2026\/01\/11\/bahia-supera-numero-de-veiculos-usados-vendidos-em-2025-e-segue-na-lideranca-do-nordeste\/#article","isPartOf":{"@id":"https:\/\/bahiaeconomica.com.br\/wp\/2026\/01\/11\/bahia-supera-numero-de-veiculos-usados-vendidos-em-2025-e-segue-na-lideranca-do-nordeste\/"},"author":{"name":"JP","@id":"https:\/\/bahiaeconomica.com.br\/wp\/#\/schema\/person\/c86d3a3f8960425a0f9d0e5245991f4e"},"headline":"BAHIA SUPERA N\u00daMERO DE VE\u00cdCULOS USADOS VENDIDOS EM 2025 E SEGUE NA LIDERAN\u00c7A DO NORDESTE","datePublished":"2026-01-11T17:00:24+00:00","dateModified":"2026-01-12T13:27:46+00:00","mainEntityOfPage":{"@id":"https:\/\/bahiaeconomica.com.br\/wp\/2026\/01\/11\/bahia-supera-numero-de-veiculos-usados-vendidos-em-2025-e-segue-na-lideranca-do-nordeste\/"},"wordCount":773,"publisher":{"@id":"https:\/\/bahiaeconomica.com.br\/wp\/#organization"},"keywords":["carros","Pol\u00edtica"],"articleSection":["MUNIC\u00cdPIOS","NORDESTE INVEST"],"inLanguage":"pt-BR"},{"@type":"WebPage","@id":"https:\/\/bahiaeconomica.com.br\/wp\/2026\/01\/11\/bahia-supera-numero-de-veiculos-usados-vendidos-em-2025-e-segue-na-lideranca-do-nordeste\/","url":"https:\/\/bahiaeconomica.com.br\/wp\/2026\/01\/11\/bahia-supera-numero-de-veiculos-usados-vendidos-em-2025-e-segue-na-lideranca-do-nordeste\/","name":"BAHIA SUPERA N\u00daMERO DE VE\u00cdCULOS USADOS VENDIDOS EM 2025 E SEGUE NA LIDERAN\u00c7A DO NORDESTE - Bahia Economica","isPartOf":{"@id":"https:\/\/bahiaeconomica.com.br\/wp\/#website"},"datePublished":"2026-01-11T17:00:24+00:00","dateModified":"2026-01-12T13:27:46+00:00","description":"O maior portal de Economia da Bahia MUNIC\u00cdPIOS, NORDESTE INVEST Bahia Economica","breadcrumb":{"@id":"https:\/\/bahiaeconomica.com.br\/wp\/2026\/01\/11\/bahia-supera-numero-de-veiculos-usados-vendidos-em-2025-e-segue-na-lideranca-do-nordeste\/#breadcrumb"},"inLanguage":"pt-BR","potentialAction":[{"@type":"ReadAction","target":["https:\/\/bahiaeconomica.com.br\/wp\/2026\/01\/11\/bahia-supera-numero-de-veiculos-usados-vendidos-em-2025-e-segue-na-lideranca-do-nordeste\/"]}]},{"@type":"BreadcrumbList","@id":"https:\/\/bahiaeconomica.com.br\/wp\/2026\/01\/11\/bahia-supera-numero-de-veiculos-usados-vendidos-em-2025-e-segue-na-lideranca-do-nordeste\/#breadcrumb","itemListElement":[{"@type":"ListItem","position":1,"name":"In\u00edcio","item":"https:\/\/bahiaeconomica.com.br\/wp\/"},{"@type":"ListItem","position":2,"name":"BAHIA SUPERA N\u00daMERO DE VE\u00cdCULOS USADOS VENDIDOS EM 2025 E SEGUE NA LIDERAN\u00c7A DO NORDESTE"}]},{"@type":"WebSite","@id":"https:\/\/bahiaeconomica.com.br\/wp\/#website","url":"https:\/\/bahiaeconomica.com.br\/wp\/","name":"Bahia Economica","description":"O maior portal de Economia da Bahia","publisher":{"@id":"https:\/\/bahiaeconomica.com.br\/wp\/#organization"},"potentialAction":[{"@type":"SearchAction","target":{"@type":"EntryPoint","urlTemplate":"https:\/\/bahiaeconomica.com.br\/wp\/?s={search_term_string}"},"query-input":"required name=search_term_string"}],"inLanguage":"pt-BR"},{"@type":"Organization","@id":"https:\/\/bahiaeconomica.com.br\/wp\/#organization","name":"Bahia Econ\u00f4mica","url":"https:\/\/bahiaeconomica.com.br\/wp\/","logo":{"@type":"ImageObject","inLanguage":"pt-BR","@id":"https:\/\/bahiaeconomica.com.br\/wp\/#\/schema\/logo\/image\/","url":"https:\/\/bahiaeconomica.com.br\/wp\/wp-content\/uploads\/2020\/12\/cropped-BE.png","contentUrl":"https:\/\/bahiaeconomica.com.br\/wp\/wp-content\/uploads\/2020\/12\/cropped-BE.png","width":512,"height":512,"caption":"Bahia Econ\u00f4mica"},"image":{"@id":"https:\/\/bahiaeconomica.com.br\/wp\/#\/schema\/logo\/image\/"},"sameAs":["https:\/\/www.facebook.com\/bahiaeconomica"]},{"@type":"Person","@id":"https:\/\/bahiaeconomica.com.br\/wp\/#\/schema\/person\/c86d3a3f8960425a0f9d0e5245991f4e","name":"JP","sameAs":["https:\/\/bahiaeconomica.com.br\/wp\/beta\/"],"url":"https:\/\/bahiaeconomica.com.br\/wp\/author\/jp\/"}]}},"views":80,"_links":{"self":[{"href":"https:\/\/bahiaeconomica.com.br\/wp\/wp-json\/wp\/v2\/posts\/966378"}],"collection":[{"href":"https:\/\/bahiaeconomica.com.br\/wp\/wp-json\/wp\/v2\/posts"}],"about":[{"href":"https:\/\/bahiaeconomica.com.br\/wp\/wp-json\/wp\/v2\/types\/post"}],"author":[{"embeddable":true,"href":"https:\/\/bahiaeconomica.com.br\/wp\/wp-json\/wp\/v2\/users\/8"}],"replies":[{"embeddable":true,"href":"https:\/\/bahiaeconomica.com.br\/wp\/wp-json\/wp\/v2\/comments?post=966378"}],"version-history":[{"count":1,"href":"https:\/\/bahiaeconomica.com.br\/wp\/wp-json\/wp\/v2\/posts\/966378\/revisions"}],"predecessor-version":[{"id":966380,"href":"https:\/\/bahiaeconomica.com.br\/wp\/wp-json\/wp\/v2\/posts\/966378\/revisions\/966380"}],"wp:featuredmedia":[{"embeddable":true,"href":"https:\/\/bahiaeconomica.com.br\/wp\/wp-json\/wp\/v2\/media\/966379"}],"wp:attachment":[{"href":"https:\/\/bahiaeconomica.com.br\/wp\/wp-json\/wp\/v2\/media?parent=966378"}],"wp:term":[{"taxonomy":"category","embeddable":true,"href":"https:\/\/bahiaeconomica.com.br\/wp\/wp-json\/wp\/v2\/categories?post=966378"},{"taxonomy":"post_tag","embeddable":true,"href":"https:\/\/bahiaeconomica.com.br\/wp\/wp-json\/wp\/v2\/tags?post=966378"}],"curies":[{"name":"wp","href":"https:\/\/api.w.org\/{rel}","templated":true}]}}