{"id":966077,"date":"2026-01-09T08:51:12","date_gmt":"2026-01-09T11:51:12","guid":{"rendered":"https:\/\/bahiaeconomica.com.br\/wp\/?p=966077"},"modified":"2026-01-09T08:51:12","modified_gmt":"2026-01-09T11:51:12","slug":"projeto-na-alba-defende-tarifa-zero-no-transporte-publico-da-bahia","status":"publish","type":"post","link":"https:\/\/bahiaeconomica.com.br\/wp\/2026\/01\/09\/projeto-na-alba-defende-tarifa-zero-no-transporte-publico-da-bahia\/","title":{"rendered":"PROJETO NA ALBA DEFENDE TARIFA ZERO NO TRANSPORTE P\u00daBLICO DA BAHIA"},"content":{"rendered":"<p>A Bahia pode entrar no debate nacional sobre a ado\u00e7\u00e3o da tarifa zero no transporte p\u00fablico. Um projeto de indica\u00e7\u00e3o apresentado na Assembleia Legislativa da Bahia (Alba) prop\u00f5e a realiza\u00e7\u00e3o de estudos t\u00e9cnicos para avaliar a implanta\u00e7\u00e3o do transporte gratuito em modais estaduais, como \u00f4nibus intermunicipais, metr\u00f4 e o sistema ferry-boat.<\/p>\n<p>A iniciativa \u00e9 de autoria do deputado estadual Hilton Coelho (PSOL) e foi encaminhada ao governador Jer\u00f4nimo Rodrigues (PT). Segundo o parlamentar, a proposta busca enfrentar um dos principais fatores de desigualdade social no estado: o alto custo do transporte p\u00fablico, que compromete diariamente o or\u00e7amento de trabalhadores e estudantes.<\/p>\n<p>O debate ganha for\u00e7a em meio a experi\u00eancias j\u00e1 adotadas em outras cidades brasileiras. Na Bahia, Alagoinhas inicia, a partir do pr\u00f3ximo domingo (11), a implementa\u00e7\u00e3o da tarifa zero no transporte municipal. No Nordeste, Teresina (PI) e Caucaia, na Regi\u00e3o Metropolitana de Fortaleza (CE), tamb\u00e9m j\u00e1 adotaram o modelo.<\/p>\n<p>De acordo com Coelho, o sistema atual \u00e9 financeiramente insustent\u00e1vel e socialmente injusto, ao transferir o custo do transporte justamente para a popula\u00e7\u00e3o de menor renda.<\/p>\n<p>\u201cO aumento permanente das tarifas afasta usu\u00e1rios, piora o servi\u00e7o e empurra a popula\u00e7\u00e3o para solu\u00e7\u00f5es prec\u00e1rias. Transporte p\u00fablico n\u00e3o pode ser tratado como mercadoria; \u00e9 um direito social\u201d, afirmou o parlamentar.<br \/>\nO projeto prev\u00ea que os estudos avaliem os custos reais do sistema, fontes alternativas de financiamento, integra\u00e7\u00e3o entre modais e os impactos sociais, econ\u00f4micos e ambientais da tarifa zero. O deputado destaca que experi\u00eancias em mais de 110 munic\u00edpios brasileiros indicam viabilidade do modelo, com resultados como aumento do n\u00famero de passageiros, melhoria da frota, gera\u00e7\u00e3o de empregos, est\u00edmulo ao com\u00e9rcio local e redu\u00e7\u00e3o da polui\u00e7\u00e3o e dos acidentes de tr\u00e2nsito.<\/p>\n<p>A proposta tamb\u00e9m dialoga com iniciativas em tramita\u00e7\u00e3o no Congresso Nacional, como a Proposta de Emenda \u00e0 Constitui\u00e7\u00e3o (PEC) do Sistema \u00danico de Mobilidade Urbana (SUM), apresentada pela deputada federal Luiza Erundina (PSOL), que prev\u00ea financiamento p\u00fablico permanente para o transporte coletivo.<\/p>\n<p>\u201cA Tarifa Zero amplia o acesso \u00e0 cidade, garante o direito de ir e vir, facilita o acesso \u00e0 sa\u00fade, \u00e0 educa\u00e7\u00e3o e ao trabalho, e faz a economia girar nos bairros populares. \u00c9 uma medida de justi\u00e7a social\u201d, refor\u00e7ou Coelho.<\/p>\n<p>Foto: Lucas Moura\/Secom PMS<\/p>\n","protected":false},"excerpt":{"rendered":"<p>A Bahia pode entrar no debate nacional sobre a ado\u00e7\u00e3o da tarifa zero no transporte p\u00fablico. Um projeto de indica\u00e7\u00e3o apresentado na Assembleia Legislativa da Bahia (Alba) prop\u00f5e a realiza\u00e7\u00e3o de estudos t\u00e9cnicos para avaliar a implanta\u00e7\u00e3o do transporte gratuito em modais estaduais, como \u00f4nibus intermunicipais, metr\u00f4 e o sistema ferry-boat. A iniciativa \u00e9 de [&hellip;]<\/p>\n","protected":false},"author":20,"featured_media":962286,"comment_status":"closed","ping_status":"closed","sticky":false,"template":"","format":"standard","meta":[],"categories":[14601],"tags":[503,85,157,37350,43126],"acf":[],"yoast_head":"<!-- This site is optimized with the Yoast SEO plugin v20.8 - https:\/\/yoast.com\/wordpress\/plugins\/seo\/ -->\n<title>PROJETO NA ALBA DEFENDE TARIFA ZERO NO TRANSPORTE P\u00daBLICO DA BAHIA - Bahia Economica<\/title>\n<meta name=\"description\" content=\"O maior portal de Economia da Bahia Pol\u00edtica Bahia Economica\" \/>\n<meta name=\"robots\" content=\"index, follow, max-snippet:-1, max-image-preview:large, max-video-preview:-1\" \/>\n<link rel=\"canonical\" href=\"https:\/\/bahiaeconomica.com.br\/wp\/2026\/01\/09\/projeto-na-alba-defende-tarifa-zero-no-transporte-publico-da-bahia\/\" \/>\n<meta property=\"og:locale\" content=\"pt_BR\" \/>\n<meta property=\"og:type\" content=\"article\" \/>\n<meta property=\"og:title\" content=\"PROJETO NA ALBA DEFENDE TARIFA ZERO NO TRANSPORTE P\u00daBLICO DA BAHIA - Bahia Economica\" \/>\n<meta property=\"og:description\" content=\"O maior portal de Economia da Bahia Pol\u00edtica Bahia Economica\" \/>\n<meta property=\"og:url\" content=\"https:\/\/bahiaeconomica.com.br\/wp\/2026\/01\/09\/projeto-na-alba-defende-tarifa-zero-no-transporte-publico-da-bahia\/\" \/>\n<meta property=\"og:site_name\" content=\"Bahia Economica\" \/>\n<meta property=\"article:publisher\" content=\"https:\/\/www.facebook.com\/bahiaeconomica\" \/>\n<meta property=\"article:published_time\" content=\"2026-01-09T11:51:12+00:00\" \/>\n<meta property=\"og:image\" content=\"https:\/\/bahiaeconomica.com.br\/wp\/wp-content\/uploads\/2025\/12\/Novos_Onibus_Salvador__Foto__Lucas_Moura__Secom_PMS-scaled.jpg\" \/>\n\t<meta property=\"og:image:width\" content=\"2560\" \/>\n\t<meta property=\"og:image:height\" content=\"1707\" \/>\n\t<meta property=\"og:image:type\" content=\"image\/jpeg\" \/>\n<meta name=\"author\" content=\"BRUNA CARVALHO\" \/>\n<meta name=\"twitter:card\" content=\"summary_large_image\" \/>\n<meta name=\"twitter:label1\" content=\"Escrito por\" \/>\n\t<meta name=\"twitter:data1\" content=\"BRUNA CARVALHO\" \/>\n\t<meta name=\"twitter:label2\" content=\"Est. tempo de leitura\" \/>\n\t<meta name=\"twitter:data2\" content=\"3 minutos\" \/>\n<script type=\"application\/ld+json\" class=\"yoast-schema-graph\">{\"@context\":\"https:\/\/schema.org\",\"@graph\":[{\"@type\":\"Article\",\"@id\":\"https:\/\/bahiaeconomica.com.br\/wp\/2026\/01\/09\/projeto-na-alba-defende-tarifa-zero-no-transporte-publico-da-bahia\/#article\",\"isPartOf\":{\"@id\":\"https:\/\/bahiaeconomica.com.br\/wp\/2026\/01\/09\/projeto-na-alba-defende-tarifa-zero-no-transporte-publico-da-bahia\/\"},\"author\":{\"name\":\"BRUNA CARVALHO\",\"@id\":\"https:\/\/bahiaeconomica.com.br\/wp\/#\/schema\/person\/9310b0e591f5979f6f99773eac5804e6\"},\"headline\":\"PROJETO NA ALBA DEFENDE TARIFA ZERO NO TRANSPORTE P\u00daBLICO DA BAHIA\",\"datePublished\":\"2026-01-09T11:51:12+00:00\",\"dateModified\":\"2026-01-09T11:51:12+00:00\",\"mainEntityOfPage\":{\"@id\":\"https:\/\/bahiaeconomica.com.br\/wp\/2026\/01\/09\/projeto-na-alba-defende-tarifa-zero-no-transporte-publico-da-bahia\/\"},\"wordCount\":413,\"publisher\":{\"@id\":\"https:\/\/bahiaeconomica.com.br\/wp\/#organization\"},\"keywords\":[\"ALBA\",\"Bahia\",\"Projeto de Lei\",\"Tarifa Zero\",\"trnasporte publico\"],\"articleSection\":[\"Pol\u00edtica\"],\"inLanguage\":\"pt-BR\"},{\"@type\":\"WebPage\",\"@id\":\"https:\/\/bahiaeconomica.com.br\/wp\/2026\/01\/09\/projeto-na-alba-defende-tarifa-zero-no-transporte-publico-da-bahia\/\",\"url\":\"https:\/\/bahiaeconomica.com.br\/wp\/2026\/01\/09\/projeto-na-alba-defende-tarifa-zero-no-transporte-publico-da-bahia\/\",\"name\":\"PROJETO NA ALBA DEFENDE TARIFA ZERO NO TRANSPORTE P\u00daBLICO DA BAHIA - Bahia Economica\",\"isPartOf\":{\"@id\":\"https:\/\/bahiaeconomica.com.br\/wp\/#website\"},\"datePublished\":\"2026-01-09T11:51:12+00:00\",\"dateModified\":\"2026-01-09T11:51:12+00:00\",\"description\":\"O maior portal de Economia da Bahia Pol\u00edtica Bahia Economica\",\"breadcrumb\":{\"@id\":\"https:\/\/bahiaeconomica.com.br\/wp\/2026\/01\/09\/projeto-na-alba-defende-tarifa-zero-no-transporte-publico-da-bahia\/#breadcrumb\"},\"inLanguage\":\"pt-BR\",\"potentialAction\":[{\"@type\":\"ReadAction\",\"target\":[\"https:\/\/bahiaeconomica.com.br\/wp\/2026\/01\/09\/projeto-na-alba-defende-tarifa-zero-no-transporte-publico-da-bahia\/\"]}]},{\"@type\":\"BreadcrumbList\",\"@id\":\"https:\/\/bahiaeconomica.com.br\/wp\/2026\/01\/09\/projeto-na-alba-defende-tarifa-zero-no-transporte-publico-da-bahia\/#breadcrumb\",\"itemListElement\":[{\"@type\":\"ListItem\",\"position\":1,\"name\":\"In\u00edcio\",\"item\":\"https:\/\/bahiaeconomica.com.br\/wp\/\"},{\"@type\":\"ListItem\",\"position\":2,\"name\":\"PROJETO NA ALBA DEFENDE TARIFA ZERO NO TRANSPORTE P\u00daBLICO DA BAHIA\"}]},{\"@type\":\"WebSite\",\"@id\":\"https:\/\/bahiaeconomica.com.br\/wp\/#website\",\"url\":\"https:\/\/bahiaeconomica.com.br\/wp\/\",\"name\":\"Bahia Economica\",\"description\":\"O maior portal de Economia da Bahia\",\"publisher\":{\"@id\":\"https:\/\/bahiaeconomica.com.br\/wp\/#organization\"},\"potentialAction\":[{\"@type\":\"SearchAction\",\"target\":{\"@type\":\"EntryPoint\",\"urlTemplate\":\"https:\/\/bahiaeconomica.com.br\/wp\/?s={search_term_string}\"},\"query-input\":\"required name=search_term_string\"}],\"inLanguage\":\"pt-BR\"},{\"@type\":\"Organization\",\"@id\":\"https:\/\/bahiaeconomica.com.br\/wp\/#organization\",\"name\":\"Bahia Econ\u00f4mica\",\"url\":\"https:\/\/bahiaeconomica.com.br\/wp\/\",\"logo\":{\"@type\":\"ImageObject\",\"inLanguage\":\"pt-BR\",\"@id\":\"https:\/\/bahiaeconomica.com.br\/wp\/#\/schema\/logo\/image\/\",\"url\":\"https:\/\/bahiaeconomica.com.br\/wp\/wp-content\/uploads\/2020\/12\/cropped-BE.png\",\"contentUrl\":\"https:\/\/bahiaeconomica.com.br\/wp\/wp-content\/uploads\/2020\/12\/cropped-BE.png\",\"width\":512,\"height\":512,\"caption\":\"Bahia Econ\u00f4mica\"},\"image\":{\"@id\":\"https:\/\/bahiaeconomica.com.br\/wp\/#\/schema\/logo\/image\/\"},\"sameAs\":[\"https:\/\/www.facebook.com\/bahiaeconomica\"]},{\"@type\":\"Person\",\"@id\":\"https:\/\/bahiaeconomica.com.br\/wp\/#\/schema\/person\/9310b0e591f5979f6f99773eac5804e6\",\"name\":\"BRUNA CARVALHO\",\"sameAs\":[\"http:\/\/www.bahiaeconomica.com.br\"],\"url\":\"https:\/\/bahiaeconomica.com.br\/wp\/author\/bruna\/\"}]}<\/script>\n<!-- \/ Yoast SEO plugin. -->","yoast_head_json":{"title":"PROJETO NA ALBA DEFENDE TARIFA ZERO NO TRANSPORTE P\u00daBLICO DA BAHIA - Bahia Economica","description":"O maior portal de Economia da Bahia Pol\u00edtica Bahia Economica","robots":{"index":"index","follow":"follow","max-snippet":"max-snippet:-1","max-image-preview":"max-image-preview:large","max-video-preview":"max-video-preview:-1"},"canonical":"https:\/\/bahiaeconomica.com.br\/wp\/2026\/01\/09\/projeto-na-alba-defende-tarifa-zero-no-transporte-publico-da-bahia\/","og_locale":"pt_BR","og_type":"article","og_title":"PROJETO NA ALBA DEFENDE TARIFA ZERO NO TRANSPORTE P\u00daBLICO DA BAHIA - Bahia Economica","og_description":"O maior portal de Economia da Bahia Pol\u00edtica Bahia Economica","og_url":"https:\/\/bahiaeconomica.com.br\/wp\/2026\/01\/09\/projeto-na-alba-defende-tarifa-zero-no-transporte-publico-da-bahia\/","og_site_name":"Bahia Economica","article_publisher":"https:\/\/www.facebook.com\/bahiaeconomica","article_published_time":"2026-01-09T11:51:12+00:00","og_image":[{"width":2560,"height":1707,"url":"https:\/\/bahiaeconomica.com.br\/wp\/wp-content\/uploads\/2025\/12\/Novos_Onibus_Salvador__Foto__Lucas_Moura__Secom_PMS-scaled.jpg","type":"image\/jpeg"}],"author":"BRUNA CARVALHO","twitter_card":"summary_large_image","twitter_misc":{"Escrito por":"BRUNA CARVALHO","Est. tempo de leitura":"3 minutos"},"schema":{"@context":"https:\/\/schema.org","@graph":[{"@type":"Article","@id":"https:\/\/bahiaeconomica.com.br\/wp\/2026\/01\/09\/projeto-na-alba-defende-tarifa-zero-no-transporte-publico-da-bahia\/#article","isPartOf":{"@id":"https:\/\/bahiaeconomica.com.br\/wp\/2026\/01\/09\/projeto-na-alba-defende-tarifa-zero-no-transporte-publico-da-bahia\/"},"author":{"name":"BRUNA CARVALHO","@id":"https:\/\/bahiaeconomica.com.br\/wp\/#\/schema\/person\/9310b0e591f5979f6f99773eac5804e6"},"headline":"PROJETO NA ALBA DEFENDE TARIFA ZERO NO TRANSPORTE P\u00daBLICO DA BAHIA","datePublished":"2026-01-09T11:51:12+00:00","dateModified":"2026-01-09T11:51:12+00:00","mainEntityOfPage":{"@id":"https:\/\/bahiaeconomica.com.br\/wp\/2026\/01\/09\/projeto-na-alba-defende-tarifa-zero-no-transporte-publico-da-bahia\/"},"wordCount":413,"publisher":{"@id":"https:\/\/bahiaeconomica.com.br\/wp\/#organization"},"keywords":["ALBA","Bahia","Projeto de Lei","Tarifa Zero","trnasporte publico"],"articleSection":["Pol\u00edtica"],"inLanguage":"pt-BR"},{"@type":"WebPage","@id":"https:\/\/bahiaeconomica.com.br\/wp\/2026\/01\/09\/projeto-na-alba-defende-tarifa-zero-no-transporte-publico-da-bahia\/","url":"https:\/\/bahiaeconomica.com.br\/wp\/2026\/01\/09\/projeto-na-alba-defende-tarifa-zero-no-transporte-publico-da-bahia\/","name":"PROJETO NA ALBA DEFENDE TARIFA ZERO NO TRANSPORTE P\u00daBLICO DA BAHIA - Bahia Economica","isPartOf":{"@id":"https:\/\/bahiaeconomica.com.br\/wp\/#website"},"datePublished":"2026-01-09T11:51:12+00:00","dateModified":"2026-01-09T11:51:12+00:00","description":"O maior portal de Economia da Bahia Pol\u00edtica Bahia Economica","breadcrumb":{"@id":"https:\/\/bahiaeconomica.com.br\/wp\/2026\/01\/09\/projeto-na-alba-defende-tarifa-zero-no-transporte-publico-da-bahia\/#breadcrumb"},"inLanguage":"pt-BR","potentialAction":[{"@type":"ReadAction","target":["https:\/\/bahiaeconomica.com.br\/wp\/2026\/01\/09\/projeto-na-alba-defende-tarifa-zero-no-transporte-publico-da-bahia\/"]}]},{"@type":"BreadcrumbList","@id":"https:\/\/bahiaeconomica.com.br\/wp\/2026\/01\/09\/projeto-na-alba-defende-tarifa-zero-no-transporte-publico-da-bahia\/#breadcrumb","itemListElement":[{"@type":"ListItem","position":1,"name":"In\u00edcio","item":"https:\/\/bahiaeconomica.com.br\/wp\/"},{"@type":"ListItem","position":2,"name":"PROJETO NA ALBA DEFENDE TARIFA ZERO NO TRANSPORTE P\u00daBLICO DA BAHIA"}]},{"@type":"WebSite","@id":"https:\/\/bahiaeconomica.com.br\/wp\/#website","url":"https:\/\/bahiaeconomica.com.br\/wp\/","name":"Bahia Economica","description":"O maior portal de Economia da Bahia","publisher":{"@id":"https:\/\/bahiaeconomica.com.br\/wp\/#organization"},"potentialAction":[{"@type":"SearchAction","target":{"@type":"EntryPoint","urlTemplate":"https:\/\/bahiaeconomica.com.br\/wp\/?s={search_term_string}"},"query-input":"required name=search_term_string"}],"inLanguage":"pt-BR"},{"@type":"Organization","@id":"https:\/\/bahiaeconomica.com.br\/wp\/#organization","name":"Bahia Econ\u00f4mica","url":"https:\/\/bahiaeconomica.com.br\/wp\/","logo":{"@type":"ImageObject","inLanguage":"pt-BR","@id":"https:\/\/bahiaeconomica.com.br\/wp\/#\/schema\/logo\/image\/","url":"https:\/\/bahiaeconomica.com.br\/wp\/wp-content\/uploads\/2020\/12\/cropped-BE.png","contentUrl":"https:\/\/bahiaeconomica.com.br\/wp\/wp-content\/uploads\/2020\/12\/cropped-BE.png","width":512,"height":512,"caption":"Bahia Econ\u00f4mica"},"image":{"@id":"https:\/\/bahiaeconomica.com.br\/wp\/#\/schema\/logo\/image\/"},"sameAs":["https:\/\/www.facebook.com\/bahiaeconomica"]},{"@type":"Person","@id":"https:\/\/bahiaeconomica.com.br\/wp\/#\/schema\/person\/9310b0e591f5979f6f99773eac5804e6","name":"BRUNA CARVALHO","sameAs":["http:\/\/www.bahiaeconomica.com.br"],"url":"https:\/\/bahiaeconomica.com.br\/wp\/author\/bruna\/"}]}},"views":18,"_links":{"self":[{"href":"https:\/\/bahiaeconomica.com.br\/wp\/wp-json\/wp\/v2\/posts\/966077"}],"collection":[{"href":"https:\/\/bahiaeconomica.com.br\/wp\/wp-json\/wp\/v2\/posts"}],"about":[{"href":"https:\/\/bahiaeconomica.com.br\/wp\/wp-json\/wp\/v2\/types\/post"}],"author":[{"embeddable":true,"href":"https:\/\/bahiaeconomica.com.br\/wp\/wp-json\/wp\/v2\/users\/20"}],"replies":[{"embeddable":true,"href":"https:\/\/bahiaeconomica.com.br\/wp\/wp-json\/wp\/v2\/comments?post=966077"}],"version-history":[{"count":1,"href":"https:\/\/bahiaeconomica.com.br\/wp\/wp-json\/wp\/v2\/posts\/966077\/revisions"}],"predecessor-version":[{"id":966091,"href":"https:\/\/bahiaeconomica.com.br\/wp\/wp-json\/wp\/v2\/posts\/966077\/revisions\/966091"}],"wp:featuredmedia":[{"embeddable":true,"href":"https:\/\/bahiaeconomica.com.br\/wp\/wp-json\/wp\/v2\/media\/962286"}],"wp:attachment":[{"href":"https:\/\/bahiaeconomica.com.br\/wp\/wp-json\/wp\/v2\/media?parent=966077"}],"wp:term":[{"taxonomy":"category","embeddable":true,"href":"https:\/\/bahiaeconomica.com.br\/wp\/wp-json\/wp\/v2\/categories?post=966077"},{"taxonomy":"post_tag","embeddable":true,"href":"https:\/\/bahiaeconomica.com.br\/wp\/wp-json\/wp\/v2\/tags?post=966077"}],"curies":[{"name":"wp","href":"https:\/\/api.w.org\/{rel}","templated":true}]}}