{"id":966046,"date":"2026-01-09T07:20:18","date_gmt":"2026-01-09T10:20:18","guid":{"rendered":"https:\/\/bahiaeconomica.com.br\/wp\/?p=966046"},"modified":"2026-01-09T05:21:52","modified_gmt":"2026-01-09T08:21:52","slug":"pos-festas-saldao-de-inicio-de-ano-estimula-consumo-estrategico","status":"publish","type":"post","link":"https:\/\/bahiaeconomica.com.br\/wp\/2026\/01\/09\/pos-festas-saldao-de-inicio-de-ano-estimula-consumo-estrategico\/","title":{"rendered":"P\u00d3S-FESTAS: SALD\u00c3O DE IN\u00cdCIO DE ANO ESTIMULA CONSUMO ESTRAT\u00c9GICO"},"content":{"rendered":"<p>O in\u00edcio do ano costuma ser marcado por decis\u00f5es ligados \u00e0 organiza\u00e7\u00e3o financeira e ao consumo mais consciente. Atento a esse comportamento do consumidor, o Shopping Paralela promove sald\u00e3o de in\u00edcio de ano com descontos de at\u00e9 70% para quem busca economizar e aproveitar boas oportunidades de compra.<\/p>\n<p>Ap\u00f3s os gastos concentrados de novembro e dezembro, cresce a busca por promo\u00e7\u00f5es estrat\u00e9gicas, especialmente no primeiro trimestre do novo ano, quando despesas como impostos, material escolar e lazer entram no radar das fam\u00edlias. Soma-se a isso a proximidade do Carnaval, que impulsiona a procura por vestu\u00e1rio, itens de autocuidado e produtos voltados ao ver\u00e3o, fortalecendo o apelo por pre\u00e7os mais acess\u00edveis.<\/p>\n<p>O sald\u00e3o do Shopping Paralela, administrado pela Alqia, uma das principais administradoras de shopping center do pa\u00eds, acompanha oferece op\u00e7\u00f5es que atendem tanto ao consumo essencial quanto \u00e0s compras planejadas para a temporada. As promo\u00e7\u00f5es s\u00e3o v\u00e1lidas por tempo limitado, nas lojas participantes.<\/p>\n<p>Entre os destaques est\u00e3o:<\/p>\n<p>&nbsp;<\/p>\n<ul>\n<li>Loungerie: calcinhas a partir de R$ 19,90 e promo\u00e7\u00e3o leve 10, pague 7 (Sweet Lace);<\/li>\n<li>C&amp;A: cosm\u00e9ticos com at\u00e9 20% OFF e confec\u00e7\u00e3o com at\u00e9 60% de desconto;<\/li>\n<li>Pernambucanas: camisetas infantis e adultas a partir de R$ 9,99;<\/li>\n<li>Riachuelo: sungas a partir de R$ 29,99 e camisas de prote\u00e7\u00e3o solar a partir de R$ 49,99;<\/li>\n<li>O Botic\u00e1rio: at\u00e9 60% de desconto em produtos selecionados;<\/li>\n<li>EGGOS: t\u00eanis masculinos por R$ 99,99;<\/li>\n<li>South: shorts femininos com 50% OFF;<\/li>\n<li>Lupo: camisas femininas e masculinas com 50% de desconto.<\/li>\n<\/ul>\n","protected":false},"excerpt":{"rendered":"<p>O in\u00edcio do ano costuma ser marcado por decis\u00f5es ligados \u00e0 organiza\u00e7\u00e3o financeira e ao consumo mais consciente. Atento a esse comportamento do consumidor, o Shopping Paralela promove sald\u00e3o de in\u00edcio de ano com descontos de at\u00e9 70% para quem busca economizar e aproveitar boas oportunidades de compra. Ap\u00f3s os gastos concentrados de novembro e [&hellip;]<\/p>\n","protected":false},"author":8,"featured_media":966047,"comment_status":"closed","ping_status":"closed","sticky":false,"template":"","format":"standard","meta":[],"categories":[3],"tags":[52,1708,58],"acf":[],"yoast_head":"<!-- This site is optimized with the Yoast SEO plugin v20.8 - https:\/\/yoast.com\/wordpress\/plugins\/seo\/ -->\n<title>P\u00d3S-FESTAS: SALD\u00c3O DE IN\u00cdCIO DE ANO ESTIMULA CONSUMO ESTRAT\u00c9GICO - Bahia Economica<\/title>\n<meta name=\"description\" content=\"O maior portal de Economia da Bahia ECONOMIA \/ POL\u00cdTICA Bahia Economica O in\u00edcio do ano costuma ser marcado por decis\u00f5es ligados \u00e0 organiza\u00e7\u00e3o\" \/>\n<meta name=\"robots\" content=\"index, follow, max-snippet:-1, max-image-preview:large, max-video-preview:-1\" \/>\n<link rel=\"canonical\" href=\"https:\/\/bahiaeconomica.com.br\/wp\/2026\/01\/09\/pos-festas-saldao-de-inicio-de-ano-estimula-consumo-estrategico\/\" \/>\n<meta property=\"og:locale\" content=\"pt_BR\" \/>\n<meta property=\"og:type\" content=\"article\" \/>\n<meta property=\"og:title\" content=\"P\u00d3S-FESTAS: SALD\u00c3O DE IN\u00cdCIO DE ANO ESTIMULA CONSUMO ESTRAT\u00c9GICO - Bahia Economica\" \/>\n<meta property=\"og:description\" content=\"O maior portal de Economia da Bahia ECONOMIA \/ POL\u00cdTICA Bahia Economica O in\u00edcio do ano costuma ser marcado por decis\u00f5es ligados \u00e0 organiza\u00e7\u00e3o\" \/>\n<meta property=\"og:url\" content=\"https:\/\/bahiaeconomica.com.br\/wp\/2026\/01\/09\/pos-festas-saldao-de-inicio-de-ano-estimula-consumo-estrategico\/\" \/>\n<meta property=\"og:site_name\" content=\"Bahia Economica\" \/>\n<meta property=\"article:publisher\" content=\"https:\/\/www.facebook.com\/bahiaeconomica\" \/>\n<meta property=\"article:published_time\" content=\"2026-01-09T10:20:18+00:00\" \/>\n<meta property=\"article:modified_time\" content=\"2026-01-09T08:21:52+00:00\" \/>\n<meta property=\"og:image\" content=\"https:\/\/bahiaeconomica.com.br\/wp\/wp-content\/uploads\/2026\/01\/WhatsApp-Image-2026-01-08-at-14.41.45.jpeg\" \/>\n\t<meta property=\"og:image:width\" content=\"1600\" \/>\n\t<meta property=\"og:image:height\" content=\"1200\" \/>\n\t<meta property=\"og:image:type\" content=\"image\/jpeg\" \/>\n<meta name=\"author\" content=\"JP\" \/>\n<meta name=\"twitter:card\" content=\"summary_large_image\" \/>\n<meta name=\"twitter:label1\" content=\"Escrito por\" \/>\n\t<meta name=\"twitter:data1\" content=\"JP\" \/>\n\t<meta name=\"twitter:label2\" content=\"Est. tempo de leitura\" \/>\n\t<meta name=\"twitter:data2\" content=\"2 minutos\" \/>\n<script type=\"application\/ld+json\" class=\"yoast-schema-graph\">{\"@context\":\"https:\/\/schema.org\",\"@graph\":[{\"@type\":\"Article\",\"@id\":\"https:\/\/bahiaeconomica.com.br\/wp\/2026\/01\/09\/pos-festas-saldao-de-inicio-de-ano-estimula-consumo-estrategico\/#article\",\"isPartOf\":{\"@id\":\"https:\/\/bahiaeconomica.com.br\/wp\/2026\/01\/09\/pos-festas-saldao-de-inicio-de-ano-estimula-consumo-estrategico\/\"},\"author\":{\"name\":\"JP\",\"@id\":\"https:\/\/bahiaeconomica.com.br\/wp\/#\/schema\/person\/c86d3a3f8960425a0f9d0e5245991f4e\"},\"headline\":\"P\u00d3S-FESTAS: SALD\u00c3O DE IN\u00cdCIO DE ANO ESTIMULA CONSUMO ESTRAT\u00c9GICO\",\"datePublished\":\"2026-01-09T10:20:18+00:00\",\"dateModified\":\"2026-01-09T08:21:52+00:00\",\"mainEntityOfPage\":{\"@id\":\"https:\/\/bahiaeconomica.com.br\/wp\/2026\/01\/09\/pos-festas-saldao-de-inicio-de-ano-estimula-consumo-estrategico\/\"},\"wordCount\":270,\"publisher\":{\"@id\":\"https:\/\/bahiaeconomica.com.br\/wp\/#organization\"},\"keywords\":[\"Brasil\",\"festas\",\"sa\u00fade\"],\"articleSection\":[\"ECONOMIA \/ POL\u00cdTICA\"],\"inLanguage\":\"pt-BR\"},{\"@type\":\"WebPage\",\"@id\":\"https:\/\/bahiaeconomica.com.br\/wp\/2026\/01\/09\/pos-festas-saldao-de-inicio-de-ano-estimula-consumo-estrategico\/\",\"url\":\"https:\/\/bahiaeconomica.com.br\/wp\/2026\/01\/09\/pos-festas-saldao-de-inicio-de-ano-estimula-consumo-estrategico\/\",\"name\":\"P\u00d3S-FESTAS: SALD\u00c3O DE IN\u00cdCIO DE ANO ESTIMULA CONSUMO ESTRAT\u00c9GICO - Bahia Economica\",\"isPartOf\":{\"@id\":\"https:\/\/bahiaeconomica.com.br\/wp\/#website\"},\"datePublished\":\"2026-01-09T10:20:18+00:00\",\"dateModified\":\"2026-01-09T08:21:52+00:00\",\"description\":\"O maior portal de Economia da Bahia ECONOMIA \/ POL\u00cdTICA Bahia Economica O in\u00edcio do ano costuma ser marcado por decis\u00f5es ligados \u00e0 organiza\u00e7\u00e3o\",\"breadcrumb\":{\"@id\":\"https:\/\/bahiaeconomica.com.br\/wp\/2026\/01\/09\/pos-festas-saldao-de-inicio-de-ano-estimula-consumo-estrategico\/#breadcrumb\"},\"inLanguage\":\"pt-BR\",\"potentialAction\":[{\"@type\":\"ReadAction\",\"target\":[\"https:\/\/bahiaeconomica.com.br\/wp\/2026\/01\/09\/pos-festas-saldao-de-inicio-de-ano-estimula-consumo-estrategico\/\"]}]},{\"@type\":\"BreadcrumbList\",\"@id\":\"https:\/\/bahiaeconomica.com.br\/wp\/2026\/01\/09\/pos-festas-saldao-de-inicio-de-ano-estimula-consumo-estrategico\/#breadcrumb\",\"itemListElement\":[{\"@type\":\"ListItem\",\"position\":1,\"name\":\"In\u00edcio\",\"item\":\"https:\/\/bahiaeconomica.com.br\/wp\/\"},{\"@type\":\"ListItem\",\"position\":2,\"name\":\"P\u00d3S-FESTAS: SALD\u00c3O DE IN\u00cdCIO DE ANO ESTIMULA CONSUMO ESTRAT\u00c9GICO\"}]},{\"@type\":\"WebSite\",\"@id\":\"https:\/\/bahiaeconomica.com.br\/wp\/#website\",\"url\":\"https:\/\/bahiaeconomica.com.br\/wp\/\",\"name\":\"Bahia Economica\",\"description\":\"O maior portal de Economia da Bahia\",\"publisher\":{\"@id\":\"https:\/\/bahiaeconomica.com.br\/wp\/#organization\"},\"potentialAction\":[{\"@type\":\"SearchAction\",\"target\":{\"@type\":\"EntryPoint\",\"urlTemplate\":\"https:\/\/bahiaeconomica.com.br\/wp\/?s={search_term_string}\"},\"query-input\":\"required name=search_term_string\"}],\"inLanguage\":\"pt-BR\"},{\"@type\":\"Organization\",\"@id\":\"https:\/\/bahiaeconomica.com.br\/wp\/#organization\",\"name\":\"Bahia Econ\u00f4mica\",\"url\":\"https:\/\/bahiaeconomica.com.br\/wp\/\",\"logo\":{\"@type\":\"ImageObject\",\"inLanguage\":\"pt-BR\",\"@id\":\"https:\/\/bahiaeconomica.com.br\/wp\/#\/schema\/logo\/image\/\",\"url\":\"https:\/\/bahiaeconomica.com.br\/wp\/wp-content\/uploads\/2020\/12\/cropped-BE.png\",\"contentUrl\":\"https:\/\/bahiaeconomica.com.br\/wp\/wp-content\/uploads\/2020\/12\/cropped-BE.png\",\"width\":512,\"height\":512,\"caption\":\"Bahia Econ\u00f4mica\"},\"image\":{\"@id\":\"https:\/\/bahiaeconomica.com.br\/wp\/#\/schema\/logo\/image\/\"},\"sameAs\":[\"https:\/\/www.facebook.com\/bahiaeconomica\"]},{\"@type\":\"Person\",\"@id\":\"https:\/\/bahiaeconomica.com.br\/wp\/#\/schema\/person\/c86d3a3f8960425a0f9d0e5245991f4e\",\"name\":\"JP\",\"sameAs\":[\"https:\/\/bahiaeconomica.com.br\/wp\/beta\/\"],\"url\":\"https:\/\/bahiaeconomica.com.br\/wp\/author\/jp\/\"}]}<\/script>\n<!-- \/ Yoast SEO plugin. -->","yoast_head_json":{"title":"P\u00d3S-FESTAS: SALD\u00c3O DE IN\u00cdCIO DE ANO ESTIMULA CONSUMO ESTRAT\u00c9GICO - Bahia Economica","description":"O maior portal de Economia da Bahia ECONOMIA \/ POL\u00cdTICA Bahia Economica O in\u00edcio do ano costuma ser marcado por decis\u00f5es ligados \u00e0 organiza\u00e7\u00e3o","robots":{"index":"index","follow":"follow","max-snippet":"max-snippet:-1","max-image-preview":"max-image-preview:large","max-video-preview":"max-video-preview:-1"},"canonical":"https:\/\/bahiaeconomica.com.br\/wp\/2026\/01\/09\/pos-festas-saldao-de-inicio-de-ano-estimula-consumo-estrategico\/","og_locale":"pt_BR","og_type":"article","og_title":"P\u00d3S-FESTAS: SALD\u00c3O DE IN\u00cdCIO DE ANO ESTIMULA CONSUMO ESTRAT\u00c9GICO - Bahia Economica","og_description":"O maior portal de Economia da Bahia ECONOMIA \/ POL\u00cdTICA Bahia Economica O in\u00edcio do ano costuma ser marcado por decis\u00f5es ligados \u00e0 organiza\u00e7\u00e3o","og_url":"https:\/\/bahiaeconomica.com.br\/wp\/2026\/01\/09\/pos-festas-saldao-de-inicio-de-ano-estimula-consumo-estrategico\/","og_site_name":"Bahia Economica","article_publisher":"https:\/\/www.facebook.com\/bahiaeconomica","article_published_time":"2026-01-09T10:20:18+00:00","article_modified_time":"2026-01-09T08:21:52+00:00","og_image":[{"width":1600,"height":1200,"url":"https:\/\/bahiaeconomica.com.br\/wp\/wp-content\/uploads\/2026\/01\/WhatsApp-Image-2026-01-08-at-14.41.45.jpeg","type":"image\/jpeg"}],"author":"JP","twitter_card":"summary_large_image","twitter_misc":{"Escrito por":"JP","Est. tempo de leitura":"2 minutos"},"schema":{"@context":"https:\/\/schema.org","@graph":[{"@type":"Article","@id":"https:\/\/bahiaeconomica.com.br\/wp\/2026\/01\/09\/pos-festas-saldao-de-inicio-de-ano-estimula-consumo-estrategico\/#article","isPartOf":{"@id":"https:\/\/bahiaeconomica.com.br\/wp\/2026\/01\/09\/pos-festas-saldao-de-inicio-de-ano-estimula-consumo-estrategico\/"},"author":{"name":"JP","@id":"https:\/\/bahiaeconomica.com.br\/wp\/#\/schema\/person\/c86d3a3f8960425a0f9d0e5245991f4e"},"headline":"P\u00d3S-FESTAS: SALD\u00c3O DE IN\u00cdCIO DE ANO ESTIMULA CONSUMO ESTRAT\u00c9GICO","datePublished":"2026-01-09T10:20:18+00:00","dateModified":"2026-01-09T08:21:52+00:00","mainEntityOfPage":{"@id":"https:\/\/bahiaeconomica.com.br\/wp\/2026\/01\/09\/pos-festas-saldao-de-inicio-de-ano-estimula-consumo-estrategico\/"},"wordCount":270,"publisher":{"@id":"https:\/\/bahiaeconomica.com.br\/wp\/#organization"},"keywords":["Brasil","festas","sa\u00fade"],"articleSection":["ECONOMIA \/ POL\u00cdTICA"],"inLanguage":"pt-BR"},{"@type":"WebPage","@id":"https:\/\/bahiaeconomica.com.br\/wp\/2026\/01\/09\/pos-festas-saldao-de-inicio-de-ano-estimula-consumo-estrategico\/","url":"https:\/\/bahiaeconomica.com.br\/wp\/2026\/01\/09\/pos-festas-saldao-de-inicio-de-ano-estimula-consumo-estrategico\/","name":"P\u00d3S-FESTAS: SALD\u00c3O DE IN\u00cdCIO DE ANO ESTIMULA CONSUMO ESTRAT\u00c9GICO - Bahia Economica","isPartOf":{"@id":"https:\/\/bahiaeconomica.com.br\/wp\/#website"},"datePublished":"2026-01-09T10:20:18+00:00","dateModified":"2026-01-09T08:21:52+00:00","description":"O maior portal de Economia da Bahia ECONOMIA \/ POL\u00cdTICA Bahia Economica O in\u00edcio do ano costuma ser marcado por decis\u00f5es ligados \u00e0 organiza\u00e7\u00e3o","breadcrumb":{"@id":"https:\/\/bahiaeconomica.com.br\/wp\/2026\/01\/09\/pos-festas-saldao-de-inicio-de-ano-estimula-consumo-estrategico\/#breadcrumb"},"inLanguage":"pt-BR","potentialAction":[{"@type":"ReadAction","target":["https:\/\/bahiaeconomica.com.br\/wp\/2026\/01\/09\/pos-festas-saldao-de-inicio-de-ano-estimula-consumo-estrategico\/"]}]},{"@type":"BreadcrumbList","@id":"https:\/\/bahiaeconomica.com.br\/wp\/2026\/01\/09\/pos-festas-saldao-de-inicio-de-ano-estimula-consumo-estrategico\/#breadcrumb","itemListElement":[{"@type":"ListItem","position":1,"name":"In\u00edcio","item":"https:\/\/bahiaeconomica.com.br\/wp\/"},{"@type":"ListItem","position":2,"name":"P\u00d3S-FESTAS: SALD\u00c3O DE IN\u00cdCIO DE ANO ESTIMULA CONSUMO ESTRAT\u00c9GICO"}]},{"@type":"WebSite","@id":"https:\/\/bahiaeconomica.com.br\/wp\/#website","url":"https:\/\/bahiaeconomica.com.br\/wp\/","name":"Bahia Economica","description":"O maior portal de Economia da Bahia","publisher":{"@id":"https:\/\/bahiaeconomica.com.br\/wp\/#organization"},"potentialAction":[{"@type":"SearchAction","target":{"@type":"EntryPoint","urlTemplate":"https:\/\/bahiaeconomica.com.br\/wp\/?s={search_term_string}"},"query-input":"required name=search_term_string"}],"inLanguage":"pt-BR"},{"@type":"Organization","@id":"https:\/\/bahiaeconomica.com.br\/wp\/#organization","name":"Bahia Econ\u00f4mica","url":"https:\/\/bahiaeconomica.com.br\/wp\/","logo":{"@type":"ImageObject","inLanguage":"pt-BR","@id":"https:\/\/bahiaeconomica.com.br\/wp\/#\/schema\/logo\/image\/","url":"https:\/\/bahiaeconomica.com.br\/wp\/wp-content\/uploads\/2020\/12\/cropped-BE.png","contentUrl":"https:\/\/bahiaeconomica.com.br\/wp\/wp-content\/uploads\/2020\/12\/cropped-BE.png","width":512,"height":512,"caption":"Bahia Econ\u00f4mica"},"image":{"@id":"https:\/\/bahiaeconomica.com.br\/wp\/#\/schema\/logo\/image\/"},"sameAs":["https:\/\/www.facebook.com\/bahiaeconomica"]},{"@type":"Person","@id":"https:\/\/bahiaeconomica.com.br\/wp\/#\/schema\/person\/c86d3a3f8960425a0f9d0e5245991f4e","name":"JP","sameAs":["https:\/\/bahiaeconomica.com.br\/wp\/beta\/"],"url":"https:\/\/bahiaeconomica.com.br\/wp\/author\/jp\/"}]}},"views":22,"_links":{"self":[{"href":"https:\/\/bahiaeconomica.com.br\/wp\/wp-json\/wp\/v2\/posts\/966046"}],"collection":[{"href":"https:\/\/bahiaeconomica.com.br\/wp\/wp-json\/wp\/v2\/posts"}],"about":[{"href":"https:\/\/bahiaeconomica.com.br\/wp\/wp-json\/wp\/v2\/types\/post"}],"author":[{"embeddable":true,"href":"https:\/\/bahiaeconomica.com.br\/wp\/wp-json\/wp\/v2\/users\/8"}],"replies":[{"embeddable":true,"href":"https:\/\/bahiaeconomica.com.br\/wp\/wp-json\/wp\/v2\/comments?post=966046"}],"version-history":[{"count":1,"href":"https:\/\/bahiaeconomica.com.br\/wp\/wp-json\/wp\/v2\/posts\/966046\/revisions"}],"predecessor-version":[{"id":966048,"href":"https:\/\/bahiaeconomica.com.br\/wp\/wp-json\/wp\/v2\/posts\/966046\/revisions\/966048"}],"wp:featuredmedia":[{"embeddable":true,"href":"https:\/\/bahiaeconomica.com.br\/wp\/wp-json\/wp\/v2\/media\/966047"}],"wp:attachment":[{"href":"https:\/\/bahiaeconomica.com.br\/wp\/wp-json\/wp\/v2\/media?parent=966046"}],"wp:term":[{"taxonomy":"category","embeddable":true,"href":"https:\/\/bahiaeconomica.com.br\/wp\/wp-json\/wp\/v2\/categories?post=966046"},{"taxonomy":"post_tag","embeddable":true,"href":"https:\/\/bahiaeconomica.com.br\/wp\/wp-json\/wp\/v2\/tags?post=966046"}],"curies":[{"name":"wp","href":"https:\/\/api.w.org\/{rel}","templated":true}]}}