{"id":965974,"date":"2026-01-08T16:38:18","date_gmt":"2026-01-08T19:38:18","guid":{"rendered":"https:\/\/bahiaeconomica.com.br\/wp\/?p=965974"},"modified":"2026-01-08T16:38:18","modified_gmt":"2026-01-08T19:38:18","slug":"rui-costa-indica-que-lula-vetara-aumento-de-r-50-bi-para-r-61-bi-em-emendas-no-orcamento","status":"publish","type":"post","link":"https:\/\/bahiaeconomica.com.br\/wp\/2026\/01\/08\/rui-costa-indica-que-lula-vetara-aumento-de-r-50-bi-para-r-61-bi-em-emendas-no-orcamento\/","title":{"rendered":"RUI COSTA INDICA QUE LULA VETAR\u00c1 AUMENTO DE R$ 50 BI PARA R$ 61 BI EM EMENDAS NO OR\u00c7AMENTO"},"content":{"rendered":"<p>O ministro da Casa Civil, Rui Costa, indicou que o presidente Luiz In\u00e1cio Lula da Silva (PT) deve vetar o aumento de R$ 11 bilh\u00f5es em emendas parlamentares, previsto no Or\u00e7amento de 2026 aprovado pelo Congresso. Segundo Rui, o acr\u00e9scimo descumpre um acordo entre o Executivo e o Legislativo, baseado em defini\u00e7\u00e3o do Supremo Tribunal Federal (STF), que define que as emendas podem crescer at\u00e9 2,5% acima da infla\u00e7\u00e3o.<\/p>\n<p>\u201cTem uma regra, definida inclusive por julgamento pleno do STF, que define o volume de emendas e como essas emendas podem crescer. Ent\u00e3o, 2,5% acima da infla\u00e7\u00e3o. E h\u00e1, evidentemente, uma discuss\u00e3o com o Congresso sobre isso. E at\u00e9 onde n\u00f3s entendemos, isso foi pactuado. Tudo aquilo que est\u00e1 fora do pactuado, n\u00e3o ser\u00e1 executado\u201d, afirmou Rui.<\/p>\n<p>No or\u00e7amento de 2026 aprovado pelo Congresso, o total de emendas parlamentares para execu\u00e7\u00e3o ficou previsto em R$ 61 bilh\u00f5es. A cifra \u00e9 R$ 11 bilh\u00f5es maior do que os R$ 50 bilh\u00f5es que seguem a pactua\u00e7\u00e3o entre os Poderes.<\/p>\n<p>Fonte: Estad\u00e3o Conte\u00fado<\/p>\n<p>Foto: Marcelo Camargo\/ Ag\u00eancia Brasil<\/p>\n<p>&nbsp;<\/p>\n<div class=\"clear\"><\/div>\n","protected":false},"excerpt":{"rendered":"<p>O ministro da Casa Civil, Rui Costa, indicou que o presidente Luiz In\u00e1cio Lula da Silva (PT) deve vetar o aumento de R$ 11 bilh\u00f5es em emendas parlamentares, previsto no Or\u00e7amento de 2026 aprovado pelo Congresso. Segundo Rui, o acr\u00e9scimo descumpre um acordo entre o Executivo e o Legislativo, baseado em defini\u00e7\u00e3o do Supremo Tribunal [&hellip;]<\/p>\n","protected":false},"author":24,"featured_media":965975,"comment_status":"closed","ping_status":"closed","sticky":false,"template":"","format":"standard","meta":[],"categories":[3],"tags":[1022,1052,182,107],"acf":[],"yoast_head":"<!-- This site is optimized with the Yoast SEO plugin v20.8 - https:\/\/yoast.com\/wordpress\/plugins\/seo\/ -->\n<title>RUI COSTA INDICA QUE LULA VETAR\u00c1 AUMENTO DE R$ 50 BI PARA R$ 61 BI EM EMENDAS NO OR\u00c7AMENTO - Bahia Economica O ministro da Casa Civil, Rui Costa, indicou que o presidente Luiz In\u00e1cio Lula da Silva (PT) deve vetar o aumento de R$ 11 bilh\u00f5es em emendas parlamentares, previsto no Or\u00e7amento de 2026 aprovado pelo Congresso.<\/title>\n<meta name=\"description\" content=\"O maior portal de Economia da Bahia ECONOMIA \/ POL\u00cdTICA Bahia Economica O ministro da Casa Civil, Rui Costa, indicou que o presidente Luiz In\u00e1cio Lula da Silva (PT) deve vetar o aumento de R$ 11 bilh\u00f5es em emendas parlamentares, previsto no Or\u00e7amento de 2026 aprovado pelo Congresso.\" \/>\n<meta name=\"robots\" content=\"index, follow, max-snippet:-1, max-image-preview:large, max-video-preview:-1\" \/>\n<link rel=\"canonical\" href=\"https:\/\/bahiaeconomica.com.br\/wp\/2026\/01\/08\/rui-costa-indica-que-lula-vetara-aumento-de-r-50-bi-para-r-61-bi-em-emendas-no-orcamento\/\" \/>\n<meta property=\"og:locale\" content=\"pt_BR\" \/>\n<meta property=\"og:type\" content=\"article\" \/>\n<meta property=\"og:title\" content=\"RUI COSTA INDICA QUE LULA VETAR\u00c1 AUMENTO DE R$ 50 BI PARA R$ 61 BI EM EMENDAS NO OR\u00c7AMENTO - Bahia Economica O ministro da Casa Civil, Rui Costa, indicou que o presidente Luiz In\u00e1cio Lula da Silva (PT) deve vetar o aumento de R$ 11 bilh\u00f5es em emendas parlamentares, previsto no Or\u00e7amento de 2026 aprovado pelo Congresso.\" \/>\n<meta property=\"og:description\" content=\"O maior portal de Economia da Bahia ECONOMIA \/ POL\u00cdTICA Bahia Economica O ministro da Casa Civil, Rui Costa, indicou que o presidente Luiz In\u00e1cio Lula da Silva (PT) deve vetar o aumento de R$ 11 bilh\u00f5es em emendas parlamentares, previsto no Or\u00e7amento de 2026 aprovado pelo Congresso.\" \/>\n<meta property=\"og:url\" content=\"https:\/\/bahiaeconomica.com.br\/wp\/2026\/01\/08\/rui-costa-indica-que-lula-vetara-aumento-de-r-50-bi-para-r-61-bi-em-emendas-no-orcamento\/\" \/>\n<meta property=\"og:site_name\" content=\"Bahia Economica\" \/>\n<meta property=\"article:publisher\" content=\"https:\/\/www.facebook.com\/bahiaeconomica\" \/>\n<meta property=\"article:published_time\" content=\"2026-01-08T19:38:18+00:00\" \/>\n<meta property=\"og:image\" content=\"https:\/\/bahiaeconomica.com.br\/wp\/wp-content\/uploads\/2026\/01\/lula-novo-pac-mc-abr-10122025-2-4.jpg\" \/>\n\t<meta property=\"og:image:width\" content=\"1100\" \/>\n\t<meta property=\"og:image:height\" content=\"734\" \/>\n\t<meta property=\"og:image:type\" content=\"image\/jpeg\" \/>\n<meta name=\"author\" content=\"VICTOR OLIVEIRA\" \/>\n<meta name=\"twitter:card\" content=\"summary_large_image\" \/>\n<meta name=\"twitter:label1\" content=\"Escrito por\" \/>\n\t<meta name=\"twitter:data1\" content=\"VICTOR OLIVEIRA\" \/>\n\t<meta name=\"twitter:label2\" content=\"Est. tempo de leitura\" \/>\n\t<meta name=\"twitter:data2\" content=\"1 minuto\" \/>\n<script type=\"application\/ld+json\" class=\"yoast-schema-graph\">{\"@context\":\"https:\/\/schema.org\",\"@graph\":[{\"@type\":\"Article\",\"@id\":\"https:\/\/bahiaeconomica.com.br\/wp\/2026\/01\/08\/rui-costa-indica-que-lula-vetara-aumento-de-r-50-bi-para-r-61-bi-em-emendas-no-orcamento\/#article\",\"isPartOf\":{\"@id\":\"https:\/\/bahiaeconomica.com.br\/wp\/2026\/01\/08\/rui-costa-indica-que-lula-vetara-aumento-de-r-50-bi-para-r-61-bi-em-emendas-no-orcamento\/\"},\"author\":{\"name\":\"VICTOR OLIVEIRA\",\"@id\":\"https:\/\/bahiaeconomica.com.br\/wp\/#\/schema\/person\/a17956d0e1112b626f403fb06b8129a9\"},\"headline\":\"RUI COSTA INDICA QUE LULA VETAR\u00c1 AUMENTO DE R$ 50 BI PARA R$ 61 BI EM EMENDAS NO OR\u00c7AMENTO\",\"datePublished\":\"2026-01-08T19:38:18+00:00\",\"dateModified\":\"2026-01-08T19:38:18+00:00\",\"mainEntityOfPage\":{\"@id\":\"https:\/\/bahiaeconomica.com.br\/wp\/2026\/01\/08\/rui-costa-indica-que-lula-vetara-aumento-de-r-50-bi-para-r-61-bi-em-emendas-no-orcamento\/\"},\"wordCount\":204,\"publisher\":{\"@id\":\"https:\/\/bahiaeconomica.com.br\/wp\/#organization\"},\"keywords\":[\"aumento\",\"emendas\",\"Lula\",\"Rui Costa\"],\"articleSection\":[\"ECONOMIA \/ POL\u00cdTICA\"],\"inLanguage\":\"pt-BR\"},{\"@type\":\"WebPage\",\"@id\":\"https:\/\/bahiaeconomica.com.br\/wp\/2026\/01\/08\/rui-costa-indica-que-lula-vetara-aumento-de-r-50-bi-para-r-61-bi-em-emendas-no-orcamento\/\",\"url\":\"https:\/\/bahiaeconomica.com.br\/wp\/2026\/01\/08\/rui-costa-indica-que-lula-vetara-aumento-de-r-50-bi-para-r-61-bi-em-emendas-no-orcamento\/\",\"name\":\"RUI COSTA INDICA QUE LULA VETAR\u00c1 AUMENTO DE R$ 50 BI PARA R$ 61 BI EM EMENDAS NO OR\u00c7AMENTO - Bahia Economica O ministro da Casa Civil, Rui Costa, indicou que o presidente Luiz In\u00e1cio Lula da Silva (PT) deve vetar o aumento de R$ 11 bilh\u00f5es em emendas parlamentares, previsto no Or\u00e7amento de 2026 aprovado pelo Congresso.\",\"isPartOf\":{\"@id\":\"https:\/\/bahiaeconomica.com.br\/wp\/#website\"},\"datePublished\":\"2026-01-08T19:38:18+00:00\",\"dateModified\":\"2026-01-08T19:38:18+00:00\",\"description\":\"O maior portal de Economia da Bahia ECONOMIA \/ POL\u00cdTICA Bahia Economica O ministro da Casa Civil, Rui Costa, indicou que o presidente Luiz In\u00e1cio Lula da Silva (PT) deve vetar o aumento de R$ 11 bilh\u00f5es em emendas parlamentares, previsto no Or\u00e7amento de 2026 aprovado pelo Congresso.\",\"breadcrumb\":{\"@id\":\"https:\/\/bahiaeconomica.com.br\/wp\/2026\/01\/08\/rui-costa-indica-que-lula-vetara-aumento-de-r-50-bi-para-r-61-bi-em-emendas-no-orcamento\/#breadcrumb\"},\"inLanguage\":\"pt-BR\",\"potentialAction\":[{\"@type\":\"ReadAction\",\"target\":[\"https:\/\/bahiaeconomica.com.br\/wp\/2026\/01\/08\/rui-costa-indica-que-lula-vetara-aumento-de-r-50-bi-para-r-61-bi-em-emendas-no-orcamento\/\"]}]},{\"@type\":\"BreadcrumbList\",\"@id\":\"https:\/\/bahiaeconomica.com.br\/wp\/2026\/01\/08\/rui-costa-indica-que-lula-vetara-aumento-de-r-50-bi-para-r-61-bi-em-emendas-no-orcamento\/#breadcrumb\",\"itemListElement\":[{\"@type\":\"ListItem\",\"position\":1,\"name\":\"In\u00edcio\",\"item\":\"https:\/\/bahiaeconomica.com.br\/wp\/\"},{\"@type\":\"ListItem\",\"position\":2,\"name\":\"RUI COSTA INDICA QUE LULA VETAR\u00c1 AUMENTO DE R$ 50 BI PARA R$ 61 BI EM EMENDAS NO OR\u00c7AMENTO\"}]},{\"@type\":\"WebSite\",\"@id\":\"https:\/\/bahiaeconomica.com.br\/wp\/#website\",\"url\":\"https:\/\/bahiaeconomica.com.br\/wp\/\",\"name\":\"Bahia Economica\",\"description\":\"O maior portal de Economia da Bahia\",\"publisher\":{\"@id\":\"https:\/\/bahiaeconomica.com.br\/wp\/#organization\"},\"potentialAction\":[{\"@type\":\"SearchAction\",\"target\":{\"@type\":\"EntryPoint\",\"urlTemplate\":\"https:\/\/bahiaeconomica.com.br\/wp\/?s={search_term_string}\"},\"query-input\":\"required name=search_term_string\"}],\"inLanguage\":\"pt-BR\"},{\"@type\":\"Organization\",\"@id\":\"https:\/\/bahiaeconomica.com.br\/wp\/#organization\",\"name\":\"Bahia Econ\u00f4mica\",\"url\":\"https:\/\/bahiaeconomica.com.br\/wp\/\",\"logo\":{\"@type\":\"ImageObject\",\"inLanguage\":\"pt-BR\",\"@id\":\"https:\/\/bahiaeconomica.com.br\/wp\/#\/schema\/logo\/image\/\",\"url\":\"https:\/\/bahiaeconomica.com.br\/wp\/wp-content\/uploads\/2020\/12\/cropped-BE.png\",\"contentUrl\":\"https:\/\/bahiaeconomica.com.br\/wp\/wp-content\/uploads\/2020\/12\/cropped-BE.png\",\"width\":512,\"height\":512,\"caption\":\"Bahia Econ\u00f4mica\"},\"image\":{\"@id\":\"https:\/\/bahiaeconomica.com.br\/wp\/#\/schema\/logo\/image\/\"},\"sameAs\":[\"https:\/\/www.facebook.com\/bahiaeconomica\"]},{\"@type\":\"Person\",\"@id\":\"https:\/\/bahiaeconomica.com.br\/wp\/#\/schema\/person\/a17956d0e1112b626f403fb06b8129a9\",\"name\":\"VICTOR OLIVEIRA\",\"sameAs\":[\"http:\/\/www.bahiaeconomica.com.br\"],\"url\":\"https:\/\/bahiaeconomica.com.br\/wp\/author\/victor-oliveira\/\"}]}<\/script>\n<!-- \/ Yoast SEO plugin. -->","yoast_head_json":{"title":"RUI COSTA INDICA QUE LULA VETAR\u00c1 AUMENTO DE R$ 50 BI PARA R$ 61 BI EM EMENDAS NO OR\u00c7AMENTO - Bahia Economica O ministro da Casa Civil, Rui Costa, indicou que o presidente Luiz In\u00e1cio Lula da Silva (PT) deve vetar o aumento de R$ 11 bilh\u00f5es em emendas parlamentares, previsto no Or\u00e7amento de 2026 aprovado pelo Congresso.","description":"O maior portal de Economia da Bahia ECONOMIA \/ POL\u00cdTICA Bahia Economica O ministro da Casa Civil, Rui Costa, indicou que o presidente Luiz In\u00e1cio Lula da Silva (PT) deve vetar o aumento de R$ 11 bilh\u00f5es em emendas parlamentares, previsto no Or\u00e7amento de 2026 aprovado pelo Congresso.","robots":{"index":"index","follow":"follow","max-snippet":"max-snippet:-1","max-image-preview":"max-image-preview:large","max-video-preview":"max-video-preview:-1"},"canonical":"https:\/\/bahiaeconomica.com.br\/wp\/2026\/01\/08\/rui-costa-indica-que-lula-vetara-aumento-de-r-50-bi-para-r-61-bi-em-emendas-no-orcamento\/","og_locale":"pt_BR","og_type":"article","og_title":"RUI COSTA INDICA QUE LULA VETAR\u00c1 AUMENTO DE R$ 50 BI PARA R$ 61 BI EM EMENDAS NO OR\u00c7AMENTO - Bahia Economica O ministro da Casa Civil, Rui Costa, indicou que o presidente Luiz In\u00e1cio Lula da Silva (PT) deve vetar o aumento de R$ 11 bilh\u00f5es em emendas parlamentares, previsto no Or\u00e7amento de 2026 aprovado pelo Congresso.","og_description":"O maior portal de Economia da Bahia ECONOMIA \/ POL\u00cdTICA Bahia Economica O ministro da Casa Civil, Rui Costa, indicou que o presidente Luiz In\u00e1cio Lula da Silva (PT) deve vetar o aumento de R$ 11 bilh\u00f5es em emendas parlamentares, previsto no Or\u00e7amento de 2026 aprovado pelo Congresso.","og_url":"https:\/\/bahiaeconomica.com.br\/wp\/2026\/01\/08\/rui-costa-indica-que-lula-vetara-aumento-de-r-50-bi-para-r-61-bi-em-emendas-no-orcamento\/","og_site_name":"Bahia Economica","article_publisher":"https:\/\/www.facebook.com\/bahiaeconomica","article_published_time":"2026-01-08T19:38:18+00:00","og_image":[{"width":1100,"height":734,"url":"https:\/\/bahiaeconomica.com.br\/wp\/wp-content\/uploads\/2026\/01\/lula-novo-pac-mc-abr-10122025-2-4.jpg","type":"image\/jpeg"}],"author":"VICTOR OLIVEIRA","twitter_card":"summary_large_image","twitter_misc":{"Escrito por":"VICTOR OLIVEIRA","Est. tempo de leitura":"1 minuto"},"schema":{"@context":"https:\/\/schema.org","@graph":[{"@type":"Article","@id":"https:\/\/bahiaeconomica.com.br\/wp\/2026\/01\/08\/rui-costa-indica-que-lula-vetara-aumento-de-r-50-bi-para-r-61-bi-em-emendas-no-orcamento\/#article","isPartOf":{"@id":"https:\/\/bahiaeconomica.com.br\/wp\/2026\/01\/08\/rui-costa-indica-que-lula-vetara-aumento-de-r-50-bi-para-r-61-bi-em-emendas-no-orcamento\/"},"author":{"name":"VICTOR OLIVEIRA","@id":"https:\/\/bahiaeconomica.com.br\/wp\/#\/schema\/person\/a17956d0e1112b626f403fb06b8129a9"},"headline":"RUI COSTA INDICA QUE LULA VETAR\u00c1 AUMENTO DE R$ 50 BI PARA R$ 61 BI EM EMENDAS NO OR\u00c7AMENTO","datePublished":"2026-01-08T19:38:18+00:00","dateModified":"2026-01-08T19:38:18+00:00","mainEntityOfPage":{"@id":"https:\/\/bahiaeconomica.com.br\/wp\/2026\/01\/08\/rui-costa-indica-que-lula-vetara-aumento-de-r-50-bi-para-r-61-bi-em-emendas-no-orcamento\/"},"wordCount":204,"publisher":{"@id":"https:\/\/bahiaeconomica.com.br\/wp\/#organization"},"keywords":["aumento","emendas","Lula","Rui Costa"],"articleSection":["ECONOMIA \/ POL\u00cdTICA"],"inLanguage":"pt-BR"},{"@type":"WebPage","@id":"https:\/\/bahiaeconomica.com.br\/wp\/2026\/01\/08\/rui-costa-indica-que-lula-vetara-aumento-de-r-50-bi-para-r-61-bi-em-emendas-no-orcamento\/","url":"https:\/\/bahiaeconomica.com.br\/wp\/2026\/01\/08\/rui-costa-indica-que-lula-vetara-aumento-de-r-50-bi-para-r-61-bi-em-emendas-no-orcamento\/","name":"RUI COSTA INDICA QUE LULA VETAR\u00c1 AUMENTO DE R$ 50 BI PARA R$ 61 BI EM EMENDAS NO OR\u00c7AMENTO - Bahia Economica O ministro da Casa Civil, Rui Costa, indicou que o presidente Luiz In\u00e1cio Lula da Silva (PT) deve vetar o aumento de R$ 11 bilh\u00f5es em emendas parlamentares, previsto no Or\u00e7amento de 2026 aprovado pelo Congresso.","isPartOf":{"@id":"https:\/\/bahiaeconomica.com.br\/wp\/#website"},"datePublished":"2026-01-08T19:38:18+00:00","dateModified":"2026-01-08T19:38:18+00:00","description":"O maior portal de Economia da Bahia ECONOMIA \/ POL\u00cdTICA Bahia Economica O ministro da Casa Civil, Rui Costa, indicou que o presidente Luiz In\u00e1cio Lula da Silva (PT) deve vetar o aumento de R$ 11 bilh\u00f5es em emendas parlamentares, previsto no Or\u00e7amento de 2026 aprovado pelo Congresso.","breadcrumb":{"@id":"https:\/\/bahiaeconomica.com.br\/wp\/2026\/01\/08\/rui-costa-indica-que-lula-vetara-aumento-de-r-50-bi-para-r-61-bi-em-emendas-no-orcamento\/#breadcrumb"},"inLanguage":"pt-BR","potentialAction":[{"@type":"ReadAction","target":["https:\/\/bahiaeconomica.com.br\/wp\/2026\/01\/08\/rui-costa-indica-que-lula-vetara-aumento-de-r-50-bi-para-r-61-bi-em-emendas-no-orcamento\/"]}]},{"@type":"BreadcrumbList","@id":"https:\/\/bahiaeconomica.com.br\/wp\/2026\/01\/08\/rui-costa-indica-que-lula-vetara-aumento-de-r-50-bi-para-r-61-bi-em-emendas-no-orcamento\/#breadcrumb","itemListElement":[{"@type":"ListItem","position":1,"name":"In\u00edcio","item":"https:\/\/bahiaeconomica.com.br\/wp\/"},{"@type":"ListItem","position":2,"name":"RUI COSTA INDICA QUE LULA VETAR\u00c1 AUMENTO DE R$ 50 BI PARA R$ 61 BI EM EMENDAS NO OR\u00c7AMENTO"}]},{"@type":"WebSite","@id":"https:\/\/bahiaeconomica.com.br\/wp\/#website","url":"https:\/\/bahiaeconomica.com.br\/wp\/","name":"Bahia Economica","description":"O maior portal de Economia da Bahia","publisher":{"@id":"https:\/\/bahiaeconomica.com.br\/wp\/#organization"},"potentialAction":[{"@type":"SearchAction","target":{"@type":"EntryPoint","urlTemplate":"https:\/\/bahiaeconomica.com.br\/wp\/?s={search_term_string}"},"query-input":"required name=search_term_string"}],"inLanguage":"pt-BR"},{"@type":"Organization","@id":"https:\/\/bahiaeconomica.com.br\/wp\/#organization","name":"Bahia Econ\u00f4mica","url":"https:\/\/bahiaeconomica.com.br\/wp\/","logo":{"@type":"ImageObject","inLanguage":"pt-BR","@id":"https:\/\/bahiaeconomica.com.br\/wp\/#\/schema\/logo\/image\/","url":"https:\/\/bahiaeconomica.com.br\/wp\/wp-content\/uploads\/2020\/12\/cropped-BE.png","contentUrl":"https:\/\/bahiaeconomica.com.br\/wp\/wp-content\/uploads\/2020\/12\/cropped-BE.png","width":512,"height":512,"caption":"Bahia Econ\u00f4mica"},"image":{"@id":"https:\/\/bahiaeconomica.com.br\/wp\/#\/schema\/logo\/image\/"},"sameAs":["https:\/\/www.facebook.com\/bahiaeconomica"]},{"@type":"Person","@id":"https:\/\/bahiaeconomica.com.br\/wp\/#\/schema\/person\/a17956d0e1112b626f403fb06b8129a9","name":"VICTOR OLIVEIRA","sameAs":["http:\/\/www.bahiaeconomica.com.br"],"url":"https:\/\/bahiaeconomica.com.br\/wp\/author\/victor-oliveira\/"}]}},"views":6,"_links":{"self":[{"href":"https:\/\/bahiaeconomica.com.br\/wp\/wp-json\/wp\/v2\/posts\/965974"}],"collection":[{"href":"https:\/\/bahiaeconomica.com.br\/wp\/wp-json\/wp\/v2\/posts"}],"about":[{"href":"https:\/\/bahiaeconomica.com.br\/wp\/wp-json\/wp\/v2\/types\/post"}],"author":[{"embeddable":true,"href":"https:\/\/bahiaeconomica.com.br\/wp\/wp-json\/wp\/v2\/users\/24"}],"replies":[{"embeddable":true,"href":"https:\/\/bahiaeconomica.com.br\/wp\/wp-json\/wp\/v2\/comments?post=965974"}],"version-history":[{"count":1,"href":"https:\/\/bahiaeconomica.com.br\/wp\/wp-json\/wp\/v2\/posts\/965974\/revisions"}],"predecessor-version":[{"id":965976,"href":"https:\/\/bahiaeconomica.com.br\/wp\/wp-json\/wp\/v2\/posts\/965974\/revisions\/965976"}],"wp:featuredmedia":[{"embeddable":true,"href":"https:\/\/bahiaeconomica.com.br\/wp\/wp-json\/wp\/v2\/media\/965975"}],"wp:attachment":[{"href":"https:\/\/bahiaeconomica.com.br\/wp\/wp-json\/wp\/v2\/media?parent=965974"}],"wp:term":[{"taxonomy":"category","embeddable":true,"href":"https:\/\/bahiaeconomica.com.br\/wp\/wp-json\/wp\/v2\/categories?post=965974"},{"taxonomy":"post_tag","embeddable":true,"href":"https:\/\/bahiaeconomica.com.br\/wp\/wp-json\/wp\/v2\/tags?post=965974"}],"curies":[{"name":"wp","href":"https:\/\/api.w.org\/{rel}","templated":true}]}}