{"id":965777,"date":"2026-01-08T08:20:13","date_gmt":"2026-01-08T11:20:13","guid":{"rendered":"https:\/\/bahiaeconomica.com.br\/wp\/?p=965777"},"modified":"2026-01-08T08:19:20","modified_gmt":"2026-01-08T11:19:20","slug":"ataques-de-8-de-janeiro-deixam-prejuizo-de-r-20-milhoes-aos-cofres-publicos","status":"publish","type":"post","link":"https:\/\/bahiaeconomica.com.br\/wp\/2026\/01\/08\/ataques-de-8-de-janeiro-deixam-prejuizo-de-r-20-milhoes-aos-cofres-publicos\/","title":{"rendered":"ATAQUES DE 8 DE JANEIRO DEIXAM PREJU\u00cdZO DE R$ 20 MILH\u00d5ES AOS COFRES P\u00daBLICOS"},"content":{"rendered":"<p>Tr\u00eas anos ap\u00f3s a invas\u00e3o e depreda\u00e7\u00e3o das sedes dos Tr\u00eas Poderes, ocorridas em 8 de janeiro de 2023, os preju\u00edzos causados pelos atos golpistas j\u00e1 superam R$ 20 milh\u00f5es aos cofres p\u00fablicos. O valor, entretanto, ainda n\u00e3o \u00e9 definitivo e pode aumentar com a conclus\u00e3o das avalia\u00e7\u00f5es t\u00e9cnicas de bens hist\u00f3ricos de elevado valor simb\u00f3lico e cultural.<\/p>\n<p>O levantamento re\u00fane despesas j\u00e1 realizadas e estimativas apresentadas pelo Supremo Tribunal Federal, pelo Congresso Nacional e pelo Pal\u00e1cio do Planalto, principais alvos dos ataques registrados uma semana ap\u00f3s a posse do presidente Luiz In\u00e1cio Lula da Silva (PT).<\/p>\n<p>Naquele domingo, apoiadores do ex-presidente Jair Bolsonaro romperam barreiras de seguran\u00e7a e invadiram o Congresso, o Planalto e o STF. As imagens transmitidas ao vivo mostraram plen\u00e1rios destru\u00eddos, obras de arte vandalizadas, documentos espalhados e s\u00edmbolos da Rep\u00fablica sendo atacados. Parlamentares e ministros precisaram ser retirados \u00e0s pressas, enquanto a For\u00e7a Nacional e a Guarda Nacional foram acionadas para retomar o controle da Esplanada dos Minist\u00e9rios.<\/p>\n<p>Judici\u00e1rio<\/p>\n<p>O maior impacto financeiro recaiu sobre o Supremo. Segundo dados atualizados da Corte, os danos j\u00e1 alcan\u00e7am cerca de R$ 12 milh\u00f5es, considerando tanto gastos j\u00e1 executados quanto valores ainda projetados. Apenas a destrui\u00e7\u00e3o, furto ou dano irrevers\u00edvel de 951 itens representaram um impacto direto de R$ 8,6 milh\u00f5es. Entre os bens danificados est\u00e3o quatro fotografias do fot\u00f3grafo Sebasti\u00e3o Salgado, avaliadas em R$ 784 mil, al\u00e9m de dez c\u00e2meras da TV Justi\u00e7a, cujo custo de reposi\u00e7\u00e3o chega a R$ 2 milh\u00f5es. Computadores, mobili\u00e1rio, documentos oficiais e equipamentos de seguran\u00e7a tamb\u00e9m foram alvos dos invasores.<\/p>\n<p>(Foto: MATHEUS W ALVES\/FUTURA PRESS\/FUTURA PRESS\/ESTAD\u00c3O CONTE\u00daDO)<\/p>\n","protected":false},"excerpt":{"rendered":"<p>Tr\u00eas anos ap\u00f3s a invas\u00e3o e depreda\u00e7\u00e3o das sedes dos Tr\u00eas Poderes, ocorridas em 8 de janeiro de 2023, os preju\u00edzos causados pelos atos golpistas j\u00e1 superam R$ 20 milh\u00f5es aos cofres p\u00fablicos. O valor, entretanto, ainda n\u00e3o \u00e9 definitivo e pode aumentar com a conclus\u00e3o das avalia\u00e7\u00f5es t\u00e9cnicas de bens hist\u00f3ricos de elevado valor [&hellip;]<\/p>\n","protected":false},"author":8,"featured_media":965778,"comment_status":"closed","ping_status":"closed","sticky":false,"template":"","format":"standard","meta":[],"categories":[3],"tags":[14654,52,11965],"acf":[],"yoast_head":"<!-- This site is optimized with the Yoast SEO plugin v20.8 - https:\/\/yoast.com\/wordpress\/plugins\/seo\/ -->\n<title>ATAQUES DE 8 DE JANEIRO DEIXAM PREJU\u00cdZO DE R$ 20 MILH\u00d5ES AOS COFRES P\u00daBLICOS - Bahia Economica<\/title>\n<meta name=\"description\" content=\"O maior portal de Economia da Bahia ECONOMIA \/ POL\u00cdTICA Bahia Economica Tr\u00eas anos ap\u00f3s a invas\u00e3o e depreda\u00e7\u00e3o das sedes dos Tr\u00eas Poderes,\" \/>\n<meta name=\"robots\" content=\"index, follow, max-snippet:-1, max-image-preview:large, max-video-preview:-1\" \/>\n<link rel=\"canonical\" href=\"https:\/\/bahiaeconomica.com.br\/wp\/2026\/01\/08\/ataques-de-8-de-janeiro-deixam-prejuizo-de-r-20-milhoes-aos-cofres-publicos\/\" \/>\n<meta property=\"og:locale\" content=\"pt_BR\" \/>\n<meta property=\"og:type\" content=\"article\" \/>\n<meta property=\"og:title\" content=\"ATAQUES DE 8 DE JANEIRO DEIXAM PREJU\u00cdZO DE R$ 20 MILH\u00d5ES AOS COFRES P\u00daBLICOS - Bahia Economica\" \/>\n<meta property=\"og:description\" content=\"O maior portal de Economia da Bahia ECONOMIA \/ POL\u00cdTICA Bahia Economica Tr\u00eas anos ap\u00f3s a invas\u00e3o e depreda\u00e7\u00e3o das sedes dos Tr\u00eas Poderes,\" \/>\n<meta property=\"og:url\" content=\"https:\/\/bahiaeconomica.com.br\/wp\/2026\/01\/08\/ataques-de-8-de-janeiro-deixam-prejuizo-de-r-20-milhoes-aos-cofres-publicos\/\" \/>\n<meta property=\"og:site_name\" content=\"Bahia Economica\" \/>\n<meta property=\"article:publisher\" content=\"https:\/\/www.facebook.com\/bahiaeconomica\" \/>\n<meta property=\"article:published_time\" content=\"2026-01-08T11:20:13+00:00\" \/>\n<meta property=\"article:modified_time\" content=\"2026-01-08T11:19:20+00:00\" \/>\n<meta property=\"og:image\" content=\"https:\/\/bahiaeconomica.com.br\/wp\/wp-content\/uploads\/2026\/01\/FUP20230108266.webp\" \/>\n\t<meta property=\"og:image:width\" content=\"2048\" \/>\n\t<meta property=\"og:image:height\" content=\"1366\" \/>\n\t<meta property=\"og:image:type\" content=\"image\/webp\" \/>\n<meta name=\"author\" content=\"JP\" \/>\n<meta name=\"twitter:card\" content=\"summary_large_image\" \/>\n<meta name=\"twitter:label1\" content=\"Escrito por\" \/>\n\t<meta name=\"twitter:data1\" content=\"JP\" \/>\n\t<meta name=\"twitter:label2\" content=\"Est. tempo de leitura\" \/>\n\t<meta name=\"twitter:data2\" content=\"2 minutos\" \/>\n<script type=\"application\/ld+json\" class=\"yoast-schema-graph\">{\"@context\":\"https:\/\/schema.org\",\"@graph\":[{\"@type\":\"Article\",\"@id\":\"https:\/\/bahiaeconomica.com.br\/wp\/2026\/01\/08\/ataques-de-8-de-janeiro-deixam-prejuizo-de-r-20-milhoes-aos-cofres-publicos\/#article\",\"isPartOf\":{\"@id\":\"https:\/\/bahiaeconomica.com.br\/wp\/2026\/01\/08\/ataques-de-8-de-janeiro-deixam-prejuizo-de-r-20-milhoes-aos-cofres-publicos\/\"},\"author\":{\"name\":\"JP\",\"@id\":\"https:\/\/bahiaeconomica.com.br\/wp\/#\/schema\/person\/c86d3a3f8960425a0f9d0e5245991f4e\"},\"headline\":\"ATAQUES DE 8 DE JANEIRO DEIXAM PREJU\u00cdZO DE R$ 20 MILH\u00d5ES AOS COFRES P\u00daBLICOS\",\"datePublished\":\"2026-01-08T11:20:13+00:00\",\"dateModified\":\"2026-01-08T11:19:20+00:00\",\"mainEntityOfPage\":{\"@id\":\"https:\/\/bahiaeconomica.com.br\/wp\/2026\/01\/08\/ataques-de-8-de-janeiro-deixam-prejuizo-de-r-20-milhoes-aos-cofres-publicos\/\"},\"wordCount\":318,\"publisher\":{\"@id\":\"https:\/\/bahiaeconomica.com.br\/wp\/#organization\"},\"keywords\":[\"8 JANEIRO\",\"Brasil\",\"econmia\"],\"articleSection\":[\"ECONOMIA \/ POL\u00cdTICA\"],\"inLanguage\":\"pt-BR\"},{\"@type\":\"WebPage\",\"@id\":\"https:\/\/bahiaeconomica.com.br\/wp\/2026\/01\/08\/ataques-de-8-de-janeiro-deixam-prejuizo-de-r-20-milhoes-aos-cofres-publicos\/\",\"url\":\"https:\/\/bahiaeconomica.com.br\/wp\/2026\/01\/08\/ataques-de-8-de-janeiro-deixam-prejuizo-de-r-20-milhoes-aos-cofres-publicos\/\",\"name\":\"ATAQUES DE 8 DE JANEIRO DEIXAM PREJU\u00cdZO DE R$ 20 MILH\u00d5ES AOS COFRES P\u00daBLICOS - Bahia Economica\",\"isPartOf\":{\"@id\":\"https:\/\/bahiaeconomica.com.br\/wp\/#website\"},\"datePublished\":\"2026-01-08T11:20:13+00:00\",\"dateModified\":\"2026-01-08T11:19:20+00:00\",\"description\":\"O maior portal de Economia da Bahia ECONOMIA \/ POL\u00cdTICA Bahia Economica Tr\u00eas anos ap\u00f3s a invas\u00e3o e depreda\u00e7\u00e3o das sedes dos Tr\u00eas Poderes,\",\"breadcrumb\":{\"@id\":\"https:\/\/bahiaeconomica.com.br\/wp\/2026\/01\/08\/ataques-de-8-de-janeiro-deixam-prejuizo-de-r-20-milhoes-aos-cofres-publicos\/#breadcrumb\"},\"inLanguage\":\"pt-BR\",\"potentialAction\":[{\"@type\":\"ReadAction\",\"target\":[\"https:\/\/bahiaeconomica.com.br\/wp\/2026\/01\/08\/ataques-de-8-de-janeiro-deixam-prejuizo-de-r-20-milhoes-aos-cofres-publicos\/\"]}]},{\"@type\":\"BreadcrumbList\",\"@id\":\"https:\/\/bahiaeconomica.com.br\/wp\/2026\/01\/08\/ataques-de-8-de-janeiro-deixam-prejuizo-de-r-20-milhoes-aos-cofres-publicos\/#breadcrumb\",\"itemListElement\":[{\"@type\":\"ListItem\",\"position\":1,\"name\":\"In\u00edcio\",\"item\":\"https:\/\/bahiaeconomica.com.br\/wp\/\"},{\"@type\":\"ListItem\",\"position\":2,\"name\":\"ATAQUES DE 8 DE JANEIRO DEIXAM PREJU\u00cdZO DE R$ 20 MILH\u00d5ES AOS COFRES P\u00daBLICOS\"}]},{\"@type\":\"WebSite\",\"@id\":\"https:\/\/bahiaeconomica.com.br\/wp\/#website\",\"url\":\"https:\/\/bahiaeconomica.com.br\/wp\/\",\"name\":\"Bahia Economica\",\"description\":\"O maior portal de Economia da Bahia\",\"publisher\":{\"@id\":\"https:\/\/bahiaeconomica.com.br\/wp\/#organization\"},\"potentialAction\":[{\"@type\":\"SearchAction\",\"target\":{\"@type\":\"EntryPoint\",\"urlTemplate\":\"https:\/\/bahiaeconomica.com.br\/wp\/?s={search_term_string}\"},\"query-input\":\"required name=search_term_string\"}],\"inLanguage\":\"pt-BR\"},{\"@type\":\"Organization\",\"@id\":\"https:\/\/bahiaeconomica.com.br\/wp\/#organization\",\"name\":\"Bahia Econ\u00f4mica\",\"url\":\"https:\/\/bahiaeconomica.com.br\/wp\/\",\"logo\":{\"@type\":\"ImageObject\",\"inLanguage\":\"pt-BR\",\"@id\":\"https:\/\/bahiaeconomica.com.br\/wp\/#\/schema\/logo\/image\/\",\"url\":\"https:\/\/bahiaeconomica.com.br\/wp\/wp-content\/uploads\/2020\/12\/cropped-BE.png\",\"contentUrl\":\"https:\/\/bahiaeconomica.com.br\/wp\/wp-content\/uploads\/2020\/12\/cropped-BE.png\",\"width\":512,\"height\":512,\"caption\":\"Bahia Econ\u00f4mica\"},\"image\":{\"@id\":\"https:\/\/bahiaeconomica.com.br\/wp\/#\/schema\/logo\/image\/\"},\"sameAs\":[\"https:\/\/www.facebook.com\/bahiaeconomica\"]},{\"@type\":\"Person\",\"@id\":\"https:\/\/bahiaeconomica.com.br\/wp\/#\/schema\/person\/c86d3a3f8960425a0f9d0e5245991f4e\",\"name\":\"JP\",\"sameAs\":[\"https:\/\/bahiaeconomica.com.br\/wp\/beta\/\"],\"url\":\"https:\/\/bahiaeconomica.com.br\/wp\/author\/jp\/\"}]}<\/script>\n<!-- \/ Yoast SEO plugin. -->","yoast_head_json":{"title":"ATAQUES DE 8 DE JANEIRO DEIXAM PREJU\u00cdZO DE R$ 20 MILH\u00d5ES AOS COFRES P\u00daBLICOS - Bahia Economica","description":"O maior portal de Economia da Bahia ECONOMIA \/ POL\u00cdTICA Bahia Economica Tr\u00eas anos ap\u00f3s a invas\u00e3o e depreda\u00e7\u00e3o das sedes dos Tr\u00eas Poderes,","robots":{"index":"index","follow":"follow","max-snippet":"max-snippet:-1","max-image-preview":"max-image-preview:large","max-video-preview":"max-video-preview:-1"},"canonical":"https:\/\/bahiaeconomica.com.br\/wp\/2026\/01\/08\/ataques-de-8-de-janeiro-deixam-prejuizo-de-r-20-milhoes-aos-cofres-publicos\/","og_locale":"pt_BR","og_type":"article","og_title":"ATAQUES DE 8 DE JANEIRO DEIXAM PREJU\u00cdZO DE R$ 20 MILH\u00d5ES AOS COFRES P\u00daBLICOS - Bahia Economica","og_description":"O maior portal de Economia da Bahia ECONOMIA \/ POL\u00cdTICA Bahia Economica Tr\u00eas anos ap\u00f3s a invas\u00e3o e depreda\u00e7\u00e3o das sedes dos Tr\u00eas Poderes,","og_url":"https:\/\/bahiaeconomica.com.br\/wp\/2026\/01\/08\/ataques-de-8-de-janeiro-deixam-prejuizo-de-r-20-milhoes-aos-cofres-publicos\/","og_site_name":"Bahia Economica","article_publisher":"https:\/\/www.facebook.com\/bahiaeconomica","article_published_time":"2026-01-08T11:20:13+00:00","article_modified_time":"2026-01-08T11:19:20+00:00","og_image":[{"width":2048,"height":1366,"url":"https:\/\/bahiaeconomica.com.br\/wp\/wp-content\/uploads\/2026\/01\/FUP20230108266.webp","type":"image\/webp"}],"author":"JP","twitter_card":"summary_large_image","twitter_misc":{"Escrito por":"JP","Est. tempo de leitura":"2 minutos"},"schema":{"@context":"https:\/\/schema.org","@graph":[{"@type":"Article","@id":"https:\/\/bahiaeconomica.com.br\/wp\/2026\/01\/08\/ataques-de-8-de-janeiro-deixam-prejuizo-de-r-20-milhoes-aos-cofres-publicos\/#article","isPartOf":{"@id":"https:\/\/bahiaeconomica.com.br\/wp\/2026\/01\/08\/ataques-de-8-de-janeiro-deixam-prejuizo-de-r-20-milhoes-aos-cofres-publicos\/"},"author":{"name":"JP","@id":"https:\/\/bahiaeconomica.com.br\/wp\/#\/schema\/person\/c86d3a3f8960425a0f9d0e5245991f4e"},"headline":"ATAQUES DE 8 DE JANEIRO DEIXAM PREJU\u00cdZO DE R$ 20 MILH\u00d5ES AOS COFRES P\u00daBLICOS","datePublished":"2026-01-08T11:20:13+00:00","dateModified":"2026-01-08T11:19:20+00:00","mainEntityOfPage":{"@id":"https:\/\/bahiaeconomica.com.br\/wp\/2026\/01\/08\/ataques-de-8-de-janeiro-deixam-prejuizo-de-r-20-milhoes-aos-cofres-publicos\/"},"wordCount":318,"publisher":{"@id":"https:\/\/bahiaeconomica.com.br\/wp\/#organization"},"keywords":["8 JANEIRO","Brasil","econmia"],"articleSection":["ECONOMIA \/ POL\u00cdTICA"],"inLanguage":"pt-BR"},{"@type":"WebPage","@id":"https:\/\/bahiaeconomica.com.br\/wp\/2026\/01\/08\/ataques-de-8-de-janeiro-deixam-prejuizo-de-r-20-milhoes-aos-cofres-publicos\/","url":"https:\/\/bahiaeconomica.com.br\/wp\/2026\/01\/08\/ataques-de-8-de-janeiro-deixam-prejuizo-de-r-20-milhoes-aos-cofres-publicos\/","name":"ATAQUES DE 8 DE JANEIRO DEIXAM PREJU\u00cdZO DE R$ 20 MILH\u00d5ES AOS COFRES P\u00daBLICOS - Bahia Economica","isPartOf":{"@id":"https:\/\/bahiaeconomica.com.br\/wp\/#website"},"datePublished":"2026-01-08T11:20:13+00:00","dateModified":"2026-01-08T11:19:20+00:00","description":"O maior portal de Economia da Bahia ECONOMIA \/ POL\u00cdTICA Bahia Economica Tr\u00eas anos ap\u00f3s a invas\u00e3o e depreda\u00e7\u00e3o das sedes dos Tr\u00eas Poderes,","breadcrumb":{"@id":"https:\/\/bahiaeconomica.com.br\/wp\/2026\/01\/08\/ataques-de-8-de-janeiro-deixam-prejuizo-de-r-20-milhoes-aos-cofres-publicos\/#breadcrumb"},"inLanguage":"pt-BR","potentialAction":[{"@type":"ReadAction","target":["https:\/\/bahiaeconomica.com.br\/wp\/2026\/01\/08\/ataques-de-8-de-janeiro-deixam-prejuizo-de-r-20-milhoes-aos-cofres-publicos\/"]}]},{"@type":"BreadcrumbList","@id":"https:\/\/bahiaeconomica.com.br\/wp\/2026\/01\/08\/ataques-de-8-de-janeiro-deixam-prejuizo-de-r-20-milhoes-aos-cofres-publicos\/#breadcrumb","itemListElement":[{"@type":"ListItem","position":1,"name":"In\u00edcio","item":"https:\/\/bahiaeconomica.com.br\/wp\/"},{"@type":"ListItem","position":2,"name":"ATAQUES DE 8 DE JANEIRO DEIXAM PREJU\u00cdZO DE R$ 20 MILH\u00d5ES AOS COFRES P\u00daBLICOS"}]},{"@type":"WebSite","@id":"https:\/\/bahiaeconomica.com.br\/wp\/#website","url":"https:\/\/bahiaeconomica.com.br\/wp\/","name":"Bahia Economica","description":"O maior portal de Economia da Bahia","publisher":{"@id":"https:\/\/bahiaeconomica.com.br\/wp\/#organization"},"potentialAction":[{"@type":"SearchAction","target":{"@type":"EntryPoint","urlTemplate":"https:\/\/bahiaeconomica.com.br\/wp\/?s={search_term_string}"},"query-input":"required name=search_term_string"}],"inLanguage":"pt-BR"},{"@type":"Organization","@id":"https:\/\/bahiaeconomica.com.br\/wp\/#organization","name":"Bahia Econ\u00f4mica","url":"https:\/\/bahiaeconomica.com.br\/wp\/","logo":{"@type":"ImageObject","inLanguage":"pt-BR","@id":"https:\/\/bahiaeconomica.com.br\/wp\/#\/schema\/logo\/image\/","url":"https:\/\/bahiaeconomica.com.br\/wp\/wp-content\/uploads\/2020\/12\/cropped-BE.png","contentUrl":"https:\/\/bahiaeconomica.com.br\/wp\/wp-content\/uploads\/2020\/12\/cropped-BE.png","width":512,"height":512,"caption":"Bahia Econ\u00f4mica"},"image":{"@id":"https:\/\/bahiaeconomica.com.br\/wp\/#\/schema\/logo\/image\/"},"sameAs":["https:\/\/www.facebook.com\/bahiaeconomica"]},{"@type":"Person","@id":"https:\/\/bahiaeconomica.com.br\/wp\/#\/schema\/person\/c86d3a3f8960425a0f9d0e5245991f4e","name":"JP","sameAs":["https:\/\/bahiaeconomica.com.br\/wp\/beta\/"],"url":"https:\/\/bahiaeconomica.com.br\/wp\/author\/jp\/"}]}},"views":7,"_links":{"self":[{"href":"https:\/\/bahiaeconomica.com.br\/wp\/wp-json\/wp\/v2\/posts\/965777"}],"collection":[{"href":"https:\/\/bahiaeconomica.com.br\/wp\/wp-json\/wp\/v2\/posts"}],"about":[{"href":"https:\/\/bahiaeconomica.com.br\/wp\/wp-json\/wp\/v2\/types\/post"}],"author":[{"embeddable":true,"href":"https:\/\/bahiaeconomica.com.br\/wp\/wp-json\/wp\/v2\/users\/8"}],"replies":[{"embeddable":true,"href":"https:\/\/bahiaeconomica.com.br\/wp\/wp-json\/wp\/v2\/comments?post=965777"}],"version-history":[{"count":1,"href":"https:\/\/bahiaeconomica.com.br\/wp\/wp-json\/wp\/v2\/posts\/965777\/revisions"}],"predecessor-version":[{"id":965779,"href":"https:\/\/bahiaeconomica.com.br\/wp\/wp-json\/wp\/v2\/posts\/965777\/revisions\/965779"}],"wp:featuredmedia":[{"embeddable":true,"href":"https:\/\/bahiaeconomica.com.br\/wp\/wp-json\/wp\/v2\/media\/965778"}],"wp:attachment":[{"href":"https:\/\/bahiaeconomica.com.br\/wp\/wp-json\/wp\/v2\/media?parent=965777"}],"wp:term":[{"taxonomy":"category","embeddable":true,"href":"https:\/\/bahiaeconomica.com.br\/wp\/wp-json\/wp\/v2\/categories?post=965777"},{"taxonomy":"post_tag","embeddable":true,"href":"https:\/\/bahiaeconomica.com.br\/wp\/wp-json\/wp\/v2\/tags?post=965777"}],"curies":[{"name":"wp","href":"https:\/\/api.w.org\/{rel}","templated":true}]}}