{"id":965484,"date":"2026-01-07T08:38:23","date_gmt":"2026-01-07T11:38:23","guid":{"rendered":"https:\/\/bahiaeconomica.com.br\/wp\/?p=965484"},"modified":"2026-01-07T08:38:23","modified_gmt":"2026-01-07T11:38:23","slug":"santos-anuncia-dia-do-fico-e-confirma-nova-renovacao-de-neymar","status":"publish","type":"post","link":"https:\/\/bahiaeconomica.com.br\/wp\/2026\/01\/07\/santos-anuncia-dia-do-fico-e-confirma-nova-renovacao-de-neymar\/","title":{"rendered":"SANTOS ANUNCIA DIA DO FICO E CONFIRMA NOVA RENOVA\u00c7\u00c3O DE NEYMAR"},"content":{"rendered":"<p data-start=\"77\" data-end=\"374\">O Santos anunciou nesta ter\u00e7a-feira 6\/01\/2026 o \u201cDia do Fico\u201d e confirmou a renova\u00e7\u00e3o de contrato de Neymar pela terceira vez, o craque\u00a0permanecer\u00e1 no clube at\u00e9 dezembro de 2026 . \u00cddolo hist\u00f3rico do clube, o atacante ampliou seu v\u00ednculo em meio a um momento de reconstru\u00e7\u00e3o do Peixe, que aposta na perman\u00eancia do camisa 10 como pilar esportivo e institucional.<\/p>\n<p data-start=\"376\" data-end=\"689\">A nova renova\u00e7\u00e3o refor\u00e7a a identifica\u00e7\u00e3o de Neymar com o Santos, clube que o revelou para o futebol mundial e onde conquistou t\u00edtulos importantes no in\u00edcio da carreira. Desde o retorno, o jogador tem sido pe\u00e7a central dentro e fora de campo, com impacto direto no desempenho da equipe e na mobiliza\u00e7\u00e3o da torcida.<\/p>\n<p data-start=\"691\" data-end=\"973\">Em nota oficial, o Santos destacou a import\u00e2ncia da perman\u00eancia do atleta para o projeto esportivo e para o fortalecimento da marca do clube. A diretoria tamb\u00e9m ressaltou o papel de lideran\u00e7a exercido por Neymar no elenco, especialmente no desenvolvimento dos jogadores mais jovens.<\/p>\n<p data-start=\"975\" data-end=\"1304\" data-is-last-node=\"\" data-is-only-node=\"\">A renova\u00e7\u00e3o foi celebrada nas redes sociais com a campanha \u201cDia do Fico\u201d, que rapidamente ganhou repercuss\u00e3o entre torcedores e ex-jogadores. Com o novo acordo, Neymar segue como principal refer\u00eancia t\u00e9cnica do time para a sequ\u00eancia da temporada, aumentando a expectativa por bons resultados nas competi\u00e7\u00f5es que o Santos disputa.<\/p>\n<p data-start=\"975\" data-end=\"1304\" data-is-last-node=\"\" data-is-only-node=\"\">foto= Cr\u00e9dito: Reprodu\u00e7\u00e3o instagram<\/p>\n","protected":false},"excerpt":{"rendered":"<p>O Santos anunciou nesta ter\u00e7a-feira 6\/01\/2026 o \u201cDia do Fico\u201d e confirmou a renova\u00e7\u00e3o de contrato de Neymar pela terceira vez, o craque\u00a0permanecer\u00e1 no clube at\u00e9 dezembro de 2026 . \u00cddolo hist\u00f3rico do clube, o atacante ampliou seu v\u00ednculo em meio a um momento de reconstru\u00e7\u00e3o do Peixe, que aposta na perman\u00eancia do camisa 10 [&hellip;]<\/p>\n","protected":false},"author":30,"featured_media":965490,"comment_status":"closed","ping_status":"closed","sticky":false,"template":"","format":"standard","meta":[],"categories":[4486],"tags":[16954,1882,4352,1570],"acf":[],"yoast_head":"<!-- This site is optimized with the Yoast SEO plugin v20.8 - https:\/\/yoast.com\/wordpress\/plugins\/seo\/ -->\n<title>SANTOS ANUNCIA DIA DO FICO E CONFIRMA NOVA RENOVA\u00c7\u00c3O DE NEYMAR - Bahia Economica<\/title>\n<meta name=\"description\" content=\"O maior portal de Economia da Bahia Esporte Bahia Economica\" \/>\n<meta name=\"robots\" content=\"index, follow, max-snippet:-1, max-image-preview:large, max-video-preview:-1\" \/>\n<link rel=\"canonical\" href=\"https:\/\/bahiaeconomica.com.br\/wp\/2026\/01\/07\/santos-anuncia-dia-do-fico-e-confirma-nova-renovacao-de-neymar\/\" \/>\n<meta property=\"og:locale\" content=\"pt_BR\" \/>\n<meta property=\"og:type\" content=\"article\" \/>\n<meta property=\"og:title\" content=\"SANTOS ANUNCIA DIA DO FICO E CONFIRMA NOVA RENOVA\u00c7\u00c3O DE NEYMAR - Bahia Economica\" \/>\n<meta property=\"og:description\" content=\"O maior portal de Economia da Bahia Esporte Bahia Economica\" \/>\n<meta property=\"og:url\" content=\"https:\/\/bahiaeconomica.com.br\/wp\/2026\/01\/07\/santos-anuncia-dia-do-fico-e-confirma-nova-renovacao-de-neymar\/\" \/>\n<meta property=\"og:site_name\" content=\"Bahia Economica\" \/>\n<meta property=\"article:publisher\" content=\"https:\/\/www.facebook.com\/bahiaeconomica\" \/>\n<meta property=\"article:published_time\" content=\"2026-01-07T11:38:23+00:00\" \/>\n<meta property=\"og:image\" content=\"https:\/\/bahiaeconomica.com.br\/wp\/wp-content\/uploads\/2026\/01\/craque-fica-no-santos-ate-dezembro-de-2026-3084161-article.webp\" \/>\n\t<meta property=\"og:image:width\" content=\"600\" \/>\n\t<meta property=\"og:image:height\" content=\"400\" \/>\n\t<meta property=\"og:image:type\" content=\"image\/webp\" \/>\n<meta name=\"author\" content=\"Igor Lima\" \/>\n<meta name=\"twitter:card\" content=\"summary_large_image\" \/>\n<meta name=\"twitter:label1\" content=\"Escrito por\" \/>\n\t<meta name=\"twitter:data1\" content=\"Igor Lima\" \/>\n\t<meta name=\"twitter:label2\" content=\"Est. tempo de leitura\" \/>\n\t<meta name=\"twitter:data2\" content=\"2 minutos\" \/>\n<script type=\"application\/ld+json\" class=\"yoast-schema-graph\">{\"@context\":\"https:\/\/schema.org\",\"@graph\":[{\"@type\":\"Article\",\"@id\":\"https:\/\/bahiaeconomica.com.br\/wp\/2026\/01\/07\/santos-anuncia-dia-do-fico-e-confirma-nova-renovacao-de-neymar\/#article\",\"isPartOf\":{\"@id\":\"https:\/\/bahiaeconomica.com.br\/wp\/2026\/01\/07\/santos-anuncia-dia-do-fico-e-confirma-nova-renovacao-de-neymar\/\"},\"author\":{\"name\":\"Igor Lima\",\"@id\":\"https:\/\/bahiaeconomica.com.br\/wp\/#\/schema\/person\/23d69cf5269928c69c6577aa8c98e537\"},\"headline\":\"SANTOS ANUNCIA DIA DO FICO E CONFIRMA NOVA RENOVA\u00c7\u00c3O DE NEYMAR\",\"datePublished\":\"2026-01-07T11:38:23+00:00\",\"dateModified\":\"2026-01-07T11:38:23+00:00\",\"mainEntityOfPage\":{\"@id\":\"https:\/\/bahiaeconomica.com.br\/wp\/2026\/01\/07\/santos-anuncia-dia-do-fico-e-confirma-nova-renovacao-de-neymar\/\"},\"wordCount\":246,\"publisher\":{\"@id\":\"https:\/\/bahiaeconomica.com.br\/wp\/#organization\"},\"keywords\":[\"fico\",\"neymar\",\"renovacao\",\"santos\"],\"articleSection\":[\"Esporte\"],\"inLanguage\":\"pt-BR\"},{\"@type\":\"WebPage\",\"@id\":\"https:\/\/bahiaeconomica.com.br\/wp\/2026\/01\/07\/santos-anuncia-dia-do-fico-e-confirma-nova-renovacao-de-neymar\/\",\"url\":\"https:\/\/bahiaeconomica.com.br\/wp\/2026\/01\/07\/santos-anuncia-dia-do-fico-e-confirma-nova-renovacao-de-neymar\/\",\"name\":\"SANTOS ANUNCIA DIA DO FICO E CONFIRMA NOVA RENOVA\u00c7\u00c3O DE NEYMAR - Bahia Economica\",\"isPartOf\":{\"@id\":\"https:\/\/bahiaeconomica.com.br\/wp\/#website\"},\"datePublished\":\"2026-01-07T11:38:23+00:00\",\"dateModified\":\"2026-01-07T11:38:23+00:00\",\"description\":\"O maior portal de Economia da Bahia Esporte Bahia Economica\",\"breadcrumb\":{\"@id\":\"https:\/\/bahiaeconomica.com.br\/wp\/2026\/01\/07\/santos-anuncia-dia-do-fico-e-confirma-nova-renovacao-de-neymar\/#breadcrumb\"},\"inLanguage\":\"pt-BR\",\"potentialAction\":[{\"@type\":\"ReadAction\",\"target\":[\"https:\/\/bahiaeconomica.com.br\/wp\/2026\/01\/07\/santos-anuncia-dia-do-fico-e-confirma-nova-renovacao-de-neymar\/\"]}]},{\"@type\":\"BreadcrumbList\",\"@id\":\"https:\/\/bahiaeconomica.com.br\/wp\/2026\/01\/07\/santos-anuncia-dia-do-fico-e-confirma-nova-renovacao-de-neymar\/#breadcrumb\",\"itemListElement\":[{\"@type\":\"ListItem\",\"position\":1,\"name\":\"In\u00edcio\",\"item\":\"https:\/\/bahiaeconomica.com.br\/wp\/\"},{\"@type\":\"ListItem\",\"position\":2,\"name\":\"SANTOS ANUNCIA DIA DO FICO E CONFIRMA NOVA RENOVA\u00c7\u00c3O DE NEYMAR\"}]},{\"@type\":\"WebSite\",\"@id\":\"https:\/\/bahiaeconomica.com.br\/wp\/#website\",\"url\":\"https:\/\/bahiaeconomica.com.br\/wp\/\",\"name\":\"Bahia Economica\",\"description\":\"O maior portal de Economia da Bahia\",\"publisher\":{\"@id\":\"https:\/\/bahiaeconomica.com.br\/wp\/#organization\"},\"potentialAction\":[{\"@type\":\"SearchAction\",\"target\":{\"@type\":\"EntryPoint\",\"urlTemplate\":\"https:\/\/bahiaeconomica.com.br\/wp\/?s={search_term_string}\"},\"query-input\":\"required name=search_term_string\"}],\"inLanguage\":\"pt-BR\"},{\"@type\":\"Organization\",\"@id\":\"https:\/\/bahiaeconomica.com.br\/wp\/#organization\",\"name\":\"Bahia Econ\u00f4mica\",\"url\":\"https:\/\/bahiaeconomica.com.br\/wp\/\",\"logo\":{\"@type\":\"ImageObject\",\"inLanguage\":\"pt-BR\",\"@id\":\"https:\/\/bahiaeconomica.com.br\/wp\/#\/schema\/logo\/image\/\",\"url\":\"https:\/\/bahiaeconomica.com.br\/wp\/wp-content\/uploads\/2020\/12\/cropped-BE.png\",\"contentUrl\":\"https:\/\/bahiaeconomica.com.br\/wp\/wp-content\/uploads\/2020\/12\/cropped-BE.png\",\"width\":512,\"height\":512,\"caption\":\"Bahia Econ\u00f4mica\"},\"image\":{\"@id\":\"https:\/\/bahiaeconomica.com.br\/wp\/#\/schema\/logo\/image\/\"},\"sameAs\":[\"https:\/\/www.facebook.com\/bahiaeconomica\"]},{\"@type\":\"Person\",\"@id\":\"https:\/\/bahiaeconomica.com.br\/wp\/#\/schema\/person\/23d69cf5269928c69c6577aa8c98e537\",\"name\":\"Igor Lima\",\"sameAs\":[\"http:\/\/www.bahiaeconomica.com.br\"],\"url\":\"https:\/\/bahiaeconomica.com.br\/wp\/author\/igor-lima\/\"}]}<\/script>\n<!-- \/ Yoast SEO plugin. -->","yoast_head_json":{"title":"SANTOS ANUNCIA DIA DO FICO E CONFIRMA NOVA RENOVA\u00c7\u00c3O DE NEYMAR - Bahia Economica","description":"O maior portal de Economia da Bahia Esporte Bahia Economica","robots":{"index":"index","follow":"follow","max-snippet":"max-snippet:-1","max-image-preview":"max-image-preview:large","max-video-preview":"max-video-preview:-1"},"canonical":"https:\/\/bahiaeconomica.com.br\/wp\/2026\/01\/07\/santos-anuncia-dia-do-fico-e-confirma-nova-renovacao-de-neymar\/","og_locale":"pt_BR","og_type":"article","og_title":"SANTOS ANUNCIA DIA DO FICO E CONFIRMA NOVA RENOVA\u00c7\u00c3O DE NEYMAR - Bahia Economica","og_description":"O maior portal de Economia da Bahia Esporte Bahia Economica","og_url":"https:\/\/bahiaeconomica.com.br\/wp\/2026\/01\/07\/santos-anuncia-dia-do-fico-e-confirma-nova-renovacao-de-neymar\/","og_site_name":"Bahia Economica","article_publisher":"https:\/\/www.facebook.com\/bahiaeconomica","article_published_time":"2026-01-07T11:38:23+00:00","og_image":[{"width":600,"height":400,"url":"https:\/\/bahiaeconomica.com.br\/wp\/wp-content\/uploads\/2026\/01\/craque-fica-no-santos-ate-dezembro-de-2026-3084161-article.webp","type":"image\/webp"}],"author":"Igor Lima","twitter_card":"summary_large_image","twitter_misc":{"Escrito por":"Igor Lima","Est. tempo de leitura":"2 minutos"},"schema":{"@context":"https:\/\/schema.org","@graph":[{"@type":"Article","@id":"https:\/\/bahiaeconomica.com.br\/wp\/2026\/01\/07\/santos-anuncia-dia-do-fico-e-confirma-nova-renovacao-de-neymar\/#article","isPartOf":{"@id":"https:\/\/bahiaeconomica.com.br\/wp\/2026\/01\/07\/santos-anuncia-dia-do-fico-e-confirma-nova-renovacao-de-neymar\/"},"author":{"name":"Igor Lima","@id":"https:\/\/bahiaeconomica.com.br\/wp\/#\/schema\/person\/23d69cf5269928c69c6577aa8c98e537"},"headline":"SANTOS ANUNCIA DIA DO FICO E CONFIRMA NOVA RENOVA\u00c7\u00c3O DE NEYMAR","datePublished":"2026-01-07T11:38:23+00:00","dateModified":"2026-01-07T11:38:23+00:00","mainEntityOfPage":{"@id":"https:\/\/bahiaeconomica.com.br\/wp\/2026\/01\/07\/santos-anuncia-dia-do-fico-e-confirma-nova-renovacao-de-neymar\/"},"wordCount":246,"publisher":{"@id":"https:\/\/bahiaeconomica.com.br\/wp\/#organization"},"keywords":["fico","neymar","renovacao","santos"],"articleSection":["Esporte"],"inLanguage":"pt-BR"},{"@type":"WebPage","@id":"https:\/\/bahiaeconomica.com.br\/wp\/2026\/01\/07\/santos-anuncia-dia-do-fico-e-confirma-nova-renovacao-de-neymar\/","url":"https:\/\/bahiaeconomica.com.br\/wp\/2026\/01\/07\/santos-anuncia-dia-do-fico-e-confirma-nova-renovacao-de-neymar\/","name":"SANTOS ANUNCIA DIA DO FICO E CONFIRMA NOVA RENOVA\u00c7\u00c3O DE NEYMAR - Bahia Economica","isPartOf":{"@id":"https:\/\/bahiaeconomica.com.br\/wp\/#website"},"datePublished":"2026-01-07T11:38:23+00:00","dateModified":"2026-01-07T11:38:23+00:00","description":"O maior portal de Economia da Bahia Esporte Bahia Economica","breadcrumb":{"@id":"https:\/\/bahiaeconomica.com.br\/wp\/2026\/01\/07\/santos-anuncia-dia-do-fico-e-confirma-nova-renovacao-de-neymar\/#breadcrumb"},"inLanguage":"pt-BR","potentialAction":[{"@type":"ReadAction","target":["https:\/\/bahiaeconomica.com.br\/wp\/2026\/01\/07\/santos-anuncia-dia-do-fico-e-confirma-nova-renovacao-de-neymar\/"]}]},{"@type":"BreadcrumbList","@id":"https:\/\/bahiaeconomica.com.br\/wp\/2026\/01\/07\/santos-anuncia-dia-do-fico-e-confirma-nova-renovacao-de-neymar\/#breadcrumb","itemListElement":[{"@type":"ListItem","position":1,"name":"In\u00edcio","item":"https:\/\/bahiaeconomica.com.br\/wp\/"},{"@type":"ListItem","position":2,"name":"SANTOS ANUNCIA DIA DO FICO E CONFIRMA NOVA RENOVA\u00c7\u00c3O DE NEYMAR"}]},{"@type":"WebSite","@id":"https:\/\/bahiaeconomica.com.br\/wp\/#website","url":"https:\/\/bahiaeconomica.com.br\/wp\/","name":"Bahia Economica","description":"O maior portal de Economia da Bahia","publisher":{"@id":"https:\/\/bahiaeconomica.com.br\/wp\/#organization"},"potentialAction":[{"@type":"SearchAction","target":{"@type":"EntryPoint","urlTemplate":"https:\/\/bahiaeconomica.com.br\/wp\/?s={search_term_string}"},"query-input":"required name=search_term_string"}],"inLanguage":"pt-BR"},{"@type":"Organization","@id":"https:\/\/bahiaeconomica.com.br\/wp\/#organization","name":"Bahia Econ\u00f4mica","url":"https:\/\/bahiaeconomica.com.br\/wp\/","logo":{"@type":"ImageObject","inLanguage":"pt-BR","@id":"https:\/\/bahiaeconomica.com.br\/wp\/#\/schema\/logo\/image\/","url":"https:\/\/bahiaeconomica.com.br\/wp\/wp-content\/uploads\/2020\/12\/cropped-BE.png","contentUrl":"https:\/\/bahiaeconomica.com.br\/wp\/wp-content\/uploads\/2020\/12\/cropped-BE.png","width":512,"height":512,"caption":"Bahia Econ\u00f4mica"},"image":{"@id":"https:\/\/bahiaeconomica.com.br\/wp\/#\/schema\/logo\/image\/"},"sameAs":["https:\/\/www.facebook.com\/bahiaeconomica"]},{"@type":"Person","@id":"https:\/\/bahiaeconomica.com.br\/wp\/#\/schema\/person\/23d69cf5269928c69c6577aa8c98e537","name":"Igor Lima","sameAs":["http:\/\/www.bahiaeconomica.com.br"],"url":"https:\/\/bahiaeconomica.com.br\/wp\/author\/igor-lima\/"}]}},"views":19,"_links":{"self":[{"href":"https:\/\/bahiaeconomica.com.br\/wp\/wp-json\/wp\/v2\/posts\/965484"}],"collection":[{"href":"https:\/\/bahiaeconomica.com.br\/wp\/wp-json\/wp\/v2\/posts"}],"about":[{"href":"https:\/\/bahiaeconomica.com.br\/wp\/wp-json\/wp\/v2\/types\/post"}],"author":[{"embeddable":true,"href":"https:\/\/bahiaeconomica.com.br\/wp\/wp-json\/wp\/v2\/users\/30"}],"replies":[{"embeddable":true,"href":"https:\/\/bahiaeconomica.com.br\/wp\/wp-json\/wp\/v2\/comments?post=965484"}],"version-history":[{"count":1,"href":"https:\/\/bahiaeconomica.com.br\/wp\/wp-json\/wp\/v2\/posts\/965484\/revisions"}],"predecessor-version":[{"id":965491,"href":"https:\/\/bahiaeconomica.com.br\/wp\/wp-json\/wp\/v2\/posts\/965484\/revisions\/965491"}],"wp:featuredmedia":[{"embeddable":true,"href":"https:\/\/bahiaeconomica.com.br\/wp\/wp-json\/wp\/v2\/media\/965490"}],"wp:attachment":[{"href":"https:\/\/bahiaeconomica.com.br\/wp\/wp-json\/wp\/v2\/media?parent=965484"}],"wp:term":[{"taxonomy":"category","embeddable":true,"href":"https:\/\/bahiaeconomica.com.br\/wp\/wp-json\/wp\/v2\/categories?post=965484"},{"taxonomy":"post_tag","embeddable":true,"href":"https:\/\/bahiaeconomica.com.br\/wp\/wp-json\/wp\/v2\/tags?post=965484"}],"curies":[{"name":"wp","href":"https:\/\/api.w.org\/{rel}","templated":true}]}}