{"id":965155,"date":"2026-01-06T07:20:30","date_gmt":"2026-01-06T10:20:30","guid":{"rendered":"https:\/\/bahiaeconomica.com.br\/wp\/?p=965155"},"modified":"2026-01-06T06:59:27","modified_gmt":"2026-01-06T09:59:27","slug":"vereador-da-bahia-comemora-captura-de-maduro-pelos-estados-unidos","status":"publish","type":"post","link":"https:\/\/bahiaeconomica.com.br\/wp\/2026\/01\/06\/vereador-da-bahia-comemora-captura-de-maduro-pelos-estados-unidos\/","title":{"rendered":"VEREADOR DA BAHIA COMEMORA CAPTURA DE MADURO PELOS ESTADOS UNIDOS"},"content":{"rendered":"<p>Atrav\u00e9s de suas redes sociais, o vereador Ricardo Almeida (DC) comemorou a captura de Nicol\u00e1s Maduro, da Venezuela, em a\u00e7\u00e3o dos Estados Unidos (<a href=\"https:\/\/bahiaeconomica.com.br\/wp\/2026\/01\/03\/maduro-foi-capturado-por-tropa-de-elite-do-exercito-dos-eua-venezuela-diz-nao-saber-paradeiro-de-maduro\/\">Veja aqui<\/a>). Segundo o pol\u00edtico, os venezuelanos s\u00e3o um povo \u201csofrido, subjugado e com liberdades cessadas\u201d. Na declara\u00e7\u00e3o, o vereador disse que pretende dar visibilidade \u00e0s vozes dos venezuelanos e manifestou solidariedade \u00e0 popula\u00e7\u00e3o do pa\u00eds. Ele ressaltou que, \u201cindependentemente das inten\u00e7\u00f5es ou motiva\u00e7\u00f5es dos Estados Unidos, seu posicionamento \u00e9 de apoio \u00e0 popula\u00e7\u00e3o venezuelana\u201d. Ricardo Almeida tamb\u00e9m afirmou que, em sua avalia\u00e7\u00e3o, o momento exige deixar de lado disputas pol\u00edticas e ideol\u00f3gicas para compreender a realidade enfrentada pelo povo venezuelano. Segundo ele, \u201chavia um povo que precisava de ajuda e que essa ajuda chegou, ainda que de forma dura\u201d.<\/p>\n<p>Foto: Jorge Jesus\/bahia.ba<\/p>\n","protected":false},"excerpt":{"rendered":"<p>Atrav\u00e9s de suas redes sociais, o vereador Ricardo Almeida (DC) comemorou a captura de Nicol\u00e1s Maduro, da Venezuela, em a\u00e7\u00e3o dos Estados Unidos (Veja aqui). Segundo o pol\u00edtico, os venezuelanos s\u00e3o um povo \u201csofrido, subjugado e com liberdades cessadas\u201d. Na declara\u00e7\u00e3o, o vereador disse que pretende dar visibilidade \u00e0s vozes dos venezuelanos e manifestou solidariedade [&hellip;]<\/p>\n","protected":false},"author":8,"featured_media":965156,"comment_status":"closed","ping_status":"closed","sticky":false,"template":"","format":"standard","meta":[],"categories":[14601],"tags":[52,4172,406],"acf":[],"yoast_head":"<!-- This site is optimized with the Yoast SEO plugin v20.8 - https:\/\/yoast.com\/wordpress\/plugins\/seo\/ -->\n<title>VEREADOR DA BAHIA COMEMORA CAPTURA DE MADURO PELOS ESTADOS UNIDOS - Bahia Economica<\/title>\n<meta name=\"description\" content=\"O maior portal de Economia da Bahia Pol\u00edtica Bahia Economica Atrav\u00e9s de suas redes sociais, o vereador Ricardo Almeida\" \/>\n<meta name=\"robots\" content=\"index, follow, max-snippet:-1, max-image-preview:large, max-video-preview:-1\" \/>\n<link rel=\"canonical\" href=\"https:\/\/bahiaeconomica.com.br\/wp\/2026\/01\/06\/vereador-da-bahia-comemora-captura-de-maduro-pelos-estados-unidos\/\" \/>\n<meta property=\"og:locale\" content=\"pt_BR\" \/>\n<meta property=\"og:type\" content=\"article\" \/>\n<meta property=\"og:title\" content=\"VEREADOR DA BAHIA COMEMORA CAPTURA DE MADURO PELOS ESTADOS UNIDOS - Bahia Economica\" \/>\n<meta property=\"og:description\" content=\"O maior portal de Economia da Bahia Pol\u00edtica Bahia Economica Atrav\u00e9s de suas redes sociais, o vereador Ricardo Almeida\" \/>\n<meta property=\"og:url\" content=\"https:\/\/bahiaeconomica.com.br\/wp\/2026\/01\/06\/vereador-da-bahia-comemora-captura-de-maduro-pelos-estados-unidos\/\" \/>\n<meta property=\"og:site_name\" content=\"Bahia Economica\" \/>\n<meta property=\"article:publisher\" content=\"https:\/\/www.facebook.com\/bahiaeconomica\" \/>\n<meta property=\"article:published_time\" content=\"2026-01-06T10:20:30+00:00\" \/>\n<meta property=\"article:modified_time\" content=\"2026-01-06T09:59:27+00:00\" \/>\n<meta property=\"og:image\" content=\"https:\/\/bahiaeconomica.com.br\/wp\/wp-content\/uploads\/2026\/01\/ricardo-almeida.png\" \/>\n\t<meta property=\"og:image:width\" content=\"600\" \/>\n\t<meta property=\"og:image:height\" content=\"420\" \/>\n\t<meta property=\"og:image:type\" content=\"image\/png\" \/>\n<meta name=\"author\" content=\"JP\" \/>\n<meta name=\"twitter:card\" content=\"summary_large_image\" \/>\n<meta name=\"twitter:label1\" content=\"Escrito por\" \/>\n\t<meta name=\"twitter:data1\" content=\"JP\" \/>\n\t<meta name=\"twitter:label2\" content=\"Est. tempo de leitura\" \/>\n\t<meta name=\"twitter:data2\" content=\"1 minuto\" \/>\n<script type=\"application\/ld+json\" class=\"yoast-schema-graph\">{\"@context\":\"https:\/\/schema.org\",\"@graph\":[{\"@type\":\"Article\",\"@id\":\"https:\/\/bahiaeconomica.com.br\/wp\/2026\/01\/06\/vereador-da-bahia-comemora-captura-de-maduro-pelos-estados-unidos\/#article\",\"isPartOf\":{\"@id\":\"https:\/\/bahiaeconomica.com.br\/wp\/2026\/01\/06\/vereador-da-bahia-comemora-captura-de-maduro-pelos-estados-unidos\/\"},\"author\":{\"name\":\"JP\",\"@id\":\"https:\/\/bahiaeconomica.com.br\/wp\/#\/schema\/person\/c86d3a3f8960425a0f9d0e5245991f4e\"},\"headline\":\"VEREADOR DA BAHIA COMEMORA CAPTURA DE MADURO PELOS ESTADOS UNIDOS\",\"datePublished\":\"2026-01-06T10:20:30+00:00\",\"dateModified\":\"2026-01-06T09:59:27+00:00\",\"mainEntityOfPage\":{\"@id\":\"https:\/\/bahiaeconomica.com.br\/wp\/2026\/01\/06\/vereador-da-bahia-comemora-captura-de-maduro-pelos-estados-unidos\/\"},\"wordCount\":150,\"publisher\":{\"@id\":\"https:\/\/bahiaeconomica.com.br\/wp\/#organization\"},\"keywords\":[\"Brasil\",\"maduro\",\"vereador\"],\"articleSection\":[\"Pol\u00edtica\"],\"inLanguage\":\"pt-BR\"},{\"@type\":\"WebPage\",\"@id\":\"https:\/\/bahiaeconomica.com.br\/wp\/2026\/01\/06\/vereador-da-bahia-comemora-captura-de-maduro-pelos-estados-unidos\/\",\"url\":\"https:\/\/bahiaeconomica.com.br\/wp\/2026\/01\/06\/vereador-da-bahia-comemora-captura-de-maduro-pelos-estados-unidos\/\",\"name\":\"VEREADOR DA BAHIA COMEMORA CAPTURA DE MADURO PELOS ESTADOS UNIDOS - Bahia Economica\",\"isPartOf\":{\"@id\":\"https:\/\/bahiaeconomica.com.br\/wp\/#website\"},\"datePublished\":\"2026-01-06T10:20:30+00:00\",\"dateModified\":\"2026-01-06T09:59:27+00:00\",\"description\":\"O maior portal de Economia da Bahia Pol\u00edtica Bahia Economica Atrav\u00e9s de suas redes sociais, o vereador Ricardo Almeida\",\"breadcrumb\":{\"@id\":\"https:\/\/bahiaeconomica.com.br\/wp\/2026\/01\/06\/vereador-da-bahia-comemora-captura-de-maduro-pelos-estados-unidos\/#breadcrumb\"},\"inLanguage\":\"pt-BR\",\"potentialAction\":[{\"@type\":\"ReadAction\",\"target\":[\"https:\/\/bahiaeconomica.com.br\/wp\/2026\/01\/06\/vereador-da-bahia-comemora-captura-de-maduro-pelos-estados-unidos\/\"]}]},{\"@type\":\"BreadcrumbList\",\"@id\":\"https:\/\/bahiaeconomica.com.br\/wp\/2026\/01\/06\/vereador-da-bahia-comemora-captura-de-maduro-pelos-estados-unidos\/#breadcrumb\",\"itemListElement\":[{\"@type\":\"ListItem\",\"position\":1,\"name\":\"In\u00edcio\",\"item\":\"https:\/\/bahiaeconomica.com.br\/wp\/\"},{\"@type\":\"ListItem\",\"position\":2,\"name\":\"VEREADOR DA BAHIA COMEMORA CAPTURA DE MADURO PELOS ESTADOS UNIDOS\"}]},{\"@type\":\"WebSite\",\"@id\":\"https:\/\/bahiaeconomica.com.br\/wp\/#website\",\"url\":\"https:\/\/bahiaeconomica.com.br\/wp\/\",\"name\":\"Bahia Economica\",\"description\":\"O maior portal de Economia da Bahia\",\"publisher\":{\"@id\":\"https:\/\/bahiaeconomica.com.br\/wp\/#organization\"},\"potentialAction\":[{\"@type\":\"SearchAction\",\"target\":{\"@type\":\"EntryPoint\",\"urlTemplate\":\"https:\/\/bahiaeconomica.com.br\/wp\/?s={search_term_string}\"},\"query-input\":\"required name=search_term_string\"}],\"inLanguage\":\"pt-BR\"},{\"@type\":\"Organization\",\"@id\":\"https:\/\/bahiaeconomica.com.br\/wp\/#organization\",\"name\":\"Bahia Econ\u00f4mica\",\"url\":\"https:\/\/bahiaeconomica.com.br\/wp\/\",\"logo\":{\"@type\":\"ImageObject\",\"inLanguage\":\"pt-BR\",\"@id\":\"https:\/\/bahiaeconomica.com.br\/wp\/#\/schema\/logo\/image\/\",\"url\":\"https:\/\/bahiaeconomica.com.br\/wp\/wp-content\/uploads\/2020\/12\/cropped-BE.png\",\"contentUrl\":\"https:\/\/bahiaeconomica.com.br\/wp\/wp-content\/uploads\/2020\/12\/cropped-BE.png\",\"width\":512,\"height\":512,\"caption\":\"Bahia Econ\u00f4mica\"},\"image\":{\"@id\":\"https:\/\/bahiaeconomica.com.br\/wp\/#\/schema\/logo\/image\/\"},\"sameAs\":[\"https:\/\/www.facebook.com\/bahiaeconomica\"]},{\"@type\":\"Person\",\"@id\":\"https:\/\/bahiaeconomica.com.br\/wp\/#\/schema\/person\/c86d3a3f8960425a0f9d0e5245991f4e\",\"name\":\"JP\",\"sameAs\":[\"https:\/\/bahiaeconomica.com.br\/wp\/beta\/\"],\"url\":\"https:\/\/bahiaeconomica.com.br\/wp\/author\/jp\/\"}]}<\/script>\n<!-- \/ Yoast SEO plugin. -->","yoast_head_json":{"title":"VEREADOR DA BAHIA COMEMORA CAPTURA DE MADURO PELOS ESTADOS UNIDOS - Bahia Economica","description":"O maior portal de Economia da Bahia Pol\u00edtica Bahia Economica Atrav\u00e9s de suas redes sociais, o vereador Ricardo Almeida","robots":{"index":"index","follow":"follow","max-snippet":"max-snippet:-1","max-image-preview":"max-image-preview:large","max-video-preview":"max-video-preview:-1"},"canonical":"https:\/\/bahiaeconomica.com.br\/wp\/2026\/01\/06\/vereador-da-bahia-comemora-captura-de-maduro-pelos-estados-unidos\/","og_locale":"pt_BR","og_type":"article","og_title":"VEREADOR DA BAHIA COMEMORA CAPTURA DE MADURO PELOS ESTADOS UNIDOS - Bahia Economica","og_description":"O maior portal de Economia da Bahia Pol\u00edtica Bahia Economica Atrav\u00e9s de suas redes sociais, o vereador Ricardo Almeida","og_url":"https:\/\/bahiaeconomica.com.br\/wp\/2026\/01\/06\/vereador-da-bahia-comemora-captura-de-maduro-pelos-estados-unidos\/","og_site_name":"Bahia Economica","article_publisher":"https:\/\/www.facebook.com\/bahiaeconomica","article_published_time":"2026-01-06T10:20:30+00:00","article_modified_time":"2026-01-06T09:59:27+00:00","og_image":[{"width":600,"height":420,"url":"https:\/\/bahiaeconomica.com.br\/wp\/wp-content\/uploads\/2026\/01\/ricardo-almeida.png","type":"image\/png"}],"author":"JP","twitter_card":"summary_large_image","twitter_misc":{"Escrito por":"JP","Est. tempo de leitura":"1 minuto"},"schema":{"@context":"https:\/\/schema.org","@graph":[{"@type":"Article","@id":"https:\/\/bahiaeconomica.com.br\/wp\/2026\/01\/06\/vereador-da-bahia-comemora-captura-de-maduro-pelos-estados-unidos\/#article","isPartOf":{"@id":"https:\/\/bahiaeconomica.com.br\/wp\/2026\/01\/06\/vereador-da-bahia-comemora-captura-de-maduro-pelos-estados-unidos\/"},"author":{"name":"JP","@id":"https:\/\/bahiaeconomica.com.br\/wp\/#\/schema\/person\/c86d3a3f8960425a0f9d0e5245991f4e"},"headline":"VEREADOR DA BAHIA COMEMORA CAPTURA DE MADURO PELOS ESTADOS UNIDOS","datePublished":"2026-01-06T10:20:30+00:00","dateModified":"2026-01-06T09:59:27+00:00","mainEntityOfPage":{"@id":"https:\/\/bahiaeconomica.com.br\/wp\/2026\/01\/06\/vereador-da-bahia-comemora-captura-de-maduro-pelos-estados-unidos\/"},"wordCount":150,"publisher":{"@id":"https:\/\/bahiaeconomica.com.br\/wp\/#organization"},"keywords":["Brasil","maduro","vereador"],"articleSection":["Pol\u00edtica"],"inLanguage":"pt-BR"},{"@type":"WebPage","@id":"https:\/\/bahiaeconomica.com.br\/wp\/2026\/01\/06\/vereador-da-bahia-comemora-captura-de-maduro-pelos-estados-unidos\/","url":"https:\/\/bahiaeconomica.com.br\/wp\/2026\/01\/06\/vereador-da-bahia-comemora-captura-de-maduro-pelos-estados-unidos\/","name":"VEREADOR DA BAHIA COMEMORA CAPTURA DE MADURO PELOS ESTADOS UNIDOS - Bahia Economica","isPartOf":{"@id":"https:\/\/bahiaeconomica.com.br\/wp\/#website"},"datePublished":"2026-01-06T10:20:30+00:00","dateModified":"2026-01-06T09:59:27+00:00","description":"O maior portal de Economia da Bahia Pol\u00edtica Bahia Economica Atrav\u00e9s de suas redes sociais, o vereador Ricardo Almeida","breadcrumb":{"@id":"https:\/\/bahiaeconomica.com.br\/wp\/2026\/01\/06\/vereador-da-bahia-comemora-captura-de-maduro-pelos-estados-unidos\/#breadcrumb"},"inLanguage":"pt-BR","potentialAction":[{"@type":"ReadAction","target":["https:\/\/bahiaeconomica.com.br\/wp\/2026\/01\/06\/vereador-da-bahia-comemora-captura-de-maduro-pelos-estados-unidos\/"]}]},{"@type":"BreadcrumbList","@id":"https:\/\/bahiaeconomica.com.br\/wp\/2026\/01\/06\/vereador-da-bahia-comemora-captura-de-maduro-pelos-estados-unidos\/#breadcrumb","itemListElement":[{"@type":"ListItem","position":1,"name":"In\u00edcio","item":"https:\/\/bahiaeconomica.com.br\/wp\/"},{"@type":"ListItem","position":2,"name":"VEREADOR DA BAHIA COMEMORA CAPTURA DE MADURO PELOS ESTADOS UNIDOS"}]},{"@type":"WebSite","@id":"https:\/\/bahiaeconomica.com.br\/wp\/#website","url":"https:\/\/bahiaeconomica.com.br\/wp\/","name":"Bahia Economica","description":"O maior portal de Economia da Bahia","publisher":{"@id":"https:\/\/bahiaeconomica.com.br\/wp\/#organization"},"potentialAction":[{"@type":"SearchAction","target":{"@type":"EntryPoint","urlTemplate":"https:\/\/bahiaeconomica.com.br\/wp\/?s={search_term_string}"},"query-input":"required name=search_term_string"}],"inLanguage":"pt-BR"},{"@type":"Organization","@id":"https:\/\/bahiaeconomica.com.br\/wp\/#organization","name":"Bahia Econ\u00f4mica","url":"https:\/\/bahiaeconomica.com.br\/wp\/","logo":{"@type":"ImageObject","inLanguage":"pt-BR","@id":"https:\/\/bahiaeconomica.com.br\/wp\/#\/schema\/logo\/image\/","url":"https:\/\/bahiaeconomica.com.br\/wp\/wp-content\/uploads\/2020\/12\/cropped-BE.png","contentUrl":"https:\/\/bahiaeconomica.com.br\/wp\/wp-content\/uploads\/2020\/12\/cropped-BE.png","width":512,"height":512,"caption":"Bahia Econ\u00f4mica"},"image":{"@id":"https:\/\/bahiaeconomica.com.br\/wp\/#\/schema\/logo\/image\/"},"sameAs":["https:\/\/www.facebook.com\/bahiaeconomica"]},{"@type":"Person","@id":"https:\/\/bahiaeconomica.com.br\/wp\/#\/schema\/person\/c86d3a3f8960425a0f9d0e5245991f4e","name":"JP","sameAs":["https:\/\/bahiaeconomica.com.br\/wp\/beta\/"],"url":"https:\/\/bahiaeconomica.com.br\/wp\/author\/jp\/"}]}},"views":4,"_links":{"self":[{"href":"https:\/\/bahiaeconomica.com.br\/wp\/wp-json\/wp\/v2\/posts\/965155"}],"collection":[{"href":"https:\/\/bahiaeconomica.com.br\/wp\/wp-json\/wp\/v2\/posts"}],"about":[{"href":"https:\/\/bahiaeconomica.com.br\/wp\/wp-json\/wp\/v2\/types\/post"}],"author":[{"embeddable":true,"href":"https:\/\/bahiaeconomica.com.br\/wp\/wp-json\/wp\/v2\/users\/8"}],"replies":[{"embeddable":true,"href":"https:\/\/bahiaeconomica.com.br\/wp\/wp-json\/wp\/v2\/comments?post=965155"}],"version-history":[{"count":1,"href":"https:\/\/bahiaeconomica.com.br\/wp\/wp-json\/wp\/v2\/posts\/965155\/revisions"}],"predecessor-version":[{"id":965157,"href":"https:\/\/bahiaeconomica.com.br\/wp\/wp-json\/wp\/v2\/posts\/965155\/revisions\/965157"}],"wp:featuredmedia":[{"embeddable":true,"href":"https:\/\/bahiaeconomica.com.br\/wp\/wp-json\/wp\/v2\/media\/965156"}],"wp:attachment":[{"href":"https:\/\/bahiaeconomica.com.br\/wp\/wp-json\/wp\/v2\/media?parent=965155"}],"wp:term":[{"taxonomy":"category","embeddable":true,"href":"https:\/\/bahiaeconomica.com.br\/wp\/wp-json\/wp\/v2\/categories?post=965155"},{"taxonomy":"post_tag","embeddable":true,"href":"https:\/\/bahiaeconomica.com.br\/wp\/wp-json\/wp\/v2\/tags?post=965155"}],"curies":[{"name":"wp","href":"https:\/\/api.w.org\/{rel}","templated":true}]}}