{"id":965143,"date":"2026-01-06T06:59:29","date_gmt":"2026-01-06T09:59:29","guid":{"rendered":"https:\/\/bahiaeconomica.com.br\/wp\/?p=965143"},"modified":"2026-01-06T06:46:47","modified_gmt":"2026-01-06T09:46:47","slug":"apesar-de-posse-da-vice-trump-diz-estar-no-comando-da-venezuela","status":"publish","type":"post","link":"https:\/\/bahiaeconomica.com.br\/wp\/2026\/01\/06\/apesar-de-posse-da-vice-trump-diz-estar-no-comando-da-venezuela\/","title":{"rendered":"APESAR DE POSSE DA VICE, TRUMP DIZ ESTAR NO COMANDO DA VENEZUELA"},"content":{"rendered":"<p>O presidente dos Estados Unidos, Donald Trump, afirmou que ele est\u00e1 no comando da Venezuela ap\u00f3s a pris\u00e3o do presidente do pa\u00eds, Nicol\u00e1s Maduro, no \u00faltimo s\u00e1bado, 3. Quando questionado em uma entrevista \u00e0 NBC News nesta segunda-feira, 5, sobre quem est\u00e1 no comando da Venezuela, Trump respondeu: \u201cEu\u201d.<\/p>\n<p>Inicialmente, o presidente citou pela primeira vez um grupo do alto escal\u00e3o dos EUA com \u201cespecialidades diferentes\u201d que est\u00e3o envolvidos: o secret\u00e1rio de Estado, Marco Rubio, o secret\u00e1rio da Defesa, Pete Hegseth, o vice-chefe de gabinete da Casa Branca, Stephen Miller, e o vice-presidente, JD Vance.<\/p>\n<p>A vice de Maduro, Delcy Rodr\u00edguez, tomou posse hoje como presidente interina da Venezuela. Durante uma entrevista \u00e0 revista The Atlantic, Trump j\u00e1 havia dito que Delcy pode pagar um pre\u00e7o ainda maior que Nicol\u00e1s Maduro se n\u00e3o cooperar com os Estados Unidos.<\/p>\n<p>Elei\u00e7\u00f5es<\/p>\n<p>Na mesma entrevista, Trump disse que as elei\u00e7\u00f5es para definir presidenciais na Venezuela n\u00e3o devem ocorrer nos pr\u00f3ximos 30 dias. Segundo ele, n\u00e3o h\u00e1 \u201ca menor chance de as pessoas sequer votarem&#8221; no pr\u00f3ximo m\u00eas\u201d e afirmou que a prioridade agora \u00e9 consertar o pa\u00eds. (A Tarde)<\/p>\n<p>&nbsp;<\/p>\n<p>Foto: Molly Riley \/ Casa Branca<\/p>\n<p>&nbsp;<\/p>\n<p>&nbsp;<\/p>\n","protected":false},"excerpt":{"rendered":"<p>O presidente dos Estados Unidos, Donald Trump, afirmou que ele est\u00e1 no comando da Venezuela ap\u00f3s a pris\u00e3o do presidente do pa\u00eds, Nicol\u00e1s Maduro, no \u00faltimo s\u00e1bado, 3. Quando questionado em uma entrevista \u00e0 NBC News nesta segunda-feira, 5, sobre quem est\u00e1 no comando da Venezuela, Trump respondeu: \u201cEu\u201d. Inicialmente, o presidente citou pela primeira [&hellip;]<\/p>\n","protected":false},"author":8,"featured_media":965144,"comment_status":"closed","ping_status":"closed","sticky":false,"template":"","format":"standard","meta":[],"categories":[14,3],"tags":[34281,700,4172,32257,43059,6626,14378],"acf":[],"yoast_head":"<!-- This site is optimized with the Yoast SEO plugin v20.8 - https:\/\/yoast.com\/wordpress\/plugins\/seo\/ -->\n<title>APESAR DE POSSE DA VICE, TRUMP DIZ ESTAR NO COMANDO DA VENEZUELA - Bahia Economica<\/title>\n<meta name=\"description\" content=\"O maior portal de Economia da Bahia DESTAQUE DO DIA, ECONOMIA \/ POL\u00cdTICA Bahia Economica APESAR DE POSSE DA VICE, TRUMP DIZ ESTAR\" \/>\n<meta name=\"robots\" content=\"index, follow, max-snippet:-1, max-image-preview:large, max-video-preview:-1\" \/>\n<link rel=\"canonical\" href=\"https:\/\/bahiaeconomica.com.br\/wp\/2026\/01\/06\/apesar-de-posse-da-vice-trump-diz-estar-no-comando-da-venezuela\/\" \/>\n<meta property=\"og:locale\" content=\"pt_BR\" \/>\n<meta property=\"og:type\" content=\"article\" \/>\n<meta property=\"og:title\" content=\"APESAR DE POSSE DA VICE, TRUMP DIZ ESTAR NO COMANDO DA VENEZUELA - Bahia Economica\" \/>\n<meta property=\"og:description\" content=\"O maior portal de Economia da Bahia DESTAQUE DO DIA, ECONOMIA \/ POL\u00cdTICA Bahia Economica APESAR DE POSSE DA VICE, TRUMP DIZ ESTAR\" \/>\n<meta property=\"og:url\" content=\"https:\/\/bahiaeconomica.com.br\/wp\/2026\/01\/06\/apesar-de-posse-da-vice-trump-diz-estar-no-comando-da-venezuela\/\" \/>\n<meta property=\"og:site_name\" content=\"Bahia Economica\" \/>\n<meta property=\"article:publisher\" content=\"https:\/\/www.facebook.com\/bahiaeconomica\" \/>\n<meta property=\"article:published_time\" content=\"2026-01-06T09:59:29+00:00\" \/>\n<meta property=\"article:modified_time\" content=\"2026-01-06T09:46:47+00:00\" \/>\n<meta property=\"og:image\" content=\"https:\/\/bahiaeconomica.com.br\/wp\/wp-content\/uploads\/2026\/01\/Apesar-de-posse-da-vice-Trump-diz-estar-no-comando0137494400202601052149-ScaleDownProportional-e1767692771276.webp\" \/>\n\t<meta property=\"og:image:width\" content=\"1080\" \/>\n\t<meta property=\"og:image:height\" content=\"461\" \/>\n\t<meta property=\"og:image:type\" content=\"image\/webp\" \/>\n<meta name=\"author\" content=\"JP\" \/>\n<meta name=\"twitter:card\" content=\"summary_large_image\" \/>\n<meta name=\"twitter:label1\" content=\"Escrito por\" \/>\n\t<meta name=\"twitter:data1\" content=\"JP\" \/>\n\t<meta name=\"twitter:label2\" content=\"Est. tempo de leitura\" \/>\n\t<meta name=\"twitter:data2\" content=\"2 minutos\" \/>\n<script type=\"application\/ld+json\" class=\"yoast-schema-graph\">{\"@context\":\"https:\/\/schema.org\",\"@graph\":[{\"@type\":\"Article\",\"@id\":\"https:\/\/bahiaeconomica.com.br\/wp\/2026\/01\/06\/apesar-de-posse-da-vice-trump-diz-estar-no-comando-da-venezuela\/#article\",\"isPartOf\":{\"@id\":\"https:\/\/bahiaeconomica.com.br\/wp\/2026\/01\/06\/apesar-de-posse-da-vice-trump-diz-estar-no-comando-da-venezuela\/\"},\"author\":{\"name\":\"JP\",\"@id\":\"https:\/\/bahiaeconomica.com.br\/wp\/#\/schema\/person\/c86d3a3f8960425a0f9d0e5245991f4e\"},\"headline\":\"APESAR DE POSSE DA VICE, TRUMP DIZ ESTAR NO COMANDO DA VENEZUELA\",\"datePublished\":\"2026-01-06T09:59:29+00:00\",\"dateModified\":\"2026-01-06T09:46:47+00:00\",\"mainEntityOfPage\":{\"@id\":\"https:\/\/bahiaeconomica.com.br\/wp\/2026\/01\/06\/apesar-de-posse-da-vice-trump-diz-estar-no-comando-da-venezuela\/\"},\"wordCount\":221,\"publisher\":{\"@id\":\"https:\/\/bahiaeconomica.com.br\/wp\/#organization\"},\"keywords\":[\"Donald\",\"eleicoes\",\"maduro\",\"NICOLAS\",\"Rodr\u00edguez\",\"trump\",\"venezuela\"],\"articleSection\":[\"DESTAQUE DO DIA\",\"ECONOMIA \/ POL\u00cdTICA\"],\"inLanguage\":\"pt-BR\"},{\"@type\":\"WebPage\",\"@id\":\"https:\/\/bahiaeconomica.com.br\/wp\/2026\/01\/06\/apesar-de-posse-da-vice-trump-diz-estar-no-comando-da-venezuela\/\",\"url\":\"https:\/\/bahiaeconomica.com.br\/wp\/2026\/01\/06\/apesar-de-posse-da-vice-trump-diz-estar-no-comando-da-venezuela\/\",\"name\":\"APESAR DE POSSE DA VICE, TRUMP DIZ ESTAR NO COMANDO DA VENEZUELA - Bahia Economica\",\"isPartOf\":{\"@id\":\"https:\/\/bahiaeconomica.com.br\/wp\/#website\"},\"datePublished\":\"2026-01-06T09:59:29+00:00\",\"dateModified\":\"2026-01-06T09:46:47+00:00\",\"description\":\"O maior portal de Economia da Bahia DESTAQUE DO DIA, ECONOMIA \/ POL\u00cdTICA Bahia Economica APESAR DE POSSE DA VICE, TRUMP DIZ ESTAR\",\"breadcrumb\":{\"@id\":\"https:\/\/bahiaeconomica.com.br\/wp\/2026\/01\/06\/apesar-de-posse-da-vice-trump-diz-estar-no-comando-da-venezuela\/#breadcrumb\"},\"inLanguage\":\"pt-BR\",\"potentialAction\":[{\"@type\":\"ReadAction\",\"target\":[\"https:\/\/bahiaeconomica.com.br\/wp\/2026\/01\/06\/apesar-de-posse-da-vice-trump-diz-estar-no-comando-da-venezuela\/\"]}]},{\"@type\":\"BreadcrumbList\",\"@id\":\"https:\/\/bahiaeconomica.com.br\/wp\/2026\/01\/06\/apesar-de-posse-da-vice-trump-diz-estar-no-comando-da-venezuela\/#breadcrumb\",\"itemListElement\":[{\"@type\":\"ListItem\",\"position\":1,\"name\":\"In\u00edcio\",\"item\":\"https:\/\/bahiaeconomica.com.br\/wp\/\"},{\"@type\":\"ListItem\",\"position\":2,\"name\":\"APESAR DE POSSE DA VICE, TRUMP DIZ ESTAR NO COMANDO DA VENEZUELA\"}]},{\"@type\":\"WebSite\",\"@id\":\"https:\/\/bahiaeconomica.com.br\/wp\/#website\",\"url\":\"https:\/\/bahiaeconomica.com.br\/wp\/\",\"name\":\"Bahia Economica\",\"description\":\"O maior portal de Economia da Bahia\",\"publisher\":{\"@id\":\"https:\/\/bahiaeconomica.com.br\/wp\/#organization\"},\"potentialAction\":[{\"@type\":\"SearchAction\",\"target\":{\"@type\":\"EntryPoint\",\"urlTemplate\":\"https:\/\/bahiaeconomica.com.br\/wp\/?s={search_term_string}\"},\"query-input\":\"required name=search_term_string\"}],\"inLanguage\":\"pt-BR\"},{\"@type\":\"Organization\",\"@id\":\"https:\/\/bahiaeconomica.com.br\/wp\/#organization\",\"name\":\"Bahia Econ\u00f4mica\",\"url\":\"https:\/\/bahiaeconomica.com.br\/wp\/\",\"logo\":{\"@type\":\"ImageObject\",\"inLanguage\":\"pt-BR\",\"@id\":\"https:\/\/bahiaeconomica.com.br\/wp\/#\/schema\/logo\/image\/\",\"url\":\"https:\/\/bahiaeconomica.com.br\/wp\/wp-content\/uploads\/2020\/12\/cropped-BE.png\",\"contentUrl\":\"https:\/\/bahiaeconomica.com.br\/wp\/wp-content\/uploads\/2020\/12\/cropped-BE.png\",\"width\":512,\"height\":512,\"caption\":\"Bahia Econ\u00f4mica\"},\"image\":{\"@id\":\"https:\/\/bahiaeconomica.com.br\/wp\/#\/schema\/logo\/image\/\"},\"sameAs\":[\"https:\/\/www.facebook.com\/bahiaeconomica\"]},{\"@type\":\"Person\",\"@id\":\"https:\/\/bahiaeconomica.com.br\/wp\/#\/schema\/person\/c86d3a3f8960425a0f9d0e5245991f4e\",\"name\":\"JP\",\"sameAs\":[\"https:\/\/bahiaeconomica.com.br\/wp\/beta\/\"],\"url\":\"https:\/\/bahiaeconomica.com.br\/wp\/author\/jp\/\"}]}<\/script>\n<!-- \/ Yoast SEO plugin. -->","yoast_head_json":{"title":"APESAR DE POSSE DA VICE, TRUMP DIZ ESTAR NO COMANDO DA VENEZUELA - Bahia Economica","description":"O maior portal de Economia da Bahia DESTAQUE DO DIA, ECONOMIA \/ POL\u00cdTICA Bahia Economica APESAR DE POSSE DA VICE, TRUMP DIZ ESTAR","robots":{"index":"index","follow":"follow","max-snippet":"max-snippet:-1","max-image-preview":"max-image-preview:large","max-video-preview":"max-video-preview:-1"},"canonical":"https:\/\/bahiaeconomica.com.br\/wp\/2026\/01\/06\/apesar-de-posse-da-vice-trump-diz-estar-no-comando-da-venezuela\/","og_locale":"pt_BR","og_type":"article","og_title":"APESAR DE POSSE DA VICE, TRUMP DIZ ESTAR NO COMANDO DA VENEZUELA - Bahia Economica","og_description":"O maior portal de Economia da Bahia DESTAQUE DO DIA, ECONOMIA \/ POL\u00cdTICA Bahia Economica APESAR DE POSSE DA VICE, TRUMP DIZ ESTAR","og_url":"https:\/\/bahiaeconomica.com.br\/wp\/2026\/01\/06\/apesar-de-posse-da-vice-trump-diz-estar-no-comando-da-venezuela\/","og_site_name":"Bahia Economica","article_publisher":"https:\/\/www.facebook.com\/bahiaeconomica","article_published_time":"2026-01-06T09:59:29+00:00","article_modified_time":"2026-01-06T09:46:47+00:00","og_image":[{"width":1080,"height":461,"url":"https:\/\/bahiaeconomica.com.br\/wp\/wp-content\/uploads\/2026\/01\/Apesar-de-posse-da-vice-Trump-diz-estar-no-comando0137494400202601052149-ScaleDownProportional-e1767692771276.webp","type":"image\/webp"}],"author":"JP","twitter_card":"summary_large_image","twitter_misc":{"Escrito por":"JP","Est. tempo de leitura":"2 minutos"},"schema":{"@context":"https:\/\/schema.org","@graph":[{"@type":"Article","@id":"https:\/\/bahiaeconomica.com.br\/wp\/2026\/01\/06\/apesar-de-posse-da-vice-trump-diz-estar-no-comando-da-venezuela\/#article","isPartOf":{"@id":"https:\/\/bahiaeconomica.com.br\/wp\/2026\/01\/06\/apesar-de-posse-da-vice-trump-diz-estar-no-comando-da-venezuela\/"},"author":{"name":"JP","@id":"https:\/\/bahiaeconomica.com.br\/wp\/#\/schema\/person\/c86d3a3f8960425a0f9d0e5245991f4e"},"headline":"APESAR DE POSSE DA VICE, TRUMP DIZ ESTAR NO COMANDO DA VENEZUELA","datePublished":"2026-01-06T09:59:29+00:00","dateModified":"2026-01-06T09:46:47+00:00","mainEntityOfPage":{"@id":"https:\/\/bahiaeconomica.com.br\/wp\/2026\/01\/06\/apesar-de-posse-da-vice-trump-diz-estar-no-comando-da-venezuela\/"},"wordCount":221,"publisher":{"@id":"https:\/\/bahiaeconomica.com.br\/wp\/#organization"},"keywords":["Donald","eleicoes","maduro","NICOLAS","Rodr\u00edguez","trump","venezuela"],"articleSection":["DESTAQUE DO DIA","ECONOMIA \/ POL\u00cdTICA"],"inLanguage":"pt-BR"},{"@type":"WebPage","@id":"https:\/\/bahiaeconomica.com.br\/wp\/2026\/01\/06\/apesar-de-posse-da-vice-trump-diz-estar-no-comando-da-venezuela\/","url":"https:\/\/bahiaeconomica.com.br\/wp\/2026\/01\/06\/apesar-de-posse-da-vice-trump-diz-estar-no-comando-da-venezuela\/","name":"APESAR DE POSSE DA VICE, TRUMP DIZ ESTAR NO COMANDO DA VENEZUELA - Bahia Economica","isPartOf":{"@id":"https:\/\/bahiaeconomica.com.br\/wp\/#website"},"datePublished":"2026-01-06T09:59:29+00:00","dateModified":"2026-01-06T09:46:47+00:00","description":"O maior portal de Economia da Bahia DESTAQUE DO DIA, ECONOMIA \/ POL\u00cdTICA Bahia Economica APESAR DE POSSE DA VICE, TRUMP DIZ ESTAR","breadcrumb":{"@id":"https:\/\/bahiaeconomica.com.br\/wp\/2026\/01\/06\/apesar-de-posse-da-vice-trump-diz-estar-no-comando-da-venezuela\/#breadcrumb"},"inLanguage":"pt-BR","potentialAction":[{"@type":"ReadAction","target":["https:\/\/bahiaeconomica.com.br\/wp\/2026\/01\/06\/apesar-de-posse-da-vice-trump-diz-estar-no-comando-da-venezuela\/"]}]},{"@type":"BreadcrumbList","@id":"https:\/\/bahiaeconomica.com.br\/wp\/2026\/01\/06\/apesar-de-posse-da-vice-trump-diz-estar-no-comando-da-venezuela\/#breadcrumb","itemListElement":[{"@type":"ListItem","position":1,"name":"In\u00edcio","item":"https:\/\/bahiaeconomica.com.br\/wp\/"},{"@type":"ListItem","position":2,"name":"APESAR DE POSSE DA VICE, TRUMP DIZ ESTAR NO COMANDO DA VENEZUELA"}]},{"@type":"WebSite","@id":"https:\/\/bahiaeconomica.com.br\/wp\/#website","url":"https:\/\/bahiaeconomica.com.br\/wp\/","name":"Bahia Economica","description":"O maior portal de Economia da Bahia","publisher":{"@id":"https:\/\/bahiaeconomica.com.br\/wp\/#organization"},"potentialAction":[{"@type":"SearchAction","target":{"@type":"EntryPoint","urlTemplate":"https:\/\/bahiaeconomica.com.br\/wp\/?s={search_term_string}"},"query-input":"required name=search_term_string"}],"inLanguage":"pt-BR"},{"@type":"Organization","@id":"https:\/\/bahiaeconomica.com.br\/wp\/#organization","name":"Bahia Econ\u00f4mica","url":"https:\/\/bahiaeconomica.com.br\/wp\/","logo":{"@type":"ImageObject","inLanguage":"pt-BR","@id":"https:\/\/bahiaeconomica.com.br\/wp\/#\/schema\/logo\/image\/","url":"https:\/\/bahiaeconomica.com.br\/wp\/wp-content\/uploads\/2020\/12\/cropped-BE.png","contentUrl":"https:\/\/bahiaeconomica.com.br\/wp\/wp-content\/uploads\/2020\/12\/cropped-BE.png","width":512,"height":512,"caption":"Bahia Econ\u00f4mica"},"image":{"@id":"https:\/\/bahiaeconomica.com.br\/wp\/#\/schema\/logo\/image\/"},"sameAs":["https:\/\/www.facebook.com\/bahiaeconomica"]},{"@type":"Person","@id":"https:\/\/bahiaeconomica.com.br\/wp\/#\/schema\/person\/c86d3a3f8960425a0f9d0e5245991f4e","name":"JP","sameAs":["https:\/\/bahiaeconomica.com.br\/wp\/beta\/"],"url":"https:\/\/bahiaeconomica.com.br\/wp\/author\/jp\/"}]}},"views":4,"_links":{"self":[{"href":"https:\/\/bahiaeconomica.com.br\/wp\/wp-json\/wp\/v2\/posts\/965143"}],"collection":[{"href":"https:\/\/bahiaeconomica.com.br\/wp\/wp-json\/wp\/v2\/posts"}],"about":[{"href":"https:\/\/bahiaeconomica.com.br\/wp\/wp-json\/wp\/v2\/types\/post"}],"author":[{"embeddable":true,"href":"https:\/\/bahiaeconomica.com.br\/wp\/wp-json\/wp\/v2\/users\/8"}],"replies":[{"embeddable":true,"href":"https:\/\/bahiaeconomica.com.br\/wp\/wp-json\/wp\/v2\/comments?post=965143"}],"version-history":[{"count":1,"href":"https:\/\/bahiaeconomica.com.br\/wp\/wp-json\/wp\/v2\/posts\/965143\/revisions"}],"predecessor-version":[{"id":965145,"href":"https:\/\/bahiaeconomica.com.br\/wp\/wp-json\/wp\/v2\/posts\/965143\/revisions\/965145"}],"wp:featuredmedia":[{"embeddable":true,"href":"https:\/\/bahiaeconomica.com.br\/wp\/wp-json\/wp\/v2\/media\/965144"}],"wp:attachment":[{"href":"https:\/\/bahiaeconomica.com.br\/wp\/wp-json\/wp\/v2\/media?parent=965143"}],"wp:term":[{"taxonomy":"category","embeddable":true,"href":"https:\/\/bahiaeconomica.com.br\/wp\/wp-json\/wp\/v2\/categories?post=965143"},{"taxonomy":"post_tag","embeddable":true,"href":"https:\/\/bahiaeconomica.com.br\/wp\/wp-json\/wp\/v2\/tags?post=965143"}],"curies":[{"name":"wp","href":"https:\/\/api.w.org\/{rel}","templated":true}]}}