{"id":965079,"date":"2026-01-05T17:20:18","date_gmt":"2026-01-05T20:20:18","guid":{"rendered":"https:\/\/bahiaeconomica.com.br\/wp\/?p=965079"},"modified":"2026-01-05T16:31:57","modified_gmt":"2026-01-05T19:31:57","slug":"lula-conversou-com-delcy-rodriguez-presidente-interina-da-venezuela","status":"publish","type":"post","link":"https:\/\/bahiaeconomica.com.br\/wp\/2026\/01\/05\/lula-conversou-com-delcy-rodriguez-presidente-interina-da-venezuela\/","title":{"rendered":"LULA CONVERSOU COM DELCY RODR\u00cdGUEZ, PRESIDENTE INTERINA DA VENEZUELA"},"content":{"rendered":"<p>O presidente Luiz In\u00e1cio Lula da Silva falou por telefone, na manh\u00e3 de s\u00e1bado (3), com a vice-presidente da Venezuela, Delcy Rodr\u00edguez, que assumiu o comando interino do pa\u00eds ap\u00f3s a invas\u00e3o militar dos Estados Unidos (EUA), em Caracas, que resultou no sequestro do presidente, Nicol\u00e1s Maduro, e da primeira-dama, C\u00edlia Flores.<\/p>\n<p>Segundo informa\u00e7\u00f5es do Pal\u00e1cio do Planalto, a conversa telef\u00f4nica tratou da situa\u00e7\u00e3o pol\u00edtica daquele momento, sem mais detalhes. Desde ontem (4), as For\u00e7as Armadas venezuelanas reconheceram Delcy Rodr\u00edguez como presidente interina da Venezuela.<\/p>\n<p>Em carta p\u00fablica endere\u00e7ada ao presidente dos EUA, Donald Trump, a presidente interina classificou como priorit\u00e1rio avan\u00e7ar para um relacionamento &#8220;equilibrado e respeitoso&#8221; com o pa\u00eds norte-americano, &#8220;baseado na igualdade e n\u00e3o na inger\u00eancia&#8221;.<\/p>\n<p>J\u00e1 pelo lado de Trump, houve indica\u00e7\u00e3o de que os EUA pretendem exigir que seus interesses sejam atendidos pelo governo interino da Venezuela. O presidente dos EUA j\u00e1 deixou claro que quer controlar as reservas de petr\u00f3leo da Venezuela, as maiores do mundo.<\/p>\n<p>Sequestrados em Caracas e levados \u00e0 Nova York, onde est\u00e3o detidos em um pres\u00eddio federal, Maduro e C\u00edlia Flores passaram por audi\u00eancia de cust\u00f3dia no Tribunal Federal da cidade. Eles foram notificados de maneira oficial sobre seus supostos crimes. O casal est\u00e1 detido em um pres\u00eddio federal no bairro do Brooklyn, tamb\u00e9m em Nova York.<\/p>\n<p>Maduro e sua esposa s\u00e3o acusados de comandar um governo corrupto e sem legitimidade. Tamb\u00e9m h\u00e1 acusa\u00e7\u00f5es de promover o narcoterrorismo e conspira\u00e7\u00e3o para importar coca\u00edna, posse de metralhadoras e dispositivos explosivos e conspira\u00e7\u00e3o para posse de metralhadoras e dispositivos explosivos. As acusa\u00e7\u00f5es n\u00e3o trazem provas.<\/p>\n<p>FOTO: REPRODU\u00c7\u00c3O<\/p>\n","protected":false},"excerpt":{"rendered":"<p>O presidente Luiz In\u00e1cio Lula da Silva falou por telefone, na manh\u00e3 de s\u00e1bado (3), com a vice-presidente da Venezuela, Delcy Rodr\u00edguez, que assumiu o comando interino do pa\u00eds ap\u00f3s a invas\u00e3o militar dos Estados Unidos (EUA), em Caracas, que resultou no sequestro do presidente, Nicol\u00e1s Maduro, e da primeira-dama, C\u00edlia Flores. Segundo informa\u00e7\u00f5es do [&hellip;]<\/p>\n","protected":false},"author":15,"featured_media":965082,"comment_status":"closed","ping_status":"closed","sticky":false,"template":"","format":"standard","meta":[],"categories":[14601],"tags":[],"acf":[],"yoast_head":"<!-- This site is optimized with the Yoast SEO plugin v20.8 - https:\/\/yoast.com\/wordpress\/plugins\/seo\/ -->\n<title>LULA CONVERSOU COM DELCY RODR\u00cdGUEZ, PRESIDENTE INTERINA DA VENEZUELA - Bahia Economica<\/title>\n<meta name=\"description\" content=\"O maior portal de Economia da Bahia Pol\u00edtica Bahia Economica\" \/>\n<meta name=\"robots\" content=\"index, follow, max-snippet:-1, max-image-preview:large, max-video-preview:-1\" \/>\n<link rel=\"canonical\" href=\"https:\/\/bahiaeconomica.com.br\/wp\/2026\/01\/05\/lula-conversou-com-delcy-rodriguez-presidente-interina-da-venezuela\/\" \/>\n<meta property=\"og:locale\" content=\"pt_BR\" \/>\n<meta property=\"og:type\" content=\"article\" \/>\n<meta property=\"og:title\" content=\"LULA CONVERSOU COM DELCY RODR\u00cdGUEZ, PRESIDENTE INTERINA DA VENEZUELA - Bahia Economica\" \/>\n<meta property=\"og:description\" content=\"O maior portal de Economia da Bahia Pol\u00edtica Bahia Economica\" \/>\n<meta property=\"og:url\" content=\"https:\/\/bahiaeconomica.com.br\/wp\/2026\/01\/05\/lula-conversou-com-delcy-rodriguez-presidente-interina-da-venezuela\/\" \/>\n<meta property=\"og:site_name\" content=\"Bahia Economica\" \/>\n<meta property=\"article:publisher\" content=\"https:\/\/www.facebook.com\/bahiaeconomica\" \/>\n<meta property=\"article:published_time\" content=\"2026-01-05T20:20:18+00:00\" \/>\n<meta property=\"article:modified_time\" content=\"2026-01-05T19:31:57+00:00\" \/>\n<meta property=\"og:image\" content=\"https:\/\/bahiaeconomica.com.br\/wp\/wp-content\/uploads\/2026\/01\/Captura-de-Tela-2026-01-04-as-20.54.00.webp\" \/>\n\t<meta property=\"og:image:width\" content=\"1154\" \/>\n\t<meta property=\"og:image:height\" content=\"564\" \/>\n\t<meta property=\"og:image:type\" content=\"image\/webp\" \/>\n<meta name=\"author\" content=\"VICTORIA ISABEL\" \/>\n<meta name=\"twitter:card\" content=\"summary_large_image\" \/>\n<meta name=\"twitter:label1\" content=\"Escrito por\" \/>\n\t<meta name=\"twitter:data1\" content=\"VICTORIA ISABEL\" \/>\n\t<meta name=\"twitter:label2\" content=\"Est. tempo de leitura\" \/>\n\t<meta name=\"twitter:data2\" content=\"2 minutos\" \/>\n<script type=\"application\/ld+json\" class=\"yoast-schema-graph\">{\"@context\":\"https:\/\/schema.org\",\"@graph\":[{\"@type\":\"Article\",\"@id\":\"https:\/\/bahiaeconomica.com.br\/wp\/2026\/01\/05\/lula-conversou-com-delcy-rodriguez-presidente-interina-da-venezuela\/#article\",\"isPartOf\":{\"@id\":\"https:\/\/bahiaeconomica.com.br\/wp\/2026\/01\/05\/lula-conversou-com-delcy-rodriguez-presidente-interina-da-venezuela\/\"},\"author\":{\"name\":\"VICTORIA ISABEL\",\"@id\":\"https:\/\/bahiaeconomica.com.br\/wp\/#\/schema\/person\/b719ce0fb1c09f3c7a00d9243ced4a6f\"},\"headline\":\"LULA CONVERSOU COM DELCY RODR\u00cdGUEZ, PRESIDENTE INTERINA DA VENEZUELA\",\"datePublished\":\"2026-01-05T20:20:18+00:00\",\"dateModified\":\"2026-01-05T19:31:57+00:00\",\"mainEntityOfPage\":{\"@id\":\"https:\/\/bahiaeconomica.com.br\/wp\/2026\/01\/05\/lula-conversou-com-delcy-rodriguez-presidente-interina-da-venezuela\/\"},\"wordCount\":312,\"publisher\":{\"@id\":\"https:\/\/bahiaeconomica.com.br\/wp\/#organization\"},\"articleSection\":[\"Pol\u00edtica\"],\"inLanguage\":\"pt-BR\"},{\"@type\":\"WebPage\",\"@id\":\"https:\/\/bahiaeconomica.com.br\/wp\/2026\/01\/05\/lula-conversou-com-delcy-rodriguez-presidente-interina-da-venezuela\/\",\"url\":\"https:\/\/bahiaeconomica.com.br\/wp\/2026\/01\/05\/lula-conversou-com-delcy-rodriguez-presidente-interina-da-venezuela\/\",\"name\":\"LULA CONVERSOU COM DELCY RODR\u00cdGUEZ, PRESIDENTE INTERINA DA VENEZUELA - Bahia Economica\",\"isPartOf\":{\"@id\":\"https:\/\/bahiaeconomica.com.br\/wp\/#website\"},\"datePublished\":\"2026-01-05T20:20:18+00:00\",\"dateModified\":\"2026-01-05T19:31:57+00:00\",\"description\":\"O maior portal de Economia da Bahia Pol\u00edtica Bahia Economica\",\"breadcrumb\":{\"@id\":\"https:\/\/bahiaeconomica.com.br\/wp\/2026\/01\/05\/lula-conversou-com-delcy-rodriguez-presidente-interina-da-venezuela\/#breadcrumb\"},\"inLanguage\":\"pt-BR\",\"potentialAction\":[{\"@type\":\"ReadAction\",\"target\":[\"https:\/\/bahiaeconomica.com.br\/wp\/2026\/01\/05\/lula-conversou-com-delcy-rodriguez-presidente-interina-da-venezuela\/\"]}]},{\"@type\":\"BreadcrumbList\",\"@id\":\"https:\/\/bahiaeconomica.com.br\/wp\/2026\/01\/05\/lula-conversou-com-delcy-rodriguez-presidente-interina-da-venezuela\/#breadcrumb\",\"itemListElement\":[{\"@type\":\"ListItem\",\"position\":1,\"name\":\"In\u00edcio\",\"item\":\"https:\/\/bahiaeconomica.com.br\/wp\/\"},{\"@type\":\"ListItem\",\"position\":2,\"name\":\"LULA CONVERSOU COM DELCY RODR\u00cdGUEZ, PRESIDENTE INTERINA DA VENEZUELA\"}]},{\"@type\":\"WebSite\",\"@id\":\"https:\/\/bahiaeconomica.com.br\/wp\/#website\",\"url\":\"https:\/\/bahiaeconomica.com.br\/wp\/\",\"name\":\"Bahia Economica\",\"description\":\"O maior portal de Economia da Bahia\",\"publisher\":{\"@id\":\"https:\/\/bahiaeconomica.com.br\/wp\/#organization\"},\"potentialAction\":[{\"@type\":\"SearchAction\",\"target\":{\"@type\":\"EntryPoint\",\"urlTemplate\":\"https:\/\/bahiaeconomica.com.br\/wp\/?s={search_term_string}\"},\"query-input\":\"required name=search_term_string\"}],\"inLanguage\":\"pt-BR\"},{\"@type\":\"Organization\",\"@id\":\"https:\/\/bahiaeconomica.com.br\/wp\/#organization\",\"name\":\"Bahia Econ\u00f4mica\",\"url\":\"https:\/\/bahiaeconomica.com.br\/wp\/\",\"logo\":{\"@type\":\"ImageObject\",\"inLanguage\":\"pt-BR\",\"@id\":\"https:\/\/bahiaeconomica.com.br\/wp\/#\/schema\/logo\/image\/\",\"url\":\"https:\/\/bahiaeconomica.com.br\/wp\/wp-content\/uploads\/2020\/12\/cropped-BE.png\",\"contentUrl\":\"https:\/\/bahiaeconomica.com.br\/wp\/wp-content\/uploads\/2020\/12\/cropped-BE.png\",\"width\":512,\"height\":512,\"caption\":\"Bahia Econ\u00f4mica\"},\"image\":{\"@id\":\"https:\/\/bahiaeconomica.com.br\/wp\/#\/schema\/logo\/image\/\"},\"sameAs\":[\"https:\/\/www.facebook.com\/bahiaeconomica\"]},{\"@type\":\"Person\",\"@id\":\"https:\/\/bahiaeconomica.com.br\/wp\/#\/schema\/person\/b719ce0fb1c09f3c7a00d9243ced4a6f\",\"name\":\"VICTORIA ISABEL\",\"sameAs\":[\"http:\/\/www.bahiaeconomica.com.br\"],\"url\":\"https:\/\/bahiaeconomica.com.br\/wp\/author\/victoria-isabel\/\"}]}<\/script>\n<!-- \/ Yoast SEO plugin. -->","yoast_head_json":{"title":"LULA CONVERSOU COM DELCY RODR\u00cdGUEZ, PRESIDENTE INTERINA DA VENEZUELA - Bahia Economica","description":"O maior portal de Economia da Bahia Pol\u00edtica Bahia Economica","robots":{"index":"index","follow":"follow","max-snippet":"max-snippet:-1","max-image-preview":"max-image-preview:large","max-video-preview":"max-video-preview:-1"},"canonical":"https:\/\/bahiaeconomica.com.br\/wp\/2026\/01\/05\/lula-conversou-com-delcy-rodriguez-presidente-interina-da-venezuela\/","og_locale":"pt_BR","og_type":"article","og_title":"LULA CONVERSOU COM DELCY RODR\u00cdGUEZ, PRESIDENTE INTERINA DA VENEZUELA - Bahia Economica","og_description":"O maior portal de Economia da Bahia Pol\u00edtica Bahia Economica","og_url":"https:\/\/bahiaeconomica.com.br\/wp\/2026\/01\/05\/lula-conversou-com-delcy-rodriguez-presidente-interina-da-venezuela\/","og_site_name":"Bahia Economica","article_publisher":"https:\/\/www.facebook.com\/bahiaeconomica","article_published_time":"2026-01-05T20:20:18+00:00","article_modified_time":"2026-01-05T19:31:57+00:00","og_image":[{"width":1154,"height":564,"url":"https:\/\/bahiaeconomica.com.br\/wp\/wp-content\/uploads\/2026\/01\/Captura-de-Tela-2026-01-04-as-20.54.00.webp","type":"image\/webp"}],"author":"VICTORIA ISABEL","twitter_card":"summary_large_image","twitter_misc":{"Escrito por":"VICTORIA ISABEL","Est. tempo de leitura":"2 minutos"},"schema":{"@context":"https:\/\/schema.org","@graph":[{"@type":"Article","@id":"https:\/\/bahiaeconomica.com.br\/wp\/2026\/01\/05\/lula-conversou-com-delcy-rodriguez-presidente-interina-da-venezuela\/#article","isPartOf":{"@id":"https:\/\/bahiaeconomica.com.br\/wp\/2026\/01\/05\/lula-conversou-com-delcy-rodriguez-presidente-interina-da-venezuela\/"},"author":{"name":"VICTORIA ISABEL","@id":"https:\/\/bahiaeconomica.com.br\/wp\/#\/schema\/person\/b719ce0fb1c09f3c7a00d9243ced4a6f"},"headline":"LULA CONVERSOU COM DELCY RODR\u00cdGUEZ, PRESIDENTE INTERINA DA VENEZUELA","datePublished":"2026-01-05T20:20:18+00:00","dateModified":"2026-01-05T19:31:57+00:00","mainEntityOfPage":{"@id":"https:\/\/bahiaeconomica.com.br\/wp\/2026\/01\/05\/lula-conversou-com-delcy-rodriguez-presidente-interina-da-venezuela\/"},"wordCount":312,"publisher":{"@id":"https:\/\/bahiaeconomica.com.br\/wp\/#organization"},"articleSection":["Pol\u00edtica"],"inLanguage":"pt-BR"},{"@type":"WebPage","@id":"https:\/\/bahiaeconomica.com.br\/wp\/2026\/01\/05\/lula-conversou-com-delcy-rodriguez-presidente-interina-da-venezuela\/","url":"https:\/\/bahiaeconomica.com.br\/wp\/2026\/01\/05\/lula-conversou-com-delcy-rodriguez-presidente-interina-da-venezuela\/","name":"LULA CONVERSOU COM DELCY RODR\u00cdGUEZ, PRESIDENTE INTERINA DA VENEZUELA - Bahia Economica","isPartOf":{"@id":"https:\/\/bahiaeconomica.com.br\/wp\/#website"},"datePublished":"2026-01-05T20:20:18+00:00","dateModified":"2026-01-05T19:31:57+00:00","description":"O maior portal de Economia da Bahia Pol\u00edtica Bahia Economica","breadcrumb":{"@id":"https:\/\/bahiaeconomica.com.br\/wp\/2026\/01\/05\/lula-conversou-com-delcy-rodriguez-presidente-interina-da-venezuela\/#breadcrumb"},"inLanguage":"pt-BR","potentialAction":[{"@type":"ReadAction","target":["https:\/\/bahiaeconomica.com.br\/wp\/2026\/01\/05\/lula-conversou-com-delcy-rodriguez-presidente-interina-da-venezuela\/"]}]},{"@type":"BreadcrumbList","@id":"https:\/\/bahiaeconomica.com.br\/wp\/2026\/01\/05\/lula-conversou-com-delcy-rodriguez-presidente-interina-da-venezuela\/#breadcrumb","itemListElement":[{"@type":"ListItem","position":1,"name":"In\u00edcio","item":"https:\/\/bahiaeconomica.com.br\/wp\/"},{"@type":"ListItem","position":2,"name":"LULA CONVERSOU COM DELCY RODR\u00cdGUEZ, PRESIDENTE INTERINA DA VENEZUELA"}]},{"@type":"WebSite","@id":"https:\/\/bahiaeconomica.com.br\/wp\/#website","url":"https:\/\/bahiaeconomica.com.br\/wp\/","name":"Bahia Economica","description":"O maior portal de Economia da Bahia","publisher":{"@id":"https:\/\/bahiaeconomica.com.br\/wp\/#organization"},"potentialAction":[{"@type":"SearchAction","target":{"@type":"EntryPoint","urlTemplate":"https:\/\/bahiaeconomica.com.br\/wp\/?s={search_term_string}"},"query-input":"required name=search_term_string"}],"inLanguage":"pt-BR"},{"@type":"Organization","@id":"https:\/\/bahiaeconomica.com.br\/wp\/#organization","name":"Bahia Econ\u00f4mica","url":"https:\/\/bahiaeconomica.com.br\/wp\/","logo":{"@type":"ImageObject","inLanguage":"pt-BR","@id":"https:\/\/bahiaeconomica.com.br\/wp\/#\/schema\/logo\/image\/","url":"https:\/\/bahiaeconomica.com.br\/wp\/wp-content\/uploads\/2020\/12\/cropped-BE.png","contentUrl":"https:\/\/bahiaeconomica.com.br\/wp\/wp-content\/uploads\/2020\/12\/cropped-BE.png","width":512,"height":512,"caption":"Bahia Econ\u00f4mica"},"image":{"@id":"https:\/\/bahiaeconomica.com.br\/wp\/#\/schema\/logo\/image\/"},"sameAs":["https:\/\/www.facebook.com\/bahiaeconomica"]},{"@type":"Person","@id":"https:\/\/bahiaeconomica.com.br\/wp\/#\/schema\/person\/b719ce0fb1c09f3c7a00d9243ced4a6f","name":"VICTORIA ISABEL","sameAs":["http:\/\/www.bahiaeconomica.com.br"],"url":"https:\/\/bahiaeconomica.com.br\/wp\/author\/victoria-isabel\/"}]}},"views":3,"_links":{"self":[{"href":"https:\/\/bahiaeconomica.com.br\/wp\/wp-json\/wp\/v2\/posts\/965079"}],"collection":[{"href":"https:\/\/bahiaeconomica.com.br\/wp\/wp-json\/wp\/v2\/posts"}],"about":[{"href":"https:\/\/bahiaeconomica.com.br\/wp\/wp-json\/wp\/v2\/types\/post"}],"author":[{"embeddable":true,"href":"https:\/\/bahiaeconomica.com.br\/wp\/wp-json\/wp\/v2\/users\/15"}],"replies":[{"embeddable":true,"href":"https:\/\/bahiaeconomica.com.br\/wp\/wp-json\/wp\/v2\/comments?post=965079"}],"version-history":[{"count":1,"href":"https:\/\/bahiaeconomica.com.br\/wp\/wp-json\/wp\/v2\/posts\/965079\/revisions"}],"predecessor-version":[{"id":965084,"href":"https:\/\/bahiaeconomica.com.br\/wp\/wp-json\/wp\/v2\/posts\/965079\/revisions\/965084"}],"wp:featuredmedia":[{"embeddable":true,"href":"https:\/\/bahiaeconomica.com.br\/wp\/wp-json\/wp\/v2\/media\/965082"}],"wp:attachment":[{"href":"https:\/\/bahiaeconomica.com.br\/wp\/wp-json\/wp\/v2\/media?parent=965079"}],"wp:term":[{"taxonomy":"category","embeddable":true,"href":"https:\/\/bahiaeconomica.com.br\/wp\/wp-json\/wp\/v2\/categories?post=965079"},{"taxonomy":"post_tag","embeddable":true,"href":"https:\/\/bahiaeconomica.com.br\/wp\/wp-json\/wp\/v2\/tags?post=965079"}],"curies":[{"name":"wp","href":"https:\/\/api.w.org\/{rel}","templated":true}]}}