{"id":964743,"date":"2026-01-02T19:30:53","date_gmt":"2026-01-02T22:30:53","guid":{"rendered":"https:\/\/bahiaeconomica.com.br\/wp\/?p=964743"},"modified":"2026-01-02T18:30:37","modified_gmt":"2026-01-02T21:30:37","slug":"moraes-autoriza-visita-da-familia-bolsonaro-ao-ex-presidente","status":"publish","type":"post","link":"https:\/\/bahiaeconomica.com.br\/wp\/2026\/01\/02\/moraes-autoriza-visita-da-familia-bolsonaro-ao-ex-presidente\/","title":{"rendered":"MORAES AUTORIZA VISITA DA FAM\u00cdLIA BOLSONARO AO EX-PRESIDENTE"},"content":{"rendered":"<p>O ministro Alexandre de Moraes, do Supremo Tribunal Federal (STF), autorizou a visita da fam\u00edlia Bolsonaro ao ex-presidente, que est\u00e1 preso em Bras\u00edlia, condenado por liderar a tentativa de golpe de estado ap\u00f3s as elei\u00e7\u00f5es de 2022.<\/p>\n<p>A decis\u00e3o foi publicada nesta sexta-feira (2), ap\u00f3s um pedido de sua defesa para que o filho Carlos pudesse visit\u00e1-lo na pr\u00f3xima ter\u00e7a-feira (6).<\/p>\n<p>Moraes, no entanto, autorizou a &#8220;visita\u00e7\u00e3o permanente&#8221; de quase toda sua fam\u00edlia \u2014permiss\u00e3o que engloba encontros de 30 minutos, das 9h \u00e0s 11h, com limita\u00e7\u00e3o de duas pessoas por dia e de forma separada.<\/p>\n<p>A decis\u00e3o do ministro serve para os filhos Carlos, Jair Renan, Laura e o senador Fl\u00e1vio (PL), al\u00e9m de sua enteada, Let\u00edcia. Eduardo Bolsonaro, que atualmente mora nos Estados Unidos, n\u00e3o foi contemplado. Sua esposa, Michelle, j\u00e1 contava com esse status.<\/p>\n<p>O ex-presidente est\u00e1 preso na Superintend\u00eancia da Pol\u00edcia Federal (PF) em Bras\u00edlia. Ele passou tanto o Natal, quanto o R\u00e9veillon, internado em um hospital na capital federal.<\/p>\n<p>Durante seu tempo hospitalar \u2014que precisou ser autorizado por Moraes\u2014 ele passou por quatro procedimentos cir\u00fargicos, um para tratar de uma h\u00e9rnia e outros tr\u00eas para as crises de solu\u00e7o.<\/p>\n<p>Jair Bolsonaro tamb\u00e9m passou por exames que constataram um quadro severo de apneia do sono, para o qual ele passou a utilizar o equipamento Cpap.<\/p>\n<p>Ap\u00f3s as tr\u00eas cirurgias para tratar dos solu\u00e7os, os m\u00e9dicos conclu\u00edram que ele tem um caso raro, e que n\u00e3o ser\u00e1 resolvido com as interven\u00e7\u00f5es, mas precisar\u00e1 de tratamento constante, por exemplo, por meio de fisioterapia.<\/p>\n<p>O ex-presidente tamb\u00e9m solicitou a sua equipe para tomar rem\u00e9dios contra depress\u00e3o, o que foi prescrito para ele.<\/p>\n<p>A defesa de Bolsonaro voltou a pedir que, ap\u00f3s sua interna\u00e7\u00e3o no hospital, ele fosse transferido para pris\u00e3o domiciliar, para cuidar da sa\u00fade. Na \u00faltima quinta-feira (1\u00ba), Moraes negou a solicita\u00e7\u00e3o.<\/p>\n<p>Bolsonaro foi preso preventivamente no dia 22 de novembro ap\u00f3s tentar romper a tornozeleira eletr\u00f4nica com ferro de solda. A decis\u00e3o de Moraes foi confirmada pela Primeira Turma do STF na semana seguinte.<\/p>\n<p>&nbsp;<\/p>\n<p><em>Com informa\u00e7\u00f5es da Folha de S.Paulo*<\/em><\/p>\n","protected":false},"excerpt":{"rendered":"<p>O ministro Alexandre de Moraes, do Supremo Tribunal Federal (STF), autorizou a visita da fam\u00edlia Bolsonaro ao ex-presidente, que est\u00e1 preso em Bras\u00edlia, condenado por liderar a tentativa de golpe de estado ap\u00f3s as elei\u00e7\u00f5es de 2022. A decis\u00e3o foi publicada nesta sexta-feira (2), ap\u00f3s um pedido de sua defesa para que o filho Carlos [&hellip;]<\/p>\n","protected":false},"author":22,"featured_media":676567,"comment_status":"closed","ping_status":"closed","sticky":false,"template":"","format":"standard","meta":[],"categories":[14601],"tags":[],"acf":[],"yoast_head":"<!-- This site is optimized with the Yoast SEO plugin v20.8 - https:\/\/yoast.com\/wordpress\/plugins\/seo\/ -->\n<title>MORAES AUTORIZA VISITA DA FAM\u00cdLIA BOLSONARO AO EX-PRESIDENTE - Bahia Economica<\/title>\n<meta name=\"description\" content=\"O maior portal de Economia da Bahia Pol\u00edtica Bahia Economica\" \/>\n<meta name=\"robots\" content=\"index, follow, max-snippet:-1, max-image-preview:large, max-video-preview:-1\" \/>\n<link rel=\"canonical\" href=\"https:\/\/bahiaeconomica.com.br\/wp\/2026\/01\/02\/moraes-autoriza-visita-da-familia-bolsonaro-ao-ex-presidente\/\" \/>\n<meta property=\"og:locale\" content=\"pt_BR\" \/>\n<meta property=\"og:type\" content=\"article\" \/>\n<meta property=\"og:title\" content=\"MORAES AUTORIZA VISITA DA FAM\u00cdLIA BOLSONARO AO EX-PRESIDENTE - Bahia Economica\" \/>\n<meta property=\"og:description\" content=\"O maior portal de Economia da Bahia Pol\u00edtica Bahia Economica\" \/>\n<meta property=\"og:url\" content=\"https:\/\/bahiaeconomica.com.br\/wp\/2026\/01\/02\/moraes-autoriza-visita-da-familia-bolsonaro-ao-ex-presidente\/\" \/>\n<meta property=\"og:site_name\" content=\"Bahia Economica\" \/>\n<meta property=\"article:publisher\" content=\"https:\/\/www.facebook.com\/bahiaeconomica\" \/>\n<meta property=\"article:published_time\" content=\"2026-01-02T22:30:53+00:00\" \/>\n<meta property=\"article:modified_time\" content=\"2026-01-02T21:30:37+00:00\" \/>\n<meta property=\"og:image\" content=\"https:\/\/bahiaeconomica.com.br\/wp\/wp-content\/uploads\/2022\/07\/brasil_pela_vida_e_pela_familia_vac_abr_0706220286.jpg\" \/>\n\t<meta property=\"og:image:width\" content=\"1170\" \/>\n\t<meta property=\"og:image:height\" content=\"700\" \/>\n\t<meta property=\"og:image:type\" content=\"image\/jpeg\" \/>\n<meta name=\"author\" content=\"Matheus Souza\" \/>\n<meta name=\"twitter:card\" content=\"summary_large_image\" \/>\n<meta name=\"twitter:label1\" content=\"Escrito por\" \/>\n\t<meta name=\"twitter:data1\" content=\"Matheus Souza\" \/>\n\t<meta name=\"twitter:label2\" content=\"Est. tempo de leitura\" \/>\n\t<meta name=\"twitter:data2\" content=\"2 minutos\" \/>\n<script type=\"application\/ld+json\" class=\"yoast-schema-graph\">{\"@context\":\"https:\/\/schema.org\",\"@graph\":[{\"@type\":\"Article\",\"@id\":\"https:\/\/bahiaeconomica.com.br\/wp\/2026\/01\/02\/moraes-autoriza-visita-da-familia-bolsonaro-ao-ex-presidente\/#article\",\"isPartOf\":{\"@id\":\"https:\/\/bahiaeconomica.com.br\/wp\/2026\/01\/02\/moraes-autoriza-visita-da-familia-bolsonaro-ao-ex-presidente\/\"},\"author\":{\"name\":\"Matheus Souza\",\"@id\":\"https:\/\/bahiaeconomica.com.br\/wp\/#\/schema\/person\/3304d50cfd32353c7d08c39066638997\"},\"headline\":\"MORAES AUTORIZA VISITA DA FAM\u00cdLIA BOLSONARO AO EX-PRESIDENTE\",\"datePublished\":\"2026-01-02T22:30:53+00:00\",\"dateModified\":\"2026-01-02T21:30:37+00:00\",\"mainEntityOfPage\":{\"@id\":\"https:\/\/bahiaeconomica.com.br\/wp\/2026\/01\/02\/moraes-autoriza-visita-da-familia-bolsonaro-ao-ex-presidente\/\"},\"wordCount\":393,\"publisher\":{\"@id\":\"https:\/\/bahiaeconomica.com.br\/wp\/#organization\"},\"articleSection\":[\"Pol\u00edtica\"],\"inLanguage\":\"pt-BR\"},{\"@type\":\"WebPage\",\"@id\":\"https:\/\/bahiaeconomica.com.br\/wp\/2026\/01\/02\/moraes-autoriza-visita-da-familia-bolsonaro-ao-ex-presidente\/\",\"url\":\"https:\/\/bahiaeconomica.com.br\/wp\/2026\/01\/02\/moraes-autoriza-visita-da-familia-bolsonaro-ao-ex-presidente\/\",\"name\":\"MORAES AUTORIZA VISITA DA FAM\u00cdLIA BOLSONARO AO EX-PRESIDENTE - Bahia Economica\",\"isPartOf\":{\"@id\":\"https:\/\/bahiaeconomica.com.br\/wp\/#website\"},\"datePublished\":\"2026-01-02T22:30:53+00:00\",\"dateModified\":\"2026-01-02T21:30:37+00:00\",\"description\":\"O maior portal de Economia da Bahia Pol\u00edtica Bahia Economica\",\"breadcrumb\":{\"@id\":\"https:\/\/bahiaeconomica.com.br\/wp\/2026\/01\/02\/moraes-autoriza-visita-da-familia-bolsonaro-ao-ex-presidente\/#breadcrumb\"},\"inLanguage\":\"pt-BR\",\"potentialAction\":[{\"@type\":\"ReadAction\",\"target\":[\"https:\/\/bahiaeconomica.com.br\/wp\/2026\/01\/02\/moraes-autoriza-visita-da-familia-bolsonaro-ao-ex-presidente\/\"]}]},{\"@type\":\"BreadcrumbList\",\"@id\":\"https:\/\/bahiaeconomica.com.br\/wp\/2026\/01\/02\/moraes-autoriza-visita-da-familia-bolsonaro-ao-ex-presidente\/#breadcrumb\",\"itemListElement\":[{\"@type\":\"ListItem\",\"position\":1,\"name\":\"In\u00edcio\",\"item\":\"https:\/\/bahiaeconomica.com.br\/wp\/\"},{\"@type\":\"ListItem\",\"position\":2,\"name\":\"MORAES AUTORIZA VISITA DA FAM\u00cdLIA BOLSONARO AO EX-PRESIDENTE\"}]},{\"@type\":\"WebSite\",\"@id\":\"https:\/\/bahiaeconomica.com.br\/wp\/#website\",\"url\":\"https:\/\/bahiaeconomica.com.br\/wp\/\",\"name\":\"Bahia Economica\",\"description\":\"O maior portal de Economia da Bahia\",\"publisher\":{\"@id\":\"https:\/\/bahiaeconomica.com.br\/wp\/#organization\"},\"potentialAction\":[{\"@type\":\"SearchAction\",\"target\":{\"@type\":\"EntryPoint\",\"urlTemplate\":\"https:\/\/bahiaeconomica.com.br\/wp\/?s={search_term_string}\"},\"query-input\":\"required name=search_term_string\"}],\"inLanguage\":\"pt-BR\"},{\"@type\":\"Organization\",\"@id\":\"https:\/\/bahiaeconomica.com.br\/wp\/#organization\",\"name\":\"Bahia Econ\u00f4mica\",\"url\":\"https:\/\/bahiaeconomica.com.br\/wp\/\",\"logo\":{\"@type\":\"ImageObject\",\"inLanguage\":\"pt-BR\",\"@id\":\"https:\/\/bahiaeconomica.com.br\/wp\/#\/schema\/logo\/image\/\",\"url\":\"https:\/\/bahiaeconomica.com.br\/wp\/wp-content\/uploads\/2020\/12\/cropped-BE.png\",\"contentUrl\":\"https:\/\/bahiaeconomica.com.br\/wp\/wp-content\/uploads\/2020\/12\/cropped-BE.png\",\"width\":512,\"height\":512,\"caption\":\"Bahia Econ\u00f4mica\"},\"image\":{\"@id\":\"https:\/\/bahiaeconomica.com.br\/wp\/#\/schema\/logo\/image\/\"},\"sameAs\":[\"https:\/\/www.facebook.com\/bahiaeconomica\"]},{\"@type\":\"Person\",\"@id\":\"https:\/\/bahiaeconomica.com.br\/wp\/#\/schema\/person\/3304d50cfd32353c7d08c39066638997\",\"name\":\"Matheus Souza\",\"sameAs\":[\"http:\/\/www.bahiaeconomica.com.br\"],\"url\":\"https:\/\/bahiaeconomica.com.br\/wp\/author\/matheus-souza\/\"}]}<\/script>\n<!-- \/ Yoast SEO plugin. -->","yoast_head_json":{"title":"MORAES AUTORIZA VISITA DA FAM\u00cdLIA BOLSONARO AO EX-PRESIDENTE - Bahia Economica","description":"O maior portal de Economia da Bahia Pol\u00edtica Bahia Economica","robots":{"index":"index","follow":"follow","max-snippet":"max-snippet:-1","max-image-preview":"max-image-preview:large","max-video-preview":"max-video-preview:-1"},"canonical":"https:\/\/bahiaeconomica.com.br\/wp\/2026\/01\/02\/moraes-autoriza-visita-da-familia-bolsonaro-ao-ex-presidente\/","og_locale":"pt_BR","og_type":"article","og_title":"MORAES AUTORIZA VISITA DA FAM\u00cdLIA BOLSONARO AO EX-PRESIDENTE - Bahia Economica","og_description":"O maior portal de Economia da Bahia Pol\u00edtica Bahia Economica","og_url":"https:\/\/bahiaeconomica.com.br\/wp\/2026\/01\/02\/moraes-autoriza-visita-da-familia-bolsonaro-ao-ex-presidente\/","og_site_name":"Bahia Economica","article_publisher":"https:\/\/www.facebook.com\/bahiaeconomica","article_published_time":"2026-01-02T22:30:53+00:00","article_modified_time":"2026-01-02T21:30:37+00:00","og_image":[{"width":1170,"height":700,"url":"https:\/\/bahiaeconomica.com.br\/wp\/wp-content\/uploads\/2022\/07\/brasil_pela_vida_e_pela_familia_vac_abr_0706220286.jpg","type":"image\/jpeg"}],"author":"Matheus Souza","twitter_card":"summary_large_image","twitter_misc":{"Escrito por":"Matheus Souza","Est. tempo de leitura":"2 minutos"},"schema":{"@context":"https:\/\/schema.org","@graph":[{"@type":"Article","@id":"https:\/\/bahiaeconomica.com.br\/wp\/2026\/01\/02\/moraes-autoriza-visita-da-familia-bolsonaro-ao-ex-presidente\/#article","isPartOf":{"@id":"https:\/\/bahiaeconomica.com.br\/wp\/2026\/01\/02\/moraes-autoriza-visita-da-familia-bolsonaro-ao-ex-presidente\/"},"author":{"name":"Matheus Souza","@id":"https:\/\/bahiaeconomica.com.br\/wp\/#\/schema\/person\/3304d50cfd32353c7d08c39066638997"},"headline":"MORAES AUTORIZA VISITA DA FAM\u00cdLIA BOLSONARO AO EX-PRESIDENTE","datePublished":"2026-01-02T22:30:53+00:00","dateModified":"2026-01-02T21:30:37+00:00","mainEntityOfPage":{"@id":"https:\/\/bahiaeconomica.com.br\/wp\/2026\/01\/02\/moraes-autoriza-visita-da-familia-bolsonaro-ao-ex-presidente\/"},"wordCount":393,"publisher":{"@id":"https:\/\/bahiaeconomica.com.br\/wp\/#organization"},"articleSection":["Pol\u00edtica"],"inLanguage":"pt-BR"},{"@type":"WebPage","@id":"https:\/\/bahiaeconomica.com.br\/wp\/2026\/01\/02\/moraes-autoriza-visita-da-familia-bolsonaro-ao-ex-presidente\/","url":"https:\/\/bahiaeconomica.com.br\/wp\/2026\/01\/02\/moraes-autoriza-visita-da-familia-bolsonaro-ao-ex-presidente\/","name":"MORAES AUTORIZA VISITA DA FAM\u00cdLIA BOLSONARO AO EX-PRESIDENTE - Bahia Economica","isPartOf":{"@id":"https:\/\/bahiaeconomica.com.br\/wp\/#website"},"datePublished":"2026-01-02T22:30:53+00:00","dateModified":"2026-01-02T21:30:37+00:00","description":"O maior portal de Economia da Bahia Pol\u00edtica Bahia Economica","breadcrumb":{"@id":"https:\/\/bahiaeconomica.com.br\/wp\/2026\/01\/02\/moraes-autoriza-visita-da-familia-bolsonaro-ao-ex-presidente\/#breadcrumb"},"inLanguage":"pt-BR","potentialAction":[{"@type":"ReadAction","target":["https:\/\/bahiaeconomica.com.br\/wp\/2026\/01\/02\/moraes-autoriza-visita-da-familia-bolsonaro-ao-ex-presidente\/"]}]},{"@type":"BreadcrumbList","@id":"https:\/\/bahiaeconomica.com.br\/wp\/2026\/01\/02\/moraes-autoriza-visita-da-familia-bolsonaro-ao-ex-presidente\/#breadcrumb","itemListElement":[{"@type":"ListItem","position":1,"name":"In\u00edcio","item":"https:\/\/bahiaeconomica.com.br\/wp\/"},{"@type":"ListItem","position":2,"name":"MORAES AUTORIZA VISITA DA FAM\u00cdLIA BOLSONARO AO EX-PRESIDENTE"}]},{"@type":"WebSite","@id":"https:\/\/bahiaeconomica.com.br\/wp\/#website","url":"https:\/\/bahiaeconomica.com.br\/wp\/","name":"Bahia Economica","description":"O maior portal de Economia da Bahia","publisher":{"@id":"https:\/\/bahiaeconomica.com.br\/wp\/#organization"},"potentialAction":[{"@type":"SearchAction","target":{"@type":"EntryPoint","urlTemplate":"https:\/\/bahiaeconomica.com.br\/wp\/?s={search_term_string}"},"query-input":"required name=search_term_string"}],"inLanguage":"pt-BR"},{"@type":"Organization","@id":"https:\/\/bahiaeconomica.com.br\/wp\/#organization","name":"Bahia Econ\u00f4mica","url":"https:\/\/bahiaeconomica.com.br\/wp\/","logo":{"@type":"ImageObject","inLanguage":"pt-BR","@id":"https:\/\/bahiaeconomica.com.br\/wp\/#\/schema\/logo\/image\/","url":"https:\/\/bahiaeconomica.com.br\/wp\/wp-content\/uploads\/2020\/12\/cropped-BE.png","contentUrl":"https:\/\/bahiaeconomica.com.br\/wp\/wp-content\/uploads\/2020\/12\/cropped-BE.png","width":512,"height":512,"caption":"Bahia Econ\u00f4mica"},"image":{"@id":"https:\/\/bahiaeconomica.com.br\/wp\/#\/schema\/logo\/image\/"},"sameAs":["https:\/\/www.facebook.com\/bahiaeconomica"]},{"@type":"Person","@id":"https:\/\/bahiaeconomica.com.br\/wp\/#\/schema\/person\/3304d50cfd32353c7d08c39066638997","name":"Matheus Souza","sameAs":["http:\/\/www.bahiaeconomica.com.br"],"url":"https:\/\/bahiaeconomica.com.br\/wp\/author\/matheus-souza\/"}]}},"views":2,"_links":{"self":[{"href":"https:\/\/bahiaeconomica.com.br\/wp\/wp-json\/wp\/v2\/posts\/964743"}],"collection":[{"href":"https:\/\/bahiaeconomica.com.br\/wp\/wp-json\/wp\/v2\/posts"}],"about":[{"href":"https:\/\/bahiaeconomica.com.br\/wp\/wp-json\/wp\/v2\/types\/post"}],"author":[{"embeddable":true,"href":"https:\/\/bahiaeconomica.com.br\/wp\/wp-json\/wp\/v2\/users\/22"}],"replies":[{"embeddable":true,"href":"https:\/\/bahiaeconomica.com.br\/wp\/wp-json\/wp\/v2\/comments?post=964743"}],"version-history":[{"count":1,"href":"https:\/\/bahiaeconomica.com.br\/wp\/wp-json\/wp\/v2\/posts\/964743\/revisions"}],"predecessor-version":[{"id":964744,"href":"https:\/\/bahiaeconomica.com.br\/wp\/wp-json\/wp\/v2\/posts\/964743\/revisions\/964744"}],"wp:featuredmedia":[{"embeddable":true,"href":"https:\/\/bahiaeconomica.com.br\/wp\/wp-json\/wp\/v2\/media\/676567"}],"wp:attachment":[{"href":"https:\/\/bahiaeconomica.com.br\/wp\/wp-json\/wp\/v2\/media?parent=964743"}],"wp:term":[{"taxonomy":"category","embeddable":true,"href":"https:\/\/bahiaeconomica.com.br\/wp\/wp-json\/wp\/v2\/categories?post=964743"},{"taxonomy":"post_tag","embeddable":true,"href":"https:\/\/bahiaeconomica.com.br\/wp\/wp-json\/wp\/v2\/tags?post=964743"}],"curies":[{"name":"wp","href":"https:\/\/api.w.org\/{rel}","templated":true}]}}