{"id":961118,"date":"2025-12-16T11:30:05","date_gmt":"2025-12-16T14:30:05","guid":{"rendered":"https:\/\/bahiaeconomica.com.br\/wp\/?p=961118"},"modified":"2025-12-16T11:14:48","modified_gmt":"2025-12-16T14:14:48","slug":"cerca-de-500-mil-pessoas-ja-visitaram-o-natal-salvador-expectativa-e-de-publico-ainda-maior-nos-proximos-dias","status":"publish","type":"post","link":"https:\/\/bahiaeconomica.com.br\/wp\/2025\/12\/16\/cerca-de-500-mil-pessoas-ja-visitaram-o-natal-salvador-expectativa-e-de-publico-ainda-maior-nos-proximos-dias\/","title":{"rendered":"CERCA DE 500 MIL PESSOAS J\u00c1 VISITARAM O NATAL SALVADOR; EXPECTATIVA \u00c9 DE P\u00daBLICO AINDA MAIOR NOS PR\u00d3XIMOS DIAS"},"content":{"rendered":"<p>O Natal Salvador j\u00e1 recebeu quase 500 mil pessoas desde o in\u00edcio da programa\u00e7\u00e3o, no dia 5 de dezembro, segundo estimativa com base na contagem de c\u00e2meras de reconhecimento instaladas nos principais pontos do evento. Somente neste \u00faltimo final de semana, cerca de 150 mil visitantes passaram pelo Pelourinho, um dos principais polos da festa.<\/p>\n<p>Entre os espa\u00e7os mais visitados est\u00e1 a Casa do Papai Noel, que j\u00e1 recebeu mais de 100 mil pessoas. Montada no foyer da Faculdade de Medicina, no Terreiro de Jesus, a atra\u00e7\u00e3o funciona diariamente, das 17h \u00e0s 22h, encantando crian\u00e7as e adultos com a estrutura tem\u00e1tica.<\/p>\n<p>O Espa\u00e7o Infantil, voltado especialmente para o p\u00fablico mirim, contabilizou a passagem de aproximadamente 10 mil pessoas e funciona todos os dias, das 17h \u00e0s 21h. J\u00e1 o carrossel, uma das atra\u00e7\u00f5es mais disputadas, recebeu 3,3 mil crian\u00e7as. A estrutura \u00e9 gratuita e atende crian\u00e7as de at\u00e9 11 anos.<\/p>\n<p>Com o in\u00edcio do per\u00edodo de f\u00e9rias escolares, a expectativa \u00e9 de que o p\u00fablico seja ainda maior ao longo desta semana, refor\u00e7ando o Natal Salvador como um dos principais eventos do calend\u00e1rio cultural da cidade.<\/p>\n<p>Para o diretor de Ilumina\u00e7\u00e3o (Dsip), \u00c2ngelo Magalh\u00e3es, respons\u00e1vel pela concep\u00e7\u00e3o do projeto, o sucesso do evento \u00e9 motivo de alegria e emo\u00e7\u00e3o. &#8220;\u00c9 uma felicidade imensa ver as ruas cheias, as fam\u00edlias ocupando o Centro Hist\u00f3rico, curtindo juntas e celebrando uma data t\u00e3o importante. O Natal Salvador foi pensado para acolher, encantar e transformar os espa\u00e7os p\u00fablicos em lugares de conviv\u00eancia e alegria&#8221;, destacou.<\/p>\n<p>Foto: Bruno Concha\/ Secom PMS<\/p>\n","protected":false},"excerpt":{"rendered":"<p>O Natal Salvador j\u00e1 recebeu quase 500 mil pessoas desde o in\u00edcio da programa\u00e7\u00e3o, no dia 5 de dezembro, segundo estimativa com base na contagem de c\u00e2meras de reconhecimento instaladas nos principais pontos do evento. Somente neste \u00faltimo final de semana, cerca de 150 mil visitantes passaram pelo Pelourinho, um dos principais polos da festa. [&hellip;]<\/p>\n","protected":false},"author":20,"featured_media":961120,"comment_status":"closed","ping_status":"closed","sticky":false,"template":"","format":"standard","meta":[],"categories":[3,5],"tags":[1196,73,10833],"acf":[],"yoast_head":"<!-- This site is optimized with the Yoast SEO plugin v20.8 - https:\/\/yoast.com\/wordpress\/plugins\/seo\/ -->\n<title>CERCA DE 500 MIL PESSOAS J\u00c1 VISITARAM O NATAL SALVADOR; EXPECTATIVA \u00c9 DE P\u00daBLICO AINDA MAIOR NOS PR\u00d3XIMOS DIAS - Bahia Economica<\/title>\n<meta name=\"description\" content=\"O maior portal de Economia da Bahia ECONOMIA \/ POL\u00cdTICA, MUNIC\u00cdPIOS Bahia Economica\" \/>\n<meta name=\"robots\" content=\"index, follow, max-snippet:-1, max-image-preview:large, max-video-preview:-1\" \/>\n<link rel=\"canonical\" href=\"https:\/\/bahiaeconomica.com.br\/wp\/2025\/12\/16\/cerca-de-500-mil-pessoas-ja-visitaram-o-natal-salvador-expectativa-e-de-publico-ainda-maior-nos-proximos-dias\/\" \/>\n<meta property=\"og:locale\" content=\"pt_BR\" \/>\n<meta property=\"og:type\" content=\"article\" \/>\n<meta property=\"og:title\" content=\"CERCA DE 500 MIL PESSOAS J\u00c1 VISITARAM O NATAL SALVADOR; EXPECTATIVA \u00c9 DE P\u00daBLICO AINDA MAIOR NOS PR\u00d3XIMOS DIAS - Bahia Economica\" \/>\n<meta property=\"og:description\" content=\"O maior portal de Economia da Bahia ECONOMIA \/ POL\u00cdTICA, MUNIC\u00cdPIOS Bahia Economica\" \/>\n<meta property=\"og:url\" content=\"https:\/\/bahiaeconomica.com.br\/wp\/2025\/12\/16\/cerca-de-500-mil-pessoas-ja-visitaram-o-natal-salvador-expectativa-e-de-publico-ainda-maior-nos-proximos-dias\/\" \/>\n<meta property=\"og:site_name\" content=\"Bahia Economica\" \/>\n<meta property=\"article:publisher\" content=\"https:\/\/www.facebook.com\/bahiaeconomica\" \/>\n<meta property=\"article:published_time\" content=\"2025-12-16T14:30:05+00:00\" \/>\n<meta property=\"article:modified_time\" content=\"2025-12-16T14:14:48+00:00\" \/>\n<meta property=\"og:image\" content=\"https:\/\/bahiaeconomica.com.br\/wp\/wp-content\/uploads\/2025\/12\/Decoracao_Natal_2025_Fot-Bruno-Concha_Secom_Pms-6-scaled.jpg\" \/>\n\t<meta property=\"og:image:width\" content=\"2560\" \/>\n\t<meta property=\"og:image:height\" content=\"1707\" \/>\n\t<meta property=\"og:image:type\" content=\"image\/jpeg\" \/>\n<meta name=\"author\" content=\"BRUNA CARVALHO\" \/>\n<meta name=\"twitter:card\" content=\"summary_large_image\" \/>\n<meta name=\"twitter:label1\" content=\"Escrito por\" \/>\n\t<meta name=\"twitter:data1\" content=\"BRUNA CARVALHO\" \/>\n\t<meta name=\"twitter:label2\" content=\"Est. tempo de leitura\" \/>\n\t<meta name=\"twitter:data2\" content=\"2 minutos\" \/>\n<script type=\"application\/ld+json\" class=\"yoast-schema-graph\">{\"@context\":\"https:\/\/schema.org\",\"@graph\":[{\"@type\":\"Article\",\"@id\":\"https:\/\/bahiaeconomica.com.br\/wp\/2025\/12\/16\/cerca-de-500-mil-pessoas-ja-visitaram-o-natal-salvador-expectativa-e-de-publico-ainda-maior-nos-proximos-dias\/#article\",\"isPartOf\":{\"@id\":\"https:\/\/bahiaeconomica.com.br\/wp\/2025\/12\/16\/cerca-de-500-mil-pessoas-ja-visitaram-o-natal-salvador-expectativa-e-de-publico-ainda-maior-nos-proximos-dias\/\"},\"author\":{\"name\":\"BRUNA CARVALHO\",\"@id\":\"https:\/\/bahiaeconomica.com.br\/wp\/#\/schema\/person\/9310b0e591f5979f6f99773eac5804e6\"},\"headline\":\"CERCA DE 500 MIL PESSOAS J\u00c1 VISITARAM O NATAL SALVADOR; EXPECTATIVA \u00c9 DE P\u00daBLICO AINDA MAIOR NOS PR\u00d3XIMOS DIAS\",\"datePublished\":\"2025-12-16T14:30:05+00:00\",\"dateModified\":\"2025-12-16T14:14:48+00:00\",\"mainEntityOfPage\":{\"@id\":\"https:\/\/bahiaeconomica.com.br\/wp\/2025\/12\/16\/cerca-de-500-mil-pessoas-ja-visitaram-o-natal-salvador-expectativa-e-de-publico-ainda-maior-nos-proximos-dias\/\"},\"wordCount\":293,\"publisher\":{\"@id\":\"https:\/\/bahiaeconomica.com.br\/wp\/#organization\"},\"keywords\":[\"natal\",\"Salvador\",\"Visitantes\"],\"articleSection\":[\"ECONOMIA \/ POL\u00cdTICA\",\"MUNIC\u00cdPIOS\"],\"inLanguage\":\"pt-BR\"},{\"@type\":\"WebPage\",\"@id\":\"https:\/\/bahiaeconomica.com.br\/wp\/2025\/12\/16\/cerca-de-500-mil-pessoas-ja-visitaram-o-natal-salvador-expectativa-e-de-publico-ainda-maior-nos-proximos-dias\/\",\"url\":\"https:\/\/bahiaeconomica.com.br\/wp\/2025\/12\/16\/cerca-de-500-mil-pessoas-ja-visitaram-o-natal-salvador-expectativa-e-de-publico-ainda-maior-nos-proximos-dias\/\",\"name\":\"CERCA DE 500 MIL PESSOAS J\u00c1 VISITARAM O NATAL SALVADOR; EXPECTATIVA \u00c9 DE P\u00daBLICO AINDA MAIOR NOS PR\u00d3XIMOS DIAS - Bahia Economica\",\"isPartOf\":{\"@id\":\"https:\/\/bahiaeconomica.com.br\/wp\/#website\"},\"datePublished\":\"2025-12-16T14:30:05+00:00\",\"dateModified\":\"2025-12-16T14:14:48+00:00\",\"description\":\"O maior portal de Economia da Bahia ECONOMIA \/ POL\u00cdTICA, MUNIC\u00cdPIOS Bahia Economica\",\"breadcrumb\":{\"@id\":\"https:\/\/bahiaeconomica.com.br\/wp\/2025\/12\/16\/cerca-de-500-mil-pessoas-ja-visitaram-o-natal-salvador-expectativa-e-de-publico-ainda-maior-nos-proximos-dias\/#breadcrumb\"},\"inLanguage\":\"pt-BR\",\"potentialAction\":[{\"@type\":\"ReadAction\",\"target\":[\"https:\/\/bahiaeconomica.com.br\/wp\/2025\/12\/16\/cerca-de-500-mil-pessoas-ja-visitaram-o-natal-salvador-expectativa-e-de-publico-ainda-maior-nos-proximos-dias\/\"]}]},{\"@type\":\"BreadcrumbList\",\"@id\":\"https:\/\/bahiaeconomica.com.br\/wp\/2025\/12\/16\/cerca-de-500-mil-pessoas-ja-visitaram-o-natal-salvador-expectativa-e-de-publico-ainda-maior-nos-proximos-dias\/#breadcrumb\",\"itemListElement\":[{\"@type\":\"ListItem\",\"position\":1,\"name\":\"In\u00edcio\",\"item\":\"https:\/\/bahiaeconomica.com.br\/wp\/\"},{\"@type\":\"ListItem\",\"position\":2,\"name\":\"CERCA DE 500 MIL PESSOAS J\u00c1 VISITARAM O NATAL SALVADOR; EXPECTATIVA \u00c9 DE P\u00daBLICO AINDA MAIOR NOS PR\u00d3XIMOS DIAS\"}]},{\"@type\":\"WebSite\",\"@id\":\"https:\/\/bahiaeconomica.com.br\/wp\/#website\",\"url\":\"https:\/\/bahiaeconomica.com.br\/wp\/\",\"name\":\"Bahia Economica\",\"description\":\"O maior portal de Economia da Bahia\",\"publisher\":{\"@id\":\"https:\/\/bahiaeconomica.com.br\/wp\/#organization\"},\"potentialAction\":[{\"@type\":\"SearchAction\",\"target\":{\"@type\":\"EntryPoint\",\"urlTemplate\":\"https:\/\/bahiaeconomica.com.br\/wp\/?s={search_term_string}\"},\"query-input\":\"required name=search_term_string\"}],\"inLanguage\":\"pt-BR\"},{\"@type\":\"Organization\",\"@id\":\"https:\/\/bahiaeconomica.com.br\/wp\/#organization\",\"name\":\"Bahia Econ\u00f4mica\",\"url\":\"https:\/\/bahiaeconomica.com.br\/wp\/\",\"logo\":{\"@type\":\"ImageObject\",\"inLanguage\":\"pt-BR\",\"@id\":\"https:\/\/bahiaeconomica.com.br\/wp\/#\/schema\/logo\/image\/\",\"url\":\"https:\/\/bahiaeconomica.com.br\/wp\/wp-content\/uploads\/2020\/12\/cropped-BE.png\",\"contentUrl\":\"https:\/\/bahiaeconomica.com.br\/wp\/wp-content\/uploads\/2020\/12\/cropped-BE.png\",\"width\":512,\"height\":512,\"caption\":\"Bahia Econ\u00f4mica\"},\"image\":{\"@id\":\"https:\/\/bahiaeconomica.com.br\/wp\/#\/schema\/logo\/image\/\"},\"sameAs\":[\"https:\/\/www.facebook.com\/bahiaeconomica\"]},{\"@type\":\"Person\",\"@id\":\"https:\/\/bahiaeconomica.com.br\/wp\/#\/schema\/person\/9310b0e591f5979f6f99773eac5804e6\",\"name\":\"BRUNA CARVALHO\",\"sameAs\":[\"http:\/\/www.bahiaeconomica.com.br\"],\"url\":\"https:\/\/bahiaeconomica.com.br\/wp\/author\/bruna\/\"}]}<\/script>\n<!-- \/ Yoast SEO plugin. -->","yoast_head_json":{"title":"CERCA DE 500 MIL PESSOAS J\u00c1 VISITARAM O NATAL SALVADOR; EXPECTATIVA \u00c9 DE P\u00daBLICO AINDA MAIOR NOS PR\u00d3XIMOS DIAS - Bahia Economica","description":"O maior portal de Economia da Bahia ECONOMIA \/ POL\u00cdTICA, MUNIC\u00cdPIOS Bahia Economica","robots":{"index":"index","follow":"follow","max-snippet":"max-snippet:-1","max-image-preview":"max-image-preview:large","max-video-preview":"max-video-preview:-1"},"canonical":"https:\/\/bahiaeconomica.com.br\/wp\/2025\/12\/16\/cerca-de-500-mil-pessoas-ja-visitaram-o-natal-salvador-expectativa-e-de-publico-ainda-maior-nos-proximos-dias\/","og_locale":"pt_BR","og_type":"article","og_title":"CERCA DE 500 MIL PESSOAS J\u00c1 VISITARAM O NATAL SALVADOR; EXPECTATIVA \u00c9 DE P\u00daBLICO AINDA MAIOR NOS PR\u00d3XIMOS DIAS - Bahia Economica","og_description":"O maior portal de Economia da Bahia ECONOMIA \/ POL\u00cdTICA, MUNIC\u00cdPIOS Bahia Economica","og_url":"https:\/\/bahiaeconomica.com.br\/wp\/2025\/12\/16\/cerca-de-500-mil-pessoas-ja-visitaram-o-natal-salvador-expectativa-e-de-publico-ainda-maior-nos-proximos-dias\/","og_site_name":"Bahia Economica","article_publisher":"https:\/\/www.facebook.com\/bahiaeconomica","article_published_time":"2025-12-16T14:30:05+00:00","article_modified_time":"2025-12-16T14:14:48+00:00","og_image":[{"width":2560,"height":1707,"url":"https:\/\/bahiaeconomica.com.br\/wp\/wp-content\/uploads\/2025\/12\/Decoracao_Natal_2025_Fot-Bruno-Concha_Secom_Pms-6-scaled.jpg","type":"image\/jpeg"}],"author":"BRUNA CARVALHO","twitter_card":"summary_large_image","twitter_misc":{"Escrito por":"BRUNA CARVALHO","Est. tempo de leitura":"2 minutos"},"schema":{"@context":"https:\/\/schema.org","@graph":[{"@type":"Article","@id":"https:\/\/bahiaeconomica.com.br\/wp\/2025\/12\/16\/cerca-de-500-mil-pessoas-ja-visitaram-o-natal-salvador-expectativa-e-de-publico-ainda-maior-nos-proximos-dias\/#article","isPartOf":{"@id":"https:\/\/bahiaeconomica.com.br\/wp\/2025\/12\/16\/cerca-de-500-mil-pessoas-ja-visitaram-o-natal-salvador-expectativa-e-de-publico-ainda-maior-nos-proximos-dias\/"},"author":{"name":"BRUNA CARVALHO","@id":"https:\/\/bahiaeconomica.com.br\/wp\/#\/schema\/person\/9310b0e591f5979f6f99773eac5804e6"},"headline":"CERCA DE 500 MIL PESSOAS J\u00c1 VISITARAM O NATAL SALVADOR; EXPECTATIVA \u00c9 DE P\u00daBLICO AINDA MAIOR NOS PR\u00d3XIMOS DIAS","datePublished":"2025-12-16T14:30:05+00:00","dateModified":"2025-12-16T14:14:48+00:00","mainEntityOfPage":{"@id":"https:\/\/bahiaeconomica.com.br\/wp\/2025\/12\/16\/cerca-de-500-mil-pessoas-ja-visitaram-o-natal-salvador-expectativa-e-de-publico-ainda-maior-nos-proximos-dias\/"},"wordCount":293,"publisher":{"@id":"https:\/\/bahiaeconomica.com.br\/wp\/#organization"},"keywords":["natal","Salvador","Visitantes"],"articleSection":["ECONOMIA \/ POL\u00cdTICA","MUNIC\u00cdPIOS"],"inLanguage":"pt-BR"},{"@type":"WebPage","@id":"https:\/\/bahiaeconomica.com.br\/wp\/2025\/12\/16\/cerca-de-500-mil-pessoas-ja-visitaram-o-natal-salvador-expectativa-e-de-publico-ainda-maior-nos-proximos-dias\/","url":"https:\/\/bahiaeconomica.com.br\/wp\/2025\/12\/16\/cerca-de-500-mil-pessoas-ja-visitaram-o-natal-salvador-expectativa-e-de-publico-ainda-maior-nos-proximos-dias\/","name":"CERCA DE 500 MIL PESSOAS J\u00c1 VISITARAM O NATAL SALVADOR; EXPECTATIVA \u00c9 DE P\u00daBLICO AINDA MAIOR NOS PR\u00d3XIMOS DIAS - Bahia Economica","isPartOf":{"@id":"https:\/\/bahiaeconomica.com.br\/wp\/#website"},"datePublished":"2025-12-16T14:30:05+00:00","dateModified":"2025-12-16T14:14:48+00:00","description":"O maior portal de Economia da Bahia ECONOMIA \/ POL\u00cdTICA, MUNIC\u00cdPIOS Bahia Economica","breadcrumb":{"@id":"https:\/\/bahiaeconomica.com.br\/wp\/2025\/12\/16\/cerca-de-500-mil-pessoas-ja-visitaram-o-natal-salvador-expectativa-e-de-publico-ainda-maior-nos-proximos-dias\/#breadcrumb"},"inLanguage":"pt-BR","potentialAction":[{"@type":"ReadAction","target":["https:\/\/bahiaeconomica.com.br\/wp\/2025\/12\/16\/cerca-de-500-mil-pessoas-ja-visitaram-o-natal-salvador-expectativa-e-de-publico-ainda-maior-nos-proximos-dias\/"]}]},{"@type":"BreadcrumbList","@id":"https:\/\/bahiaeconomica.com.br\/wp\/2025\/12\/16\/cerca-de-500-mil-pessoas-ja-visitaram-o-natal-salvador-expectativa-e-de-publico-ainda-maior-nos-proximos-dias\/#breadcrumb","itemListElement":[{"@type":"ListItem","position":1,"name":"In\u00edcio","item":"https:\/\/bahiaeconomica.com.br\/wp\/"},{"@type":"ListItem","position":2,"name":"CERCA DE 500 MIL PESSOAS J\u00c1 VISITARAM O NATAL SALVADOR; EXPECTATIVA \u00c9 DE P\u00daBLICO AINDA MAIOR NOS PR\u00d3XIMOS DIAS"}]},{"@type":"WebSite","@id":"https:\/\/bahiaeconomica.com.br\/wp\/#website","url":"https:\/\/bahiaeconomica.com.br\/wp\/","name":"Bahia Economica","description":"O maior portal de Economia da Bahia","publisher":{"@id":"https:\/\/bahiaeconomica.com.br\/wp\/#organization"},"potentialAction":[{"@type":"SearchAction","target":{"@type":"EntryPoint","urlTemplate":"https:\/\/bahiaeconomica.com.br\/wp\/?s={search_term_string}"},"query-input":"required name=search_term_string"}],"inLanguage":"pt-BR"},{"@type":"Organization","@id":"https:\/\/bahiaeconomica.com.br\/wp\/#organization","name":"Bahia Econ\u00f4mica","url":"https:\/\/bahiaeconomica.com.br\/wp\/","logo":{"@type":"ImageObject","inLanguage":"pt-BR","@id":"https:\/\/bahiaeconomica.com.br\/wp\/#\/schema\/logo\/image\/","url":"https:\/\/bahiaeconomica.com.br\/wp\/wp-content\/uploads\/2020\/12\/cropped-BE.png","contentUrl":"https:\/\/bahiaeconomica.com.br\/wp\/wp-content\/uploads\/2020\/12\/cropped-BE.png","width":512,"height":512,"caption":"Bahia Econ\u00f4mica"},"image":{"@id":"https:\/\/bahiaeconomica.com.br\/wp\/#\/schema\/logo\/image\/"},"sameAs":["https:\/\/www.facebook.com\/bahiaeconomica"]},{"@type":"Person","@id":"https:\/\/bahiaeconomica.com.br\/wp\/#\/schema\/person\/9310b0e591f5979f6f99773eac5804e6","name":"BRUNA CARVALHO","sameAs":["http:\/\/www.bahiaeconomica.com.br"],"url":"https:\/\/bahiaeconomica.com.br\/wp\/author\/bruna\/"}]}},"views":14,"_links":{"self":[{"href":"https:\/\/bahiaeconomica.com.br\/wp\/wp-json\/wp\/v2\/posts\/961118"}],"collection":[{"href":"https:\/\/bahiaeconomica.com.br\/wp\/wp-json\/wp\/v2\/posts"}],"about":[{"href":"https:\/\/bahiaeconomica.com.br\/wp\/wp-json\/wp\/v2\/types\/post"}],"author":[{"embeddable":true,"href":"https:\/\/bahiaeconomica.com.br\/wp\/wp-json\/wp\/v2\/users\/20"}],"replies":[{"embeddable":true,"href":"https:\/\/bahiaeconomica.com.br\/wp\/wp-json\/wp\/v2\/comments?post=961118"}],"version-history":[{"count":1,"href":"https:\/\/bahiaeconomica.com.br\/wp\/wp-json\/wp\/v2\/posts\/961118\/revisions"}],"predecessor-version":[{"id":961200,"href":"https:\/\/bahiaeconomica.com.br\/wp\/wp-json\/wp\/v2\/posts\/961118\/revisions\/961200"}],"wp:featuredmedia":[{"embeddable":true,"href":"https:\/\/bahiaeconomica.com.br\/wp\/wp-json\/wp\/v2\/media\/961120"}],"wp:attachment":[{"href":"https:\/\/bahiaeconomica.com.br\/wp\/wp-json\/wp\/v2\/media?parent=961118"}],"wp:term":[{"taxonomy":"category","embeddable":true,"href":"https:\/\/bahiaeconomica.com.br\/wp\/wp-json\/wp\/v2\/categories?post=961118"},{"taxonomy":"post_tag","embeddable":true,"href":"https:\/\/bahiaeconomica.com.br\/wp\/wp-json\/wp\/v2\/tags?post=961118"}],"curies":[{"name":"wp","href":"https:\/\/api.w.org\/{rel}","templated":true}]}}