{"id":961074,"date":"2025-12-16T06:59:53","date_gmt":"2025-12-16T09:59:53","guid":{"rendered":"https:\/\/bahiaeconomica.com.br\/wp\/?p=961074"},"modified":"2025-12-16T06:45:19","modified_gmt":"2025-12-16T09:45:19","slug":"congresso-define-datas-para-votacao-do-orcamento-de-2026","status":"publish","type":"post","link":"https:\/\/bahiaeconomica.com.br\/wp\/2025\/12\/16\/congresso-define-datas-para-votacao-do-orcamento-de-2026\/","title":{"rendered":"CONGRESSO DEFINE DATAS PARA VOTA\u00c7\u00c3O DO OR\u00c7AMENTO DE 2026"},"content":{"rendered":"<p>O Congresso definiu as datas de vota\u00e7\u00e3o do Or\u00e7amento \u2014 Ploa (Projeto de Lei Or\u00e7ament\u00e1ria Anual) \u2014 de 2026. A expectativa \u00e9 que o texto seja aprovado na Comiss\u00e3o Mista de Or\u00e7amento (CMO), na quarta-feira, 17, e posteriormente em sess\u00e3o conjunta do Congresso, um dia depois, na quinta, 18. A tend\u00eancia foi revelada pelo senador Efraim Filho (Uni\u00e3o-PB), presidente do colegiado. O presidente do Senado, Davi Alcolumbre (Uni\u00e3o Brasil-AP), j\u00e1 havia sinalizado que combinaria com a C\u00e2mara a vota\u00e7\u00e3o ainda esta semana.<\/p>\n<p>Para viabilizar a aprova\u00e7\u00e3o, o parlamentar paraibano considera necess\u00e1ria a vota\u00e7\u00e3o pr\u00e9via do PLP (Projeto de Lei Complementar) 128, de 2025, proposta enviada pelo governo federal que estabelece cortes nos incentivos fiscais.Se o cronograma for cumprido, o or\u00e7amento de 2026 ser\u00e1 aprovado ainda em 2025, evitando repetir o atraso ocorrido com o or\u00e7amento atual. O Ploa de 2025 foi aprovado s\u00f3 em mar\u00e7o e sancionado em abril pelo presidente Luiz In\u00e1cio Lula da Silva (PT).<\/p>\n<p>Diverg\u00eancias<\/p>\n<p>O senador Rog\u00e9rio Marinho (PL-RN), l\u00edder da Oposi\u00e7\u00e3o no Senado, acionou o Tribunal de Contas da Uni\u00e3o (TCU) para apurar o que classifica como um \u201cerro grosseiro\u201d nas estimativas de despesas obrigat\u00f3rias do Ploa de 2026. Marinho informou que levar\u00e1 o alerta \u00e0 CMO. Segundo o senador, o governo subestimou gastos com o Benef\u00edcio de Presta\u00e7\u00e3o Continuada (BPC) e o seguro-defeso para criar espa\u00e7o fiscal artificial e preservar a meta de resultado prim\u00e1rio. Na representa\u00e7\u00e3o encaminhada ao TCU, o liberal disse que o Ploa estabelece R$ 131,14 bilh\u00f5es para o BPC, aumento de 2,79% em rela\u00e7\u00e3o a 2025, apesar de um crescimento hist\u00f3rico m\u00e9dio de 14,8% ao ano. Para o seguro-defeso, o texto reserva R$ 854 milh\u00f5es, enquanto a despesa efetiva se aproxima de R$ 7,9 bilh\u00f5es.<\/p>\n<p>&nbsp;<\/p>\n<p>Foto: EBC<\/p>\n<p>&nbsp;<\/p>\n","protected":false},"excerpt":{"rendered":"<p>O Congresso definiu as datas de vota\u00e7\u00e3o do Or\u00e7amento \u2014 Ploa (Projeto de Lei Or\u00e7ament\u00e1ria Anual) \u2014 de 2026. A expectativa \u00e9 que o texto seja aprovado na Comiss\u00e3o Mista de Or\u00e7amento (CMO), na quarta-feira, 17, e posteriormente em sess\u00e3o conjunta do Congresso, um dia depois, na quinta, 18. A tend\u00eancia foi revelada pelo senador [&hellip;]<\/p>\n","protected":false},"author":8,"featured_media":961075,"comment_status":"closed","ping_status":"closed","sticky":false,"template":"","format":"standard","meta":[],"categories":[14,3],"tags":[1443,1191,25739,29559,27669,13015,1786,993,1636],"acf":[],"yoast_head":"<!-- This site is optimized with the Yoast SEO plugin v20.8 - https:\/\/yoast.com\/wordpress\/plugins\/seo\/ -->\n<title>CONGRESSO DEFINE DATAS PARA VOTA\u00c7\u00c3O DO OR\u00c7AMENTO DE 2026 - Bahia Economica<\/title>\n<meta name=\"description\" content=\"O maior portal de Economia da Bahia DESTAQUE DO DIA, ECONOMIA \/ POL\u00cdTICA Bahia Economica O Congresso definiu as datas de vota\u00e7\u00e3o do Or\u00e7amento\" \/>\n<meta name=\"robots\" content=\"index, follow, max-snippet:-1, max-image-preview:large, max-video-preview:-1\" \/>\n<link rel=\"canonical\" href=\"https:\/\/bahiaeconomica.com.br\/wp\/2025\/12\/16\/congresso-define-datas-para-votacao-do-orcamento-de-2026\/\" \/>\n<meta property=\"og:locale\" content=\"pt_BR\" \/>\n<meta property=\"og:type\" content=\"article\" \/>\n<meta property=\"og:title\" content=\"CONGRESSO DEFINE DATAS PARA VOTA\u00c7\u00c3O DO OR\u00c7AMENTO DE 2026 - Bahia Economica\" \/>\n<meta property=\"og:description\" content=\"O maior portal de Economia da Bahia DESTAQUE DO DIA, ECONOMIA \/ POL\u00cdTICA Bahia Economica O Congresso definiu as datas de vota\u00e7\u00e3o do Or\u00e7amento\" \/>\n<meta property=\"og:url\" content=\"https:\/\/bahiaeconomica.com.br\/wp\/2025\/12\/16\/congresso-define-datas-para-votacao-do-orcamento-de-2026\/\" \/>\n<meta property=\"og:site_name\" content=\"Bahia Economica\" \/>\n<meta property=\"article:publisher\" content=\"https:\/\/www.facebook.com\/bahiaeconomica\" \/>\n<meta property=\"article:published_time\" content=\"2025-12-16T09:59:53+00:00\" \/>\n<meta property=\"article:modified_time\" content=\"2025-12-16T09:45:19+00:00\" \/>\n<meta property=\"og:image\" content=\"https:\/\/bahiaeconomica.com.br\/wp\/wp-content\/uploads\/2025\/12\/Lupi-e-ex-presidentes-do-INSS-sao-convocados-para-0134848700202508260938-ScaleDownProportional.webp\" \/>\n\t<meta property=\"og:image:width\" content=\"1124\" \/>\n\t<meta property=\"og:image:height\" content=\"720\" \/>\n\t<meta property=\"og:image:type\" content=\"image\/webp\" \/>\n<meta name=\"author\" content=\"JP\" \/>\n<meta name=\"twitter:card\" content=\"summary_large_image\" \/>\n<meta name=\"twitter:label1\" content=\"Escrito por\" \/>\n\t<meta name=\"twitter:data1\" content=\"JP\" \/>\n\t<meta name=\"twitter:label2\" content=\"Est. tempo de leitura\" \/>\n\t<meta name=\"twitter:data2\" content=\"2 minutos\" \/>\n<script type=\"application\/ld+json\" class=\"yoast-schema-graph\">{\"@context\":\"https:\/\/schema.org\",\"@graph\":[{\"@type\":\"Article\",\"@id\":\"https:\/\/bahiaeconomica.com.br\/wp\/2025\/12\/16\/congresso-define-datas-para-votacao-do-orcamento-de-2026\/#article\",\"isPartOf\":{\"@id\":\"https:\/\/bahiaeconomica.com.br\/wp\/2025\/12\/16\/congresso-define-datas-para-votacao-do-orcamento-de-2026\/\"},\"author\":{\"name\":\"JP\",\"@id\":\"https:\/\/bahiaeconomica.com.br\/wp\/#\/schema\/person\/c86d3a3f8960425a0f9d0e5245991f4e\"},\"headline\":\"CONGRESSO DEFINE DATAS PARA VOTA\u00c7\u00c3O DO OR\u00c7AMENTO DE 2026\",\"datePublished\":\"2025-12-16T09:59:53+00:00\",\"dateModified\":\"2025-12-16T09:45:19+00:00\",\"mainEntityOfPage\":{\"@id\":\"https:\/\/bahiaeconomica.com.br\/wp\/2025\/12\/16\/congresso-define-datas-para-votacao-do-orcamento-de-2026\/\"},\"wordCount\":318,\"publisher\":{\"@id\":\"https:\/\/bahiaeconomica.com.br\/wp\/#organization\"},\"keywords\":[\"comissao\",\"congresso\",\"DA UNI\u00c3O\",\"de contas\",\"DE OR\u00c7AMENTO\",\"mista\",\"nacional\",\"or\u00e7amento\",\"tribunal\"],\"articleSection\":[\"DESTAQUE DO DIA\",\"ECONOMIA \/ POL\u00cdTICA\"],\"inLanguage\":\"pt-BR\"},{\"@type\":\"WebPage\",\"@id\":\"https:\/\/bahiaeconomica.com.br\/wp\/2025\/12\/16\/congresso-define-datas-para-votacao-do-orcamento-de-2026\/\",\"url\":\"https:\/\/bahiaeconomica.com.br\/wp\/2025\/12\/16\/congresso-define-datas-para-votacao-do-orcamento-de-2026\/\",\"name\":\"CONGRESSO DEFINE DATAS PARA VOTA\u00c7\u00c3O DO OR\u00c7AMENTO DE 2026 - Bahia Economica\",\"isPartOf\":{\"@id\":\"https:\/\/bahiaeconomica.com.br\/wp\/#website\"},\"datePublished\":\"2025-12-16T09:59:53+00:00\",\"dateModified\":\"2025-12-16T09:45:19+00:00\",\"description\":\"O maior portal de Economia da Bahia DESTAQUE DO DIA, ECONOMIA \/ POL\u00cdTICA Bahia Economica O Congresso definiu as datas de vota\u00e7\u00e3o do Or\u00e7amento\",\"breadcrumb\":{\"@id\":\"https:\/\/bahiaeconomica.com.br\/wp\/2025\/12\/16\/congresso-define-datas-para-votacao-do-orcamento-de-2026\/#breadcrumb\"},\"inLanguage\":\"pt-BR\",\"potentialAction\":[{\"@type\":\"ReadAction\",\"target\":[\"https:\/\/bahiaeconomica.com.br\/wp\/2025\/12\/16\/congresso-define-datas-para-votacao-do-orcamento-de-2026\/\"]}]},{\"@type\":\"BreadcrumbList\",\"@id\":\"https:\/\/bahiaeconomica.com.br\/wp\/2025\/12\/16\/congresso-define-datas-para-votacao-do-orcamento-de-2026\/#breadcrumb\",\"itemListElement\":[{\"@type\":\"ListItem\",\"position\":1,\"name\":\"In\u00edcio\",\"item\":\"https:\/\/bahiaeconomica.com.br\/wp\/\"},{\"@type\":\"ListItem\",\"position\":2,\"name\":\"CONGRESSO DEFINE DATAS PARA VOTA\u00c7\u00c3O DO OR\u00c7AMENTO DE 2026\"}]},{\"@type\":\"WebSite\",\"@id\":\"https:\/\/bahiaeconomica.com.br\/wp\/#website\",\"url\":\"https:\/\/bahiaeconomica.com.br\/wp\/\",\"name\":\"Bahia Economica\",\"description\":\"O maior portal de Economia da Bahia\",\"publisher\":{\"@id\":\"https:\/\/bahiaeconomica.com.br\/wp\/#organization\"},\"potentialAction\":[{\"@type\":\"SearchAction\",\"target\":{\"@type\":\"EntryPoint\",\"urlTemplate\":\"https:\/\/bahiaeconomica.com.br\/wp\/?s={search_term_string}\"},\"query-input\":\"required name=search_term_string\"}],\"inLanguage\":\"pt-BR\"},{\"@type\":\"Organization\",\"@id\":\"https:\/\/bahiaeconomica.com.br\/wp\/#organization\",\"name\":\"Bahia Econ\u00f4mica\",\"url\":\"https:\/\/bahiaeconomica.com.br\/wp\/\",\"logo\":{\"@type\":\"ImageObject\",\"inLanguage\":\"pt-BR\",\"@id\":\"https:\/\/bahiaeconomica.com.br\/wp\/#\/schema\/logo\/image\/\",\"url\":\"https:\/\/bahiaeconomica.com.br\/wp\/wp-content\/uploads\/2020\/12\/cropped-BE.png\",\"contentUrl\":\"https:\/\/bahiaeconomica.com.br\/wp\/wp-content\/uploads\/2020\/12\/cropped-BE.png\",\"width\":512,\"height\":512,\"caption\":\"Bahia Econ\u00f4mica\"},\"image\":{\"@id\":\"https:\/\/bahiaeconomica.com.br\/wp\/#\/schema\/logo\/image\/\"},\"sameAs\":[\"https:\/\/www.facebook.com\/bahiaeconomica\"]},{\"@type\":\"Person\",\"@id\":\"https:\/\/bahiaeconomica.com.br\/wp\/#\/schema\/person\/c86d3a3f8960425a0f9d0e5245991f4e\",\"name\":\"JP\",\"sameAs\":[\"https:\/\/bahiaeconomica.com.br\/wp\/beta\/\"],\"url\":\"https:\/\/bahiaeconomica.com.br\/wp\/author\/jp\/\"}]}<\/script>\n<!-- \/ Yoast SEO plugin. -->","yoast_head_json":{"title":"CONGRESSO DEFINE DATAS PARA VOTA\u00c7\u00c3O DO OR\u00c7AMENTO DE 2026 - Bahia Economica","description":"O maior portal de Economia da Bahia DESTAQUE DO DIA, ECONOMIA \/ POL\u00cdTICA Bahia Economica O Congresso definiu as datas de vota\u00e7\u00e3o do Or\u00e7amento","robots":{"index":"index","follow":"follow","max-snippet":"max-snippet:-1","max-image-preview":"max-image-preview:large","max-video-preview":"max-video-preview:-1"},"canonical":"https:\/\/bahiaeconomica.com.br\/wp\/2025\/12\/16\/congresso-define-datas-para-votacao-do-orcamento-de-2026\/","og_locale":"pt_BR","og_type":"article","og_title":"CONGRESSO DEFINE DATAS PARA VOTA\u00c7\u00c3O DO OR\u00c7AMENTO DE 2026 - Bahia Economica","og_description":"O maior portal de Economia da Bahia DESTAQUE DO DIA, ECONOMIA \/ POL\u00cdTICA Bahia Economica O Congresso definiu as datas de vota\u00e7\u00e3o do Or\u00e7amento","og_url":"https:\/\/bahiaeconomica.com.br\/wp\/2025\/12\/16\/congresso-define-datas-para-votacao-do-orcamento-de-2026\/","og_site_name":"Bahia Economica","article_publisher":"https:\/\/www.facebook.com\/bahiaeconomica","article_published_time":"2025-12-16T09:59:53+00:00","article_modified_time":"2025-12-16T09:45:19+00:00","og_image":[{"width":1124,"height":720,"url":"https:\/\/bahiaeconomica.com.br\/wp\/wp-content\/uploads\/2025\/12\/Lupi-e-ex-presidentes-do-INSS-sao-convocados-para-0134848700202508260938-ScaleDownProportional.webp","type":"image\/webp"}],"author":"JP","twitter_card":"summary_large_image","twitter_misc":{"Escrito por":"JP","Est. tempo de leitura":"2 minutos"},"schema":{"@context":"https:\/\/schema.org","@graph":[{"@type":"Article","@id":"https:\/\/bahiaeconomica.com.br\/wp\/2025\/12\/16\/congresso-define-datas-para-votacao-do-orcamento-de-2026\/#article","isPartOf":{"@id":"https:\/\/bahiaeconomica.com.br\/wp\/2025\/12\/16\/congresso-define-datas-para-votacao-do-orcamento-de-2026\/"},"author":{"name":"JP","@id":"https:\/\/bahiaeconomica.com.br\/wp\/#\/schema\/person\/c86d3a3f8960425a0f9d0e5245991f4e"},"headline":"CONGRESSO DEFINE DATAS PARA VOTA\u00c7\u00c3O DO OR\u00c7AMENTO DE 2026","datePublished":"2025-12-16T09:59:53+00:00","dateModified":"2025-12-16T09:45:19+00:00","mainEntityOfPage":{"@id":"https:\/\/bahiaeconomica.com.br\/wp\/2025\/12\/16\/congresso-define-datas-para-votacao-do-orcamento-de-2026\/"},"wordCount":318,"publisher":{"@id":"https:\/\/bahiaeconomica.com.br\/wp\/#organization"},"keywords":["comissao","congresso","DA UNI\u00c3O","de contas","DE OR\u00c7AMENTO","mista","nacional","or\u00e7amento","tribunal"],"articleSection":["DESTAQUE DO DIA","ECONOMIA \/ POL\u00cdTICA"],"inLanguage":"pt-BR"},{"@type":"WebPage","@id":"https:\/\/bahiaeconomica.com.br\/wp\/2025\/12\/16\/congresso-define-datas-para-votacao-do-orcamento-de-2026\/","url":"https:\/\/bahiaeconomica.com.br\/wp\/2025\/12\/16\/congresso-define-datas-para-votacao-do-orcamento-de-2026\/","name":"CONGRESSO DEFINE DATAS PARA VOTA\u00c7\u00c3O DO OR\u00c7AMENTO DE 2026 - Bahia Economica","isPartOf":{"@id":"https:\/\/bahiaeconomica.com.br\/wp\/#website"},"datePublished":"2025-12-16T09:59:53+00:00","dateModified":"2025-12-16T09:45:19+00:00","description":"O maior portal de Economia da Bahia DESTAQUE DO DIA, ECONOMIA \/ POL\u00cdTICA Bahia Economica O Congresso definiu as datas de vota\u00e7\u00e3o do Or\u00e7amento","breadcrumb":{"@id":"https:\/\/bahiaeconomica.com.br\/wp\/2025\/12\/16\/congresso-define-datas-para-votacao-do-orcamento-de-2026\/#breadcrumb"},"inLanguage":"pt-BR","potentialAction":[{"@type":"ReadAction","target":["https:\/\/bahiaeconomica.com.br\/wp\/2025\/12\/16\/congresso-define-datas-para-votacao-do-orcamento-de-2026\/"]}]},{"@type":"BreadcrumbList","@id":"https:\/\/bahiaeconomica.com.br\/wp\/2025\/12\/16\/congresso-define-datas-para-votacao-do-orcamento-de-2026\/#breadcrumb","itemListElement":[{"@type":"ListItem","position":1,"name":"In\u00edcio","item":"https:\/\/bahiaeconomica.com.br\/wp\/"},{"@type":"ListItem","position":2,"name":"CONGRESSO DEFINE DATAS PARA VOTA\u00c7\u00c3O DO OR\u00c7AMENTO DE 2026"}]},{"@type":"WebSite","@id":"https:\/\/bahiaeconomica.com.br\/wp\/#website","url":"https:\/\/bahiaeconomica.com.br\/wp\/","name":"Bahia Economica","description":"O maior portal de Economia da Bahia","publisher":{"@id":"https:\/\/bahiaeconomica.com.br\/wp\/#organization"},"potentialAction":[{"@type":"SearchAction","target":{"@type":"EntryPoint","urlTemplate":"https:\/\/bahiaeconomica.com.br\/wp\/?s={search_term_string}"},"query-input":"required name=search_term_string"}],"inLanguage":"pt-BR"},{"@type":"Organization","@id":"https:\/\/bahiaeconomica.com.br\/wp\/#organization","name":"Bahia Econ\u00f4mica","url":"https:\/\/bahiaeconomica.com.br\/wp\/","logo":{"@type":"ImageObject","inLanguage":"pt-BR","@id":"https:\/\/bahiaeconomica.com.br\/wp\/#\/schema\/logo\/image\/","url":"https:\/\/bahiaeconomica.com.br\/wp\/wp-content\/uploads\/2020\/12\/cropped-BE.png","contentUrl":"https:\/\/bahiaeconomica.com.br\/wp\/wp-content\/uploads\/2020\/12\/cropped-BE.png","width":512,"height":512,"caption":"Bahia Econ\u00f4mica"},"image":{"@id":"https:\/\/bahiaeconomica.com.br\/wp\/#\/schema\/logo\/image\/"},"sameAs":["https:\/\/www.facebook.com\/bahiaeconomica"]},{"@type":"Person","@id":"https:\/\/bahiaeconomica.com.br\/wp\/#\/schema\/person\/c86d3a3f8960425a0f9d0e5245991f4e","name":"JP","sameAs":["https:\/\/bahiaeconomica.com.br\/wp\/beta\/"],"url":"https:\/\/bahiaeconomica.com.br\/wp\/author\/jp\/"}]}},"views":25,"_links":{"self":[{"href":"https:\/\/bahiaeconomica.com.br\/wp\/wp-json\/wp\/v2\/posts\/961074"}],"collection":[{"href":"https:\/\/bahiaeconomica.com.br\/wp\/wp-json\/wp\/v2\/posts"}],"about":[{"href":"https:\/\/bahiaeconomica.com.br\/wp\/wp-json\/wp\/v2\/types\/post"}],"author":[{"embeddable":true,"href":"https:\/\/bahiaeconomica.com.br\/wp\/wp-json\/wp\/v2\/users\/8"}],"replies":[{"embeddable":true,"href":"https:\/\/bahiaeconomica.com.br\/wp\/wp-json\/wp\/v2\/comments?post=961074"}],"version-history":[{"count":1,"href":"https:\/\/bahiaeconomica.com.br\/wp\/wp-json\/wp\/v2\/posts\/961074\/revisions"}],"predecessor-version":[{"id":961076,"href":"https:\/\/bahiaeconomica.com.br\/wp\/wp-json\/wp\/v2\/posts\/961074\/revisions\/961076"}],"wp:featuredmedia":[{"embeddable":true,"href":"https:\/\/bahiaeconomica.com.br\/wp\/wp-json\/wp\/v2\/media\/961075"}],"wp:attachment":[{"href":"https:\/\/bahiaeconomica.com.br\/wp\/wp-json\/wp\/v2\/media?parent=961074"}],"wp:term":[{"taxonomy":"category","embeddable":true,"href":"https:\/\/bahiaeconomica.com.br\/wp\/wp-json\/wp\/v2\/categories?post=961074"},{"taxonomy":"post_tag","embeddable":true,"href":"https:\/\/bahiaeconomica.com.br\/wp\/wp-json\/wp\/v2\/tags?post=961074"}],"curies":[{"name":"wp","href":"https:\/\/api.w.org\/{rel}","templated":true}]}}