{"id":960702,"date":"2025-12-15T09:23:25","date_gmt":"2025-12-15T12:23:25","guid":{"rendered":"https:\/\/bahiaeconomica.com.br\/wp\/?p=960702"},"modified":"2025-12-15T09:21:11","modified_gmt":"2025-12-15T12:21:11","slug":"jeronimo-lanca-a-operacao-verao-2025-2026-em-luis-eduardo-magalhaes-nesta-segunda-15","status":"publish","type":"post","link":"https:\/\/bahiaeconomica.com.br\/wp\/2025\/12\/15\/jeronimo-lanca-a-operacao-verao-2025-2026-em-luis-eduardo-magalhaes-nesta-segunda-15\/","title":{"rendered":"JER\u00d4NIMO LAN\u00c7A A OPERA\u00c7\u00c3O VER\u00c3O 2025\/2026 EM LU\u00cdS EDUARDO MAGALH\u00c3ES NESTA SEGUNDA (15)"},"content":{"rendered":"<div class=\"v1elementToProof\">O governador Jer\u00f4nimo Rodrigues lan\u00e7a a Opera\u00e7\u00e3o Ver\u00e3o 2025\/2026 &#8211; Interior, nesta segunda-feira (15), \u00e0s 18h, em Lu\u00eds Eduardo Magalh\u00e3es, com a entrega de 10 viaturas, sendo nove semiblindadas e uma base m\u00f3vel. Antes, \u00e0s 16h, ele inaugura o Col\u00e9gio Estadual Mimoso do Oeste.<\/div>\n<div class=\"v1elementToProof\"><\/div>\n<div class=\"v1elementToProof\">Prevista para o per\u00edodo de 29\/11\/2025 a 26\/04\/2026, a Opera\u00e7\u00e3o Ver\u00e3o 2025\/2026 &#8211; Interior prev\u00ea, por m\u00eas, o emprego de 92 policiais militares do Comando de Policiamento da Regi\u00e3o Oeste e 105, do Comando de Policiamento da Regi\u00e3o do Meio Oeste.<\/div>\n<div class=\"v1elementToProof\"><\/div>\n<div class=\"v1elementToProof\">Ao final da agenda, \u00e0s 19h, Jer\u00f4nimo participa da cerim\u00f4nia de abertura do Natal Luzes de Natal, com inaugura\u00e7\u00e3o da decora\u00e7\u00e3o e da programa\u00e7\u00e3o natalina.<\/div>\n<p>Foto: Thuane Maria\/GOVBA<\/p>\n","protected":false},"excerpt":{"rendered":"<p>O governador Jer\u00f4nimo Rodrigues lan\u00e7a a Opera\u00e7\u00e3o Ver\u00e3o 2025\/2026 &#8211; Interior, nesta segunda-feira (15), \u00e0s 18h, em Lu\u00eds Eduardo Magalh\u00e3es, com a entrega de 10 viaturas, sendo nove semiblindadas e uma base m\u00f3vel. Antes, \u00e0s 16h, ele inaugura o Col\u00e9gio Estadual Mimoso do Oeste. Prevista para o per\u00edodo de 29\/11\/2025 a 26\/04\/2026, a Opera\u00e7\u00e3o Ver\u00e3o [&hellip;]<\/p>\n","protected":false},"author":20,"featured_media":960703,"comment_status":"closed","ping_status":"closed","sticky":false,"template":"","format":"standard","meta":[],"categories":[5,14601],"tags":[1544,8173,42803],"acf":[],"yoast_head":"<!-- This site is optimized with the Yoast SEO plugin v20.8 - https:\/\/yoast.com\/wordpress\/plugins\/seo\/ -->\n<title>JER\u00d4NIMO LAN\u00c7A A OPERA\u00c7\u00c3O VER\u00c3O 2025\/2026 EM LU\u00cdS EDUARDO MAGALH\u00c3ES NESTA SEGUNDA (15) - Bahia Economica<\/title>\n<meta name=\"description\" content=\"O maior portal de Economia da Bahia MUNIC\u00cdPIOS, Pol\u00edtica Bahia Economica\" \/>\n<meta name=\"robots\" content=\"index, follow, max-snippet:-1, max-image-preview:large, max-video-preview:-1\" \/>\n<link rel=\"canonical\" href=\"https:\/\/bahiaeconomica.com.br\/wp\/2025\/12\/15\/jeronimo-lanca-a-operacao-verao-2025-2026-em-luis-eduardo-magalhaes-nesta-segunda-15\/\" \/>\n<meta property=\"og:locale\" content=\"pt_BR\" \/>\n<meta property=\"og:type\" content=\"article\" \/>\n<meta property=\"og:title\" content=\"JER\u00d4NIMO LAN\u00c7A A OPERA\u00c7\u00c3O VER\u00c3O 2025\/2026 EM LU\u00cdS EDUARDO MAGALH\u00c3ES NESTA SEGUNDA (15) - Bahia Economica\" \/>\n<meta property=\"og:description\" content=\"O maior portal de Economia da Bahia MUNIC\u00cdPIOS, Pol\u00edtica Bahia Economica\" \/>\n<meta property=\"og:url\" content=\"https:\/\/bahiaeconomica.com.br\/wp\/2025\/12\/15\/jeronimo-lanca-a-operacao-verao-2025-2026-em-luis-eduardo-magalhaes-nesta-segunda-15\/\" \/>\n<meta property=\"og:site_name\" content=\"Bahia Economica\" \/>\n<meta property=\"article:publisher\" content=\"https:\/\/www.facebook.com\/bahiaeconomica\" \/>\n<meta property=\"article:published_time\" content=\"2025-12-15T12:23:25+00:00\" \/>\n<meta property=\"article:modified_time\" content=\"2025-12-15T12:21:11+00:00\" \/>\n<meta property=\"og:image\" content=\"https:\/\/bahiaeconomica.com.br\/wp\/wp-content\/uploads\/2025\/12\/Fotos-Thuane-MariaGOVBA-3.jpg\" \/>\n\t<meta property=\"og:image:width\" content=\"1600\" \/>\n\t<meta property=\"og:image:height\" content=\"900\" \/>\n\t<meta property=\"og:image:type\" content=\"image\/jpeg\" \/>\n<meta name=\"author\" content=\"BRUNA CARVALHO\" \/>\n<meta name=\"twitter:card\" content=\"summary_large_image\" \/>\n<meta name=\"twitter:label1\" content=\"Escrito por\" \/>\n\t<meta name=\"twitter:data1\" content=\"BRUNA CARVALHO\" \/>\n\t<meta name=\"twitter:label2\" content=\"Est. tempo de leitura\" \/>\n\t<meta name=\"twitter:data2\" content=\"1 minuto\" \/>\n<script type=\"application\/ld+json\" class=\"yoast-schema-graph\">{\"@context\":\"https:\/\/schema.org\",\"@graph\":[{\"@type\":\"Article\",\"@id\":\"https:\/\/bahiaeconomica.com.br\/wp\/2025\/12\/15\/jeronimo-lanca-a-operacao-verao-2025-2026-em-luis-eduardo-magalhaes-nesta-segunda-15\/#article\",\"isPartOf\":{\"@id\":\"https:\/\/bahiaeconomica.com.br\/wp\/2025\/12\/15\/jeronimo-lanca-a-operacao-verao-2025-2026-em-luis-eduardo-magalhaes-nesta-segunda-15\/\"},\"author\":{\"name\":\"BRUNA CARVALHO\",\"@id\":\"https:\/\/bahiaeconomica.com.br\/wp\/#\/schema\/person\/9310b0e591f5979f6f99773eac5804e6\"},\"headline\":\"JER\u00d4NIMO LAN\u00c7A A OPERA\u00c7\u00c3O VER\u00c3O 2025\/2026 EM LU\u00cdS EDUARDO MAGALH\u00c3ES NESTA SEGUNDA (15)\",\"datePublished\":\"2025-12-15T12:23:25+00:00\",\"dateModified\":\"2025-12-15T12:21:11+00:00\",\"mainEntityOfPage\":{\"@id\":\"https:\/\/bahiaeconomica.com.br\/wp\/2025\/12\/15\/jeronimo-lanca-a-operacao-verao-2025-2026-em-luis-eduardo-magalhaes-nesta-segunda-15\/\"},\"wordCount\":142,\"publisher\":{\"@id\":\"https:\/\/bahiaeconomica.com.br\/wp\/#organization\"},\"keywords\":[\"jeronimo\",\"Lu\u00eds Eduardo Magalh\u00e3es\",\"opercao verao\"],\"articleSection\":[\"MUNIC\u00cdPIOS\",\"Pol\u00edtica\"],\"inLanguage\":\"pt-BR\"},{\"@type\":\"WebPage\",\"@id\":\"https:\/\/bahiaeconomica.com.br\/wp\/2025\/12\/15\/jeronimo-lanca-a-operacao-verao-2025-2026-em-luis-eduardo-magalhaes-nesta-segunda-15\/\",\"url\":\"https:\/\/bahiaeconomica.com.br\/wp\/2025\/12\/15\/jeronimo-lanca-a-operacao-verao-2025-2026-em-luis-eduardo-magalhaes-nesta-segunda-15\/\",\"name\":\"JER\u00d4NIMO LAN\u00c7A A OPERA\u00c7\u00c3O VER\u00c3O 2025\/2026 EM LU\u00cdS EDUARDO MAGALH\u00c3ES NESTA SEGUNDA (15) - Bahia Economica\",\"isPartOf\":{\"@id\":\"https:\/\/bahiaeconomica.com.br\/wp\/#website\"},\"datePublished\":\"2025-12-15T12:23:25+00:00\",\"dateModified\":\"2025-12-15T12:21:11+00:00\",\"description\":\"O maior portal de Economia da Bahia MUNIC\u00cdPIOS, Pol\u00edtica Bahia Economica\",\"breadcrumb\":{\"@id\":\"https:\/\/bahiaeconomica.com.br\/wp\/2025\/12\/15\/jeronimo-lanca-a-operacao-verao-2025-2026-em-luis-eduardo-magalhaes-nesta-segunda-15\/#breadcrumb\"},\"inLanguage\":\"pt-BR\",\"potentialAction\":[{\"@type\":\"ReadAction\",\"target\":[\"https:\/\/bahiaeconomica.com.br\/wp\/2025\/12\/15\/jeronimo-lanca-a-operacao-verao-2025-2026-em-luis-eduardo-magalhaes-nesta-segunda-15\/\"]}]},{\"@type\":\"BreadcrumbList\",\"@id\":\"https:\/\/bahiaeconomica.com.br\/wp\/2025\/12\/15\/jeronimo-lanca-a-operacao-verao-2025-2026-em-luis-eduardo-magalhaes-nesta-segunda-15\/#breadcrumb\",\"itemListElement\":[{\"@type\":\"ListItem\",\"position\":1,\"name\":\"In\u00edcio\",\"item\":\"https:\/\/bahiaeconomica.com.br\/wp\/\"},{\"@type\":\"ListItem\",\"position\":2,\"name\":\"JER\u00d4NIMO LAN\u00c7A A OPERA\u00c7\u00c3O VER\u00c3O 2025\/2026 EM LU\u00cdS EDUARDO MAGALH\u00c3ES NESTA SEGUNDA (15)\"}]},{\"@type\":\"WebSite\",\"@id\":\"https:\/\/bahiaeconomica.com.br\/wp\/#website\",\"url\":\"https:\/\/bahiaeconomica.com.br\/wp\/\",\"name\":\"Bahia Economica\",\"description\":\"O maior portal de Economia da Bahia\",\"publisher\":{\"@id\":\"https:\/\/bahiaeconomica.com.br\/wp\/#organization\"},\"potentialAction\":[{\"@type\":\"SearchAction\",\"target\":{\"@type\":\"EntryPoint\",\"urlTemplate\":\"https:\/\/bahiaeconomica.com.br\/wp\/?s={search_term_string}\"},\"query-input\":\"required name=search_term_string\"}],\"inLanguage\":\"pt-BR\"},{\"@type\":\"Organization\",\"@id\":\"https:\/\/bahiaeconomica.com.br\/wp\/#organization\",\"name\":\"Bahia Econ\u00f4mica\",\"url\":\"https:\/\/bahiaeconomica.com.br\/wp\/\",\"logo\":{\"@type\":\"ImageObject\",\"inLanguage\":\"pt-BR\",\"@id\":\"https:\/\/bahiaeconomica.com.br\/wp\/#\/schema\/logo\/image\/\",\"url\":\"https:\/\/bahiaeconomica.com.br\/wp\/wp-content\/uploads\/2020\/12\/cropped-BE.png\",\"contentUrl\":\"https:\/\/bahiaeconomica.com.br\/wp\/wp-content\/uploads\/2020\/12\/cropped-BE.png\",\"width\":512,\"height\":512,\"caption\":\"Bahia Econ\u00f4mica\"},\"image\":{\"@id\":\"https:\/\/bahiaeconomica.com.br\/wp\/#\/schema\/logo\/image\/\"},\"sameAs\":[\"https:\/\/www.facebook.com\/bahiaeconomica\"]},{\"@type\":\"Person\",\"@id\":\"https:\/\/bahiaeconomica.com.br\/wp\/#\/schema\/person\/9310b0e591f5979f6f99773eac5804e6\",\"name\":\"BRUNA CARVALHO\",\"sameAs\":[\"http:\/\/www.bahiaeconomica.com.br\"],\"url\":\"https:\/\/bahiaeconomica.com.br\/wp\/author\/bruna\/\"}]}<\/script>\n<!-- \/ Yoast SEO plugin. -->","yoast_head_json":{"title":"JER\u00d4NIMO LAN\u00c7A A OPERA\u00c7\u00c3O VER\u00c3O 2025\/2026 EM LU\u00cdS EDUARDO MAGALH\u00c3ES NESTA SEGUNDA (15) - Bahia Economica","description":"O maior portal de Economia da Bahia MUNIC\u00cdPIOS, Pol\u00edtica Bahia Economica","robots":{"index":"index","follow":"follow","max-snippet":"max-snippet:-1","max-image-preview":"max-image-preview:large","max-video-preview":"max-video-preview:-1"},"canonical":"https:\/\/bahiaeconomica.com.br\/wp\/2025\/12\/15\/jeronimo-lanca-a-operacao-verao-2025-2026-em-luis-eduardo-magalhaes-nesta-segunda-15\/","og_locale":"pt_BR","og_type":"article","og_title":"JER\u00d4NIMO LAN\u00c7A A OPERA\u00c7\u00c3O VER\u00c3O 2025\/2026 EM LU\u00cdS EDUARDO MAGALH\u00c3ES NESTA SEGUNDA (15) - Bahia Economica","og_description":"O maior portal de Economia da Bahia MUNIC\u00cdPIOS, Pol\u00edtica Bahia Economica","og_url":"https:\/\/bahiaeconomica.com.br\/wp\/2025\/12\/15\/jeronimo-lanca-a-operacao-verao-2025-2026-em-luis-eduardo-magalhaes-nesta-segunda-15\/","og_site_name":"Bahia Economica","article_publisher":"https:\/\/www.facebook.com\/bahiaeconomica","article_published_time":"2025-12-15T12:23:25+00:00","article_modified_time":"2025-12-15T12:21:11+00:00","og_image":[{"width":1600,"height":900,"url":"https:\/\/bahiaeconomica.com.br\/wp\/wp-content\/uploads\/2025\/12\/Fotos-Thuane-MariaGOVBA-3.jpg","type":"image\/jpeg"}],"author":"BRUNA CARVALHO","twitter_card":"summary_large_image","twitter_misc":{"Escrito por":"BRUNA CARVALHO","Est. tempo de leitura":"1 minuto"},"schema":{"@context":"https:\/\/schema.org","@graph":[{"@type":"Article","@id":"https:\/\/bahiaeconomica.com.br\/wp\/2025\/12\/15\/jeronimo-lanca-a-operacao-verao-2025-2026-em-luis-eduardo-magalhaes-nesta-segunda-15\/#article","isPartOf":{"@id":"https:\/\/bahiaeconomica.com.br\/wp\/2025\/12\/15\/jeronimo-lanca-a-operacao-verao-2025-2026-em-luis-eduardo-magalhaes-nesta-segunda-15\/"},"author":{"name":"BRUNA CARVALHO","@id":"https:\/\/bahiaeconomica.com.br\/wp\/#\/schema\/person\/9310b0e591f5979f6f99773eac5804e6"},"headline":"JER\u00d4NIMO LAN\u00c7A A OPERA\u00c7\u00c3O VER\u00c3O 2025\/2026 EM LU\u00cdS EDUARDO MAGALH\u00c3ES NESTA SEGUNDA (15)","datePublished":"2025-12-15T12:23:25+00:00","dateModified":"2025-12-15T12:21:11+00:00","mainEntityOfPage":{"@id":"https:\/\/bahiaeconomica.com.br\/wp\/2025\/12\/15\/jeronimo-lanca-a-operacao-verao-2025-2026-em-luis-eduardo-magalhaes-nesta-segunda-15\/"},"wordCount":142,"publisher":{"@id":"https:\/\/bahiaeconomica.com.br\/wp\/#organization"},"keywords":["jeronimo","Lu\u00eds Eduardo Magalh\u00e3es","opercao verao"],"articleSection":["MUNIC\u00cdPIOS","Pol\u00edtica"],"inLanguage":"pt-BR"},{"@type":"WebPage","@id":"https:\/\/bahiaeconomica.com.br\/wp\/2025\/12\/15\/jeronimo-lanca-a-operacao-verao-2025-2026-em-luis-eduardo-magalhaes-nesta-segunda-15\/","url":"https:\/\/bahiaeconomica.com.br\/wp\/2025\/12\/15\/jeronimo-lanca-a-operacao-verao-2025-2026-em-luis-eduardo-magalhaes-nesta-segunda-15\/","name":"JER\u00d4NIMO LAN\u00c7A A OPERA\u00c7\u00c3O VER\u00c3O 2025\/2026 EM LU\u00cdS EDUARDO MAGALH\u00c3ES NESTA SEGUNDA (15) - Bahia Economica","isPartOf":{"@id":"https:\/\/bahiaeconomica.com.br\/wp\/#website"},"datePublished":"2025-12-15T12:23:25+00:00","dateModified":"2025-12-15T12:21:11+00:00","description":"O maior portal de Economia da Bahia MUNIC\u00cdPIOS, Pol\u00edtica Bahia Economica","breadcrumb":{"@id":"https:\/\/bahiaeconomica.com.br\/wp\/2025\/12\/15\/jeronimo-lanca-a-operacao-verao-2025-2026-em-luis-eduardo-magalhaes-nesta-segunda-15\/#breadcrumb"},"inLanguage":"pt-BR","potentialAction":[{"@type":"ReadAction","target":["https:\/\/bahiaeconomica.com.br\/wp\/2025\/12\/15\/jeronimo-lanca-a-operacao-verao-2025-2026-em-luis-eduardo-magalhaes-nesta-segunda-15\/"]}]},{"@type":"BreadcrumbList","@id":"https:\/\/bahiaeconomica.com.br\/wp\/2025\/12\/15\/jeronimo-lanca-a-operacao-verao-2025-2026-em-luis-eduardo-magalhaes-nesta-segunda-15\/#breadcrumb","itemListElement":[{"@type":"ListItem","position":1,"name":"In\u00edcio","item":"https:\/\/bahiaeconomica.com.br\/wp\/"},{"@type":"ListItem","position":2,"name":"JER\u00d4NIMO LAN\u00c7A A OPERA\u00c7\u00c3O VER\u00c3O 2025\/2026 EM LU\u00cdS EDUARDO MAGALH\u00c3ES NESTA SEGUNDA (15)"}]},{"@type":"WebSite","@id":"https:\/\/bahiaeconomica.com.br\/wp\/#website","url":"https:\/\/bahiaeconomica.com.br\/wp\/","name":"Bahia Economica","description":"O maior portal de Economia da Bahia","publisher":{"@id":"https:\/\/bahiaeconomica.com.br\/wp\/#organization"},"potentialAction":[{"@type":"SearchAction","target":{"@type":"EntryPoint","urlTemplate":"https:\/\/bahiaeconomica.com.br\/wp\/?s={search_term_string}"},"query-input":"required name=search_term_string"}],"inLanguage":"pt-BR"},{"@type":"Organization","@id":"https:\/\/bahiaeconomica.com.br\/wp\/#organization","name":"Bahia Econ\u00f4mica","url":"https:\/\/bahiaeconomica.com.br\/wp\/","logo":{"@type":"ImageObject","inLanguage":"pt-BR","@id":"https:\/\/bahiaeconomica.com.br\/wp\/#\/schema\/logo\/image\/","url":"https:\/\/bahiaeconomica.com.br\/wp\/wp-content\/uploads\/2020\/12\/cropped-BE.png","contentUrl":"https:\/\/bahiaeconomica.com.br\/wp\/wp-content\/uploads\/2020\/12\/cropped-BE.png","width":512,"height":512,"caption":"Bahia Econ\u00f4mica"},"image":{"@id":"https:\/\/bahiaeconomica.com.br\/wp\/#\/schema\/logo\/image\/"},"sameAs":["https:\/\/www.facebook.com\/bahiaeconomica"]},{"@type":"Person","@id":"https:\/\/bahiaeconomica.com.br\/wp\/#\/schema\/person\/9310b0e591f5979f6f99773eac5804e6","name":"BRUNA CARVALHO","sameAs":["http:\/\/www.bahiaeconomica.com.br"],"url":"https:\/\/bahiaeconomica.com.br\/wp\/author\/bruna\/"}]}},"views":21,"_links":{"self":[{"href":"https:\/\/bahiaeconomica.com.br\/wp\/wp-json\/wp\/v2\/posts\/960702"}],"collection":[{"href":"https:\/\/bahiaeconomica.com.br\/wp\/wp-json\/wp\/v2\/posts"}],"about":[{"href":"https:\/\/bahiaeconomica.com.br\/wp\/wp-json\/wp\/v2\/types\/post"}],"author":[{"embeddable":true,"href":"https:\/\/bahiaeconomica.com.br\/wp\/wp-json\/wp\/v2\/users\/20"}],"replies":[{"embeddable":true,"href":"https:\/\/bahiaeconomica.com.br\/wp\/wp-json\/wp\/v2\/comments?post=960702"}],"version-history":[{"count":1,"href":"https:\/\/bahiaeconomica.com.br\/wp\/wp-json\/wp\/v2\/posts\/960702\/revisions"}],"predecessor-version":[{"id":960741,"href":"https:\/\/bahiaeconomica.com.br\/wp\/wp-json\/wp\/v2\/posts\/960702\/revisions\/960741"}],"wp:featuredmedia":[{"embeddable":true,"href":"https:\/\/bahiaeconomica.com.br\/wp\/wp-json\/wp\/v2\/media\/960703"}],"wp:attachment":[{"href":"https:\/\/bahiaeconomica.com.br\/wp\/wp-json\/wp\/v2\/media?parent=960702"}],"wp:term":[{"taxonomy":"category","embeddable":true,"href":"https:\/\/bahiaeconomica.com.br\/wp\/wp-json\/wp\/v2\/categories?post=960702"},{"taxonomy":"post_tag","embeddable":true,"href":"https:\/\/bahiaeconomica.com.br\/wp\/wp-json\/wp\/v2\/tags?post=960702"}],"curies":[{"name":"wp","href":"https:\/\/api.w.org\/{rel}","templated":true}]}}