{"id":960671,"date":"2025-12-15T07:20:05","date_gmt":"2025-12-15T10:20:05","guid":{"rendered":"https:\/\/bahiaeconomica.com.br\/wp\/?p=960671"},"modified":"2025-12-15T06:36:13","modified_gmt":"2025-12-15T09:36:13","slug":"fifa-revela-data-para-o-premio-the-best-2025-veja-candidatos","status":"publish","type":"post","link":"https:\/\/bahiaeconomica.com.br\/wp\/2025\/12\/15\/fifa-revela-data-para-o-premio-the-best-2025-veja-candidatos\/","title":{"rendered":"FIFA REVELA DATA PARA O PR\u00caMIO THE BEST 2025; VEJA CANDIDATOS"},"content":{"rendered":"<p>A Fifa anunciou neste domingo, 14, a data oficial da premia\u00e7\u00e3o The Best 2025. A cerim\u00f4nia vai ser realizada em Doha no Catar na pr\u00f3xima ter\u00e7a-feira, 16, a partir das 14h no hor\u00e1rio de Bras\u00edlia. O atacante Raphinha, do Barcelona, \u00e9 o \u00fanico brasileiro indicado \u00e0 categoria de \u201cMelhor Jogador\u201d. Atualmente o vencedor deste pr\u00eamio \u00e9 o tamb\u00e9m brasileiro Vin\u00edcius J\u00fanior, atacante do Real Madrid. Por mais que n\u00e3o tenham tantos brasileiros disputando o pr\u00eamio de \u201cMelhor Jogador\u201d, o Brasil tem 11 representantes que integram a lista de concorrentes \u00e0s vagas na &#8220;Sele\u00e7\u00e3o do Ano&#8221;, sendo eles:<\/p>\n<p>Goleiros<\/p>\n<ul>\n<li>Alisson (Liverpool);<\/li>\n<li>F\u00e1bio (Fluminense);<\/li>\n<li>Weverton (Palmeiras);<\/li>\n<li>John (Nottingham Forrest).<\/li>\n<\/ul>\n<p>Defensores<\/p>\n<ul>\n<li>Thiago Silva (Fluminense);<\/li>\n<li>Marquinhos (PSG);<\/li>\n<li>Gabriel Magalh\u00e3es (Arsenal).<\/li>\n<\/ul>\n<p>Atacantes<\/p>\n<ul>\n<li>Jo\u00e3o Pedro (Chelsea);<\/li>\n<li>Luiz Henrique (Zenit);<\/li>\n<li>Raphinha (Barcelona).<\/li>\n<\/ul>\n<p>Foto: Reprodu\u00e7\u00e3o | ARIC BECKER\/AFP<\/p>\n<p>Os vencedores ser\u00e3o escolhidos por meio de vota\u00e7\u00e3o popular somada a votos de especialistas. Neste ano de 2025, a Fifa computou mais de 16 milh\u00f5es de contribui\u00e7\u00f5es, que ter\u00e3o o peso de 25% da nota final, sendo os outros 75% divididos entre capit\u00e3es de equipes, t\u00e9cnicos e jornalistas.<\/p>\n<p>Melhor Jogador<\/p>\n<ul>\n<li>Ousmane Demb\u00e9l\u00e9, Fran\u00e7a e PSG<\/li>\n<li>Achraf Hakimi, Marrocos e PSG<\/li>\n<li>Harry Kane, Inglaterra e Bayern de Munique<\/li>\n<li>Kylian Mbapp\u00e9, Fran\u00e7a e Real Madrid<\/li>\n<li>Nuno Mendes, Portugal e PSG<\/li>\n<li>Cole Palmer, Inglaterra e Chelsea<\/li>\n<li>Pedri, Espanha e Barcelona<\/li>\n<li>Raphinha, Brasil e Barcelona<\/li>\n<li>Mohamed Salah, Egito e Liverpool<\/li>\n<li>Vitinha, Portugal e PSG<\/li>\n<li>Lamine Yamal, Espanha e Barcelona<\/li>\n<\/ul>\n<p>Melhor Jogadora<\/p>\n<ul>\n<li>Sandy Baltimore, Fran\u00e7a e Chelsea<\/li>\n<li>Nathalie Bjorn, Su\u00e9cia e Chelsea<\/li>\n<li>Aitana Bonmati, Espanha e Barcelona<\/li>\n<li>Lucy Bronze, Inglaterra e Chelsea<\/li>\n<li>Mariona Caldentey, Espanha e Arsenal<\/li>\n<li>Temwa Chawinga, Malawi e Corrente de Kansas City<\/li>\n<li>Diani Kadidiatou, Fran\u00e7a e Lyon<\/li>\n<li>Melchie Dumornay, Haiti e Lyon<\/li>\n<li>Patri Guijarro, Espanha e Barcelona<\/li>\n<li>Lindsey Heaps, EUA e Lyon<\/li>\n<li>Lauren James, Inglaterra e Chelsea<\/li>\n<li>Chloe Kelly, Inglaterra e Manchester City\/Arsenal<\/li>\n<li>Ewa Pajor, Pol\u00f4nia e Barcelona<\/li>\n<li>Claudia Pina, Espanha e Barcelona<\/li>\n<li>Alexia Putellas, Espanha e Barcelona<\/li>\n<li>Alessia Russo, Inglaterra e Arsenal<\/li>\n<li>Leah Williamson, Inglaterra e Arsenal<\/li>\n<\/ul>\n<p>&nbsp;<\/p>\n<p>Foto: Reprodu\u00e7\u00e3o | ARIC BECKER\/AFP<\/p>\n<p>&nbsp;<\/p>\n<p>&nbsp;<\/p>\n","protected":false},"excerpt":{"rendered":"<p>A Fifa anunciou neste domingo, 14, a data oficial da premia\u00e7\u00e3o The Best 2025. A cerim\u00f4nia vai ser realizada em Doha no Catar na pr\u00f3xima ter\u00e7a-feira, 16, a partir das 14h no hor\u00e1rio de Bras\u00edlia. O atacante Raphinha, do Barcelona, \u00e9 o \u00fanico brasileiro indicado \u00e0 categoria de \u201cMelhor Jogador\u201d. Atualmente o vencedor deste pr\u00eamio [&hellip;]<\/p>\n","protected":false},"author":8,"featured_media":960672,"comment_status":"closed","ping_status":"closed","sticky":false,"template":"","format":"standard","meta":[],"categories":[4486],"tags":[6011,42798,1887,1527,6122,20998,35167,10756,10951],"acf":[],"yoast_head":"<!-- This site is optimized with the Yoast SEO plugin v20.8 - https:\/\/yoast.com\/wordpress\/plugins\/seo\/ -->\n<title>FIFA REVELA DATA PARA O PR\u00caMIO THE BEST 2025; VEJA CANDIDATOS - Bahia Economica<\/title>\n<meta name=\"description\" content=\"O maior portal de Economia da Bahia Esporte Bahia Economica A Fifa anunciou neste domingo, 14, a data oficial da premia\u00e7\u00e3o The Best 2025\" \/>\n<meta name=\"robots\" content=\"index, follow, max-snippet:-1, max-image-preview:large, max-video-preview:-1\" \/>\n<link rel=\"canonical\" href=\"https:\/\/bahiaeconomica.com.br\/wp\/2025\/12\/15\/fifa-revela-data-para-o-premio-the-best-2025-veja-candidatos\/\" \/>\n<meta property=\"og:locale\" content=\"pt_BR\" \/>\n<meta property=\"og:type\" content=\"article\" \/>\n<meta property=\"og:title\" content=\"FIFA REVELA DATA PARA O PR\u00caMIO THE BEST 2025; VEJA CANDIDATOS - Bahia Economica\" \/>\n<meta property=\"og:description\" content=\"O maior portal de Economia da Bahia Esporte Bahia Economica A Fifa anunciou neste domingo, 14, a data oficial da premia\u00e7\u00e3o The Best 2025\" \/>\n<meta property=\"og:url\" content=\"https:\/\/bahiaeconomica.com.br\/wp\/2025\/12\/15\/fifa-revela-data-para-o-premio-the-best-2025-veja-candidatos\/\" \/>\n<meta property=\"og:site_name\" content=\"Bahia Economica\" \/>\n<meta property=\"article:publisher\" content=\"https:\/\/www.facebook.com\/bahiaeconomica\" \/>\n<meta property=\"article:published_time\" content=\"2025-12-15T10:20:05+00:00\" \/>\n<meta property=\"article:modified_time\" content=\"2025-12-15T09:36:13+00:00\" \/>\n<meta property=\"og:image\" content=\"https:\/\/bahiaeconomica.com.br\/wp\/wp-content\/uploads\/2025\/12\/Com-brasileiro-na-disputa-Fifa-revela-data-para-o-0137231400202512141617-1-e1765791353949.webp\" \/>\n\t<meta property=\"og:image:width\" content=\"723\" \/>\n\t<meta property=\"og:image:height\" content=\"347\" \/>\n\t<meta property=\"og:image:type\" content=\"image\/webp\" \/>\n<meta name=\"author\" content=\"JP\" \/>\n<meta name=\"twitter:card\" content=\"summary_large_image\" \/>\n<meta name=\"twitter:label1\" content=\"Escrito por\" \/>\n\t<meta name=\"twitter:data1\" content=\"JP\" \/>\n\t<meta name=\"twitter:label2\" content=\"Est. tempo de leitura\" \/>\n\t<meta name=\"twitter:data2\" content=\"2 minutos\" \/>\n<script type=\"application\/ld+json\" class=\"yoast-schema-graph\">{\"@context\":\"https:\/\/schema.org\",\"@graph\":[{\"@type\":\"Article\",\"@id\":\"https:\/\/bahiaeconomica.com.br\/wp\/2025\/12\/15\/fifa-revela-data-para-o-premio-the-best-2025-veja-candidatos\/#article\",\"isPartOf\":{\"@id\":\"https:\/\/bahiaeconomica.com.br\/wp\/2025\/12\/15\/fifa-revela-data-para-o-premio-the-best-2025-veja-candidatos\/\"},\"author\":{\"name\":\"JP\",\"@id\":\"https:\/\/bahiaeconomica.com.br\/wp\/#\/schema\/person\/c86d3a3f8960425a0f9d0e5245991f4e\"},\"headline\":\"FIFA REVELA DATA PARA O PR\u00caMIO THE BEST 2025; VEJA CANDIDATOS\",\"datePublished\":\"2025-12-15T10:20:05+00:00\",\"dateModified\":\"2025-12-15T09:36:13+00:00\",\"mainEntityOfPage\":{\"@id\":\"https:\/\/bahiaeconomica.com.br\/wp\/2025\/12\/15\/fifa-revela-data-para-o-premio-the-best-2025-veja-candidatos\/\"},\"wordCount\":367,\"publisher\":{\"@id\":\"https:\/\/bahiaeconomica.com.br\/wp\/#organization\"},\"keywords\":[\"2025\",\"Best\",\"fifa\",\"futebol\",\"premia\u00e7\u00e3o\",\"Raphinha\",\"The\",\"The Best\",\"VINI JR\"],\"articleSection\":[\"Esporte\"],\"inLanguage\":\"pt-BR\"},{\"@type\":\"WebPage\",\"@id\":\"https:\/\/bahiaeconomica.com.br\/wp\/2025\/12\/15\/fifa-revela-data-para-o-premio-the-best-2025-veja-candidatos\/\",\"url\":\"https:\/\/bahiaeconomica.com.br\/wp\/2025\/12\/15\/fifa-revela-data-para-o-premio-the-best-2025-veja-candidatos\/\",\"name\":\"FIFA REVELA DATA PARA O PR\u00caMIO THE BEST 2025; VEJA CANDIDATOS - Bahia Economica\",\"isPartOf\":{\"@id\":\"https:\/\/bahiaeconomica.com.br\/wp\/#website\"},\"datePublished\":\"2025-12-15T10:20:05+00:00\",\"dateModified\":\"2025-12-15T09:36:13+00:00\",\"description\":\"O maior portal de Economia da Bahia Esporte Bahia Economica A Fifa anunciou neste domingo, 14, a data oficial da premia\u00e7\u00e3o The Best 2025\",\"breadcrumb\":{\"@id\":\"https:\/\/bahiaeconomica.com.br\/wp\/2025\/12\/15\/fifa-revela-data-para-o-premio-the-best-2025-veja-candidatos\/#breadcrumb\"},\"inLanguage\":\"pt-BR\",\"potentialAction\":[{\"@type\":\"ReadAction\",\"target\":[\"https:\/\/bahiaeconomica.com.br\/wp\/2025\/12\/15\/fifa-revela-data-para-o-premio-the-best-2025-veja-candidatos\/\"]}]},{\"@type\":\"BreadcrumbList\",\"@id\":\"https:\/\/bahiaeconomica.com.br\/wp\/2025\/12\/15\/fifa-revela-data-para-o-premio-the-best-2025-veja-candidatos\/#breadcrumb\",\"itemListElement\":[{\"@type\":\"ListItem\",\"position\":1,\"name\":\"In\u00edcio\",\"item\":\"https:\/\/bahiaeconomica.com.br\/wp\/\"},{\"@type\":\"ListItem\",\"position\":2,\"name\":\"FIFA REVELA DATA PARA O PR\u00caMIO THE BEST 2025; VEJA CANDIDATOS\"}]},{\"@type\":\"WebSite\",\"@id\":\"https:\/\/bahiaeconomica.com.br\/wp\/#website\",\"url\":\"https:\/\/bahiaeconomica.com.br\/wp\/\",\"name\":\"Bahia Economica\",\"description\":\"O maior portal de Economia da Bahia\",\"publisher\":{\"@id\":\"https:\/\/bahiaeconomica.com.br\/wp\/#organization\"},\"potentialAction\":[{\"@type\":\"SearchAction\",\"target\":{\"@type\":\"EntryPoint\",\"urlTemplate\":\"https:\/\/bahiaeconomica.com.br\/wp\/?s={search_term_string}\"},\"query-input\":\"required name=search_term_string\"}],\"inLanguage\":\"pt-BR\"},{\"@type\":\"Organization\",\"@id\":\"https:\/\/bahiaeconomica.com.br\/wp\/#organization\",\"name\":\"Bahia Econ\u00f4mica\",\"url\":\"https:\/\/bahiaeconomica.com.br\/wp\/\",\"logo\":{\"@type\":\"ImageObject\",\"inLanguage\":\"pt-BR\",\"@id\":\"https:\/\/bahiaeconomica.com.br\/wp\/#\/schema\/logo\/image\/\",\"url\":\"https:\/\/bahiaeconomica.com.br\/wp\/wp-content\/uploads\/2020\/12\/cropped-BE.png\",\"contentUrl\":\"https:\/\/bahiaeconomica.com.br\/wp\/wp-content\/uploads\/2020\/12\/cropped-BE.png\",\"width\":512,\"height\":512,\"caption\":\"Bahia Econ\u00f4mica\"},\"image\":{\"@id\":\"https:\/\/bahiaeconomica.com.br\/wp\/#\/schema\/logo\/image\/\"},\"sameAs\":[\"https:\/\/www.facebook.com\/bahiaeconomica\"]},{\"@type\":\"Person\",\"@id\":\"https:\/\/bahiaeconomica.com.br\/wp\/#\/schema\/person\/c86d3a3f8960425a0f9d0e5245991f4e\",\"name\":\"JP\",\"sameAs\":[\"https:\/\/bahiaeconomica.com.br\/wp\/beta\/\"],\"url\":\"https:\/\/bahiaeconomica.com.br\/wp\/author\/jp\/\"}]}<\/script>\n<!-- \/ Yoast SEO plugin. -->","yoast_head_json":{"title":"FIFA REVELA DATA PARA O PR\u00caMIO THE BEST 2025; VEJA CANDIDATOS - Bahia Economica","description":"O maior portal de Economia da Bahia Esporte Bahia Economica A Fifa anunciou neste domingo, 14, a data oficial da premia\u00e7\u00e3o The Best 2025","robots":{"index":"index","follow":"follow","max-snippet":"max-snippet:-1","max-image-preview":"max-image-preview:large","max-video-preview":"max-video-preview:-1"},"canonical":"https:\/\/bahiaeconomica.com.br\/wp\/2025\/12\/15\/fifa-revela-data-para-o-premio-the-best-2025-veja-candidatos\/","og_locale":"pt_BR","og_type":"article","og_title":"FIFA REVELA DATA PARA O PR\u00caMIO THE BEST 2025; VEJA CANDIDATOS - Bahia Economica","og_description":"O maior portal de Economia da Bahia Esporte Bahia Economica A Fifa anunciou neste domingo, 14, a data oficial da premia\u00e7\u00e3o The Best 2025","og_url":"https:\/\/bahiaeconomica.com.br\/wp\/2025\/12\/15\/fifa-revela-data-para-o-premio-the-best-2025-veja-candidatos\/","og_site_name":"Bahia Economica","article_publisher":"https:\/\/www.facebook.com\/bahiaeconomica","article_published_time":"2025-12-15T10:20:05+00:00","article_modified_time":"2025-12-15T09:36:13+00:00","og_image":[{"width":723,"height":347,"url":"https:\/\/bahiaeconomica.com.br\/wp\/wp-content\/uploads\/2025\/12\/Com-brasileiro-na-disputa-Fifa-revela-data-para-o-0137231400202512141617-1-e1765791353949.webp","type":"image\/webp"}],"author":"JP","twitter_card":"summary_large_image","twitter_misc":{"Escrito por":"JP","Est. tempo de leitura":"2 minutos"},"schema":{"@context":"https:\/\/schema.org","@graph":[{"@type":"Article","@id":"https:\/\/bahiaeconomica.com.br\/wp\/2025\/12\/15\/fifa-revela-data-para-o-premio-the-best-2025-veja-candidatos\/#article","isPartOf":{"@id":"https:\/\/bahiaeconomica.com.br\/wp\/2025\/12\/15\/fifa-revela-data-para-o-premio-the-best-2025-veja-candidatos\/"},"author":{"name":"JP","@id":"https:\/\/bahiaeconomica.com.br\/wp\/#\/schema\/person\/c86d3a3f8960425a0f9d0e5245991f4e"},"headline":"FIFA REVELA DATA PARA O PR\u00caMIO THE BEST 2025; VEJA CANDIDATOS","datePublished":"2025-12-15T10:20:05+00:00","dateModified":"2025-12-15T09:36:13+00:00","mainEntityOfPage":{"@id":"https:\/\/bahiaeconomica.com.br\/wp\/2025\/12\/15\/fifa-revela-data-para-o-premio-the-best-2025-veja-candidatos\/"},"wordCount":367,"publisher":{"@id":"https:\/\/bahiaeconomica.com.br\/wp\/#organization"},"keywords":["2025","Best","fifa","futebol","premia\u00e7\u00e3o","Raphinha","The","The Best","VINI JR"],"articleSection":["Esporte"],"inLanguage":"pt-BR"},{"@type":"WebPage","@id":"https:\/\/bahiaeconomica.com.br\/wp\/2025\/12\/15\/fifa-revela-data-para-o-premio-the-best-2025-veja-candidatos\/","url":"https:\/\/bahiaeconomica.com.br\/wp\/2025\/12\/15\/fifa-revela-data-para-o-premio-the-best-2025-veja-candidatos\/","name":"FIFA REVELA DATA PARA O PR\u00caMIO THE BEST 2025; VEJA CANDIDATOS - Bahia Economica","isPartOf":{"@id":"https:\/\/bahiaeconomica.com.br\/wp\/#website"},"datePublished":"2025-12-15T10:20:05+00:00","dateModified":"2025-12-15T09:36:13+00:00","description":"O maior portal de Economia da Bahia Esporte Bahia Economica A Fifa anunciou neste domingo, 14, a data oficial da premia\u00e7\u00e3o The Best 2025","breadcrumb":{"@id":"https:\/\/bahiaeconomica.com.br\/wp\/2025\/12\/15\/fifa-revela-data-para-o-premio-the-best-2025-veja-candidatos\/#breadcrumb"},"inLanguage":"pt-BR","potentialAction":[{"@type":"ReadAction","target":["https:\/\/bahiaeconomica.com.br\/wp\/2025\/12\/15\/fifa-revela-data-para-o-premio-the-best-2025-veja-candidatos\/"]}]},{"@type":"BreadcrumbList","@id":"https:\/\/bahiaeconomica.com.br\/wp\/2025\/12\/15\/fifa-revela-data-para-o-premio-the-best-2025-veja-candidatos\/#breadcrumb","itemListElement":[{"@type":"ListItem","position":1,"name":"In\u00edcio","item":"https:\/\/bahiaeconomica.com.br\/wp\/"},{"@type":"ListItem","position":2,"name":"FIFA REVELA DATA PARA O PR\u00caMIO THE BEST 2025; VEJA CANDIDATOS"}]},{"@type":"WebSite","@id":"https:\/\/bahiaeconomica.com.br\/wp\/#website","url":"https:\/\/bahiaeconomica.com.br\/wp\/","name":"Bahia Economica","description":"O maior portal de Economia da Bahia","publisher":{"@id":"https:\/\/bahiaeconomica.com.br\/wp\/#organization"},"potentialAction":[{"@type":"SearchAction","target":{"@type":"EntryPoint","urlTemplate":"https:\/\/bahiaeconomica.com.br\/wp\/?s={search_term_string}"},"query-input":"required name=search_term_string"}],"inLanguage":"pt-BR"},{"@type":"Organization","@id":"https:\/\/bahiaeconomica.com.br\/wp\/#organization","name":"Bahia Econ\u00f4mica","url":"https:\/\/bahiaeconomica.com.br\/wp\/","logo":{"@type":"ImageObject","inLanguage":"pt-BR","@id":"https:\/\/bahiaeconomica.com.br\/wp\/#\/schema\/logo\/image\/","url":"https:\/\/bahiaeconomica.com.br\/wp\/wp-content\/uploads\/2020\/12\/cropped-BE.png","contentUrl":"https:\/\/bahiaeconomica.com.br\/wp\/wp-content\/uploads\/2020\/12\/cropped-BE.png","width":512,"height":512,"caption":"Bahia Econ\u00f4mica"},"image":{"@id":"https:\/\/bahiaeconomica.com.br\/wp\/#\/schema\/logo\/image\/"},"sameAs":["https:\/\/www.facebook.com\/bahiaeconomica"]},{"@type":"Person","@id":"https:\/\/bahiaeconomica.com.br\/wp\/#\/schema\/person\/c86d3a3f8960425a0f9d0e5245991f4e","name":"JP","sameAs":["https:\/\/bahiaeconomica.com.br\/wp\/beta\/"],"url":"https:\/\/bahiaeconomica.com.br\/wp\/author\/jp\/"}]}},"views":12,"_links":{"self":[{"href":"https:\/\/bahiaeconomica.com.br\/wp\/wp-json\/wp\/v2\/posts\/960671"}],"collection":[{"href":"https:\/\/bahiaeconomica.com.br\/wp\/wp-json\/wp\/v2\/posts"}],"about":[{"href":"https:\/\/bahiaeconomica.com.br\/wp\/wp-json\/wp\/v2\/types\/post"}],"author":[{"embeddable":true,"href":"https:\/\/bahiaeconomica.com.br\/wp\/wp-json\/wp\/v2\/users\/8"}],"replies":[{"embeddable":true,"href":"https:\/\/bahiaeconomica.com.br\/wp\/wp-json\/wp\/v2\/comments?post=960671"}],"version-history":[{"count":1,"href":"https:\/\/bahiaeconomica.com.br\/wp\/wp-json\/wp\/v2\/posts\/960671\/revisions"}],"predecessor-version":[{"id":960673,"href":"https:\/\/bahiaeconomica.com.br\/wp\/wp-json\/wp\/v2\/posts\/960671\/revisions\/960673"}],"wp:featuredmedia":[{"embeddable":true,"href":"https:\/\/bahiaeconomica.com.br\/wp\/wp-json\/wp\/v2\/media\/960672"}],"wp:attachment":[{"href":"https:\/\/bahiaeconomica.com.br\/wp\/wp-json\/wp\/v2\/media?parent=960671"}],"wp:term":[{"taxonomy":"category","embeddable":true,"href":"https:\/\/bahiaeconomica.com.br\/wp\/wp-json\/wp\/v2\/categories?post=960671"},{"taxonomy":"post_tag","embeddable":true,"href":"https:\/\/bahiaeconomica.com.br\/wp\/wp-json\/wp\/v2\/tags?post=960671"}],"curies":[{"name":"wp","href":"https:\/\/api.w.org\/{rel}","templated":true}]}}