{"id":960579,"date":"2025-12-13T07:59:33","date_gmt":"2025-12-13T10:59:33","guid":{"rendered":"https:\/\/bahiaeconomica.com.br\/wp\/?p=960579"},"modified":"2025-12-13T08:12:49","modified_gmt":"2025-12-13T11:12:49","slug":"vice-governador-destaca-forca-da-advocacia-criminal-na-posse-da-nova-diretoria-da-acrim-bahia","status":"publish","type":"post","link":"https:\/\/bahiaeconomica.com.br\/wp\/2025\/12\/13\/vice-governador-destaca-forca-da-advocacia-criminal-na-posse-da-nova-diretoria-da-acrim-bahia\/","title":{"rendered":"VICE-GOVERNADOR DESTACA FOR\u00c7A DA ADVOCACIA CRIMINAL NA POSSE DA NOVA DIRETORIA DA ACRIM BAHIA"},"content":{"rendered":"<p>A Associa\u00e7\u00e3o de Advogados em Ci\u00eancias Criminais da Bahia (ACRIM Bahia) realizou, nesta sexta-feira (12), a cerim\u00f4nia de posse da nova diretoria para o pr\u00f3ximo tri\u00eanio, em um evento marcado pela valoriza\u00e7\u00e3o da advocacia criminal e pelo fortalecimento institucional da entidade. O vice-governador da Bahia, Geraldo J\u00fanior, participou da solenidade representando o Governo do Estado e destacou a import\u00e2ncia da ACRIM no sistema de justi\u00e7a baiano.<\/p>\n<p>A nova diretoria, presidida pela por Clarice Arag\u00e3o, foi apresentada oficialmente ao p\u00fablico. Ela assume o comando da entidade ao lado da vice-presidente Elaine Oliveira e dos diretores Robson Amorim, Fernando Afonso, Lalesca Moreira e M\u00e1rcio Silva.<\/p>\n<p>Geraldo J\u00fanior parabenizou a presidente Clarice Arag\u00e3o pela posse e disse que ela re\u00fane todas as prerrogativas, qualifica\u00e7\u00f5es e capacidades necess\u00e1rias para conduzir a ACRIM com zelo, responsabilidade e compromisso. \u201cTenho certeza de que, sob sua lideran\u00e7a, a entidade ampliar\u00e1 ainda mais sua atua\u00e7\u00e3o, fortalecer\u00e1 a defesa das prerrogativas profissionais e seguir\u00e1 contribuindo para um sistema de justi\u00e7a mais justo, equilibrado e democr\u00e1tico\u201d, disse.<\/p>\n<p>Durante o evento, Geraldo J\u00fanior ressaltou o papel essencial da advocacia criminal na defesa das garantias constitucionais e na preserva\u00e7\u00e3o do Estado Democr\u00e1tico de Direito. Ele parabenizou a gest\u00e3o que se encerra, liderada pelo presidente sucedido, Pedro Henrique, pelos avan\u00e7os obtidos, e reconheceu a trajet\u00f3ria de consolida\u00e7\u00e3o da entidade ao longo dos \u00faltimos anos.<\/p>\n<p>O vice-governador destacou ainda a relev\u00e2ncia hist\u00f3rica do primeiro presidente da ACRIM, Marcus Rodrigues, respons\u00e1vel por conduzir os primeiros passos da institui\u00e7\u00e3o. \u201cSob sua lideran\u00e7a, a ACRIM Bahia firmou-se como uma associa\u00e7\u00e3o comprometida com a \u00e9tica, o profissionalismo e a promo\u00e7\u00e3o de um ambiente jur\u00eddico mais justo e equilibrado\u201d, afirmou.<\/p>\n<p>Geraldo J\u00fanior reafirmou o compromisso do Governo da Bahia com o di\u00e1logo cont\u00ednuo e a coopera\u00e7\u00e3o institucional com entidades que atuam na defesa dos direitos e garantias fundamentais. Segundo ele, \u201cfortalecer a advocacia criminal \u00e9 fortalecer a cidadania e a democracia\u201d.<\/p>\n<p>A cerim\u00f4nia contou ainda com homenagens aos fundadores e \u00e0 primeira presid\u00eancia da ACRIM, al\u00e9m de momentos de integra\u00e7\u00e3o entre associados, convidados e autoridades. O evento marcou o in\u00edcio de um novo ciclo para a associa\u00e7\u00e3o, que hoje re\u00fane mais de 200 profissionais dedicados ao aperfei\u00e7oamento da justi\u00e7a penal no estado.<\/p>\n<p>Foto: Carlos Alberto<\/p>\n","protected":false},"excerpt":{"rendered":"<p>A Associa\u00e7\u00e3o de Advogados em Ci\u00eancias Criminais da Bahia (ACRIM Bahia) realizou, nesta sexta-feira (12), a cerim\u00f4nia de posse da nova diretoria para o pr\u00f3ximo tri\u00eanio, em um evento marcado pela valoriza\u00e7\u00e3o da advocacia criminal e pelo fortalecimento institucional da entidade. O vice-governador da Bahia, Geraldo J\u00fanior, participou da solenidade representando o Governo do Estado [&hellip;]<\/p>\n","protected":false},"author":8,"featured_media":960580,"comment_status":"closed","ping_status":"closed","sticky":false,"template":"","format":"standard","meta":[],"categories":[14,3,14601],"tags":[85,1641,2242,100],"acf":[],"yoast_head":"<!-- This site is optimized with the Yoast SEO plugin v20.8 - https:\/\/yoast.com\/wordpress\/plugins\/seo\/ -->\n<title>VICE-GOVERNADOR DESTACA FOR\u00c7A DA ADVOCACIA CRIMINAL NA POSSE DA NOVA DIRETORIA DA ACRIM BAHIA - Bahia Economica<\/title>\n<meta name=\"description\" content=\"O maior portal de Economia da Bahia DESTAQUE DO DIA, ECONOMIA \/ POL\u00cdTICA, Pol\u00edtica Bahia Economica\" \/>\n<meta name=\"robots\" content=\"index, follow, max-snippet:-1, max-image-preview:large, max-video-preview:-1\" \/>\n<link rel=\"canonical\" href=\"https:\/\/bahiaeconomica.com.br\/wp\/2025\/12\/13\/vice-governador-destaca-forca-da-advocacia-criminal-na-posse-da-nova-diretoria-da-acrim-bahia\/\" \/>\n<meta property=\"og:locale\" content=\"pt_BR\" \/>\n<meta property=\"og:type\" content=\"article\" \/>\n<meta property=\"og:title\" content=\"VICE-GOVERNADOR DESTACA FOR\u00c7A DA ADVOCACIA CRIMINAL NA POSSE DA NOVA DIRETORIA DA ACRIM BAHIA - Bahia Economica\" \/>\n<meta property=\"og:description\" content=\"O maior portal de Economia da Bahia DESTAQUE DO DIA, ECONOMIA \/ POL\u00cdTICA, Pol\u00edtica Bahia Economica\" \/>\n<meta property=\"og:url\" content=\"https:\/\/bahiaeconomica.com.br\/wp\/2025\/12\/13\/vice-governador-destaca-forca-da-advocacia-criminal-na-posse-da-nova-diretoria-da-acrim-bahia\/\" \/>\n<meta property=\"og:site_name\" content=\"Bahia Economica\" \/>\n<meta property=\"article:publisher\" content=\"https:\/\/www.facebook.com\/bahiaeconomica\" \/>\n<meta property=\"article:published_time\" content=\"2025-12-13T10:59:33+00:00\" \/>\n<meta property=\"article:modified_time\" content=\"2025-12-13T11:12:49+00:00\" \/>\n<meta property=\"og:image\" content=\"https:\/\/bahiaeconomica.com.br\/wp\/wp-content\/uploads\/2025\/12\/WhatsApp-Image-2025-12-12-at-20.56.50.jpeg\" \/>\n\t<meta property=\"og:image:width\" content=\"1600\" \/>\n\t<meta property=\"og:image:height\" content=\"1200\" \/>\n\t<meta property=\"og:image:type\" content=\"image\/jpeg\" \/>\n<meta name=\"author\" content=\"JP\" \/>\n<meta name=\"twitter:card\" content=\"summary_large_image\" \/>\n<meta name=\"twitter:label1\" content=\"Escrito por\" \/>\n\t<meta name=\"twitter:data1\" content=\"JP\" \/>\n\t<meta name=\"twitter:label2\" content=\"Est. tempo de leitura\" \/>\n\t<meta name=\"twitter:data2\" content=\"3 minutos\" \/>\n<script type=\"application\/ld+json\" class=\"yoast-schema-graph\">{\"@context\":\"https:\/\/schema.org\",\"@graph\":[{\"@type\":\"Article\",\"@id\":\"https:\/\/bahiaeconomica.com.br\/wp\/2025\/12\/13\/vice-governador-destaca-forca-da-advocacia-criminal-na-posse-da-nova-diretoria-da-acrim-bahia\/#article\",\"isPartOf\":{\"@id\":\"https:\/\/bahiaeconomica.com.br\/wp\/2025\/12\/13\/vice-governador-destaca-forca-da-advocacia-criminal-na-posse-da-nova-diretoria-da-acrim-bahia\/\"},\"author\":{\"name\":\"JP\",\"@id\":\"https:\/\/bahiaeconomica.com.br\/wp\/#\/schema\/person\/c86d3a3f8960425a0f9d0e5245991f4e\"},\"headline\":\"VICE-GOVERNADOR DESTACA FOR\u00c7A DA ADVOCACIA CRIMINAL NA POSSE DA NOVA DIRETORIA DA ACRIM BAHIA\",\"datePublished\":\"2025-12-13T10:59:33+00:00\",\"dateModified\":\"2025-12-13T11:12:49+00:00\",\"mainEntityOfPage\":{\"@id\":\"https:\/\/bahiaeconomica.com.br\/wp\/2025\/12\/13\/vice-governador-destaca-forca-da-advocacia-criminal-na-posse-da-nova-diretoria-da-acrim-bahia\/\"},\"wordCount\":426,\"publisher\":{\"@id\":\"https:\/\/bahiaeconomica.com.br\/wp\/#organization\"},\"keywords\":[\"Bahia\",\"geraldo\",\"junior\",\"Pol\u00edtica\"],\"articleSection\":[\"DESTAQUE DO DIA\",\"ECONOMIA \/ POL\u00cdTICA\",\"Pol\u00edtica\"],\"inLanguage\":\"pt-BR\"},{\"@type\":\"WebPage\",\"@id\":\"https:\/\/bahiaeconomica.com.br\/wp\/2025\/12\/13\/vice-governador-destaca-forca-da-advocacia-criminal-na-posse-da-nova-diretoria-da-acrim-bahia\/\",\"url\":\"https:\/\/bahiaeconomica.com.br\/wp\/2025\/12\/13\/vice-governador-destaca-forca-da-advocacia-criminal-na-posse-da-nova-diretoria-da-acrim-bahia\/\",\"name\":\"VICE-GOVERNADOR DESTACA FOR\u00c7A DA ADVOCACIA CRIMINAL NA POSSE DA NOVA DIRETORIA DA ACRIM BAHIA - Bahia Economica\",\"isPartOf\":{\"@id\":\"https:\/\/bahiaeconomica.com.br\/wp\/#website\"},\"datePublished\":\"2025-12-13T10:59:33+00:00\",\"dateModified\":\"2025-12-13T11:12:49+00:00\",\"description\":\"O maior portal de Economia da Bahia DESTAQUE DO DIA, ECONOMIA \/ POL\u00cdTICA, Pol\u00edtica Bahia Economica\",\"breadcrumb\":{\"@id\":\"https:\/\/bahiaeconomica.com.br\/wp\/2025\/12\/13\/vice-governador-destaca-forca-da-advocacia-criminal-na-posse-da-nova-diretoria-da-acrim-bahia\/#breadcrumb\"},\"inLanguage\":\"pt-BR\",\"potentialAction\":[{\"@type\":\"ReadAction\",\"target\":[\"https:\/\/bahiaeconomica.com.br\/wp\/2025\/12\/13\/vice-governador-destaca-forca-da-advocacia-criminal-na-posse-da-nova-diretoria-da-acrim-bahia\/\"]}]},{\"@type\":\"BreadcrumbList\",\"@id\":\"https:\/\/bahiaeconomica.com.br\/wp\/2025\/12\/13\/vice-governador-destaca-forca-da-advocacia-criminal-na-posse-da-nova-diretoria-da-acrim-bahia\/#breadcrumb\",\"itemListElement\":[{\"@type\":\"ListItem\",\"position\":1,\"name\":\"In\u00edcio\",\"item\":\"https:\/\/bahiaeconomica.com.br\/wp\/\"},{\"@type\":\"ListItem\",\"position\":2,\"name\":\"VICE-GOVERNADOR DESTACA FOR\u00c7A DA ADVOCACIA CRIMINAL NA POSSE DA NOVA DIRETORIA DA ACRIM BAHIA\"}]},{\"@type\":\"WebSite\",\"@id\":\"https:\/\/bahiaeconomica.com.br\/wp\/#website\",\"url\":\"https:\/\/bahiaeconomica.com.br\/wp\/\",\"name\":\"Bahia Economica\",\"description\":\"O maior portal de Economia da Bahia\",\"publisher\":{\"@id\":\"https:\/\/bahiaeconomica.com.br\/wp\/#organization\"},\"potentialAction\":[{\"@type\":\"SearchAction\",\"target\":{\"@type\":\"EntryPoint\",\"urlTemplate\":\"https:\/\/bahiaeconomica.com.br\/wp\/?s={search_term_string}\"},\"query-input\":\"required name=search_term_string\"}],\"inLanguage\":\"pt-BR\"},{\"@type\":\"Organization\",\"@id\":\"https:\/\/bahiaeconomica.com.br\/wp\/#organization\",\"name\":\"Bahia Econ\u00f4mica\",\"url\":\"https:\/\/bahiaeconomica.com.br\/wp\/\",\"logo\":{\"@type\":\"ImageObject\",\"inLanguage\":\"pt-BR\",\"@id\":\"https:\/\/bahiaeconomica.com.br\/wp\/#\/schema\/logo\/image\/\",\"url\":\"https:\/\/bahiaeconomica.com.br\/wp\/wp-content\/uploads\/2020\/12\/cropped-BE.png\",\"contentUrl\":\"https:\/\/bahiaeconomica.com.br\/wp\/wp-content\/uploads\/2020\/12\/cropped-BE.png\",\"width\":512,\"height\":512,\"caption\":\"Bahia Econ\u00f4mica\"},\"image\":{\"@id\":\"https:\/\/bahiaeconomica.com.br\/wp\/#\/schema\/logo\/image\/\"},\"sameAs\":[\"https:\/\/www.facebook.com\/bahiaeconomica\"]},{\"@type\":\"Person\",\"@id\":\"https:\/\/bahiaeconomica.com.br\/wp\/#\/schema\/person\/c86d3a3f8960425a0f9d0e5245991f4e\",\"name\":\"JP\",\"sameAs\":[\"https:\/\/bahiaeconomica.com.br\/wp\/beta\/\"],\"url\":\"https:\/\/bahiaeconomica.com.br\/wp\/author\/jp\/\"}]}<\/script>\n<!-- \/ Yoast SEO plugin. -->","yoast_head_json":{"title":"VICE-GOVERNADOR DESTACA FOR\u00c7A DA ADVOCACIA CRIMINAL NA POSSE DA NOVA DIRETORIA DA ACRIM BAHIA - Bahia Economica","description":"O maior portal de Economia da Bahia DESTAQUE DO DIA, ECONOMIA \/ POL\u00cdTICA, Pol\u00edtica Bahia Economica","robots":{"index":"index","follow":"follow","max-snippet":"max-snippet:-1","max-image-preview":"max-image-preview:large","max-video-preview":"max-video-preview:-1"},"canonical":"https:\/\/bahiaeconomica.com.br\/wp\/2025\/12\/13\/vice-governador-destaca-forca-da-advocacia-criminal-na-posse-da-nova-diretoria-da-acrim-bahia\/","og_locale":"pt_BR","og_type":"article","og_title":"VICE-GOVERNADOR DESTACA FOR\u00c7A DA ADVOCACIA CRIMINAL NA POSSE DA NOVA DIRETORIA DA ACRIM BAHIA - Bahia Economica","og_description":"O maior portal de Economia da Bahia DESTAQUE DO DIA, ECONOMIA \/ POL\u00cdTICA, Pol\u00edtica Bahia Economica","og_url":"https:\/\/bahiaeconomica.com.br\/wp\/2025\/12\/13\/vice-governador-destaca-forca-da-advocacia-criminal-na-posse-da-nova-diretoria-da-acrim-bahia\/","og_site_name":"Bahia Economica","article_publisher":"https:\/\/www.facebook.com\/bahiaeconomica","article_published_time":"2025-12-13T10:59:33+00:00","article_modified_time":"2025-12-13T11:12:49+00:00","og_image":[{"width":1600,"height":1200,"url":"https:\/\/bahiaeconomica.com.br\/wp\/wp-content\/uploads\/2025\/12\/WhatsApp-Image-2025-12-12-at-20.56.50.jpeg","type":"image\/jpeg"}],"author":"JP","twitter_card":"summary_large_image","twitter_misc":{"Escrito por":"JP","Est. tempo de leitura":"3 minutos"},"schema":{"@context":"https:\/\/schema.org","@graph":[{"@type":"Article","@id":"https:\/\/bahiaeconomica.com.br\/wp\/2025\/12\/13\/vice-governador-destaca-forca-da-advocacia-criminal-na-posse-da-nova-diretoria-da-acrim-bahia\/#article","isPartOf":{"@id":"https:\/\/bahiaeconomica.com.br\/wp\/2025\/12\/13\/vice-governador-destaca-forca-da-advocacia-criminal-na-posse-da-nova-diretoria-da-acrim-bahia\/"},"author":{"name":"JP","@id":"https:\/\/bahiaeconomica.com.br\/wp\/#\/schema\/person\/c86d3a3f8960425a0f9d0e5245991f4e"},"headline":"VICE-GOVERNADOR DESTACA FOR\u00c7A DA ADVOCACIA CRIMINAL NA POSSE DA NOVA DIRETORIA DA ACRIM BAHIA","datePublished":"2025-12-13T10:59:33+00:00","dateModified":"2025-12-13T11:12:49+00:00","mainEntityOfPage":{"@id":"https:\/\/bahiaeconomica.com.br\/wp\/2025\/12\/13\/vice-governador-destaca-forca-da-advocacia-criminal-na-posse-da-nova-diretoria-da-acrim-bahia\/"},"wordCount":426,"publisher":{"@id":"https:\/\/bahiaeconomica.com.br\/wp\/#organization"},"keywords":["Bahia","geraldo","junior","Pol\u00edtica"],"articleSection":["DESTAQUE DO DIA","ECONOMIA \/ POL\u00cdTICA","Pol\u00edtica"],"inLanguage":"pt-BR"},{"@type":"WebPage","@id":"https:\/\/bahiaeconomica.com.br\/wp\/2025\/12\/13\/vice-governador-destaca-forca-da-advocacia-criminal-na-posse-da-nova-diretoria-da-acrim-bahia\/","url":"https:\/\/bahiaeconomica.com.br\/wp\/2025\/12\/13\/vice-governador-destaca-forca-da-advocacia-criminal-na-posse-da-nova-diretoria-da-acrim-bahia\/","name":"VICE-GOVERNADOR DESTACA FOR\u00c7A DA ADVOCACIA CRIMINAL NA POSSE DA NOVA DIRETORIA DA ACRIM BAHIA - Bahia Economica","isPartOf":{"@id":"https:\/\/bahiaeconomica.com.br\/wp\/#website"},"datePublished":"2025-12-13T10:59:33+00:00","dateModified":"2025-12-13T11:12:49+00:00","description":"O maior portal de Economia da Bahia DESTAQUE DO DIA, ECONOMIA \/ POL\u00cdTICA, Pol\u00edtica Bahia Economica","breadcrumb":{"@id":"https:\/\/bahiaeconomica.com.br\/wp\/2025\/12\/13\/vice-governador-destaca-forca-da-advocacia-criminal-na-posse-da-nova-diretoria-da-acrim-bahia\/#breadcrumb"},"inLanguage":"pt-BR","potentialAction":[{"@type":"ReadAction","target":["https:\/\/bahiaeconomica.com.br\/wp\/2025\/12\/13\/vice-governador-destaca-forca-da-advocacia-criminal-na-posse-da-nova-diretoria-da-acrim-bahia\/"]}]},{"@type":"BreadcrumbList","@id":"https:\/\/bahiaeconomica.com.br\/wp\/2025\/12\/13\/vice-governador-destaca-forca-da-advocacia-criminal-na-posse-da-nova-diretoria-da-acrim-bahia\/#breadcrumb","itemListElement":[{"@type":"ListItem","position":1,"name":"In\u00edcio","item":"https:\/\/bahiaeconomica.com.br\/wp\/"},{"@type":"ListItem","position":2,"name":"VICE-GOVERNADOR DESTACA FOR\u00c7A DA ADVOCACIA CRIMINAL NA POSSE DA NOVA DIRETORIA DA ACRIM BAHIA"}]},{"@type":"WebSite","@id":"https:\/\/bahiaeconomica.com.br\/wp\/#website","url":"https:\/\/bahiaeconomica.com.br\/wp\/","name":"Bahia Economica","description":"O maior portal de Economia da Bahia","publisher":{"@id":"https:\/\/bahiaeconomica.com.br\/wp\/#organization"},"potentialAction":[{"@type":"SearchAction","target":{"@type":"EntryPoint","urlTemplate":"https:\/\/bahiaeconomica.com.br\/wp\/?s={search_term_string}"},"query-input":"required name=search_term_string"}],"inLanguage":"pt-BR"},{"@type":"Organization","@id":"https:\/\/bahiaeconomica.com.br\/wp\/#organization","name":"Bahia Econ\u00f4mica","url":"https:\/\/bahiaeconomica.com.br\/wp\/","logo":{"@type":"ImageObject","inLanguage":"pt-BR","@id":"https:\/\/bahiaeconomica.com.br\/wp\/#\/schema\/logo\/image\/","url":"https:\/\/bahiaeconomica.com.br\/wp\/wp-content\/uploads\/2020\/12\/cropped-BE.png","contentUrl":"https:\/\/bahiaeconomica.com.br\/wp\/wp-content\/uploads\/2020\/12\/cropped-BE.png","width":512,"height":512,"caption":"Bahia Econ\u00f4mica"},"image":{"@id":"https:\/\/bahiaeconomica.com.br\/wp\/#\/schema\/logo\/image\/"},"sameAs":["https:\/\/www.facebook.com\/bahiaeconomica"]},{"@type":"Person","@id":"https:\/\/bahiaeconomica.com.br\/wp\/#\/schema\/person\/c86d3a3f8960425a0f9d0e5245991f4e","name":"JP","sameAs":["https:\/\/bahiaeconomica.com.br\/wp\/beta\/"],"url":"https:\/\/bahiaeconomica.com.br\/wp\/author\/jp\/"}]}},"views":51,"_links":{"self":[{"href":"https:\/\/bahiaeconomica.com.br\/wp\/wp-json\/wp\/v2\/posts\/960579"}],"collection":[{"href":"https:\/\/bahiaeconomica.com.br\/wp\/wp-json\/wp\/v2\/posts"}],"about":[{"href":"https:\/\/bahiaeconomica.com.br\/wp\/wp-json\/wp\/v2\/types\/post"}],"author":[{"embeddable":true,"href":"https:\/\/bahiaeconomica.com.br\/wp\/wp-json\/wp\/v2\/users\/8"}],"replies":[{"embeddable":true,"href":"https:\/\/bahiaeconomica.com.br\/wp\/wp-json\/wp\/v2\/comments?post=960579"}],"version-history":[{"count":1,"href":"https:\/\/bahiaeconomica.com.br\/wp\/wp-json\/wp\/v2\/posts\/960579\/revisions"}],"predecessor-version":[{"id":960581,"href":"https:\/\/bahiaeconomica.com.br\/wp\/wp-json\/wp\/v2\/posts\/960579\/revisions\/960581"}],"wp:featuredmedia":[{"embeddable":true,"href":"https:\/\/bahiaeconomica.com.br\/wp\/wp-json\/wp\/v2\/media\/960580"}],"wp:attachment":[{"href":"https:\/\/bahiaeconomica.com.br\/wp\/wp-json\/wp\/v2\/media?parent=960579"}],"wp:term":[{"taxonomy":"category","embeddable":true,"href":"https:\/\/bahiaeconomica.com.br\/wp\/wp-json\/wp\/v2\/categories?post=960579"},{"taxonomy":"post_tag","embeddable":true,"href":"https:\/\/bahiaeconomica.com.br\/wp\/wp-json\/wp\/v2\/tags?post=960579"}],"curies":[{"name":"wp","href":"https:\/\/api.w.org\/{rel}","templated":true}]}}