{"id":960098,"date":"2025-12-11T15:18:14","date_gmt":"2025-12-11T18:18:14","guid":{"rendered":"https:\/\/bahiaeconomica.com.br\/wp\/?p=960098"},"modified":"2025-12-11T15:18:14","modified_gmt":"2025-12-11T18:18:14","slug":"o-estado-da-bahia-recebe-22-especialistas-para-ampliar-atendimento-no-sus","status":"publish","type":"post","link":"https:\/\/bahiaeconomica.com.br\/wp\/2025\/12\/11\/o-estado-da-bahia-recebe-22-especialistas-para-ampliar-atendimento-no-sus\/","title":{"rendered":"O ESTADO DA BAHIA RECEBE 22 ESPECIALISTAS PARA AMPLIAR ATENDIMENTO NO SUS"},"content":{"rendered":"<p data-start=\"205\" data-end=\"519\">A Bahia passou a contar com 22 novos profissionais de sa\u00fade enviados pelo Minist\u00e9rio da Sa\u00fade por meio do programa <em data-start=\"320\" data-end=\"345\">Agora Tem Especialistas<\/em>. Eles ir\u00e3o atuar em 14 munic\u00edpios e refor\u00e7ar servi\u00e7os de m\u00e9dia e alta complexidade. Com essa nova leva, o estado totaliza 44 m\u00e9dicos especialistas integrados \u00e0 rede p\u00fablica.<\/p>\n<p data-start=\"521\" data-end=\"843\">Os profissionais foram distribu\u00eddos entre as cidades de Alagoinhas (2), Eun\u00e1polis (1), Feira de Santana (1), Guanambi (2), Irec\u00ea (1), Itaberaba (1), Jequi\u00e9 (2), Juazeiro (4), Paulo Afonso (1), Santa Maria da Vit\u00f3ria (1), Santo Ant\u00f4nio de Jesus (3), Senhor do Bonfim (1), Teixeira de Freitas (1) e Vit\u00f3ria da Conquista (1).<\/p>\n<p data-start=\"845\" data-end=\"1148\">Em \u00e2mbito nacional, 264 novos especialistas come\u00e7am a atuar em 105 munic\u00edpios, somando-se aos 313 j\u00e1 alocados anteriormente. De acordo com o Minist\u00e9rio da Sa\u00fade, 65% desses profissionais ir\u00e3o refor\u00e7ar equipes no interior, em \u00e1reas como cirurgia geral, ginecologia, anestesiologia e otorrinolaringologia.<\/p>\n<p data-start=\"1150\" data-end=\"1441\">A maior concentra\u00e7\u00e3o de m\u00e9dicos est\u00e1 no Nordeste, com 348 profissionais \u2014 cerca de 60% do total. As demais regi\u00f5es contam com: Sudeste (132), Norte (70), Centro-Oeste (22) e Sul (5). Entre os rec\u00e9m-chegados, 24% atuar\u00e3o em \u00e1reas de alta ou muito alta vulnerabilidade e 20% na Amaz\u00f4nia Legal.<\/p>\n<p data-start=\"1443\" data-end=\"1791\">Para o secret\u00e1rio de Gest\u00e3o do Trabalho e da Educa\u00e7\u00e3o na Sa\u00fade, Felipe Proen\u00e7o, o programa superou as expectativas.<br data-start=\"1558\" data-end=\"1561\" \/>\u201cO Mais M\u00e9dicos Especialistas oferece forma\u00e7\u00e3o continuada a profissionais j\u00e1 qualificados, conectando atualiza\u00e7\u00e3o cient\u00edfica de excel\u00eancia \u00e0s demandas de servi\u00e7os que precisam reduzir filas e garantir equipes completas\u201d, destacou.<\/p>\n<p data-start=\"1443\" data-end=\"1791\">Foto: Marcelo Camargo\/Ag\u00eancia Brasil<\/p>\n","protected":false},"excerpt":{"rendered":"<p>A Bahia passou a contar com 22 novos profissionais de sa\u00fade enviados pelo Minist\u00e9rio da Sa\u00fade por meio do programa Agora Tem Especialistas. Eles ir\u00e3o atuar em 14 munic\u00edpios e refor\u00e7ar servi\u00e7os de m\u00e9dia e alta complexidade. Com essa nova leva, o estado totaliza 44 m\u00e9dicos especialistas integrados \u00e0 rede p\u00fablica. Os profissionais foram distribu\u00eddos [&hellip;]<\/p>\n","protected":false},"author":24,"featured_media":960100,"comment_status":"closed","ping_status":"closed","sticky":false,"template":"","format":"standard","meta":[],"categories":[5,21],"tags":[2218,85,19091,479],"acf":[],"yoast_head":"<!-- This site is optimized with the Yoast SEO plugin v20.8 - https:\/\/yoast.com\/wordpress\/plugins\/seo\/ -->\n<title>O ESTADO DA BAHIA RECEBE 22 ESPECIALISTAS PARA AMPLIAR ATENDIMENTO NO SUS - Bahia Economica A Bahia passou a contar com 22 novos profissionais de sa\u00fade enviados pelo Minist\u00e9rio da Sa\u00fade por meio do programa Agora Tem Especialistas.<\/title>\n<meta name=\"description\" content=\"O maior portal de Economia da Bahia MUNIC\u00cdPIOS, Sa\u00fade \/ Educa\u00e7\u00e3o Bahia Economica A Bahia passou a contar com 22 novos profissionais de sa\u00fade enviados pelo Minist\u00e9rio da Sa\u00fade por meio do programa Agora Tem Especialistas.\" \/>\n<meta name=\"robots\" content=\"index, follow, max-snippet:-1, max-image-preview:large, max-video-preview:-1\" \/>\n<link rel=\"canonical\" href=\"https:\/\/bahiaeconomica.com.br\/wp\/2025\/12\/11\/o-estado-da-bahia-recebe-22-especialistas-para-ampliar-atendimento-no-sus\/\" \/>\n<meta property=\"og:locale\" content=\"pt_BR\" \/>\n<meta property=\"og:type\" content=\"article\" \/>\n<meta property=\"og:title\" content=\"O ESTADO DA BAHIA RECEBE 22 ESPECIALISTAS PARA AMPLIAR ATENDIMENTO NO SUS - Bahia Economica A Bahia passou a contar com 22 novos profissionais de sa\u00fade enviados pelo Minist\u00e9rio da Sa\u00fade por meio do programa Agora Tem Especialistas.\" \/>\n<meta property=\"og:description\" content=\"O maior portal de Economia da Bahia MUNIC\u00cdPIOS, Sa\u00fade \/ Educa\u00e7\u00e3o Bahia Economica A Bahia passou a contar com 22 novos profissionais de sa\u00fade enviados pelo Minist\u00e9rio da Sa\u00fade por meio do programa Agora Tem Especialistas.\" \/>\n<meta property=\"og:url\" content=\"https:\/\/bahiaeconomica.com.br\/wp\/2025\/12\/11\/o-estado-da-bahia-recebe-22-especialistas-para-ampliar-atendimento-no-sus\/\" \/>\n<meta property=\"og:site_name\" content=\"Bahia Economica\" \/>\n<meta property=\"article:publisher\" content=\"https:\/\/www.facebook.com\/bahiaeconomica\" \/>\n<meta property=\"article:published_time\" content=\"2025-12-11T18:18:14+00:00\" \/>\n<meta property=\"og:image\" content=\"https:\/\/bahiaeconomica.com.br\/wp\/wp-content\/uploads\/2025\/12\/174642bahia-recebe-22-novos-especialistas-para-reforcar-atendimento-no-sus-3.jpg\" \/>\n\t<meta property=\"og:image:width\" content=\"1600\" \/>\n\t<meta property=\"og:image:height\" content=\"752\" \/>\n\t<meta property=\"og:image:type\" content=\"image\/jpeg\" \/>\n<meta name=\"author\" content=\"VICTOR OLIVEIRA\" \/>\n<meta name=\"twitter:card\" content=\"summary_large_image\" \/>\n<meta name=\"twitter:label1\" content=\"Escrito por\" \/>\n\t<meta name=\"twitter:data1\" content=\"VICTOR OLIVEIRA\" \/>\n\t<meta name=\"twitter:label2\" content=\"Est. tempo de leitura\" \/>\n\t<meta name=\"twitter:data2\" content=\"2 minutos\" \/>\n<script type=\"application\/ld+json\" class=\"yoast-schema-graph\">{\"@context\":\"https:\/\/schema.org\",\"@graph\":[{\"@type\":\"Article\",\"@id\":\"https:\/\/bahiaeconomica.com.br\/wp\/2025\/12\/11\/o-estado-da-bahia-recebe-22-especialistas-para-ampliar-atendimento-no-sus\/#article\",\"isPartOf\":{\"@id\":\"https:\/\/bahiaeconomica.com.br\/wp\/2025\/12\/11\/o-estado-da-bahia-recebe-22-especialistas-para-ampliar-atendimento-no-sus\/\"},\"author\":{\"name\":\"VICTOR OLIVEIRA\",\"@id\":\"https:\/\/bahiaeconomica.com.br\/wp\/#\/schema\/person\/a17956d0e1112b626f403fb06b8129a9\"},\"headline\":\"O ESTADO DA BAHIA RECEBE 22 ESPECIALISTAS PARA AMPLIAR ATENDIMENTO NO SUS\",\"datePublished\":\"2025-12-11T18:18:14+00:00\",\"dateModified\":\"2025-12-11T18:18:14+00:00\",\"mainEntityOfPage\":{\"@id\":\"https:\/\/bahiaeconomica.com.br\/wp\/2025\/12\/11\/o-estado-da-bahia-recebe-22-especialistas-para-ampliar-atendimento-no-sus\/\"},\"wordCount\":266,\"publisher\":{\"@id\":\"https:\/\/bahiaeconomica.com.br\/wp\/#organization\"},\"keywords\":[\"atendimento\",\"Bahia\",\"ESPECIALISTA\",\"SUS\"],\"articleSection\":[\"MUNIC\u00cdPIOS\",\"Sa\u00fade \/ Educa\u00e7\u00e3o\"],\"inLanguage\":\"pt-BR\"},{\"@type\":\"WebPage\",\"@id\":\"https:\/\/bahiaeconomica.com.br\/wp\/2025\/12\/11\/o-estado-da-bahia-recebe-22-especialistas-para-ampliar-atendimento-no-sus\/\",\"url\":\"https:\/\/bahiaeconomica.com.br\/wp\/2025\/12\/11\/o-estado-da-bahia-recebe-22-especialistas-para-ampliar-atendimento-no-sus\/\",\"name\":\"O ESTADO DA BAHIA RECEBE 22 ESPECIALISTAS PARA AMPLIAR ATENDIMENTO NO SUS - Bahia Economica A Bahia passou a contar com 22 novos profissionais de sa\u00fade enviados pelo Minist\u00e9rio da Sa\u00fade por meio do programa Agora Tem Especialistas.\",\"isPartOf\":{\"@id\":\"https:\/\/bahiaeconomica.com.br\/wp\/#website\"},\"datePublished\":\"2025-12-11T18:18:14+00:00\",\"dateModified\":\"2025-12-11T18:18:14+00:00\",\"description\":\"O maior portal de Economia da Bahia MUNIC\u00cdPIOS, Sa\u00fade \/ Educa\u00e7\u00e3o Bahia Economica A Bahia passou a contar com 22 novos profissionais de sa\u00fade enviados pelo Minist\u00e9rio da Sa\u00fade por meio do programa Agora Tem Especialistas.\",\"breadcrumb\":{\"@id\":\"https:\/\/bahiaeconomica.com.br\/wp\/2025\/12\/11\/o-estado-da-bahia-recebe-22-especialistas-para-ampliar-atendimento-no-sus\/#breadcrumb\"},\"inLanguage\":\"pt-BR\",\"potentialAction\":[{\"@type\":\"ReadAction\",\"target\":[\"https:\/\/bahiaeconomica.com.br\/wp\/2025\/12\/11\/o-estado-da-bahia-recebe-22-especialistas-para-ampliar-atendimento-no-sus\/\"]}]},{\"@type\":\"BreadcrumbList\",\"@id\":\"https:\/\/bahiaeconomica.com.br\/wp\/2025\/12\/11\/o-estado-da-bahia-recebe-22-especialistas-para-ampliar-atendimento-no-sus\/#breadcrumb\",\"itemListElement\":[{\"@type\":\"ListItem\",\"position\":1,\"name\":\"In\u00edcio\",\"item\":\"https:\/\/bahiaeconomica.com.br\/wp\/\"},{\"@type\":\"ListItem\",\"position\":2,\"name\":\"O ESTADO DA BAHIA RECEBE 22 ESPECIALISTAS PARA AMPLIAR ATENDIMENTO NO SUS\"}]},{\"@type\":\"WebSite\",\"@id\":\"https:\/\/bahiaeconomica.com.br\/wp\/#website\",\"url\":\"https:\/\/bahiaeconomica.com.br\/wp\/\",\"name\":\"Bahia Economica\",\"description\":\"O maior portal de Economia da Bahia\",\"publisher\":{\"@id\":\"https:\/\/bahiaeconomica.com.br\/wp\/#organization\"},\"potentialAction\":[{\"@type\":\"SearchAction\",\"target\":{\"@type\":\"EntryPoint\",\"urlTemplate\":\"https:\/\/bahiaeconomica.com.br\/wp\/?s={search_term_string}\"},\"query-input\":\"required name=search_term_string\"}],\"inLanguage\":\"pt-BR\"},{\"@type\":\"Organization\",\"@id\":\"https:\/\/bahiaeconomica.com.br\/wp\/#organization\",\"name\":\"Bahia Econ\u00f4mica\",\"url\":\"https:\/\/bahiaeconomica.com.br\/wp\/\",\"logo\":{\"@type\":\"ImageObject\",\"inLanguage\":\"pt-BR\",\"@id\":\"https:\/\/bahiaeconomica.com.br\/wp\/#\/schema\/logo\/image\/\",\"url\":\"https:\/\/bahiaeconomica.com.br\/wp\/wp-content\/uploads\/2020\/12\/cropped-BE.png\",\"contentUrl\":\"https:\/\/bahiaeconomica.com.br\/wp\/wp-content\/uploads\/2020\/12\/cropped-BE.png\",\"width\":512,\"height\":512,\"caption\":\"Bahia Econ\u00f4mica\"},\"image\":{\"@id\":\"https:\/\/bahiaeconomica.com.br\/wp\/#\/schema\/logo\/image\/\"},\"sameAs\":[\"https:\/\/www.facebook.com\/bahiaeconomica\"]},{\"@type\":\"Person\",\"@id\":\"https:\/\/bahiaeconomica.com.br\/wp\/#\/schema\/person\/a17956d0e1112b626f403fb06b8129a9\",\"name\":\"VICTOR OLIVEIRA\",\"sameAs\":[\"http:\/\/www.bahiaeconomica.com.br\"],\"url\":\"https:\/\/bahiaeconomica.com.br\/wp\/author\/victor-oliveira\/\"}]}<\/script>\n<!-- \/ Yoast SEO plugin. -->","yoast_head_json":{"title":"O ESTADO DA BAHIA RECEBE 22 ESPECIALISTAS PARA AMPLIAR ATENDIMENTO NO SUS - Bahia Economica A Bahia passou a contar com 22 novos profissionais de sa\u00fade enviados pelo Minist\u00e9rio da Sa\u00fade por meio do programa Agora Tem Especialistas.","description":"O maior portal de Economia da Bahia MUNIC\u00cdPIOS, Sa\u00fade \/ Educa\u00e7\u00e3o Bahia Economica A Bahia passou a contar com 22 novos profissionais de sa\u00fade enviados pelo Minist\u00e9rio da Sa\u00fade por meio do programa Agora Tem Especialistas.","robots":{"index":"index","follow":"follow","max-snippet":"max-snippet:-1","max-image-preview":"max-image-preview:large","max-video-preview":"max-video-preview:-1"},"canonical":"https:\/\/bahiaeconomica.com.br\/wp\/2025\/12\/11\/o-estado-da-bahia-recebe-22-especialistas-para-ampliar-atendimento-no-sus\/","og_locale":"pt_BR","og_type":"article","og_title":"O ESTADO DA BAHIA RECEBE 22 ESPECIALISTAS PARA AMPLIAR ATENDIMENTO NO SUS - Bahia Economica A Bahia passou a contar com 22 novos profissionais de sa\u00fade enviados pelo Minist\u00e9rio da Sa\u00fade por meio do programa Agora Tem Especialistas.","og_description":"O maior portal de Economia da Bahia MUNIC\u00cdPIOS, Sa\u00fade \/ Educa\u00e7\u00e3o Bahia Economica A Bahia passou a contar com 22 novos profissionais de sa\u00fade enviados pelo Minist\u00e9rio da Sa\u00fade por meio do programa Agora Tem Especialistas.","og_url":"https:\/\/bahiaeconomica.com.br\/wp\/2025\/12\/11\/o-estado-da-bahia-recebe-22-especialistas-para-ampliar-atendimento-no-sus\/","og_site_name":"Bahia Economica","article_publisher":"https:\/\/www.facebook.com\/bahiaeconomica","article_published_time":"2025-12-11T18:18:14+00:00","og_image":[{"width":1600,"height":752,"url":"https:\/\/bahiaeconomica.com.br\/wp\/wp-content\/uploads\/2025\/12\/174642bahia-recebe-22-novos-especialistas-para-reforcar-atendimento-no-sus-3.jpg","type":"image\/jpeg"}],"author":"VICTOR OLIVEIRA","twitter_card":"summary_large_image","twitter_misc":{"Escrito por":"VICTOR OLIVEIRA","Est. tempo de leitura":"2 minutos"},"schema":{"@context":"https:\/\/schema.org","@graph":[{"@type":"Article","@id":"https:\/\/bahiaeconomica.com.br\/wp\/2025\/12\/11\/o-estado-da-bahia-recebe-22-especialistas-para-ampliar-atendimento-no-sus\/#article","isPartOf":{"@id":"https:\/\/bahiaeconomica.com.br\/wp\/2025\/12\/11\/o-estado-da-bahia-recebe-22-especialistas-para-ampliar-atendimento-no-sus\/"},"author":{"name":"VICTOR OLIVEIRA","@id":"https:\/\/bahiaeconomica.com.br\/wp\/#\/schema\/person\/a17956d0e1112b626f403fb06b8129a9"},"headline":"O ESTADO DA BAHIA RECEBE 22 ESPECIALISTAS PARA AMPLIAR ATENDIMENTO NO SUS","datePublished":"2025-12-11T18:18:14+00:00","dateModified":"2025-12-11T18:18:14+00:00","mainEntityOfPage":{"@id":"https:\/\/bahiaeconomica.com.br\/wp\/2025\/12\/11\/o-estado-da-bahia-recebe-22-especialistas-para-ampliar-atendimento-no-sus\/"},"wordCount":266,"publisher":{"@id":"https:\/\/bahiaeconomica.com.br\/wp\/#organization"},"keywords":["atendimento","Bahia","ESPECIALISTA","SUS"],"articleSection":["MUNIC\u00cdPIOS","Sa\u00fade \/ Educa\u00e7\u00e3o"],"inLanguage":"pt-BR"},{"@type":"WebPage","@id":"https:\/\/bahiaeconomica.com.br\/wp\/2025\/12\/11\/o-estado-da-bahia-recebe-22-especialistas-para-ampliar-atendimento-no-sus\/","url":"https:\/\/bahiaeconomica.com.br\/wp\/2025\/12\/11\/o-estado-da-bahia-recebe-22-especialistas-para-ampliar-atendimento-no-sus\/","name":"O ESTADO DA BAHIA RECEBE 22 ESPECIALISTAS PARA AMPLIAR ATENDIMENTO NO SUS - Bahia Economica A Bahia passou a contar com 22 novos profissionais de sa\u00fade enviados pelo Minist\u00e9rio da Sa\u00fade por meio do programa Agora Tem Especialistas.","isPartOf":{"@id":"https:\/\/bahiaeconomica.com.br\/wp\/#website"},"datePublished":"2025-12-11T18:18:14+00:00","dateModified":"2025-12-11T18:18:14+00:00","description":"O maior portal de Economia da Bahia MUNIC\u00cdPIOS, Sa\u00fade \/ Educa\u00e7\u00e3o Bahia Economica A Bahia passou a contar com 22 novos profissionais de sa\u00fade enviados pelo Minist\u00e9rio da Sa\u00fade por meio do programa Agora Tem Especialistas.","breadcrumb":{"@id":"https:\/\/bahiaeconomica.com.br\/wp\/2025\/12\/11\/o-estado-da-bahia-recebe-22-especialistas-para-ampliar-atendimento-no-sus\/#breadcrumb"},"inLanguage":"pt-BR","potentialAction":[{"@type":"ReadAction","target":["https:\/\/bahiaeconomica.com.br\/wp\/2025\/12\/11\/o-estado-da-bahia-recebe-22-especialistas-para-ampliar-atendimento-no-sus\/"]}]},{"@type":"BreadcrumbList","@id":"https:\/\/bahiaeconomica.com.br\/wp\/2025\/12\/11\/o-estado-da-bahia-recebe-22-especialistas-para-ampliar-atendimento-no-sus\/#breadcrumb","itemListElement":[{"@type":"ListItem","position":1,"name":"In\u00edcio","item":"https:\/\/bahiaeconomica.com.br\/wp\/"},{"@type":"ListItem","position":2,"name":"O ESTADO DA BAHIA RECEBE 22 ESPECIALISTAS PARA AMPLIAR ATENDIMENTO NO SUS"}]},{"@type":"WebSite","@id":"https:\/\/bahiaeconomica.com.br\/wp\/#website","url":"https:\/\/bahiaeconomica.com.br\/wp\/","name":"Bahia Economica","description":"O maior portal de Economia da Bahia","publisher":{"@id":"https:\/\/bahiaeconomica.com.br\/wp\/#organization"},"potentialAction":[{"@type":"SearchAction","target":{"@type":"EntryPoint","urlTemplate":"https:\/\/bahiaeconomica.com.br\/wp\/?s={search_term_string}"},"query-input":"required name=search_term_string"}],"inLanguage":"pt-BR"},{"@type":"Organization","@id":"https:\/\/bahiaeconomica.com.br\/wp\/#organization","name":"Bahia Econ\u00f4mica","url":"https:\/\/bahiaeconomica.com.br\/wp\/","logo":{"@type":"ImageObject","inLanguage":"pt-BR","@id":"https:\/\/bahiaeconomica.com.br\/wp\/#\/schema\/logo\/image\/","url":"https:\/\/bahiaeconomica.com.br\/wp\/wp-content\/uploads\/2020\/12\/cropped-BE.png","contentUrl":"https:\/\/bahiaeconomica.com.br\/wp\/wp-content\/uploads\/2020\/12\/cropped-BE.png","width":512,"height":512,"caption":"Bahia Econ\u00f4mica"},"image":{"@id":"https:\/\/bahiaeconomica.com.br\/wp\/#\/schema\/logo\/image\/"},"sameAs":["https:\/\/www.facebook.com\/bahiaeconomica"]},{"@type":"Person","@id":"https:\/\/bahiaeconomica.com.br\/wp\/#\/schema\/person\/a17956d0e1112b626f403fb06b8129a9","name":"VICTOR OLIVEIRA","sameAs":["http:\/\/www.bahiaeconomica.com.br"],"url":"https:\/\/bahiaeconomica.com.br\/wp\/author\/victor-oliveira\/"}]}},"views":11,"_links":{"self":[{"href":"https:\/\/bahiaeconomica.com.br\/wp\/wp-json\/wp\/v2\/posts\/960098"}],"collection":[{"href":"https:\/\/bahiaeconomica.com.br\/wp\/wp-json\/wp\/v2\/posts"}],"about":[{"href":"https:\/\/bahiaeconomica.com.br\/wp\/wp-json\/wp\/v2\/types\/post"}],"author":[{"embeddable":true,"href":"https:\/\/bahiaeconomica.com.br\/wp\/wp-json\/wp\/v2\/users\/24"}],"replies":[{"embeddable":true,"href":"https:\/\/bahiaeconomica.com.br\/wp\/wp-json\/wp\/v2\/comments?post=960098"}],"version-history":[{"count":1,"href":"https:\/\/bahiaeconomica.com.br\/wp\/wp-json\/wp\/v2\/posts\/960098\/revisions"}],"predecessor-version":[{"id":960101,"href":"https:\/\/bahiaeconomica.com.br\/wp\/wp-json\/wp\/v2\/posts\/960098\/revisions\/960101"}],"wp:featuredmedia":[{"embeddable":true,"href":"https:\/\/bahiaeconomica.com.br\/wp\/wp-json\/wp\/v2\/media\/960100"}],"wp:attachment":[{"href":"https:\/\/bahiaeconomica.com.br\/wp\/wp-json\/wp\/v2\/media?parent=960098"}],"wp:term":[{"taxonomy":"category","embeddable":true,"href":"https:\/\/bahiaeconomica.com.br\/wp\/wp-json\/wp\/v2\/categories?post=960098"},{"taxonomy":"post_tag","embeddable":true,"href":"https:\/\/bahiaeconomica.com.br\/wp\/wp-json\/wp\/v2\/tags?post=960098"}],"curies":[{"name":"wp","href":"https:\/\/api.w.org\/{rel}","templated":true}]}}