{"id":959799,"date":"2025-12-10T15:00:53","date_gmt":"2025-12-10T18:00:53","guid":{"rendered":"https:\/\/bahiaeconomica.com.br\/wp\/?p=959799"},"modified":"2025-12-10T21:39:38","modified_gmt":"2025-12-11T00:39:38","slug":"ile-aiye-revela-as-15-finalistas-que-vao-concorrer-ao-titulo-de-deusa-do-ebano-2026","status":"publish","type":"post","link":"https:\/\/bahiaeconomica.com.br\/wp\/2025\/12\/10\/ile-aiye-revela-as-15-finalistas-que-vao-concorrer-ao-titulo-de-deusa-do-ebano-2026\/","title":{"rendered":"IL\u00ca AIY\u00ca REVELA AS 15 FINALISTAS QUE V\u00c3O CONCORRER AO T\u00cdTULO DE DEUSA DO \u00c9BANO 2026"},"content":{"rendered":"<p>As 15 finalistas ao t\u00edtulo de Deusa do \u00c9bano 2026 acabam de ser anunciadas, marcando o in\u00edcio da jornada que levar\u00e1 uma delas ao posto de Rainha do Il\u00ea Aiy\u00ea. No dia 17 de janeiro, durante a 45\u00aa Noite da Beleza Negra, as candidatas ao concorrido t\u00edtulo subir\u00e3o ao palco para representar a for\u00e7a do bloco afro e celebrar a cultura e est\u00e9tica negra em sua plenitude.<\/p>\n<p>Bruna Christine, Camila Silva, Camila Morena, Carol Xavier, Cec\u00edlia Cadile, Dandara Nam\u00edbia, Joana Sousa, Larissa Oliveira, Mavih Souza, Nayara Temporal, Rafaela Rosa, Ra\u00edssa Batista, Sarah Moraes, Stephanie Ingrid e Thuane Vit\u00f3ria integram o grupo de finalistas selecionadas para levar ao p\u00fablico dan\u00e7a, energia, ancestralidade, carisma e presen\u00e7a. Todas seguem rumo \u00e0 coroa, que ser\u00e1 passada adiante pela atual Rainha, Lorena Bispo.<\/p>\n<p>A escolha da Deusa do \u00c9bano do Il\u00ea Aiy\u00ea 2026 \u00e9 uma realiza\u00e7\u00e3o da Associa\u00e7\u00e3o Cultural Bloco Carnavalesco Il\u00ea Aiy\u00ea e do Governo Federal, com produ\u00e7\u00e3o da Caderno 2 Produ\u00e7\u00f5es, conta com o apoio financeiro do Fundo de Cultura do Governo do Estado da Bahia, atrav\u00e9s do Edital de A\u00e7\u00f5es Calendarizadas, e com o apoio da ITS Brasil. O evento faz parte do Plano Anual do Il\u00ea Aiy\u00ea, atrav\u00e9s da Lei Federal de Incentivo \u00e0 Cultura \u2013 Lei Rouanet.<\/p>\n<p>&nbsp;<\/p>\n<p>CONHE\u00c7A AS FINALISTAS<\/p>\n<p>&nbsp;<\/p>\n<p>Bruna Christine Francisco dos Santos (Bruna Christine)<\/p>\n<p>Idade: 29 anos<\/p>\n<p>Ocupa\u00e7\u00e3o: Roteirista e doutoranda em Artes da Cena<\/p>\n<p>Bairro: Lapa, Rio de Janeiro<\/p>\n<p>Participa\u00e7\u00e3o: 1\u00aa vez<\/p>\n<p>Por qu\u00ea quer ser Deusa do \u00c9bano: \u201cEu acredito que ser Deusa do \u00c9bano \u00e9 um caminho de constru\u00e7\u00e3o da minha autoestima soberana. N\u00e3o \u00e9 simplesmente pela beleza, mas uma oportunidade de sedimentar mais o meu valor e, principalmente, a minha conex\u00e3o com a minha ancestralidade e com minha linhagem paterna que eu vim conhecer pela primeira vez. Apesar de sempre me reconhecer como mulher negra, tem um outro passo, que \u00e9 quando voc\u00ea sai da sua casa para enfrentar o mundo, onde h\u00e1 pessoas que n\u00e3o reconhecem o seu valor. Para mim, o Il\u00ea Aiy\u00ea \u00e9 esse lugar de constru\u00e7\u00e3o para que o mundo n\u00e3o me ven\u00e7a e eu sempre me mantenha inteira\u201d.<\/p>\n<p>&nbsp;<\/p>\n<p>Camila Cruz Silva (Camila Silva)<\/p>\n<p>Idade: 34 anos<\/p>\n<p>Ocupa\u00e7\u00e3o: Trancista, professora de estat\u00edstica na escola p\u00fablica, cozinheira e confeiteira<\/p>\n<p>Bairro: Plataforma, Sub\u00farbio Ferrovi\u00e1rio de Salvador<\/p>\n<p>Participa\u00e7\u00e3o: 6\u00aa vez<\/p>\n<p>Por qu\u00ea quer ser Deusa do \u00c9bano: \u201cSer Deusa vai falar de minha m\u00e3e, falar de minha av\u00f3, falar dos meus antepassados, falar do meu povo, o povo que veio antes de mim, \u00e9 contar a hist\u00f3ria daqueles que n\u00e3o tiveram a oportunidade de falar quem s\u00e3o. Ent\u00e3o ser a Deusa do \u00c9bano, para mim, \u00e9 isso.\u201d<\/p>\n<p>&nbsp;<\/p>\n<p>Camila Morena Santos da Silva (Camila Morena)<\/p>\n<p>Idade: 30 anos<\/p>\n<p>Ocupa\u00e7\u00e3o: Advogada<\/p>\n<p>Bairro: Pernambu\u00e9s, Salvador<\/p>\n<p>Participa\u00e7\u00e3o: 1\u00aa vez<\/p>\n<p>Por qu\u00ea quer ser Deusa do \u00c9bano: \u201cAl\u00e9m de um sonho, \u00e9 um compromisso com a minha comunidade, \u00e9 um sonho ancestral. Estar aqui, entre as finalistas, \u00e9 muita coisa. Ser uma das 15, para mim, j\u00e1 \u00e9 a realiza\u00e7\u00e3o de um sonho\u201d.<\/p>\n<p>&nbsp;<\/p>\n<p>Caroline Xavier de Almeida (Carol Xavier)<\/p>\n<p>Idade: 27 anos<\/p>\n<p>Ocupa\u00e7\u00e3o: Estudante de Jornalismo<\/p>\n<p>Bairro: Sussuarana, Salvador<\/p>\n<p>Participa\u00e7\u00e3o: 3\u00aa vez<\/p>\n<p>Por qu\u00ea quer ser Deusa do \u00c9bano: \u201cPara refor\u00e7ar a import\u00e2ncia da eleva\u00e7\u00e3o da autoestima para a minha comunidade, principalmente para as crian\u00e7as negras. E mostrar para a minha filha que a gente pode alcan\u00e7ar lugares mais altos do que imaginamos\u201d.<\/p>\n<p>&nbsp;<\/p>\n<p>Cec\u00edlia da Silva Santos (Cec\u00edlia Cadile)<\/p>\n<p>Idade: 35 anos<\/p>\n<p>Ocupa\u00e7\u00e3o: Consultora de moda e beleza<\/p>\n<p>Bairro: Itapu\u00e3, Salvador<\/p>\n<p>Participa\u00e7\u00e3o: 6\u00aa vez<\/p>\n<p>Por qu\u00ea quer ser Deusa do \u00c9bano: \u201cEu comecei nos 40 anos do Il\u00ea e, durante esses 10 anos, tamb\u00e9m produzi outras candidatas. Mas agora est\u00e1 na hora de continuar apostando no meu sonho. O Il\u00ea \u00e9 a minha base, \u00e9 a minha raiz, desde os sete anos de idade que eu saio no bloco e, em 2007, que foi a primeira vez que eu vi o concurso, eu entendi que esse palco \u00e9 sagrado. Assim como transformou a vida de outras mulheres negras que eu pude assistir, abriu muitos caminhos para mim\u201d.<\/p>\n<p>&nbsp;<\/p>\n<p>Dandara Nam\u00edbia Jesus de Andrade (Dandara Nam\u00edbia)<\/p>\n<p>Idade: 22 anos<\/p>\n<p>Ocupa\u00e7\u00e3o: Modelo e bailarina<\/p>\n<p>Bairro: Narandiba, Salvador<\/p>\n<p>Participa\u00e7\u00e3o: 1\u00aa vez<\/p>\n<p>Por qu\u00ea quer ser Deusa do \u00c9bano: \u201cPorque ser uma travesti preta e viva num pa\u00eds que mais mata mulheres trans e travestis, eu acredito que seja um ato pol\u00edtico. E eu acho que o que difere todos n\u00f3s \u00e9 a realiza\u00e7\u00e3o dos nossos sonhos, e pisar no palco da Noite da Beleza Negra vai ser a realiza\u00e7\u00e3o do meu sonho\u201d.<\/p>\n<p>&nbsp;<\/p>\n<p>Joana Sousa Silva (Joana Sousa)<\/p>\n<p>Idade: 28 anos<\/p>\n<p>Ocupa\u00e7\u00e3o: Bailarina e professora de ballet<\/p>\n<p>Bairro: Centro de Lauro de Freitas, Bahia<\/p>\n<p>Participa\u00e7\u00e3o: 1\u00aa vez<\/p>\n<p>Por qu\u00ea quer ser Deusa do \u00c9bano: \u201cEu estou encantada com tudo, superou minhas expectativas. Para al\u00e9m de me mostrar, eu quero usar esse espa\u00e7o para honrar as pessoas que vieram antes de mim, para me conectar com essa ancestralidade e me reconhecer para me fortalecer e fortalecer outras mulheres tamb\u00e9m\u201d.<\/p>\n<p>&nbsp;<\/p>\n<p>Larissa Santos Oliveira Moreira (Larissa Oliveira)<\/p>\n<p>Idade: 25 anos<\/p>\n<p>Ocupa\u00e7\u00e3o: Assistente Administrativa<\/p>\n<p>Bairro: Sussuarana Nova, Salvador<\/p>\n<p>Participa\u00e7\u00e3o: 1\u00aa vez<\/p>\n<p>Por qu\u00ea quer ser Deusa do \u00c9bano: \u201cQuero dar continuidade \u00e0 minha hist\u00f3ria, de onde eu venho, al\u00e9m de ser representa\u00e7\u00e3o para a minha comunidade e para as outras mulheres que ir\u00e3o chegar\u201d.<\/p>\n<p>&nbsp;<\/p>\n<p>Maria Vict\u00f3ria de Souza (Mavih Souza)<\/p>\n<p>Idade: 20 anos<\/p>\n<p>Ocupa\u00e7\u00e3o: Empres\u00e1ria, core\u00f3grafa e cartomante<\/p>\n<p>Bairro: Federa\u00e7\u00e3o, Salvador. Tamb\u00e9m \u00e9 Quilombola de S\u00e3o Braz, Santo Amaro.<\/p>\n<p>Participa\u00e7\u00e3o: 2\u00aa vez<\/p>\n<p>Por qu\u00ea quer ser Deusa do \u00c9bano: \u201cDesde quando me conheci como mulher preta, eu preservo muito a minha ancestralidade. Eu tive muita refer\u00eancia da minha m\u00e3e, quando eu tinha cinco, seis anos, com ela fazendo turbante para as meninas sa\u00edrem atr\u00e1s do Il\u00ea. Nesse momento, eu estava me iniciando no candombl\u00e9 para servir a um terreiro, ent\u00e3o eu achava for\u00e7a atrav\u00e9s das m\u00fasicas, das deusas e das mulheres do Il\u00ea Aiy\u00ea. Eu considero isso parte da minha ancestralidade e eu quero dar continuidade\u201d.<\/p>\n<p>&nbsp;<\/p>\n<p>Nayara Amanda Guimar\u00e3es Temporal Costa (Nayara Temporal)<\/p>\n<p>Idade: 34 anos<\/p>\n<p>Ocupa\u00e7\u00e3o: Dan\u00e7arina e instrutora de pilates<\/p>\n<p>Bairro: Liberdade, Salvador. Nasceu em Recife, Pernambuco.<\/p>\n<p>Participa\u00e7\u00e3o: 3\u00aa vez<\/p>\n<p>Por qu\u00ea quer ser Deusa do \u00c9bano: \u201cNa verdade, eu j\u00e1 sou uma Deusa do \u00c9bano. Eu quero essa legitima\u00e7\u00e3o do Il\u00ea Aiy\u00ea pela minha identifica\u00e7\u00e3o, pela minha hist\u00f3ria, enquanto mulher da dan\u00e7a, da dan\u00e7a preta, da dan\u00e7a africana. Tenho uma identifica\u00e7\u00e3o muito forte com o bloco, ele realmente mudou a minha maneira de me enxergar, de enxergar o mundo. Ent\u00e3o, para mim, \u00e9 sobre esse prop\u00f3sito\u201d.<\/p>\n<p>&nbsp;<\/p>\n<p>Rafaela Rosa Silva Oliveira (Rafaela Rosa)<\/p>\n<p>Idade: 30 anos<\/p>\n<p>Ocupa\u00e7\u00e3o: Pedagoga com especializa\u00e7\u00e3o em educa\u00e7\u00e3o inclusiva<\/p>\n<p>Bairro: Comunidade Ro\u00e7a da Sabina, Barra, Salvador<\/p>\n<p>Participa\u00e7\u00e3o: 5\u00aa vez<\/p>\n<p>Por qu\u00ea quer ser Deusa do \u00c9bano: \u201cEstou aqui representando a minha comunidade. Eu estou aqui novamente porque eu quero provar a mim mesma que eu sou capaz e que eu vou conseguir realizar esse sonho. Quero levar essa representatividade para todas as mulheres que saem todos os dias de suas casas em busca de respeito. Mostrar para todas elas que lugar de mulher \u00e9 onde ela quiser. E eu levo comigo a teoria de que um sonho que se sonha s\u00f3, \u00e9 s\u00f3 um sonho. Mas um sonho que se sonha junto, vira realidade\u201d.<\/p>\n<p>&nbsp;<\/p>\n<p>Ra\u00edssa Concei\u00e7\u00e3o Batista<\/p>\n<p>Idade: 22 anos<\/p>\n<p>Ocupa\u00e7\u00e3o: Estudante, modelo, dan\u00e7arina, manicure e cabeleireira<\/p>\n<p>Bairro: Boa Vista do Lobato, Salvador<\/p>\n<p>Participa\u00e7\u00e3o: 1\u00aa vez<\/p>\n<p>Por qu\u00ea quer ser Deusa do \u00c9bano: \u201cEu estou dentro do Il\u00ea Aiy\u00ea desde 2015. Eu participei da escola Band&#8217;er\u00ea, onde eu j\u00e1 me reconheci como uma mulher preta. Eu via a Noite da Beleza Negra e ficava imaginando que, quando eu completasse a idade, eu queria estar naquele lugar, naquele palco representando todas as mulheres negras, como minha m\u00e3e e minha av\u00f3. Estar aqui sendo parte dessa casa \u00e9 uma emo\u00e7\u00e3o tremenda e uma responsabilidade tamb\u00e9m, por todos aqueles que vieram junto comigo crescendo aqui dentro\u201d.<\/p>\n<p>&nbsp;<\/p>\n<p>Sarah Moraes dos Santos (Sarah Moraes)<\/p>\n<p>Idade: 28 anos<\/p>\n<p>Ocupa\u00e7\u00e3o: Auxiliar Administrativa<\/p>\n<p>Bairro: Sussuarana, Salvador<\/p>\n<p>Participa\u00e7\u00e3o: 2\u00aa vez<\/p>\n<p>Por qu\u00ea quer ser Deusa do \u00c9bano: \u201cEu quero ser a Deusa do \u00c9bano, porque o bloco afro Il\u00ea Aiy\u00ea \u00e9 o espa\u00e7o que possibilita que a gente reafirme a nossa identidade e que a gente se reconecte com a nossa hist\u00f3ria. Ent\u00e3o, a partir do momento que a gente se sente pertencente a uma institui\u00e7\u00e3o, a um legado que \u00e9 contado sobre a nossa hist\u00f3ria e dos nossos ancestrais, a gente passa a querer fazer parte. Ent\u00e3o, eu quero o t\u00edtulo porque eu me identifico e me sinto pertencente a todo esse processo e legado que o Il\u00ea possibilita para todas n\u00f3s, mulheres negras\u201d.<\/p>\n<p>&nbsp;<\/p>\n<p>Stephanie Ingrid Silva Sousa de Deus (Stephanie Ingrid)<\/p>\n<p>Idade: 24 anos<\/p>\n<p>Ocupa\u00e7\u00e3o: Dan\u00e7arina, core\u00f3grafa e arte-educadora<\/p>\n<p>Bairro: Nordeste de Amaralina, Salvador<\/p>\n<p>Participa\u00e7\u00e3o: 3\u00aa vez<\/p>\n<p>Por qu\u00ea quer ser Deusa do \u00c9bano: \u201cPara mim o t\u00edtulo de Deusa de \u00c9bano \u00e9 muito mais do que um s\u00edmbolo de beleza. Eu quero honrar e concretizar esse t\u00edtulo para minha m\u00e3e, que sempre me afirmou que o meu nome vinha da realeza. Quero inspirar outras mulheres e crian\u00e7as pretas, assim como eu, principalmente do meu bairro Nordeste de Amaralina, mostrando que realeza faz parte da nossa heran\u00e7a ancestral. A gente n\u00e3o precisa se encaixar em padr\u00f5es de beleza, porque j\u00e1 somos padr\u00f5es de beleza\u201d.<\/p>\n<p>&nbsp;<\/p>\n<p>Thuane Vit\u00f3ria Pereira Santana (Dama de Branco)<\/p>\n<p>Idade: 28 anos<\/p>\n<p>Ocupa\u00e7\u00e3o: T\u00e9cnica de Enfermagem, operadora de caixa e artes\u00e3<\/p>\n<p>Bairro: Fazenda Grande do Retiro, Salvador<\/p>\n<p>Participa\u00e7\u00e3o: 5\u00aa vez<\/p>\n<p>Por qu\u00ea quer ser Deusa do \u00c9bano: \u201cPara reafirmar a quest\u00e3o do empoderamento feminino, ser refer\u00eancia para minhas filhas e para toda a comunidade\u201d.<\/p>\n<p>&nbsp;<\/p>\n<p>(Foto: Andr\u00e9 Frutu\u00f4so\/Est\u00fadio Casa de Mainha)<\/p>\n","protected":false},"excerpt":{"rendered":"<p>As 15 finalistas ao t\u00edtulo de Deusa do \u00c9bano 2026 acabam de ser anunciadas, marcando o in\u00edcio da jornada que levar\u00e1 uma delas ao posto de Rainha do Il\u00ea Aiy\u00ea. No dia 17 de janeiro, durante a 45\u00aa Noite da Beleza Negra, as candidatas ao concorrido t\u00edtulo subir\u00e3o ao palco para representar a for\u00e7a do [&hellip;]<\/p>\n","protected":false},"author":8,"featured_media":0,"comment_status":"closed","ping_status":"closed","sticky":false,"template":"","format":"standard","meta":[],"categories":[689],"tags":[],"acf":[],"yoast_head":"<!-- This site is optimized with the Yoast SEO plugin v20.8 - https:\/\/yoast.com\/wordpress\/plugins\/seo\/ -->\n<title>IL\u00ca AIY\u00ca REVELA AS 15 FINALISTAS QUE V\u00c3O CONCORRER AO T\u00cdTULO DE DEUSA DO \u00c9BANO 2026 - Bahia Economica<\/title>\n<meta name=\"description\" content=\"O maior portal de Economia da Bahia CULTURA E ARTE Bahia Economica\" \/>\n<meta name=\"robots\" content=\"index, follow, max-snippet:-1, max-image-preview:large, max-video-preview:-1\" \/>\n<link rel=\"canonical\" href=\"https:\/\/bahiaeconomica.com.br\/wp\/2025\/12\/10\/ile-aiye-revela-as-15-finalistas-que-vao-concorrer-ao-titulo-de-deusa-do-ebano-2026\/\" \/>\n<meta property=\"og:locale\" content=\"pt_BR\" \/>\n<meta property=\"og:type\" content=\"article\" \/>\n<meta property=\"og:title\" content=\"IL\u00ca AIY\u00ca REVELA AS 15 FINALISTAS QUE V\u00c3O CONCORRER AO T\u00cdTULO DE DEUSA DO \u00c9BANO 2026 - Bahia Economica\" \/>\n<meta property=\"og:description\" content=\"O maior portal de Economia da Bahia CULTURA E ARTE Bahia Economica\" \/>\n<meta property=\"og:url\" content=\"https:\/\/bahiaeconomica.com.br\/wp\/2025\/12\/10\/ile-aiye-revela-as-15-finalistas-que-vao-concorrer-ao-titulo-de-deusa-do-ebano-2026\/\" \/>\n<meta property=\"og:site_name\" content=\"Bahia Economica\" \/>\n<meta property=\"article:publisher\" content=\"https:\/\/www.facebook.com\/bahiaeconomica\" \/>\n<meta property=\"article:published_time\" content=\"2025-12-10T18:00:53+00:00\" \/>\n<meta property=\"article:modified_time\" content=\"2025-12-11T00:39:38+00:00\" \/>\n<meta name=\"author\" content=\"JP\" \/>\n<meta name=\"twitter:card\" content=\"summary_large_image\" \/>\n<meta name=\"twitter:label1\" content=\"Escrito por\" \/>\n\t<meta name=\"twitter:data1\" content=\"JP\" \/>\n\t<meta name=\"twitter:label2\" content=\"Est. tempo de leitura\" \/>\n\t<meta name=\"twitter:data2\" content=\"9 minutos\" \/>\n<script type=\"application\/ld+json\" class=\"yoast-schema-graph\">{\"@context\":\"https:\/\/schema.org\",\"@graph\":[{\"@type\":\"Article\",\"@id\":\"https:\/\/bahiaeconomica.com.br\/wp\/2025\/12\/10\/ile-aiye-revela-as-15-finalistas-que-vao-concorrer-ao-titulo-de-deusa-do-ebano-2026\/#article\",\"isPartOf\":{\"@id\":\"https:\/\/bahiaeconomica.com.br\/wp\/2025\/12\/10\/ile-aiye-revela-as-15-finalistas-que-vao-concorrer-ao-titulo-de-deusa-do-ebano-2026\/\"},\"author\":{\"name\":\"JP\",\"@id\":\"https:\/\/bahiaeconomica.com.br\/wp\/#\/schema\/person\/c86d3a3f8960425a0f9d0e5245991f4e\"},\"headline\":\"IL\u00ca AIY\u00ca REVELA AS 15 FINALISTAS QUE V\u00c3O CONCORRER AO T\u00cdTULO DE DEUSA DO \u00c9BANO 2026\",\"datePublished\":\"2025-12-10T18:00:53+00:00\",\"dateModified\":\"2025-12-11T00:39:38+00:00\",\"mainEntityOfPage\":{\"@id\":\"https:\/\/bahiaeconomica.com.br\/wp\/2025\/12\/10\/ile-aiye-revela-as-15-finalistas-que-vao-concorrer-ao-titulo-de-deusa-do-ebano-2026\/\"},\"wordCount\":1723,\"publisher\":{\"@id\":\"https:\/\/bahiaeconomica.com.br\/wp\/#organization\"},\"articleSection\":[\"CULTURA E ARTE\"],\"inLanguage\":\"pt-BR\"},{\"@type\":\"WebPage\",\"@id\":\"https:\/\/bahiaeconomica.com.br\/wp\/2025\/12\/10\/ile-aiye-revela-as-15-finalistas-que-vao-concorrer-ao-titulo-de-deusa-do-ebano-2026\/\",\"url\":\"https:\/\/bahiaeconomica.com.br\/wp\/2025\/12\/10\/ile-aiye-revela-as-15-finalistas-que-vao-concorrer-ao-titulo-de-deusa-do-ebano-2026\/\",\"name\":\"IL\u00ca AIY\u00ca REVELA AS 15 FINALISTAS QUE V\u00c3O CONCORRER AO T\u00cdTULO DE DEUSA DO \u00c9BANO 2026 - Bahia Economica\",\"isPartOf\":{\"@id\":\"https:\/\/bahiaeconomica.com.br\/wp\/#website\"},\"datePublished\":\"2025-12-10T18:00:53+00:00\",\"dateModified\":\"2025-12-11T00:39:38+00:00\",\"description\":\"O maior portal de Economia da Bahia CULTURA E ARTE Bahia Economica\",\"breadcrumb\":{\"@id\":\"https:\/\/bahiaeconomica.com.br\/wp\/2025\/12\/10\/ile-aiye-revela-as-15-finalistas-que-vao-concorrer-ao-titulo-de-deusa-do-ebano-2026\/#breadcrumb\"},\"inLanguage\":\"pt-BR\",\"potentialAction\":[{\"@type\":\"ReadAction\",\"target\":[\"https:\/\/bahiaeconomica.com.br\/wp\/2025\/12\/10\/ile-aiye-revela-as-15-finalistas-que-vao-concorrer-ao-titulo-de-deusa-do-ebano-2026\/\"]}]},{\"@type\":\"BreadcrumbList\",\"@id\":\"https:\/\/bahiaeconomica.com.br\/wp\/2025\/12\/10\/ile-aiye-revela-as-15-finalistas-que-vao-concorrer-ao-titulo-de-deusa-do-ebano-2026\/#breadcrumb\",\"itemListElement\":[{\"@type\":\"ListItem\",\"position\":1,\"name\":\"In\u00edcio\",\"item\":\"https:\/\/bahiaeconomica.com.br\/wp\/\"},{\"@type\":\"ListItem\",\"position\":2,\"name\":\"IL\u00ca AIY\u00ca REVELA AS 15 FINALISTAS QUE V\u00c3O CONCORRER AO T\u00cdTULO DE DEUSA DO \u00c9BANO 2026\"}]},{\"@type\":\"WebSite\",\"@id\":\"https:\/\/bahiaeconomica.com.br\/wp\/#website\",\"url\":\"https:\/\/bahiaeconomica.com.br\/wp\/\",\"name\":\"Bahia Economica\",\"description\":\"O maior portal de Economia da Bahia\",\"publisher\":{\"@id\":\"https:\/\/bahiaeconomica.com.br\/wp\/#organization\"},\"potentialAction\":[{\"@type\":\"SearchAction\",\"target\":{\"@type\":\"EntryPoint\",\"urlTemplate\":\"https:\/\/bahiaeconomica.com.br\/wp\/?s={search_term_string}\"},\"query-input\":\"required name=search_term_string\"}],\"inLanguage\":\"pt-BR\"},{\"@type\":\"Organization\",\"@id\":\"https:\/\/bahiaeconomica.com.br\/wp\/#organization\",\"name\":\"Bahia Econ\u00f4mica\",\"url\":\"https:\/\/bahiaeconomica.com.br\/wp\/\",\"logo\":{\"@type\":\"ImageObject\",\"inLanguage\":\"pt-BR\",\"@id\":\"https:\/\/bahiaeconomica.com.br\/wp\/#\/schema\/logo\/image\/\",\"url\":\"https:\/\/bahiaeconomica.com.br\/wp\/wp-content\/uploads\/2020\/12\/cropped-BE.png\",\"contentUrl\":\"https:\/\/bahiaeconomica.com.br\/wp\/wp-content\/uploads\/2020\/12\/cropped-BE.png\",\"width\":512,\"height\":512,\"caption\":\"Bahia Econ\u00f4mica\"},\"image\":{\"@id\":\"https:\/\/bahiaeconomica.com.br\/wp\/#\/schema\/logo\/image\/\"},\"sameAs\":[\"https:\/\/www.facebook.com\/bahiaeconomica\"]},{\"@type\":\"Person\",\"@id\":\"https:\/\/bahiaeconomica.com.br\/wp\/#\/schema\/person\/c86d3a3f8960425a0f9d0e5245991f4e\",\"name\":\"JP\",\"sameAs\":[\"https:\/\/bahiaeconomica.com.br\/wp\/beta\/\"],\"url\":\"https:\/\/bahiaeconomica.com.br\/wp\/author\/jp\/\"}]}<\/script>\n<!-- \/ Yoast SEO plugin. -->","yoast_head_json":{"title":"IL\u00ca AIY\u00ca REVELA AS 15 FINALISTAS QUE V\u00c3O CONCORRER AO T\u00cdTULO DE DEUSA DO \u00c9BANO 2026 - Bahia Economica","description":"O maior portal de Economia da Bahia CULTURA E ARTE Bahia Economica","robots":{"index":"index","follow":"follow","max-snippet":"max-snippet:-1","max-image-preview":"max-image-preview:large","max-video-preview":"max-video-preview:-1"},"canonical":"https:\/\/bahiaeconomica.com.br\/wp\/2025\/12\/10\/ile-aiye-revela-as-15-finalistas-que-vao-concorrer-ao-titulo-de-deusa-do-ebano-2026\/","og_locale":"pt_BR","og_type":"article","og_title":"IL\u00ca AIY\u00ca REVELA AS 15 FINALISTAS QUE V\u00c3O CONCORRER AO T\u00cdTULO DE DEUSA DO \u00c9BANO 2026 - Bahia Economica","og_description":"O maior portal de Economia da Bahia CULTURA E ARTE Bahia Economica","og_url":"https:\/\/bahiaeconomica.com.br\/wp\/2025\/12\/10\/ile-aiye-revela-as-15-finalistas-que-vao-concorrer-ao-titulo-de-deusa-do-ebano-2026\/","og_site_name":"Bahia Economica","article_publisher":"https:\/\/www.facebook.com\/bahiaeconomica","article_published_time":"2025-12-10T18:00:53+00:00","article_modified_time":"2025-12-11T00:39:38+00:00","author":"JP","twitter_card":"summary_large_image","twitter_misc":{"Escrito por":"JP","Est. tempo de leitura":"9 minutos"},"schema":{"@context":"https:\/\/schema.org","@graph":[{"@type":"Article","@id":"https:\/\/bahiaeconomica.com.br\/wp\/2025\/12\/10\/ile-aiye-revela-as-15-finalistas-que-vao-concorrer-ao-titulo-de-deusa-do-ebano-2026\/#article","isPartOf":{"@id":"https:\/\/bahiaeconomica.com.br\/wp\/2025\/12\/10\/ile-aiye-revela-as-15-finalistas-que-vao-concorrer-ao-titulo-de-deusa-do-ebano-2026\/"},"author":{"name":"JP","@id":"https:\/\/bahiaeconomica.com.br\/wp\/#\/schema\/person\/c86d3a3f8960425a0f9d0e5245991f4e"},"headline":"IL\u00ca AIY\u00ca REVELA AS 15 FINALISTAS QUE V\u00c3O CONCORRER AO T\u00cdTULO DE DEUSA DO \u00c9BANO 2026","datePublished":"2025-12-10T18:00:53+00:00","dateModified":"2025-12-11T00:39:38+00:00","mainEntityOfPage":{"@id":"https:\/\/bahiaeconomica.com.br\/wp\/2025\/12\/10\/ile-aiye-revela-as-15-finalistas-que-vao-concorrer-ao-titulo-de-deusa-do-ebano-2026\/"},"wordCount":1723,"publisher":{"@id":"https:\/\/bahiaeconomica.com.br\/wp\/#organization"},"articleSection":["CULTURA E ARTE"],"inLanguage":"pt-BR"},{"@type":"WebPage","@id":"https:\/\/bahiaeconomica.com.br\/wp\/2025\/12\/10\/ile-aiye-revela-as-15-finalistas-que-vao-concorrer-ao-titulo-de-deusa-do-ebano-2026\/","url":"https:\/\/bahiaeconomica.com.br\/wp\/2025\/12\/10\/ile-aiye-revela-as-15-finalistas-que-vao-concorrer-ao-titulo-de-deusa-do-ebano-2026\/","name":"IL\u00ca AIY\u00ca REVELA AS 15 FINALISTAS QUE V\u00c3O CONCORRER AO T\u00cdTULO DE DEUSA DO \u00c9BANO 2026 - Bahia Economica","isPartOf":{"@id":"https:\/\/bahiaeconomica.com.br\/wp\/#website"},"datePublished":"2025-12-10T18:00:53+00:00","dateModified":"2025-12-11T00:39:38+00:00","description":"O maior portal de Economia da Bahia CULTURA E ARTE Bahia Economica","breadcrumb":{"@id":"https:\/\/bahiaeconomica.com.br\/wp\/2025\/12\/10\/ile-aiye-revela-as-15-finalistas-que-vao-concorrer-ao-titulo-de-deusa-do-ebano-2026\/#breadcrumb"},"inLanguage":"pt-BR","potentialAction":[{"@type":"ReadAction","target":["https:\/\/bahiaeconomica.com.br\/wp\/2025\/12\/10\/ile-aiye-revela-as-15-finalistas-que-vao-concorrer-ao-titulo-de-deusa-do-ebano-2026\/"]}]},{"@type":"BreadcrumbList","@id":"https:\/\/bahiaeconomica.com.br\/wp\/2025\/12\/10\/ile-aiye-revela-as-15-finalistas-que-vao-concorrer-ao-titulo-de-deusa-do-ebano-2026\/#breadcrumb","itemListElement":[{"@type":"ListItem","position":1,"name":"In\u00edcio","item":"https:\/\/bahiaeconomica.com.br\/wp\/"},{"@type":"ListItem","position":2,"name":"IL\u00ca AIY\u00ca REVELA AS 15 FINALISTAS QUE V\u00c3O CONCORRER AO T\u00cdTULO DE DEUSA DO \u00c9BANO 2026"}]},{"@type":"WebSite","@id":"https:\/\/bahiaeconomica.com.br\/wp\/#website","url":"https:\/\/bahiaeconomica.com.br\/wp\/","name":"Bahia Economica","description":"O maior portal de Economia da Bahia","publisher":{"@id":"https:\/\/bahiaeconomica.com.br\/wp\/#organization"},"potentialAction":[{"@type":"SearchAction","target":{"@type":"EntryPoint","urlTemplate":"https:\/\/bahiaeconomica.com.br\/wp\/?s={search_term_string}"},"query-input":"required name=search_term_string"}],"inLanguage":"pt-BR"},{"@type":"Organization","@id":"https:\/\/bahiaeconomica.com.br\/wp\/#organization","name":"Bahia Econ\u00f4mica","url":"https:\/\/bahiaeconomica.com.br\/wp\/","logo":{"@type":"ImageObject","inLanguage":"pt-BR","@id":"https:\/\/bahiaeconomica.com.br\/wp\/#\/schema\/logo\/image\/","url":"https:\/\/bahiaeconomica.com.br\/wp\/wp-content\/uploads\/2020\/12\/cropped-BE.png","contentUrl":"https:\/\/bahiaeconomica.com.br\/wp\/wp-content\/uploads\/2020\/12\/cropped-BE.png","width":512,"height":512,"caption":"Bahia Econ\u00f4mica"},"image":{"@id":"https:\/\/bahiaeconomica.com.br\/wp\/#\/schema\/logo\/image\/"},"sameAs":["https:\/\/www.facebook.com\/bahiaeconomica"]},{"@type":"Person","@id":"https:\/\/bahiaeconomica.com.br\/wp\/#\/schema\/person\/c86d3a3f8960425a0f9d0e5245991f4e","name":"JP","sameAs":["https:\/\/bahiaeconomica.com.br\/wp\/beta\/"],"url":"https:\/\/bahiaeconomica.com.br\/wp\/author\/jp\/"}]}},"views":24,"_links":{"self":[{"href":"https:\/\/bahiaeconomica.com.br\/wp\/wp-json\/wp\/v2\/posts\/959799"}],"collection":[{"href":"https:\/\/bahiaeconomica.com.br\/wp\/wp-json\/wp\/v2\/posts"}],"about":[{"href":"https:\/\/bahiaeconomica.com.br\/wp\/wp-json\/wp\/v2\/types\/post"}],"author":[{"embeddable":true,"href":"https:\/\/bahiaeconomica.com.br\/wp\/wp-json\/wp\/v2\/users\/8"}],"replies":[{"embeddable":true,"href":"https:\/\/bahiaeconomica.com.br\/wp\/wp-json\/wp\/v2\/comments?post=959799"}],"version-history":[{"count":1,"href":"https:\/\/bahiaeconomica.com.br\/wp\/wp-json\/wp\/v2\/posts\/959799\/revisions"}],"predecessor-version":[{"id":959800,"href":"https:\/\/bahiaeconomica.com.br\/wp\/wp-json\/wp\/v2\/posts\/959799\/revisions\/959800"}],"wp:attachment":[{"href":"https:\/\/bahiaeconomica.com.br\/wp\/wp-json\/wp\/v2\/media?parent=959799"}],"wp:term":[{"taxonomy":"category","embeddable":true,"href":"https:\/\/bahiaeconomica.com.br\/wp\/wp-json\/wp\/v2\/categories?post=959799"},{"taxonomy":"post_tag","embeddable":true,"href":"https:\/\/bahiaeconomica.com.br\/wp\/wp-json\/wp\/v2\/tags?post=959799"}],"curies":[{"name":"wp","href":"https:\/\/api.w.org\/{rel}","templated":true}]}}