{"id":959552,"date":"2025-12-10T12:41:48","date_gmt":"2025-12-10T15:41:48","guid":{"rendered":"https:\/\/bahiaeconomica.com.br\/wp\/?p=959552"},"modified":"2025-12-10T12:23:34","modified_gmt":"2025-12-10T15:23:34","slug":"lidice-da-mata-critica-acao-policial-e-diz-que-violencia-contra-glauber-braga-foi-absurda","status":"publish","type":"post","link":"https:\/\/bahiaeconomica.com.br\/wp\/2025\/12\/10\/lidice-da-mata-critica-acao-policial-e-diz-que-violencia-contra-glauber-braga-foi-absurda\/","title":{"rendered":"L\u00cdDICE DA MATA CRITICA A\u00c7\u00c3O POLICIAL E DIZ QUE VIOL\u00caNCIA CONTRA GLAUBER BRAGA FOI &#8216;ABSURDA&#8217;"},"content":{"rendered":"<p>A deputada federal L\u00eddice da Mata (PSB-BA) condenou, nesta ter\u00e7a-feira (9), a a\u00e7\u00e3o da Pol\u00edcia Legislativa que retirou \u00e0 for\u00e7a o deputado Glauber Braga (PSOL-RJ) da cadeira da Presid\u00eancia da C\u00e2mara durante a discuss\u00e3o sobre a poss\u00edvel cassa\u00e7\u00e3o do mandato do parlamentar. A parlamentar classificou o epis\u00f3dio como um fato \u201cin\u00e9dito e inaceit\u00e1vel\u201d no Parlamento.<\/p>\n<p>Glauber, que acompanhava a sess\u00e3o desde o in\u00edcio, foi arrastado por agentes legislativos e levado para exame de corpo de delito. Deputados que tentaram intervir tamb\u00e9m relataram agress\u00f5es. L\u00eddice criticou ainda a decis\u00e3o de impedir a perman\u00eancia da imprensa no plen\u00e1rio durante o tumulto e a suspens\u00e3o da transmiss\u00e3o oficial da C\u00e2mara, medida que considerou sem precedentes.<\/p>\n<p>\u201cO epis\u00f3dio ocorre no contexto da discuss\u00e3o sobre a chamada lei da dosimetria, antiga proposta de anistia, que mobiliza setores da extrema-direita ap\u00f3s a pris\u00e3o dos principais articuladores dos atos golpistas de 8 de janeiro\u201d, afirmou L\u00eddice. Para ela, a rea\u00e7\u00e3o da seguran\u00e7a da Casa evidencia uma tentativa de pressionar o Legislativo e criar \u201cum ambiente hostil \u00e0s institui\u00e7\u00f5es democr\u00e1ticas\u201d.<\/p>\n<p>A deputada tamb\u00e9m lembrou que, em ocasi\u00f5es anteriores, quando parlamentares de direita ocuparam a Mesa Diretora, a postura da seguran\u00e7a foi \u201cconsideravelmente mais branda\u201d.<\/p>\n<p>Foto: Reprodu\u00e7\u00e3o \/ TV C\u00e2mara<\/p>\n","protected":false},"excerpt":{"rendered":"<p>A deputada federal L\u00eddice da Mata (PSB-BA) condenou, nesta ter\u00e7a-feira (9), a a\u00e7\u00e3o da Pol\u00edcia Legislativa que retirou \u00e0 for\u00e7a o deputado Glauber Braga (PSOL-RJ) da cadeira da Presid\u00eancia da C\u00e2mara durante a discuss\u00e3o sobre a poss\u00edvel cassa\u00e7\u00e3o do mandato do parlamentar. A parlamentar classificou o epis\u00f3dio como um fato \u201cin\u00e9dito e inaceit\u00e1vel\u201d no Parlamento. [&hellip;]<\/p>\n","protected":false},"author":20,"featured_media":959554,"comment_status":"closed","ping_status":"closed","sticky":false,"template":"","format":"standard","meta":[],"categories":[14601],"tags":[33071,12505,992,768],"acf":[],"yoast_head":"<!-- This site is optimized with the Yoast SEO plugin v20.8 - https:\/\/yoast.com\/wordpress\/plugins\/seo\/ -->\n<title>L\u00cdDICE DA MATA CRITICA A\u00c7\u00c3O POLICIAL E DIZ QUE VIOL\u00caNCIA CONTRA GLAUBER BRAGA FOI &#039;ABSURDA&#039; - Bahia Economica<\/title>\n<meta name=\"description\" content=\"O maior portal de Economia da Bahia Pol\u00edtica Bahia Economica\" \/>\n<meta name=\"robots\" content=\"index, follow, max-snippet:-1, max-image-preview:large, max-video-preview:-1\" \/>\n<link rel=\"canonical\" href=\"https:\/\/bahiaeconomica.com.br\/wp\/2025\/12\/10\/lidice-da-mata-critica-acao-policial-e-diz-que-violencia-contra-glauber-braga-foi-absurda\/\" \/>\n<meta property=\"og:locale\" content=\"pt_BR\" \/>\n<meta property=\"og:type\" content=\"article\" \/>\n<meta property=\"og:title\" content=\"L\u00cdDICE DA MATA CRITICA A\u00c7\u00c3O POLICIAL E DIZ QUE VIOL\u00caNCIA CONTRA GLAUBER BRAGA FOI &#039;ABSURDA&#039; - Bahia Economica\" \/>\n<meta property=\"og:description\" content=\"O maior portal de Economia da Bahia Pol\u00edtica Bahia Economica\" \/>\n<meta property=\"og:url\" content=\"https:\/\/bahiaeconomica.com.br\/wp\/2025\/12\/10\/lidice-da-mata-critica-acao-policial-e-diz-que-violencia-contra-glauber-braga-foi-absurda\/\" \/>\n<meta property=\"og:site_name\" content=\"Bahia Economica\" \/>\n<meta property=\"article:publisher\" content=\"https:\/\/www.facebook.com\/bahiaeconomica\" \/>\n<meta property=\"article:published_time\" content=\"2025-12-10T15:41:48+00:00\" \/>\n<meta property=\"article:modified_time\" content=\"2025-12-10T15:23:34+00:00\" \/>\n<meta property=\"og:image\" content=\"https:\/\/bahiaeconomica.com.br\/wp\/wp-content\/uploads\/2025\/12\/lidice-da-mata.png\" \/>\n\t<meta property=\"og:image:width\" content=\"600\" \/>\n\t<meta property=\"og:image:height\" content=\"420\" \/>\n\t<meta property=\"og:image:type\" content=\"image\/png\" \/>\n<meta name=\"author\" content=\"BRUNA CARVALHO\" \/>\n<meta name=\"twitter:card\" content=\"summary_large_image\" \/>\n<meta name=\"twitter:label1\" content=\"Escrito por\" \/>\n\t<meta name=\"twitter:data1\" content=\"BRUNA CARVALHO\" \/>\n\t<meta name=\"twitter:label2\" content=\"Est. tempo de leitura\" \/>\n\t<meta name=\"twitter:data2\" content=\"2 minutos\" \/>\n<script type=\"application\/ld+json\" class=\"yoast-schema-graph\">{\"@context\":\"https:\/\/schema.org\",\"@graph\":[{\"@type\":\"Article\",\"@id\":\"https:\/\/bahiaeconomica.com.br\/wp\/2025\/12\/10\/lidice-da-mata-critica-acao-policial-e-diz-que-violencia-contra-glauber-braga-foi-absurda\/#article\",\"isPartOf\":{\"@id\":\"https:\/\/bahiaeconomica.com.br\/wp\/2025\/12\/10\/lidice-da-mata-critica-acao-policial-e-diz-que-violencia-contra-glauber-braga-foi-absurda\/\"},\"author\":{\"name\":\"BRUNA CARVALHO\",\"@id\":\"https:\/\/bahiaeconomica.com.br\/wp\/#\/schema\/person\/9310b0e591f5979f6f99773eac5804e6\"},\"headline\":\"L\u00cdDICE DA MATA CRITICA A\u00c7\u00c3O POLICIAL E DIZ QUE VIOL\u00caNCIA CONTRA GLAUBER BRAGA FOI &#8216;ABSURDA&#8217;\",\"datePublished\":\"2025-12-10T15:41:48+00:00\",\"dateModified\":\"2025-12-10T15:23:34+00:00\",\"mainEntityOfPage\":{\"@id\":\"https:\/\/bahiaeconomica.com.br\/wp\/2025\/12\/10\/lidice-da-mata-critica-acao-policial-e-diz-que-violencia-contra-glauber-braga-foi-absurda\/\"},\"wordCount\":253,\"publisher\":{\"@id\":\"https:\/\/bahiaeconomica.com.br\/wp\/#organization\"},\"keywords\":[\"glauber braga\",\"L\u00eddice da Mata\",\"policia\",\"viol\u00eancia\"],\"articleSection\":[\"Pol\u00edtica\"],\"inLanguage\":\"pt-BR\"},{\"@type\":\"WebPage\",\"@id\":\"https:\/\/bahiaeconomica.com.br\/wp\/2025\/12\/10\/lidice-da-mata-critica-acao-policial-e-diz-que-violencia-contra-glauber-braga-foi-absurda\/\",\"url\":\"https:\/\/bahiaeconomica.com.br\/wp\/2025\/12\/10\/lidice-da-mata-critica-acao-policial-e-diz-que-violencia-contra-glauber-braga-foi-absurda\/\",\"name\":\"L\u00cdDICE DA MATA CRITICA A\u00c7\u00c3O POLICIAL E DIZ QUE VIOL\u00caNCIA CONTRA GLAUBER BRAGA FOI 'ABSURDA' - Bahia Economica\",\"isPartOf\":{\"@id\":\"https:\/\/bahiaeconomica.com.br\/wp\/#website\"},\"datePublished\":\"2025-12-10T15:41:48+00:00\",\"dateModified\":\"2025-12-10T15:23:34+00:00\",\"description\":\"O maior portal de Economia da Bahia Pol\u00edtica Bahia Economica\",\"breadcrumb\":{\"@id\":\"https:\/\/bahiaeconomica.com.br\/wp\/2025\/12\/10\/lidice-da-mata-critica-acao-policial-e-diz-que-violencia-contra-glauber-braga-foi-absurda\/#breadcrumb\"},\"inLanguage\":\"pt-BR\",\"potentialAction\":[{\"@type\":\"ReadAction\",\"target\":[\"https:\/\/bahiaeconomica.com.br\/wp\/2025\/12\/10\/lidice-da-mata-critica-acao-policial-e-diz-que-violencia-contra-glauber-braga-foi-absurda\/\"]}]},{\"@type\":\"BreadcrumbList\",\"@id\":\"https:\/\/bahiaeconomica.com.br\/wp\/2025\/12\/10\/lidice-da-mata-critica-acao-policial-e-diz-que-violencia-contra-glauber-braga-foi-absurda\/#breadcrumb\",\"itemListElement\":[{\"@type\":\"ListItem\",\"position\":1,\"name\":\"In\u00edcio\",\"item\":\"https:\/\/bahiaeconomica.com.br\/wp\/\"},{\"@type\":\"ListItem\",\"position\":2,\"name\":\"L\u00cdDICE DA MATA CRITICA A\u00c7\u00c3O POLICIAL E DIZ QUE VIOL\u00caNCIA CONTRA GLAUBER BRAGA FOI &#8216;ABSURDA&#8217;\"}]},{\"@type\":\"WebSite\",\"@id\":\"https:\/\/bahiaeconomica.com.br\/wp\/#website\",\"url\":\"https:\/\/bahiaeconomica.com.br\/wp\/\",\"name\":\"Bahia Economica\",\"description\":\"O maior portal de Economia da Bahia\",\"publisher\":{\"@id\":\"https:\/\/bahiaeconomica.com.br\/wp\/#organization\"},\"potentialAction\":[{\"@type\":\"SearchAction\",\"target\":{\"@type\":\"EntryPoint\",\"urlTemplate\":\"https:\/\/bahiaeconomica.com.br\/wp\/?s={search_term_string}\"},\"query-input\":\"required name=search_term_string\"}],\"inLanguage\":\"pt-BR\"},{\"@type\":\"Organization\",\"@id\":\"https:\/\/bahiaeconomica.com.br\/wp\/#organization\",\"name\":\"Bahia Econ\u00f4mica\",\"url\":\"https:\/\/bahiaeconomica.com.br\/wp\/\",\"logo\":{\"@type\":\"ImageObject\",\"inLanguage\":\"pt-BR\",\"@id\":\"https:\/\/bahiaeconomica.com.br\/wp\/#\/schema\/logo\/image\/\",\"url\":\"https:\/\/bahiaeconomica.com.br\/wp\/wp-content\/uploads\/2020\/12\/cropped-BE.png\",\"contentUrl\":\"https:\/\/bahiaeconomica.com.br\/wp\/wp-content\/uploads\/2020\/12\/cropped-BE.png\",\"width\":512,\"height\":512,\"caption\":\"Bahia Econ\u00f4mica\"},\"image\":{\"@id\":\"https:\/\/bahiaeconomica.com.br\/wp\/#\/schema\/logo\/image\/\"},\"sameAs\":[\"https:\/\/www.facebook.com\/bahiaeconomica\"]},{\"@type\":\"Person\",\"@id\":\"https:\/\/bahiaeconomica.com.br\/wp\/#\/schema\/person\/9310b0e591f5979f6f99773eac5804e6\",\"name\":\"BRUNA CARVALHO\",\"sameAs\":[\"http:\/\/www.bahiaeconomica.com.br\"],\"url\":\"https:\/\/bahiaeconomica.com.br\/wp\/author\/bruna\/\"}]}<\/script>\n<!-- \/ Yoast SEO plugin. -->","yoast_head_json":{"title":"L\u00cdDICE DA MATA CRITICA A\u00c7\u00c3O POLICIAL E DIZ QUE VIOL\u00caNCIA CONTRA GLAUBER BRAGA FOI 'ABSURDA' - Bahia Economica","description":"O maior portal de Economia da Bahia Pol\u00edtica Bahia Economica","robots":{"index":"index","follow":"follow","max-snippet":"max-snippet:-1","max-image-preview":"max-image-preview:large","max-video-preview":"max-video-preview:-1"},"canonical":"https:\/\/bahiaeconomica.com.br\/wp\/2025\/12\/10\/lidice-da-mata-critica-acao-policial-e-diz-que-violencia-contra-glauber-braga-foi-absurda\/","og_locale":"pt_BR","og_type":"article","og_title":"L\u00cdDICE DA MATA CRITICA A\u00c7\u00c3O POLICIAL E DIZ QUE VIOL\u00caNCIA CONTRA GLAUBER BRAGA FOI 'ABSURDA' - Bahia Economica","og_description":"O maior portal de Economia da Bahia Pol\u00edtica Bahia Economica","og_url":"https:\/\/bahiaeconomica.com.br\/wp\/2025\/12\/10\/lidice-da-mata-critica-acao-policial-e-diz-que-violencia-contra-glauber-braga-foi-absurda\/","og_site_name":"Bahia Economica","article_publisher":"https:\/\/www.facebook.com\/bahiaeconomica","article_published_time":"2025-12-10T15:41:48+00:00","article_modified_time":"2025-12-10T15:23:34+00:00","og_image":[{"width":600,"height":420,"url":"https:\/\/bahiaeconomica.com.br\/wp\/wp-content\/uploads\/2025\/12\/lidice-da-mata.png","type":"image\/png"}],"author":"BRUNA CARVALHO","twitter_card":"summary_large_image","twitter_misc":{"Escrito por":"BRUNA CARVALHO","Est. tempo de leitura":"2 minutos"},"schema":{"@context":"https:\/\/schema.org","@graph":[{"@type":"Article","@id":"https:\/\/bahiaeconomica.com.br\/wp\/2025\/12\/10\/lidice-da-mata-critica-acao-policial-e-diz-que-violencia-contra-glauber-braga-foi-absurda\/#article","isPartOf":{"@id":"https:\/\/bahiaeconomica.com.br\/wp\/2025\/12\/10\/lidice-da-mata-critica-acao-policial-e-diz-que-violencia-contra-glauber-braga-foi-absurda\/"},"author":{"name":"BRUNA CARVALHO","@id":"https:\/\/bahiaeconomica.com.br\/wp\/#\/schema\/person\/9310b0e591f5979f6f99773eac5804e6"},"headline":"L\u00cdDICE DA MATA CRITICA A\u00c7\u00c3O POLICIAL E DIZ QUE VIOL\u00caNCIA CONTRA GLAUBER BRAGA FOI &#8216;ABSURDA&#8217;","datePublished":"2025-12-10T15:41:48+00:00","dateModified":"2025-12-10T15:23:34+00:00","mainEntityOfPage":{"@id":"https:\/\/bahiaeconomica.com.br\/wp\/2025\/12\/10\/lidice-da-mata-critica-acao-policial-e-diz-que-violencia-contra-glauber-braga-foi-absurda\/"},"wordCount":253,"publisher":{"@id":"https:\/\/bahiaeconomica.com.br\/wp\/#organization"},"keywords":["glauber braga","L\u00eddice da Mata","policia","viol\u00eancia"],"articleSection":["Pol\u00edtica"],"inLanguage":"pt-BR"},{"@type":"WebPage","@id":"https:\/\/bahiaeconomica.com.br\/wp\/2025\/12\/10\/lidice-da-mata-critica-acao-policial-e-diz-que-violencia-contra-glauber-braga-foi-absurda\/","url":"https:\/\/bahiaeconomica.com.br\/wp\/2025\/12\/10\/lidice-da-mata-critica-acao-policial-e-diz-que-violencia-contra-glauber-braga-foi-absurda\/","name":"L\u00cdDICE DA MATA CRITICA A\u00c7\u00c3O POLICIAL E DIZ QUE VIOL\u00caNCIA CONTRA GLAUBER BRAGA FOI 'ABSURDA' - Bahia Economica","isPartOf":{"@id":"https:\/\/bahiaeconomica.com.br\/wp\/#website"},"datePublished":"2025-12-10T15:41:48+00:00","dateModified":"2025-12-10T15:23:34+00:00","description":"O maior portal de Economia da Bahia Pol\u00edtica Bahia Economica","breadcrumb":{"@id":"https:\/\/bahiaeconomica.com.br\/wp\/2025\/12\/10\/lidice-da-mata-critica-acao-policial-e-diz-que-violencia-contra-glauber-braga-foi-absurda\/#breadcrumb"},"inLanguage":"pt-BR","potentialAction":[{"@type":"ReadAction","target":["https:\/\/bahiaeconomica.com.br\/wp\/2025\/12\/10\/lidice-da-mata-critica-acao-policial-e-diz-que-violencia-contra-glauber-braga-foi-absurda\/"]}]},{"@type":"BreadcrumbList","@id":"https:\/\/bahiaeconomica.com.br\/wp\/2025\/12\/10\/lidice-da-mata-critica-acao-policial-e-diz-que-violencia-contra-glauber-braga-foi-absurda\/#breadcrumb","itemListElement":[{"@type":"ListItem","position":1,"name":"In\u00edcio","item":"https:\/\/bahiaeconomica.com.br\/wp\/"},{"@type":"ListItem","position":2,"name":"L\u00cdDICE DA MATA CRITICA A\u00c7\u00c3O POLICIAL E DIZ QUE VIOL\u00caNCIA CONTRA GLAUBER BRAGA FOI &#8216;ABSURDA&#8217;"}]},{"@type":"WebSite","@id":"https:\/\/bahiaeconomica.com.br\/wp\/#website","url":"https:\/\/bahiaeconomica.com.br\/wp\/","name":"Bahia Economica","description":"O maior portal de Economia da Bahia","publisher":{"@id":"https:\/\/bahiaeconomica.com.br\/wp\/#organization"},"potentialAction":[{"@type":"SearchAction","target":{"@type":"EntryPoint","urlTemplate":"https:\/\/bahiaeconomica.com.br\/wp\/?s={search_term_string}"},"query-input":"required name=search_term_string"}],"inLanguage":"pt-BR"},{"@type":"Organization","@id":"https:\/\/bahiaeconomica.com.br\/wp\/#organization","name":"Bahia Econ\u00f4mica","url":"https:\/\/bahiaeconomica.com.br\/wp\/","logo":{"@type":"ImageObject","inLanguage":"pt-BR","@id":"https:\/\/bahiaeconomica.com.br\/wp\/#\/schema\/logo\/image\/","url":"https:\/\/bahiaeconomica.com.br\/wp\/wp-content\/uploads\/2020\/12\/cropped-BE.png","contentUrl":"https:\/\/bahiaeconomica.com.br\/wp\/wp-content\/uploads\/2020\/12\/cropped-BE.png","width":512,"height":512,"caption":"Bahia Econ\u00f4mica"},"image":{"@id":"https:\/\/bahiaeconomica.com.br\/wp\/#\/schema\/logo\/image\/"},"sameAs":["https:\/\/www.facebook.com\/bahiaeconomica"]},{"@type":"Person","@id":"https:\/\/bahiaeconomica.com.br\/wp\/#\/schema\/person\/9310b0e591f5979f6f99773eac5804e6","name":"BRUNA CARVALHO","sameAs":["http:\/\/www.bahiaeconomica.com.br"],"url":"https:\/\/bahiaeconomica.com.br\/wp\/author\/bruna\/"}]}},"views":40,"_links":{"self":[{"href":"https:\/\/bahiaeconomica.com.br\/wp\/wp-json\/wp\/v2\/posts\/959552"}],"collection":[{"href":"https:\/\/bahiaeconomica.com.br\/wp\/wp-json\/wp\/v2\/posts"}],"about":[{"href":"https:\/\/bahiaeconomica.com.br\/wp\/wp-json\/wp\/v2\/types\/post"}],"author":[{"embeddable":true,"href":"https:\/\/bahiaeconomica.com.br\/wp\/wp-json\/wp\/v2\/users\/20"}],"replies":[{"embeddable":true,"href":"https:\/\/bahiaeconomica.com.br\/wp\/wp-json\/wp\/v2\/comments?post=959552"}],"version-history":[{"count":1,"href":"https:\/\/bahiaeconomica.com.br\/wp\/wp-json\/wp\/v2\/posts\/959552\/revisions"}],"predecessor-version":[{"id":959611,"href":"https:\/\/bahiaeconomica.com.br\/wp\/wp-json\/wp\/v2\/posts\/959552\/revisions\/959611"}],"wp:featuredmedia":[{"embeddable":true,"href":"https:\/\/bahiaeconomica.com.br\/wp\/wp-json\/wp\/v2\/media\/959554"}],"wp:attachment":[{"href":"https:\/\/bahiaeconomica.com.br\/wp\/wp-json\/wp\/v2\/media?parent=959552"}],"wp:term":[{"taxonomy":"category","embeddable":true,"href":"https:\/\/bahiaeconomica.com.br\/wp\/wp-json\/wp\/v2\/categories?post=959552"},{"taxonomy":"post_tag","embeddable":true,"href":"https:\/\/bahiaeconomica.com.br\/wp\/wp-json\/wp\/v2\/tags?post=959552"}],"curies":[{"name":"wp","href":"https:\/\/api.w.org\/{rel}","templated":true}]}}