{"id":959451,"date":"2025-12-10T09:20:59","date_gmt":"2025-12-10T12:20:59","guid":{"rendered":"https:\/\/bahiaeconomica.com.br\/wp\/?p=959451"},"modified":"2025-12-10T09:23:21","modified_gmt":"2025-12-10T12:23:21","slug":"prisao-do-dono-do-banco-master-e-defendida-por-94-dos-brasileiros","status":"publish","type":"post","link":"https:\/\/bahiaeconomica.com.br\/wp\/2025\/12\/10\/prisao-do-dono-do-banco-master-e-defendida-por-94-dos-brasileiros\/","title":{"rendered":"PESQUISA MOSTRA QUE PRIS\u00c3O DO DONO DO BANCO MASTER \u00c9 DEFENDIDA POR 94% DOS BRASILEIROS"},"content":{"rendered":"<p>Uma pesquisa da AtlasIntel mostrou que a liquida\u00e7\u00e3o do Banco Master exp\u00f4s uma fratura grave na confian\u00e7a p\u00fablica e institucional no Brasil, indo muito al\u00e9m de uma simples crise banc\u00e1ria. A pesquisa ouviu tanto a popula\u00e7\u00e3o geral quanto os clientes do banco, desvendando um cen\u00e1rio de profunda desconfian\u00e7a nas institui\u00e7\u00f5es de fiscaliza\u00e7\u00e3o e puni\u00e7\u00e3o. O estudo consolida o caso Master como uma crise de grandes propor\u00e7\u00f5es na opini\u00e3o p\u00fablica. A percep\u00e7\u00e3o de gravidade \u00e9 avassaladora:<\/p>\n<ul>\n<li>85,8% da popula\u00e7\u00e3o classificam o caso como &#8220;Muito grave&#8221;.<\/li>\n<li>10,9% consideram &#8220;Grave&#8221;.<\/li>\n<\/ul>\n<p>Com 96,7% dos entrevistados vendo a situa\u00e7\u00e3o com seriedade, a gest\u00e3o do banco e, crucialmente, a supervis\u00e3o regulat\u00f3ria, est\u00e3o severamente colocadas em xeque. A desconfian\u00e7a atinge o principal \u00f3rg\u00e3o de fiscaliza\u00e7\u00e3o, com 51,7% dos entrevistados afirmando categoricamente que o Banco Central n\u00e3o fiscalizou adequadamente o Banco Master.<\/p>\n<p>Consenso punitivo e rejei\u00e7\u00e3o ao sigilo judicial<\/p>\n<p>Um dos achados mais impactantes da pesquisa \u00e9 a postura da popula\u00e7\u00e3o em rela\u00e7\u00e3o \u00e0 puni\u00e7\u00e3o. Para uma maioria esmagadora, o dono do banco, Daniel Vorcaro, deve permanecer detido. 94,1% dos entrevistados defendem que Vorcaro deva continuar preso at\u00e9 a conclus\u00e3o das investiga\u00e7\u00f5es. Al\u00e9m disso, a decis\u00e3o do ministro Dias Toffoli (STF) de decretar sigilo nas investiga\u00e7\u00f5es \u00e9 amplamente rejeitada, refor\u00e7ando a cren\u00e7a popular na impunidade.<\/p>\n<p>A pesquisa AtlasIntel desmascara a tese de que os investidores buscaram diretamente o Banco Master. O relacionamento direto com a institui\u00e7\u00e3o foi m\u00ednimo (1,5%). A grande maioria (90,4%) investiu por meio de corretoras, que atuaram como porta de entrada para os produtos do banco.<\/p>\n<p>A tese de que o investidor era ing\u00eanuo quanto ao risco \u00e9 desmantelada pelo estudo. 73,0% dos respondentes da popula\u00e7\u00e3o geral afirmam ter consci\u00eancia de que investir em bancos menores com rendimentos muito elevados \u00e9 &#8220;um risco elevado&#8221;.<\/p>\n<p>Essa percep\u00e7\u00e3o de que o risco era conhecido reflete na opini\u00e3o sobre o ressarcimento pelo Fundo Garantidor de Cr\u00e9ditos (FGC). Quando questionados sobre quem investiu acima do limite garantido (R$ 250 mil):<\/p>\n<ul>\n<li>35,3% acreditam que &#8220;a pessoa deve assumir o preju\u00edzo, pois conhecia o risco&#8221;.<\/li>\n<li>32,8% acham que o investidor deveria receber 100% do valor.<\/li>\n<li>Impacto no futuro: fuga de qualidade e maior diversifica\u00e7\u00e3o<\/li>\n<\/ul>\n<p>O abalo na confian\u00e7a ter\u00e1 um impacto tang\u00edvel no futuro comportamento do investidor brasileiro. O sistema financeiro foi abalado n\u00e3o apenas pela fraude, mas pela percep\u00e7\u00e3o da resposta institucional falha.<\/p>\n<p>Em um movimento de fuga de qualidade em busca de institui\u00e7\u00f5es mais consolidadas e seguras:<\/p>\n<ul>\n<li>26,6% afirmam que evitar\u00e3o bancos m\u00e9dios daqui para frente.<\/li>\n<li>20,6% pretendem diversificar mais suas carteiras.<\/li>\n<li>Siga o A TARDE no Google Not\u00edcias e receba os principais destaques do dia.<\/li>\n<\/ul>\n<p>&nbsp;<\/p>\n<p>Foto: Reprodu\u00e7\u00e3o<\/p>\n<p>&nbsp;<\/p>\n","protected":false},"excerpt":{"rendered":"<p>Uma pesquisa da AtlasIntel mostrou que a liquida\u00e7\u00e3o do Banco Master exp\u00f4s uma fratura grave na confian\u00e7a p\u00fablica e institucional no Brasil, indo muito al\u00e9m de uma simples crise banc\u00e1ria. A pesquisa ouviu tanto a popula\u00e7\u00e3o geral quanto os clientes do banco, desvendando um cen\u00e1rio de profunda desconfian\u00e7a nas institui\u00e7\u00f5es de fiscaliza\u00e7\u00e3o e puni\u00e7\u00e3o. O [&hellip;]<\/p>\n","protected":false},"author":8,"featured_media":959452,"comment_status":"closed","ping_status":"closed","sticky":false,"template":"","format":"standard","meta":[],"categories":[3],"tags":[26443,1451,3840,2472,42724],"acf":[],"yoast_head":"<!-- This site is optimized with the Yoast SEO plugin v20.8 - https:\/\/yoast.com\/wordpress\/plugins\/seo\/ -->\n<title>PESQUISA MOSTRA QUE PRIS\u00c3O DO DONO DO BANCO MASTER \u00c9 DEFENDIDA POR 94% DOS BRASILEIROS - Bahia Economica<\/title>\n<meta name=\"description\" content=\"O maior portal de Economia da Bahia ECONOMIA \/ POL\u00cdTICA Bahia Economica\" \/>\n<meta name=\"robots\" content=\"index, follow, max-snippet:-1, max-image-preview:large, max-video-preview:-1\" \/>\n<link rel=\"canonical\" href=\"https:\/\/bahiaeconomica.com.br\/wp\/2025\/12\/10\/prisao-do-dono-do-banco-master-e-defendida-por-94-dos-brasileiros\/\" \/>\n<meta property=\"og:locale\" content=\"pt_BR\" \/>\n<meta property=\"og:type\" content=\"article\" \/>\n<meta property=\"og:title\" content=\"PESQUISA MOSTRA QUE PRIS\u00c3O DO DONO DO BANCO MASTER \u00c9 DEFENDIDA POR 94% DOS BRASILEIROS - Bahia Economica\" \/>\n<meta property=\"og:description\" content=\"O maior portal de Economia da Bahia ECONOMIA \/ POL\u00cdTICA Bahia Economica\" \/>\n<meta property=\"og:url\" content=\"https:\/\/bahiaeconomica.com.br\/wp\/2025\/12\/10\/prisao-do-dono-do-banco-master-e-defendida-por-94-dos-brasileiros\/\" \/>\n<meta property=\"og:site_name\" content=\"Bahia Economica\" \/>\n<meta property=\"article:publisher\" content=\"https:\/\/www.facebook.com\/bahiaeconomica\" \/>\n<meta property=\"article:published_time\" content=\"2025-12-10T12:20:59+00:00\" \/>\n<meta property=\"article:modified_time\" content=\"2025-12-10T12:23:21+00:00\" \/>\n<meta property=\"og:image\" content=\"https:\/\/bahiaeconomica.com.br\/wp\/wp-content\/uploads\/2025\/12\/Dono-do-Banco-Master-Daniel-Vorcaro-deixa-prisao0137048800202511291337-ScaleDownProportional.webp\" \/>\n\t<meta property=\"og:image:width\" content=\"1044\" \/>\n\t<meta property=\"og:image:height\" content=\"720\" \/>\n\t<meta property=\"og:image:type\" content=\"image\/webp\" \/>\n<meta name=\"author\" content=\"JP\" \/>\n<meta name=\"twitter:card\" content=\"summary_large_image\" \/>\n<meta name=\"twitter:label1\" content=\"Escrito por\" \/>\n\t<meta name=\"twitter:data1\" content=\"JP\" \/>\n\t<meta name=\"twitter:label2\" content=\"Est. tempo de leitura\" \/>\n\t<meta name=\"twitter:data2\" content=\"3 minutos\" \/>\n<script type=\"application\/ld+json\" class=\"yoast-schema-graph\">{\"@context\":\"https:\/\/schema.org\",\"@graph\":[{\"@type\":\"Article\",\"@id\":\"https:\/\/bahiaeconomica.com.br\/wp\/2025\/12\/10\/prisao-do-dono-do-banco-master-e-defendida-por-94-dos-brasileiros\/#article\",\"isPartOf\":{\"@id\":\"https:\/\/bahiaeconomica.com.br\/wp\/2025\/12\/10\/prisao-do-dono-do-banco-master-e-defendida-por-94-dos-brasileiros\/\"},\"author\":{\"name\":\"JP\",\"@id\":\"https:\/\/bahiaeconomica.com.br\/wp\/#\/schema\/person\/c86d3a3f8960425a0f9d0e5245991f4e\"},\"headline\":\"PESQUISA MOSTRA QUE PRIS\u00c3O DO DONO DO BANCO MASTER \u00c9 DEFENDIDA POR 94% DOS BRASILEIROS\",\"datePublished\":\"2025-12-10T12:20:59+00:00\",\"dateModified\":\"2025-12-10T12:23:21+00:00\",\"mainEntityOfPage\":{\"@id\":\"https:\/\/bahiaeconomica.com.br\/wp\/2025\/12\/10\/prisao-do-dono-do-banco-master-e-defendida-por-94-dos-brasileiros\/\"},\"wordCount\":481,\"publisher\":{\"@id\":\"https:\/\/bahiaeconomica.com.br\/wp\/#organization\"},\"keywords\":[\"atlasintel\",\"banco\",\"daniel\",\"master\",\"Vorcaro\"],\"articleSection\":[\"ECONOMIA \/ POL\u00cdTICA\"],\"inLanguage\":\"pt-BR\"},{\"@type\":\"WebPage\",\"@id\":\"https:\/\/bahiaeconomica.com.br\/wp\/2025\/12\/10\/prisao-do-dono-do-banco-master-e-defendida-por-94-dos-brasileiros\/\",\"url\":\"https:\/\/bahiaeconomica.com.br\/wp\/2025\/12\/10\/prisao-do-dono-do-banco-master-e-defendida-por-94-dos-brasileiros\/\",\"name\":\"PESQUISA MOSTRA QUE PRIS\u00c3O DO DONO DO BANCO MASTER \u00c9 DEFENDIDA POR 94% DOS BRASILEIROS - Bahia Economica\",\"isPartOf\":{\"@id\":\"https:\/\/bahiaeconomica.com.br\/wp\/#website\"},\"datePublished\":\"2025-12-10T12:20:59+00:00\",\"dateModified\":\"2025-12-10T12:23:21+00:00\",\"description\":\"O maior portal de Economia da Bahia ECONOMIA \/ POL\u00cdTICA Bahia Economica\",\"breadcrumb\":{\"@id\":\"https:\/\/bahiaeconomica.com.br\/wp\/2025\/12\/10\/prisao-do-dono-do-banco-master-e-defendida-por-94-dos-brasileiros\/#breadcrumb\"},\"inLanguage\":\"pt-BR\",\"potentialAction\":[{\"@type\":\"ReadAction\",\"target\":[\"https:\/\/bahiaeconomica.com.br\/wp\/2025\/12\/10\/prisao-do-dono-do-banco-master-e-defendida-por-94-dos-brasileiros\/\"]}]},{\"@type\":\"BreadcrumbList\",\"@id\":\"https:\/\/bahiaeconomica.com.br\/wp\/2025\/12\/10\/prisao-do-dono-do-banco-master-e-defendida-por-94-dos-brasileiros\/#breadcrumb\",\"itemListElement\":[{\"@type\":\"ListItem\",\"position\":1,\"name\":\"In\u00edcio\",\"item\":\"https:\/\/bahiaeconomica.com.br\/wp\/\"},{\"@type\":\"ListItem\",\"position\":2,\"name\":\"PESQUISA MOSTRA QUE PRIS\u00c3O DO DONO DO BANCO MASTER \u00c9 DEFENDIDA POR 94% DOS BRASILEIROS\"}]},{\"@type\":\"WebSite\",\"@id\":\"https:\/\/bahiaeconomica.com.br\/wp\/#website\",\"url\":\"https:\/\/bahiaeconomica.com.br\/wp\/\",\"name\":\"Bahia Economica\",\"description\":\"O maior portal de Economia da Bahia\",\"publisher\":{\"@id\":\"https:\/\/bahiaeconomica.com.br\/wp\/#organization\"},\"potentialAction\":[{\"@type\":\"SearchAction\",\"target\":{\"@type\":\"EntryPoint\",\"urlTemplate\":\"https:\/\/bahiaeconomica.com.br\/wp\/?s={search_term_string}\"},\"query-input\":\"required name=search_term_string\"}],\"inLanguage\":\"pt-BR\"},{\"@type\":\"Organization\",\"@id\":\"https:\/\/bahiaeconomica.com.br\/wp\/#organization\",\"name\":\"Bahia Econ\u00f4mica\",\"url\":\"https:\/\/bahiaeconomica.com.br\/wp\/\",\"logo\":{\"@type\":\"ImageObject\",\"inLanguage\":\"pt-BR\",\"@id\":\"https:\/\/bahiaeconomica.com.br\/wp\/#\/schema\/logo\/image\/\",\"url\":\"https:\/\/bahiaeconomica.com.br\/wp\/wp-content\/uploads\/2020\/12\/cropped-BE.png\",\"contentUrl\":\"https:\/\/bahiaeconomica.com.br\/wp\/wp-content\/uploads\/2020\/12\/cropped-BE.png\",\"width\":512,\"height\":512,\"caption\":\"Bahia Econ\u00f4mica\"},\"image\":{\"@id\":\"https:\/\/bahiaeconomica.com.br\/wp\/#\/schema\/logo\/image\/\"},\"sameAs\":[\"https:\/\/www.facebook.com\/bahiaeconomica\"]},{\"@type\":\"Person\",\"@id\":\"https:\/\/bahiaeconomica.com.br\/wp\/#\/schema\/person\/c86d3a3f8960425a0f9d0e5245991f4e\",\"name\":\"JP\",\"sameAs\":[\"https:\/\/bahiaeconomica.com.br\/wp\/beta\/\"],\"url\":\"https:\/\/bahiaeconomica.com.br\/wp\/author\/jp\/\"}]}<\/script>\n<!-- \/ Yoast SEO plugin. -->","yoast_head_json":{"title":"PESQUISA MOSTRA QUE PRIS\u00c3O DO DONO DO BANCO MASTER \u00c9 DEFENDIDA POR 94% DOS BRASILEIROS - Bahia Economica","description":"O maior portal de Economia da Bahia ECONOMIA \/ POL\u00cdTICA Bahia Economica","robots":{"index":"index","follow":"follow","max-snippet":"max-snippet:-1","max-image-preview":"max-image-preview:large","max-video-preview":"max-video-preview:-1"},"canonical":"https:\/\/bahiaeconomica.com.br\/wp\/2025\/12\/10\/prisao-do-dono-do-banco-master-e-defendida-por-94-dos-brasileiros\/","og_locale":"pt_BR","og_type":"article","og_title":"PESQUISA MOSTRA QUE PRIS\u00c3O DO DONO DO BANCO MASTER \u00c9 DEFENDIDA POR 94% DOS BRASILEIROS - Bahia Economica","og_description":"O maior portal de Economia da Bahia ECONOMIA \/ POL\u00cdTICA Bahia Economica","og_url":"https:\/\/bahiaeconomica.com.br\/wp\/2025\/12\/10\/prisao-do-dono-do-banco-master-e-defendida-por-94-dos-brasileiros\/","og_site_name":"Bahia Economica","article_publisher":"https:\/\/www.facebook.com\/bahiaeconomica","article_published_time":"2025-12-10T12:20:59+00:00","article_modified_time":"2025-12-10T12:23:21+00:00","og_image":[{"width":1044,"height":720,"url":"https:\/\/bahiaeconomica.com.br\/wp\/wp-content\/uploads\/2025\/12\/Dono-do-Banco-Master-Daniel-Vorcaro-deixa-prisao0137048800202511291337-ScaleDownProportional.webp","type":"image\/webp"}],"author":"JP","twitter_card":"summary_large_image","twitter_misc":{"Escrito por":"JP","Est. tempo de leitura":"3 minutos"},"schema":{"@context":"https:\/\/schema.org","@graph":[{"@type":"Article","@id":"https:\/\/bahiaeconomica.com.br\/wp\/2025\/12\/10\/prisao-do-dono-do-banco-master-e-defendida-por-94-dos-brasileiros\/#article","isPartOf":{"@id":"https:\/\/bahiaeconomica.com.br\/wp\/2025\/12\/10\/prisao-do-dono-do-banco-master-e-defendida-por-94-dos-brasileiros\/"},"author":{"name":"JP","@id":"https:\/\/bahiaeconomica.com.br\/wp\/#\/schema\/person\/c86d3a3f8960425a0f9d0e5245991f4e"},"headline":"PESQUISA MOSTRA QUE PRIS\u00c3O DO DONO DO BANCO MASTER \u00c9 DEFENDIDA POR 94% DOS BRASILEIROS","datePublished":"2025-12-10T12:20:59+00:00","dateModified":"2025-12-10T12:23:21+00:00","mainEntityOfPage":{"@id":"https:\/\/bahiaeconomica.com.br\/wp\/2025\/12\/10\/prisao-do-dono-do-banco-master-e-defendida-por-94-dos-brasileiros\/"},"wordCount":481,"publisher":{"@id":"https:\/\/bahiaeconomica.com.br\/wp\/#organization"},"keywords":["atlasintel","banco","daniel","master","Vorcaro"],"articleSection":["ECONOMIA \/ POL\u00cdTICA"],"inLanguage":"pt-BR"},{"@type":"WebPage","@id":"https:\/\/bahiaeconomica.com.br\/wp\/2025\/12\/10\/prisao-do-dono-do-banco-master-e-defendida-por-94-dos-brasileiros\/","url":"https:\/\/bahiaeconomica.com.br\/wp\/2025\/12\/10\/prisao-do-dono-do-banco-master-e-defendida-por-94-dos-brasileiros\/","name":"PESQUISA MOSTRA QUE PRIS\u00c3O DO DONO DO BANCO MASTER \u00c9 DEFENDIDA POR 94% DOS BRASILEIROS - Bahia Economica","isPartOf":{"@id":"https:\/\/bahiaeconomica.com.br\/wp\/#website"},"datePublished":"2025-12-10T12:20:59+00:00","dateModified":"2025-12-10T12:23:21+00:00","description":"O maior portal de Economia da Bahia ECONOMIA \/ POL\u00cdTICA Bahia Economica","breadcrumb":{"@id":"https:\/\/bahiaeconomica.com.br\/wp\/2025\/12\/10\/prisao-do-dono-do-banco-master-e-defendida-por-94-dos-brasileiros\/#breadcrumb"},"inLanguage":"pt-BR","potentialAction":[{"@type":"ReadAction","target":["https:\/\/bahiaeconomica.com.br\/wp\/2025\/12\/10\/prisao-do-dono-do-banco-master-e-defendida-por-94-dos-brasileiros\/"]}]},{"@type":"BreadcrumbList","@id":"https:\/\/bahiaeconomica.com.br\/wp\/2025\/12\/10\/prisao-do-dono-do-banco-master-e-defendida-por-94-dos-brasileiros\/#breadcrumb","itemListElement":[{"@type":"ListItem","position":1,"name":"In\u00edcio","item":"https:\/\/bahiaeconomica.com.br\/wp\/"},{"@type":"ListItem","position":2,"name":"PESQUISA MOSTRA QUE PRIS\u00c3O DO DONO DO BANCO MASTER \u00c9 DEFENDIDA POR 94% DOS BRASILEIROS"}]},{"@type":"WebSite","@id":"https:\/\/bahiaeconomica.com.br\/wp\/#website","url":"https:\/\/bahiaeconomica.com.br\/wp\/","name":"Bahia Economica","description":"O maior portal de Economia da Bahia","publisher":{"@id":"https:\/\/bahiaeconomica.com.br\/wp\/#organization"},"potentialAction":[{"@type":"SearchAction","target":{"@type":"EntryPoint","urlTemplate":"https:\/\/bahiaeconomica.com.br\/wp\/?s={search_term_string}"},"query-input":"required name=search_term_string"}],"inLanguage":"pt-BR"},{"@type":"Organization","@id":"https:\/\/bahiaeconomica.com.br\/wp\/#organization","name":"Bahia Econ\u00f4mica","url":"https:\/\/bahiaeconomica.com.br\/wp\/","logo":{"@type":"ImageObject","inLanguage":"pt-BR","@id":"https:\/\/bahiaeconomica.com.br\/wp\/#\/schema\/logo\/image\/","url":"https:\/\/bahiaeconomica.com.br\/wp\/wp-content\/uploads\/2020\/12\/cropped-BE.png","contentUrl":"https:\/\/bahiaeconomica.com.br\/wp\/wp-content\/uploads\/2020\/12\/cropped-BE.png","width":512,"height":512,"caption":"Bahia Econ\u00f4mica"},"image":{"@id":"https:\/\/bahiaeconomica.com.br\/wp\/#\/schema\/logo\/image\/"},"sameAs":["https:\/\/www.facebook.com\/bahiaeconomica"]},{"@type":"Person","@id":"https:\/\/bahiaeconomica.com.br\/wp\/#\/schema\/person\/c86d3a3f8960425a0f9d0e5245991f4e","name":"JP","sameAs":["https:\/\/bahiaeconomica.com.br\/wp\/beta\/"],"url":"https:\/\/bahiaeconomica.com.br\/wp\/author\/jp\/"}]}},"views":27,"_links":{"self":[{"href":"https:\/\/bahiaeconomica.com.br\/wp\/wp-json\/wp\/v2\/posts\/959451"}],"collection":[{"href":"https:\/\/bahiaeconomica.com.br\/wp\/wp-json\/wp\/v2\/posts"}],"about":[{"href":"https:\/\/bahiaeconomica.com.br\/wp\/wp-json\/wp\/v2\/types\/post"}],"author":[{"embeddable":true,"href":"https:\/\/bahiaeconomica.com.br\/wp\/wp-json\/wp\/v2\/users\/8"}],"replies":[{"embeddable":true,"href":"https:\/\/bahiaeconomica.com.br\/wp\/wp-json\/wp\/v2\/comments?post=959451"}],"version-history":[{"count":2,"href":"https:\/\/bahiaeconomica.com.br\/wp\/wp-json\/wp\/v2\/posts\/959451\/revisions"}],"predecessor-version":[{"id":959511,"href":"https:\/\/bahiaeconomica.com.br\/wp\/wp-json\/wp\/v2\/posts\/959451\/revisions\/959511"}],"wp:featuredmedia":[{"embeddable":true,"href":"https:\/\/bahiaeconomica.com.br\/wp\/wp-json\/wp\/v2\/media\/959452"}],"wp:attachment":[{"href":"https:\/\/bahiaeconomica.com.br\/wp\/wp-json\/wp\/v2\/media?parent=959451"}],"wp:term":[{"taxonomy":"category","embeddable":true,"href":"https:\/\/bahiaeconomica.com.br\/wp\/wp-json\/wp\/v2\/categories?post=959451"},{"taxonomy":"post_tag","embeddable":true,"href":"https:\/\/bahiaeconomica.com.br\/wp\/wp-json\/wp\/v2\/tags?post=959451"}],"curies":[{"name":"wp","href":"https:\/\/api.w.org\/{rel}","templated":true}]}}