{"id":959217,"date":"2025-12-09T12:59:45","date_gmt":"2025-12-09T15:59:45","guid":{"rendered":"https:\/\/bahiaeconomica.com.br\/wp\/?p=959217"},"modified":"2025-12-09T12:47:39","modified_gmt":"2025-12-09T15:47:39","slug":"pesquisa-aponta-queda-no-preco-da-cesta-basica-em-24-das-27-capitais-brasileiras","status":"publish","type":"post","link":"https:\/\/bahiaeconomica.com.br\/wp\/2025\/12\/09\/pesquisa-aponta-queda-no-preco-da-cesta-basica-em-24-das-27-capitais-brasileiras\/","title":{"rendered":"PESQUISA APONTA QUEDA NO PRE\u00c7O DA CESTA B\u00c1SICA EM 24 DAS 27 CAPITAIS BRASILEIRAS"},"content":{"rendered":"<p>O pre\u00e7o da cesta b\u00e1sica em novembro caiu em 24 das 27 capitais brasileiras na compara\u00e7\u00e3o com o valor praticado em outubro. As maiores quedas ocorreram em Macap\u00e1 (-5,28%), Porto Alegre (-4,10%), Macei\u00f3 (-3,51%), Natal (-3,40%) e Palmas (-3,28%). Os dados s\u00e3o da Pesquisa Nacional da Cesta B\u00e1sica de Alimentos, divulgada nesta ter\u00e7a-feira, 9 de dezembro, pela Companhia Nacional de Abastecimento (Conab) e pelo Departamento Intersindical de Estat\u00edstica e Estudos Socioecon\u00f4micos (Dieese).<\/p>\n<p>De acordo com o levantamento, ligeiras eleva\u00e7\u00f5es foram registradas apenas em Rio Branco (0,77%), Campo Grande (0,29%) e Bel\u00e9m (0,28%). &#8220;A not\u00edcia \u00e9 maravilhosa, \u00e9 mais economia no bolso do povo brasileiro. A\u00ed est\u00e1 o efeito das pol\u00edticas p\u00fablicas: O Brasil est\u00e1 colhendo este ano a maior safra agr\u00edcola da nossa hist\u00f3ria, com o consumidor indo ao supermercado com um produto mais barato e de excelente qualidade&#8221;, afirma o presidente da Conab, Edegar Pretto.<\/p>\n<p>No m\u00eas de novembro, os menores valores m\u00e9dios foram observados em Aracaju (R$ 538,10), Macei\u00f3 (R$ 571,47), Natal (R$ 591,38), Jo\u00e3o Pessoa (R$ 597,66) e Salvador (R$ 598,19). As cidades do Norte e Nordeste apresentam composi\u00e7\u00e3o diferenciada da cesta b\u00e1sica. O maior custo foi registrado em S\u00e3o Paulo (R$ 842,26), seguido por Florian\u00f3polis (R$ 800,68), Cuiab\u00e1 (R$ 789,98), Porto Alegre (R$ 789,77) e Rio de Janeiro (R$ 783,96).<br \/>\n<strong>ARROZ E TOMATE\u00a0<\/strong><\/p>\n<p>Entre os alimentos analisados, o arroz agulhinha continua registrando queda de destaque. No \u00faltimo m\u00eas, a redu\u00e7\u00e3o foi verificada em todas as cidades acompanhadas, com varia\u00e7\u00f5es entre -10,27%, em Bras\u00edlia (DF), e -0,34%, em Palmas (TO). O tomate tamb\u00e9m apresentou redu\u00e7\u00e3o nos pre\u00e7os em 26 capitais, com varia\u00e7\u00f5es entre -27,39%, em Porto Alegre (RS), e -3,21%, em Boa Vista (RR). A maior oferta, principalmente devido \u00e0 fase de matura\u00e7\u00e3o, reduziu o pre\u00e7o no varejo.<br \/>\n<strong>A\u00c7\u00daCAR E LEITE\u00a0<\/strong><\/p>\n<p>Os valores m\u00e9dios do quilo do a\u00e7\u00facar e do leite integral tamb\u00e9m ficaram menores em 24 capitais. Para o a\u00e7\u00facar, a queda no varejo ocorreu em fun\u00e7\u00e3o da redu\u00e7\u00e3o de pre\u00e7os no mercado internacional e \u00e0 maior oferta no per\u00edodo de safra. As redu\u00e7\u00f5es mais expressivas foram observadas em Boa Vista (RR), com -6,22%, e Aracaju (AL), com -6,09%. No caso do leite, o excesso de oferta no campo e a importa\u00e7\u00e3o de derivados contribu\u00edram para a redu\u00e7\u00e3o dos pre\u00e7os no varejo. As quedas oscilaram entre -7,27%, em Porto Alegre (RS), e -0,28%, em Rio Branco (AC).<br \/>\nC<strong>AF\u00c9 <\/strong><\/p>\n<p>Outro produto mais barato em 20 cidades foi o caf\u00e9 em p\u00f3. Destacam-se as redu\u00e7\u00f5es registradas em S\u00e3o Lu\u00eds (-5,09%), Campo Grande (-3,39%) e Belo Horizonte (-3,12%). A boa produtividade das lavouras e o lento processo de negocia\u00e7\u00e3o das tarifas americanas contribu\u00edram para o recuo no varejo.<\/p>\n<p>Foto: PxHere<\/p>\n","protected":false},"excerpt":{"rendered":"<p>O pre\u00e7o da cesta b\u00e1sica em novembro caiu em 24 das 27 capitais brasileiras na compara\u00e7\u00e3o com o valor praticado em outubro. As maiores quedas ocorreram em Macap\u00e1 (-5,28%), Porto Alegre (-4,10%), Macei\u00f3 (-3,51%), Natal (-3,40%) e Palmas (-3,28%). Os dados s\u00e3o da Pesquisa Nacional da Cesta B\u00e1sica de Alimentos, divulgada nesta ter\u00e7a-feira, 9 de [&hellip;]<\/p>\n","protected":false},"author":20,"featured_media":959220,"comment_status":"closed","ping_status":"closed","sticky":false,"template":"","format":"standard","meta":[],"categories":[14,3],"tags":[52,922,924,1181],"acf":[],"yoast_head":"<!-- This site is optimized with the Yoast SEO plugin v20.8 - https:\/\/yoast.com\/wordpress\/plugins\/seo\/ -->\n<title>PESQUISA APONTA QUEDA NO PRE\u00c7O DA CESTA B\u00c1SICA EM 24 DAS 27 CAPITAIS BRASILEIRAS - Bahia Economica<\/title>\n<meta name=\"description\" content=\"O maior portal de Economia da Bahia DESTAQUE DO DIA, ECONOMIA \/ POL\u00cdTICA Bahia Economica\" \/>\n<meta name=\"robots\" content=\"index, follow, max-snippet:-1, max-image-preview:large, max-video-preview:-1\" \/>\n<link rel=\"canonical\" href=\"https:\/\/bahiaeconomica.com.br\/wp\/2025\/12\/09\/pesquisa-aponta-queda-no-preco-da-cesta-basica-em-24-das-27-capitais-brasileiras\/\" \/>\n<meta property=\"og:locale\" content=\"pt_BR\" \/>\n<meta property=\"og:type\" content=\"article\" \/>\n<meta property=\"og:title\" content=\"PESQUISA APONTA QUEDA NO PRE\u00c7O DA CESTA B\u00c1SICA EM 24 DAS 27 CAPITAIS BRASILEIRAS - Bahia Economica\" \/>\n<meta property=\"og:description\" content=\"O maior portal de Economia da Bahia DESTAQUE DO DIA, ECONOMIA \/ POL\u00cdTICA Bahia Economica\" \/>\n<meta property=\"og:url\" content=\"https:\/\/bahiaeconomica.com.br\/wp\/2025\/12\/09\/pesquisa-aponta-queda-no-preco-da-cesta-basica-em-24-das-27-capitais-brasileiras\/\" \/>\n<meta property=\"og:site_name\" content=\"Bahia Economica\" \/>\n<meta property=\"article:publisher\" content=\"https:\/\/www.facebook.com\/bahiaeconomica\" \/>\n<meta property=\"article:published_time\" content=\"2025-12-09T15:59:45+00:00\" \/>\n<meta property=\"article:modified_time\" content=\"2025-12-09T15:47:39+00:00\" \/>\n<meta property=\"og:image\" content=\"https:\/\/bahiaeconomica.com.br\/wp\/wp-content\/uploads\/2025\/12\/6kNmOmljYwIWN6InYu02bj5SYjlWbv52bjVWYphWYiB0bhNWYkVmc6QzN1QjM5MTN4EjOnBnaukTNwUjM0EDNyMjRyUCNyMzb0VX-1.jpg\" \/>\n\t<meta property=\"og:image:width\" content=\"768\" \/>\n\t<meta property=\"og:image:height\" content=\"512\" \/>\n\t<meta property=\"og:image:type\" content=\"image\/jpeg\" \/>\n<meta name=\"author\" content=\"BRUNA CARVALHO\" \/>\n<meta name=\"twitter:card\" content=\"summary_large_image\" \/>\n<meta name=\"twitter:label1\" content=\"Escrito por\" \/>\n\t<meta name=\"twitter:data1\" content=\"BRUNA CARVALHO\" \/>\n\t<meta name=\"twitter:label2\" content=\"Est. tempo de leitura\" \/>\n\t<meta name=\"twitter:data2\" content=\"3 minutos\" \/>\n<script type=\"application\/ld+json\" class=\"yoast-schema-graph\">{\"@context\":\"https:\/\/schema.org\",\"@graph\":[{\"@type\":\"Article\",\"@id\":\"https:\/\/bahiaeconomica.com.br\/wp\/2025\/12\/09\/pesquisa-aponta-queda-no-preco-da-cesta-basica-em-24-das-27-capitais-brasileiras\/#article\",\"isPartOf\":{\"@id\":\"https:\/\/bahiaeconomica.com.br\/wp\/2025\/12\/09\/pesquisa-aponta-queda-no-preco-da-cesta-basica-em-24-das-27-capitais-brasileiras\/\"},\"author\":{\"name\":\"BRUNA CARVALHO\",\"@id\":\"https:\/\/bahiaeconomica.com.br\/wp\/#\/schema\/person\/9310b0e591f5979f6f99773eac5804e6\"},\"headline\":\"PESQUISA APONTA QUEDA NO PRE\u00c7O DA CESTA B\u00c1SICA EM 24 DAS 27 CAPITAIS BRASILEIRAS\",\"datePublished\":\"2025-12-09T15:59:45+00:00\",\"dateModified\":\"2025-12-09T15:47:39+00:00\",\"mainEntityOfPage\":{\"@id\":\"https:\/\/bahiaeconomica.com.br\/wp\/2025\/12\/09\/pesquisa-aponta-queda-no-preco-da-cesta-basica-em-24-das-27-capitais-brasileiras\/\"},\"wordCount\":483,\"publisher\":{\"@id\":\"https:\/\/bahiaeconomica.com.br\/wp\/#organization\"},\"keywords\":[\"Brasil\",\"cesta b\u00e1sica\",\"Dieese\",\"preco\"],\"articleSection\":[\"DESTAQUE DO DIA\",\"ECONOMIA \/ POL\u00cdTICA\"],\"inLanguage\":\"pt-BR\"},{\"@type\":\"WebPage\",\"@id\":\"https:\/\/bahiaeconomica.com.br\/wp\/2025\/12\/09\/pesquisa-aponta-queda-no-preco-da-cesta-basica-em-24-das-27-capitais-brasileiras\/\",\"url\":\"https:\/\/bahiaeconomica.com.br\/wp\/2025\/12\/09\/pesquisa-aponta-queda-no-preco-da-cesta-basica-em-24-das-27-capitais-brasileiras\/\",\"name\":\"PESQUISA APONTA QUEDA NO PRE\u00c7O DA CESTA B\u00c1SICA EM 24 DAS 27 CAPITAIS BRASILEIRAS - Bahia Economica\",\"isPartOf\":{\"@id\":\"https:\/\/bahiaeconomica.com.br\/wp\/#website\"},\"datePublished\":\"2025-12-09T15:59:45+00:00\",\"dateModified\":\"2025-12-09T15:47:39+00:00\",\"description\":\"O maior portal de Economia da Bahia DESTAQUE DO DIA, ECONOMIA \/ POL\u00cdTICA Bahia Economica\",\"breadcrumb\":{\"@id\":\"https:\/\/bahiaeconomica.com.br\/wp\/2025\/12\/09\/pesquisa-aponta-queda-no-preco-da-cesta-basica-em-24-das-27-capitais-brasileiras\/#breadcrumb\"},\"inLanguage\":\"pt-BR\",\"potentialAction\":[{\"@type\":\"ReadAction\",\"target\":[\"https:\/\/bahiaeconomica.com.br\/wp\/2025\/12\/09\/pesquisa-aponta-queda-no-preco-da-cesta-basica-em-24-das-27-capitais-brasileiras\/\"]}]},{\"@type\":\"BreadcrumbList\",\"@id\":\"https:\/\/bahiaeconomica.com.br\/wp\/2025\/12\/09\/pesquisa-aponta-queda-no-preco-da-cesta-basica-em-24-das-27-capitais-brasileiras\/#breadcrumb\",\"itemListElement\":[{\"@type\":\"ListItem\",\"position\":1,\"name\":\"In\u00edcio\",\"item\":\"https:\/\/bahiaeconomica.com.br\/wp\/\"},{\"@type\":\"ListItem\",\"position\":2,\"name\":\"PESQUISA APONTA QUEDA NO PRE\u00c7O DA CESTA B\u00c1SICA EM 24 DAS 27 CAPITAIS BRASILEIRAS\"}]},{\"@type\":\"WebSite\",\"@id\":\"https:\/\/bahiaeconomica.com.br\/wp\/#website\",\"url\":\"https:\/\/bahiaeconomica.com.br\/wp\/\",\"name\":\"Bahia Economica\",\"description\":\"O maior portal de Economia da Bahia\",\"publisher\":{\"@id\":\"https:\/\/bahiaeconomica.com.br\/wp\/#organization\"},\"potentialAction\":[{\"@type\":\"SearchAction\",\"target\":{\"@type\":\"EntryPoint\",\"urlTemplate\":\"https:\/\/bahiaeconomica.com.br\/wp\/?s={search_term_string}\"},\"query-input\":\"required name=search_term_string\"}],\"inLanguage\":\"pt-BR\"},{\"@type\":\"Organization\",\"@id\":\"https:\/\/bahiaeconomica.com.br\/wp\/#organization\",\"name\":\"Bahia Econ\u00f4mica\",\"url\":\"https:\/\/bahiaeconomica.com.br\/wp\/\",\"logo\":{\"@type\":\"ImageObject\",\"inLanguage\":\"pt-BR\",\"@id\":\"https:\/\/bahiaeconomica.com.br\/wp\/#\/schema\/logo\/image\/\",\"url\":\"https:\/\/bahiaeconomica.com.br\/wp\/wp-content\/uploads\/2020\/12\/cropped-BE.png\",\"contentUrl\":\"https:\/\/bahiaeconomica.com.br\/wp\/wp-content\/uploads\/2020\/12\/cropped-BE.png\",\"width\":512,\"height\":512,\"caption\":\"Bahia Econ\u00f4mica\"},\"image\":{\"@id\":\"https:\/\/bahiaeconomica.com.br\/wp\/#\/schema\/logo\/image\/\"},\"sameAs\":[\"https:\/\/www.facebook.com\/bahiaeconomica\"]},{\"@type\":\"Person\",\"@id\":\"https:\/\/bahiaeconomica.com.br\/wp\/#\/schema\/person\/9310b0e591f5979f6f99773eac5804e6\",\"name\":\"BRUNA CARVALHO\",\"sameAs\":[\"http:\/\/www.bahiaeconomica.com.br\"],\"url\":\"https:\/\/bahiaeconomica.com.br\/wp\/author\/bruna\/\"}]}<\/script>\n<!-- \/ Yoast SEO plugin. -->","yoast_head_json":{"title":"PESQUISA APONTA QUEDA NO PRE\u00c7O DA CESTA B\u00c1SICA EM 24 DAS 27 CAPITAIS BRASILEIRAS - Bahia Economica","description":"O maior portal de Economia da Bahia DESTAQUE DO DIA, ECONOMIA \/ POL\u00cdTICA Bahia Economica","robots":{"index":"index","follow":"follow","max-snippet":"max-snippet:-1","max-image-preview":"max-image-preview:large","max-video-preview":"max-video-preview:-1"},"canonical":"https:\/\/bahiaeconomica.com.br\/wp\/2025\/12\/09\/pesquisa-aponta-queda-no-preco-da-cesta-basica-em-24-das-27-capitais-brasileiras\/","og_locale":"pt_BR","og_type":"article","og_title":"PESQUISA APONTA QUEDA NO PRE\u00c7O DA CESTA B\u00c1SICA EM 24 DAS 27 CAPITAIS BRASILEIRAS - Bahia Economica","og_description":"O maior portal de Economia da Bahia DESTAQUE DO DIA, ECONOMIA \/ POL\u00cdTICA Bahia Economica","og_url":"https:\/\/bahiaeconomica.com.br\/wp\/2025\/12\/09\/pesquisa-aponta-queda-no-preco-da-cesta-basica-em-24-das-27-capitais-brasileiras\/","og_site_name":"Bahia Economica","article_publisher":"https:\/\/www.facebook.com\/bahiaeconomica","article_published_time":"2025-12-09T15:59:45+00:00","article_modified_time":"2025-12-09T15:47:39+00:00","og_image":[{"width":768,"height":512,"url":"https:\/\/bahiaeconomica.com.br\/wp\/wp-content\/uploads\/2025\/12\/6kNmOmljYwIWN6InYu02bj5SYjlWbv52bjVWYphWYiB0bhNWYkVmc6QzN1QjM5MTN4EjOnBnaukTNwUjM0EDNyMjRyUCNyMzb0VX-1.jpg","type":"image\/jpeg"}],"author":"BRUNA CARVALHO","twitter_card":"summary_large_image","twitter_misc":{"Escrito por":"BRUNA CARVALHO","Est. tempo de leitura":"3 minutos"},"schema":{"@context":"https:\/\/schema.org","@graph":[{"@type":"Article","@id":"https:\/\/bahiaeconomica.com.br\/wp\/2025\/12\/09\/pesquisa-aponta-queda-no-preco-da-cesta-basica-em-24-das-27-capitais-brasileiras\/#article","isPartOf":{"@id":"https:\/\/bahiaeconomica.com.br\/wp\/2025\/12\/09\/pesquisa-aponta-queda-no-preco-da-cesta-basica-em-24-das-27-capitais-brasileiras\/"},"author":{"name":"BRUNA CARVALHO","@id":"https:\/\/bahiaeconomica.com.br\/wp\/#\/schema\/person\/9310b0e591f5979f6f99773eac5804e6"},"headline":"PESQUISA APONTA QUEDA NO PRE\u00c7O DA CESTA B\u00c1SICA EM 24 DAS 27 CAPITAIS BRASILEIRAS","datePublished":"2025-12-09T15:59:45+00:00","dateModified":"2025-12-09T15:47:39+00:00","mainEntityOfPage":{"@id":"https:\/\/bahiaeconomica.com.br\/wp\/2025\/12\/09\/pesquisa-aponta-queda-no-preco-da-cesta-basica-em-24-das-27-capitais-brasileiras\/"},"wordCount":483,"publisher":{"@id":"https:\/\/bahiaeconomica.com.br\/wp\/#organization"},"keywords":["Brasil","cesta b\u00e1sica","Dieese","preco"],"articleSection":["DESTAQUE DO DIA","ECONOMIA \/ POL\u00cdTICA"],"inLanguage":"pt-BR"},{"@type":"WebPage","@id":"https:\/\/bahiaeconomica.com.br\/wp\/2025\/12\/09\/pesquisa-aponta-queda-no-preco-da-cesta-basica-em-24-das-27-capitais-brasileiras\/","url":"https:\/\/bahiaeconomica.com.br\/wp\/2025\/12\/09\/pesquisa-aponta-queda-no-preco-da-cesta-basica-em-24-das-27-capitais-brasileiras\/","name":"PESQUISA APONTA QUEDA NO PRE\u00c7O DA CESTA B\u00c1SICA EM 24 DAS 27 CAPITAIS BRASILEIRAS - Bahia Economica","isPartOf":{"@id":"https:\/\/bahiaeconomica.com.br\/wp\/#website"},"datePublished":"2025-12-09T15:59:45+00:00","dateModified":"2025-12-09T15:47:39+00:00","description":"O maior portal de Economia da Bahia DESTAQUE DO DIA, ECONOMIA \/ POL\u00cdTICA Bahia Economica","breadcrumb":{"@id":"https:\/\/bahiaeconomica.com.br\/wp\/2025\/12\/09\/pesquisa-aponta-queda-no-preco-da-cesta-basica-em-24-das-27-capitais-brasileiras\/#breadcrumb"},"inLanguage":"pt-BR","potentialAction":[{"@type":"ReadAction","target":["https:\/\/bahiaeconomica.com.br\/wp\/2025\/12\/09\/pesquisa-aponta-queda-no-preco-da-cesta-basica-em-24-das-27-capitais-brasileiras\/"]}]},{"@type":"BreadcrumbList","@id":"https:\/\/bahiaeconomica.com.br\/wp\/2025\/12\/09\/pesquisa-aponta-queda-no-preco-da-cesta-basica-em-24-das-27-capitais-brasileiras\/#breadcrumb","itemListElement":[{"@type":"ListItem","position":1,"name":"In\u00edcio","item":"https:\/\/bahiaeconomica.com.br\/wp\/"},{"@type":"ListItem","position":2,"name":"PESQUISA APONTA QUEDA NO PRE\u00c7O DA CESTA B\u00c1SICA EM 24 DAS 27 CAPITAIS BRASILEIRAS"}]},{"@type":"WebSite","@id":"https:\/\/bahiaeconomica.com.br\/wp\/#website","url":"https:\/\/bahiaeconomica.com.br\/wp\/","name":"Bahia Economica","description":"O maior portal de Economia da Bahia","publisher":{"@id":"https:\/\/bahiaeconomica.com.br\/wp\/#organization"},"potentialAction":[{"@type":"SearchAction","target":{"@type":"EntryPoint","urlTemplate":"https:\/\/bahiaeconomica.com.br\/wp\/?s={search_term_string}"},"query-input":"required name=search_term_string"}],"inLanguage":"pt-BR"},{"@type":"Organization","@id":"https:\/\/bahiaeconomica.com.br\/wp\/#organization","name":"Bahia Econ\u00f4mica","url":"https:\/\/bahiaeconomica.com.br\/wp\/","logo":{"@type":"ImageObject","inLanguage":"pt-BR","@id":"https:\/\/bahiaeconomica.com.br\/wp\/#\/schema\/logo\/image\/","url":"https:\/\/bahiaeconomica.com.br\/wp\/wp-content\/uploads\/2020\/12\/cropped-BE.png","contentUrl":"https:\/\/bahiaeconomica.com.br\/wp\/wp-content\/uploads\/2020\/12\/cropped-BE.png","width":512,"height":512,"caption":"Bahia Econ\u00f4mica"},"image":{"@id":"https:\/\/bahiaeconomica.com.br\/wp\/#\/schema\/logo\/image\/"},"sameAs":["https:\/\/www.facebook.com\/bahiaeconomica"]},{"@type":"Person","@id":"https:\/\/bahiaeconomica.com.br\/wp\/#\/schema\/person\/9310b0e591f5979f6f99773eac5804e6","name":"BRUNA CARVALHO","sameAs":["http:\/\/www.bahiaeconomica.com.br"],"url":"https:\/\/bahiaeconomica.com.br\/wp\/author\/bruna\/"}]}},"views":4,"_links":{"self":[{"href":"https:\/\/bahiaeconomica.com.br\/wp\/wp-json\/wp\/v2\/posts\/959217"}],"collection":[{"href":"https:\/\/bahiaeconomica.com.br\/wp\/wp-json\/wp\/v2\/posts"}],"about":[{"href":"https:\/\/bahiaeconomica.com.br\/wp\/wp-json\/wp\/v2\/types\/post"}],"author":[{"embeddable":true,"href":"https:\/\/bahiaeconomica.com.br\/wp\/wp-json\/wp\/v2\/users\/20"}],"replies":[{"embeddable":true,"href":"https:\/\/bahiaeconomica.com.br\/wp\/wp-json\/wp\/v2\/comments?post=959217"}],"version-history":[{"count":1,"href":"https:\/\/bahiaeconomica.com.br\/wp\/wp-json\/wp\/v2\/posts\/959217\/revisions"}],"predecessor-version":[{"id":959231,"href":"https:\/\/bahiaeconomica.com.br\/wp\/wp-json\/wp\/v2\/posts\/959217\/revisions\/959231"}],"wp:featuredmedia":[{"embeddable":true,"href":"https:\/\/bahiaeconomica.com.br\/wp\/wp-json\/wp\/v2\/media\/959220"}],"wp:attachment":[{"href":"https:\/\/bahiaeconomica.com.br\/wp\/wp-json\/wp\/v2\/media?parent=959217"}],"wp:term":[{"taxonomy":"category","embeddable":true,"href":"https:\/\/bahiaeconomica.com.br\/wp\/wp-json\/wp\/v2\/categories?post=959217"},{"taxonomy":"post_tag","embeddable":true,"href":"https:\/\/bahiaeconomica.com.br\/wp\/wp-json\/wp\/v2\/tags?post=959217"}],"curies":[{"name":"wp","href":"https:\/\/api.w.org\/{rel}","templated":true}]}}