{"id":959063,"date":"2025-12-09T08:20:40","date_gmt":"2025-12-09T11:20:40","guid":{"rendered":"https:\/\/bahiaeconomica.com.br\/wp\/?p=959063"},"modified":"2025-12-09T09:03:05","modified_gmt":"2025-12-09T12:03:05","slug":"praia-de-fernando-de-noronha-e-eleita-a-melhor-do-mundo-pela-7a-vez-veja-lista","status":"publish","type":"post","link":"https:\/\/bahiaeconomica.com.br\/wp\/2025\/12\/09\/praia-de-fernando-de-noronha-e-eleita-a-melhor-do-mundo-pela-7a-vez-veja-lista\/","title":{"rendered":"PRAIA DE FERNANDO DE NORONHA \u00c9 ELEITA A MELHOR DO MUNDO PELA 7\u00aa VEZ; VEJA LISTA\u00a0"},"content":{"rendered":"<p>O Brasil reassume destaque internacional com uma de suas paisagens mais emblem\u00e1ticas. A Ba\u00eda do Sancho, situada no Parque Nacional Marinho de Fernando de Noronha, foi reconhecida como a melhor praia do mundo em 2023 pelo TripAdvisor. A nova vit\u00f3ria refor\u00e7a o status do destino como um dos mais procurados do planeta, consolidando Noronha entre os lugares mais celebrados por viajantes de diferentes pa\u00edses.<\/p>\n<p>Como o ranking \u00e9 formado<\/p>\n<p>O levantamento do TripAdvisor \u00e9 baseado em milh\u00f5es de avalia\u00e7\u00f5es e notas enviadas por usu\u00e1rios que visitam praias em todos os continentes. E, ano ap\u00f3s ano, o Sancho se mant\u00e9m no topo gra\u00e7as a elogios recorrentes: turistas classificam a \u00e1rea como \u201ca praia mais bonita do mundo\u201d, enaltecendo a \u00e1gua transparente, a tranquilidade do mar e a riqueza da vida marinha. Mesmo o acesso desafiador \u2014 feito por escadas e degraus instalados na fal\u00e9sia \u2014 costuma ser descrito como parte da experi\u00eancia. A lideran\u00e7a de 2023 marca a s\u00e9tima vez que o Sancho conquista o primeiro lugar entre as 25 melhores praias do mundo.\u2028O destino j\u00e1 havia vencido em 2014, 2015, 2017, 2019, 2020 e 2023, um desempenho que destaca Fernando de Noronha como refer\u00eancia global em preserva\u00e7\u00e3o ambiental e excel\u00eancia tur\u00edstica.<\/p>\n<p>O que torna o Sancho t\u00e3o especial?<\/p>\n<p>Localizada em uma \u00e1rea protegida pelo ICMBio, a Ba\u00eda do Sancho re\u00fane elementos que impressionam desde o primeiro olhar. O mar em tons de azul-turquesa, a areia clara e a vegeta\u00e7\u00e3o bem preservada criam um cen\u00e1rio que muitos descrevem como cinematogr\u00e1fico. A regi\u00e3o tamb\u00e9m \u00e9 perfeita para atividades aqu\u00e1ticas, especialmente o mergulho, j\u00e1 que a \u00e1gua cristalina facilita a observa\u00e7\u00e3o da vida marinha. O acesso mais exigente \u2014 por estruturas nas fal\u00e9sias ou por paradas de barco \u2014 refor\u00e7a o senso de exclusividade e ajuda a manter o local bem preservado.<\/p>\n<p>Sancho no topo e o mundo atento<\/p>\n<p>Com o interesse crescente de viajantes de todos os continentes, o ranking tamb\u00e9m destaca outras praias de paisagens impressionantes. Entre as dez primeiras colocadas de 2023, a Ba\u00eda do Sancho aparece como a \u00fanica representante brasileira, confirmando sua posi\u00e7\u00e3o de destaque entre os destinos mais reconhecidos do planeta.<\/p>\n<p>As 10 melhores praias do mundo em 2023, segundo o TripAdvisor<\/p>\n<ul>\n<li>Praia do Sancho: Fernando de Noronha (Brasil)<\/li>\n<li>Eagle Beach: Palm\/Eagle Beach (Aruba)<\/li>\n<li>Cable Beach: Broome (Austr\u00e1lia)<\/li>\n<li>Reynisfjara Beach: Vik (Isl\u00e2ndia)<\/li>\n<li>Grace Bay Beach: Providenciales (Ilhas Turcas e Caicos)<\/li>\n<li>Praia da Fal\u00e9sia: Olhos de \u00c1gua (Portugal)<\/li>\n<li>Radhanagar Beach: Ilha de Havelock (Ilhas de Andam\u00e3 e Nicobar)<\/li>\n<li>Isola del Coniglio: Lampedusa (Ilhas da Sic\u00edlia, It\u00e1lia)<\/li>\n<li>Varadero Beach: Varadero (Cuba)<\/li>\n<li>Ka\u2019anapali Beach: Maui (Hava\u00ed)<\/li>\n<\/ul>\n<p>&nbsp;<\/p>\n<p>Foto: Reprodu\u00e7\u00e3o \/ Canva<\/p>\n<p>&nbsp;<\/p>\n<p>&nbsp;<\/p>\n","protected":false},"excerpt":{"rendered":"<p>O Brasil reassume destaque internacional com uma de suas paisagens mais emblem\u00e1ticas. A Ba\u00eda do Sancho, situada no Parque Nacional Marinho de Fernando de Noronha, foi reconhecida como a melhor praia do mundo em 2023 pelo TripAdvisor. A nova vit\u00f3ria refor\u00e7a o status do destino como um dos mais procurados do planeta, consolidando Noronha entre [&hellip;]<\/p>\n","protected":false},"author":8,"featured_media":959064,"comment_status":"closed","ping_status":"closed","sticky":false,"template":"","format":"standard","meta":[],"categories":[3],"tags":[753,1350,442,1490],"acf":[],"yoast_head":"<!-- This site is optimized with the Yoast SEO plugin v20.8 - https:\/\/yoast.com\/wordpress\/plugins\/seo\/ -->\n<title>PRAIA DE FERNANDO DE NORONHA \u00c9 ELEITA A MELHOR DO MUNDO PELA 7\u00aa VEZ; VEJA LISTA\u00a0 - Bahia Economica<\/title>\n<meta name=\"description\" content=\"O maior portal de Economia da Bahia ECONOMIA \/ POL\u00cdTICA Bahia Economica O Brasil reassume destaque internacional com uma de\" \/>\n<meta name=\"robots\" content=\"index, follow, max-snippet:-1, max-image-preview:large, max-video-preview:-1\" \/>\n<link rel=\"canonical\" href=\"https:\/\/bahiaeconomica.com.br\/wp\/2025\/12\/09\/praia-de-fernando-de-noronha-e-eleita-a-melhor-do-mundo-pela-7a-vez-veja-lista\/\" \/>\n<meta property=\"og:locale\" content=\"pt_BR\" \/>\n<meta property=\"og:type\" content=\"article\" \/>\n<meta property=\"og:title\" content=\"PRAIA DE FERNANDO DE NORONHA \u00c9 ELEITA A MELHOR DO MUNDO PELA 7\u00aa VEZ; VEJA LISTA\u00a0 - Bahia Economica\" \/>\n<meta property=\"og:description\" content=\"O maior portal de Economia da Bahia ECONOMIA \/ POL\u00cdTICA Bahia Economica O Brasil reassume destaque internacional com uma de\" \/>\n<meta property=\"og:url\" content=\"https:\/\/bahiaeconomica.com.br\/wp\/2025\/12\/09\/praia-de-fernando-de-noronha-e-eleita-a-melhor-do-mundo-pela-7a-vez-veja-lista\/\" \/>\n<meta property=\"og:site_name\" content=\"Bahia Economica\" \/>\n<meta property=\"article:publisher\" content=\"https:\/\/www.facebook.com\/bahiaeconomica\" \/>\n<meta property=\"article:published_time\" content=\"2025-12-09T11:20:40+00:00\" \/>\n<meta property=\"article:modified_time\" content=\"2025-12-09T12:03:05+00:00\" \/>\n<meta property=\"og:image\" content=\"https:\/\/bahiaeconomica.com.br\/wp\/wp-content\/uploads\/2025\/12\/Paraiso-brasileiro-e-eleito-a-melhor-praia-do-mund0137157800202512081639-ScaleDownProportional.webp\" \/>\n\t<meta property=\"og:image:width\" content=\"1080\" \/>\n\t<meta property=\"og:image:height\" content=\"720\" \/>\n\t<meta property=\"og:image:type\" content=\"image\/webp\" \/>\n<meta name=\"author\" content=\"JP\" \/>\n<meta name=\"twitter:card\" content=\"summary_large_image\" \/>\n<meta name=\"twitter:label1\" content=\"Escrito por\" \/>\n\t<meta name=\"twitter:data1\" content=\"JP\" \/>\n\t<meta name=\"twitter:label2\" content=\"Est. tempo de leitura\" \/>\n\t<meta name=\"twitter:data2\" content=\"3 minutos\" \/>\n<script type=\"application\/ld+json\" class=\"yoast-schema-graph\">{\"@context\":\"https:\/\/schema.org\",\"@graph\":[{\"@type\":\"Article\",\"@id\":\"https:\/\/bahiaeconomica.com.br\/wp\/2025\/12\/09\/praia-de-fernando-de-noronha-e-eleita-a-melhor-do-mundo-pela-7a-vez-veja-lista\/#article\",\"isPartOf\":{\"@id\":\"https:\/\/bahiaeconomica.com.br\/wp\/2025\/12\/09\/praia-de-fernando-de-noronha-e-eleita-a-melhor-do-mundo-pela-7a-vez-veja-lista\/\"},\"author\":{\"name\":\"JP\",\"@id\":\"https:\/\/bahiaeconomica.com.br\/wp\/#\/schema\/person\/c86d3a3f8960425a0f9d0e5245991f4e\"},\"headline\":\"PRAIA DE FERNANDO DE NORONHA \u00c9 ELEITA A MELHOR DO MUNDO PELA 7\u00aa VEZ; VEJA LISTA\u00a0\",\"datePublished\":\"2025-12-09T11:20:40+00:00\",\"dateModified\":\"2025-12-09T12:03:05+00:00\",\"mainEntityOfPage\":{\"@id\":\"https:\/\/bahiaeconomica.com.br\/wp\/2025\/12\/09\/praia-de-fernando-de-noronha-e-eleita-a-melhor-do-mundo-pela-7a-vez-veja-lista\/\"},\"wordCount\":470,\"publisher\":{\"@id\":\"https:\/\/bahiaeconomica.com.br\/wp\/#organization\"},\"keywords\":[\"brasileira\",\"praia\",\"Turismo\",\"viagem\"],\"articleSection\":[\"ECONOMIA \/ POL\u00cdTICA\"],\"inLanguage\":\"pt-BR\"},{\"@type\":\"WebPage\",\"@id\":\"https:\/\/bahiaeconomica.com.br\/wp\/2025\/12\/09\/praia-de-fernando-de-noronha-e-eleita-a-melhor-do-mundo-pela-7a-vez-veja-lista\/\",\"url\":\"https:\/\/bahiaeconomica.com.br\/wp\/2025\/12\/09\/praia-de-fernando-de-noronha-e-eleita-a-melhor-do-mundo-pela-7a-vez-veja-lista\/\",\"name\":\"PRAIA DE FERNANDO DE NORONHA \u00c9 ELEITA A MELHOR DO MUNDO PELA 7\u00aa VEZ; VEJA LISTA\u00a0 - Bahia Economica\",\"isPartOf\":{\"@id\":\"https:\/\/bahiaeconomica.com.br\/wp\/#website\"},\"datePublished\":\"2025-12-09T11:20:40+00:00\",\"dateModified\":\"2025-12-09T12:03:05+00:00\",\"description\":\"O maior portal de Economia da Bahia ECONOMIA \/ POL\u00cdTICA Bahia Economica O Brasil reassume destaque internacional com uma de\",\"breadcrumb\":{\"@id\":\"https:\/\/bahiaeconomica.com.br\/wp\/2025\/12\/09\/praia-de-fernando-de-noronha-e-eleita-a-melhor-do-mundo-pela-7a-vez-veja-lista\/#breadcrumb\"},\"inLanguage\":\"pt-BR\",\"potentialAction\":[{\"@type\":\"ReadAction\",\"target\":[\"https:\/\/bahiaeconomica.com.br\/wp\/2025\/12\/09\/praia-de-fernando-de-noronha-e-eleita-a-melhor-do-mundo-pela-7a-vez-veja-lista\/\"]}]},{\"@type\":\"BreadcrumbList\",\"@id\":\"https:\/\/bahiaeconomica.com.br\/wp\/2025\/12\/09\/praia-de-fernando-de-noronha-e-eleita-a-melhor-do-mundo-pela-7a-vez-veja-lista\/#breadcrumb\",\"itemListElement\":[{\"@type\":\"ListItem\",\"position\":1,\"name\":\"In\u00edcio\",\"item\":\"https:\/\/bahiaeconomica.com.br\/wp\/\"},{\"@type\":\"ListItem\",\"position\":2,\"name\":\"PRAIA DE FERNANDO DE NORONHA \u00c9 ELEITA A MELHOR DO MUNDO PELA 7\u00aa VEZ; VEJA LISTA\u00a0\"}]},{\"@type\":\"WebSite\",\"@id\":\"https:\/\/bahiaeconomica.com.br\/wp\/#website\",\"url\":\"https:\/\/bahiaeconomica.com.br\/wp\/\",\"name\":\"Bahia Economica\",\"description\":\"O maior portal de Economia da Bahia\",\"publisher\":{\"@id\":\"https:\/\/bahiaeconomica.com.br\/wp\/#organization\"},\"potentialAction\":[{\"@type\":\"SearchAction\",\"target\":{\"@type\":\"EntryPoint\",\"urlTemplate\":\"https:\/\/bahiaeconomica.com.br\/wp\/?s={search_term_string}\"},\"query-input\":\"required name=search_term_string\"}],\"inLanguage\":\"pt-BR\"},{\"@type\":\"Organization\",\"@id\":\"https:\/\/bahiaeconomica.com.br\/wp\/#organization\",\"name\":\"Bahia Econ\u00f4mica\",\"url\":\"https:\/\/bahiaeconomica.com.br\/wp\/\",\"logo\":{\"@type\":\"ImageObject\",\"inLanguage\":\"pt-BR\",\"@id\":\"https:\/\/bahiaeconomica.com.br\/wp\/#\/schema\/logo\/image\/\",\"url\":\"https:\/\/bahiaeconomica.com.br\/wp\/wp-content\/uploads\/2020\/12\/cropped-BE.png\",\"contentUrl\":\"https:\/\/bahiaeconomica.com.br\/wp\/wp-content\/uploads\/2020\/12\/cropped-BE.png\",\"width\":512,\"height\":512,\"caption\":\"Bahia Econ\u00f4mica\"},\"image\":{\"@id\":\"https:\/\/bahiaeconomica.com.br\/wp\/#\/schema\/logo\/image\/\"},\"sameAs\":[\"https:\/\/www.facebook.com\/bahiaeconomica\"]},{\"@type\":\"Person\",\"@id\":\"https:\/\/bahiaeconomica.com.br\/wp\/#\/schema\/person\/c86d3a3f8960425a0f9d0e5245991f4e\",\"name\":\"JP\",\"sameAs\":[\"https:\/\/bahiaeconomica.com.br\/wp\/beta\/\"],\"url\":\"https:\/\/bahiaeconomica.com.br\/wp\/author\/jp\/\"}]}<\/script>\n<!-- \/ Yoast SEO plugin. -->","yoast_head_json":{"title":"PRAIA DE FERNANDO DE NORONHA \u00c9 ELEITA A MELHOR DO MUNDO PELA 7\u00aa VEZ; VEJA LISTA\u00a0 - Bahia Economica","description":"O maior portal de Economia da Bahia ECONOMIA \/ POL\u00cdTICA Bahia Economica O Brasil reassume destaque internacional com uma de","robots":{"index":"index","follow":"follow","max-snippet":"max-snippet:-1","max-image-preview":"max-image-preview:large","max-video-preview":"max-video-preview:-1"},"canonical":"https:\/\/bahiaeconomica.com.br\/wp\/2025\/12\/09\/praia-de-fernando-de-noronha-e-eleita-a-melhor-do-mundo-pela-7a-vez-veja-lista\/","og_locale":"pt_BR","og_type":"article","og_title":"PRAIA DE FERNANDO DE NORONHA \u00c9 ELEITA A MELHOR DO MUNDO PELA 7\u00aa VEZ; VEJA LISTA\u00a0 - Bahia Economica","og_description":"O maior portal de Economia da Bahia ECONOMIA \/ POL\u00cdTICA Bahia Economica O Brasil reassume destaque internacional com uma de","og_url":"https:\/\/bahiaeconomica.com.br\/wp\/2025\/12\/09\/praia-de-fernando-de-noronha-e-eleita-a-melhor-do-mundo-pela-7a-vez-veja-lista\/","og_site_name":"Bahia Economica","article_publisher":"https:\/\/www.facebook.com\/bahiaeconomica","article_published_time":"2025-12-09T11:20:40+00:00","article_modified_time":"2025-12-09T12:03:05+00:00","og_image":[{"width":1080,"height":720,"url":"https:\/\/bahiaeconomica.com.br\/wp\/wp-content\/uploads\/2025\/12\/Paraiso-brasileiro-e-eleito-a-melhor-praia-do-mund0137157800202512081639-ScaleDownProportional.webp","type":"image\/webp"}],"author":"JP","twitter_card":"summary_large_image","twitter_misc":{"Escrito por":"JP","Est. tempo de leitura":"3 minutos"},"schema":{"@context":"https:\/\/schema.org","@graph":[{"@type":"Article","@id":"https:\/\/bahiaeconomica.com.br\/wp\/2025\/12\/09\/praia-de-fernando-de-noronha-e-eleita-a-melhor-do-mundo-pela-7a-vez-veja-lista\/#article","isPartOf":{"@id":"https:\/\/bahiaeconomica.com.br\/wp\/2025\/12\/09\/praia-de-fernando-de-noronha-e-eleita-a-melhor-do-mundo-pela-7a-vez-veja-lista\/"},"author":{"name":"JP","@id":"https:\/\/bahiaeconomica.com.br\/wp\/#\/schema\/person\/c86d3a3f8960425a0f9d0e5245991f4e"},"headline":"PRAIA DE FERNANDO DE NORONHA \u00c9 ELEITA A MELHOR DO MUNDO PELA 7\u00aa VEZ; VEJA LISTA\u00a0","datePublished":"2025-12-09T11:20:40+00:00","dateModified":"2025-12-09T12:03:05+00:00","mainEntityOfPage":{"@id":"https:\/\/bahiaeconomica.com.br\/wp\/2025\/12\/09\/praia-de-fernando-de-noronha-e-eleita-a-melhor-do-mundo-pela-7a-vez-veja-lista\/"},"wordCount":470,"publisher":{"@id":"https:\/\/bahiaeconomica.com.br\/wp\/#organization"},"keywords":["brasileira","praia","Turismo","viagem"],"articleSection":["ECONOMIA \/ POL\u00cdTICA"],"inLanguage":"pt-BR"},{"@type":"WebPage","@id":"https:\/\/bahiaeconomica.com.br\/wp\/2025\/12\/09\/praia-de-fernando-de-noronha-e-eleita-a-melhor-do-mundo-pela-7a-vez-veja-lista\/","url":"https:\/\/bahiaeconomica.com.br\/wp\/2025\/12\/09\/praia-de-fernando-de-noronha-e-eleita-a-melhor-do-mundo-pela-7a-vez-veja-lista\/","name":"PRAIA DE FERNANDO DE NORONHA \u00c9 ELEITA A MELHOR DO MUNDO PELA 7\u00aa VEZ; VEJA LISTA\u00a0 - Bahia Economica","isPartOf":{"@id":"https:\/\/bahiaeconomica.com.br\/wp\/#website"},"datePublished":"2025-12-09T11:20:40+00:00","dateModified":"2025-12-09T12:03:05+00:00","description":"O maior portal de Economia da Bahia ECONOMIA \/ POL\u00cdTICA Bahia Economica O Brasil reassume destaque internacional com uma de","breadcrumb":{"@id":"https:\/\/bahiaeconomica.com.br\/wp\/2025\/12\/09\/praia-de-fernando-de-noronha-e-eleita-a-melhor-do-mundo-pela-7a-vez-veja-lista\/#breadcrumb"},"inLanguage":"pt-BR","potentialAction":[{"@type":"ReadAction","target":["https:\/\/bahiaeconomica.com.br\/wp\/2025\/12\/09\/praia-de-fernando-de-noronha-e-eleita-a-melhor-do-mundo-pela-7a-vez-veja-lista\/"]}]},{"@type":"BreadcrumbList","@id":"https:\/\/bahiaeconomica.com.br\/wp\/2025\/12\/09\/praia-de-fernando-de-noronha-e-eleita-a-melhor-do-mundo-pela-7a-vez-veja-lista\/#breadcrumb","itemListElement":[{"@type":"ListItem","position":1,"name":"In\u00edcio","item":"https:\/\/bahiaeconomica.com.br\/wp\/"},{"@type":"ListItem","position":2,"name":"PRAIA DE FERNANDO DE NORONHA \u00c9 ELEITA A MELHOR DO MUNDO PELA 7\u00aa VEZ; VEJA LISTA\u00a0"}]},{"@type":"WebSite","@id":"https:\/\/bahiaeconomica.com.br\/wp\/#website","url":"https:\/\/bahiaeconomica.com.br\/wp\/","name":"Bahia Economica","description":"O maior portal de Economia da Bahia","publisher":{"@id":"https:\/\/bahiaeconomica.com.br\/wp\/#organization"},"potentialAction":[{"@type":"SearchAction","target":{"@type":"EntryPoint","urlTemplate":"https:\/\/bahiaeconomica.com.br\/wp\/?s={search_term_string}"},"query-input":"required name=search_term_string"}],"inLanguage":"pt-BR"},{"@type":"Organization","@id":"https:\/\/bahiaeconomica.com.br\/wp\/#organization","name":"Bahia Econ\u00f4mica","url":"https:\/\/bahiaeconomica.com.br\/wp\/","logo":{"@type":"ImageObject","inLanguage":"pt-BR","@id":"https:\/\/bahiaeconomica.com.br\/wp\/#\/schema\/logo\/image\/","url":"https:\/\/bahiaeconomica.com.br\/wp\/wp-content\/uploads\/2020\/12\/cropped-BE.png","contentUrl":"https:\/\/bahiaeconomica.com.br\/wp\/wp-content\/uploads\/2020\/12\/cropped-BE.png","width":512,"height":512,"caption":"Bahia Econ\u00f4mica"},"image":{"@id":"https:\/\/bahiaeconomica.com.br\/wp\/#\/schema\/logo\/image\/"},"sameAs":["https:\/\/www.facebook.com\/bahiaeconomica"]},{"@type":"Person","@id":"https:\/\/bahiaeconomica.com.br\/wp\/#\/schema\/person\/c86d3a3f8960425a0f9d0e5245991f4e","name":"JP","sameAs":["https:\/\/bahiaeconomica.com.br\/wp\/beta\/"],"url":"https:\/\/bahiaeconomica.com.br\/wp\/author\/jp\/"}]}},"views":15,"_links":{"self":[{"href":"https:\/\/bahiaeconomica.com.br\/wp\/wp-json\/wp\/v2\/posts\/959063"}],"collection":[{"href":"https:\/\/bahiaeconomica.com.br\/wp\/wp-json\/wp\/v2\/posts"}],"about":[{"href":"https:\/\/bahiaeconomica.com.br\/wp\/wp-json\/wp\/v2\/types\/post"}],"author":[{"embeddable":true,"href":"https:\/\/bahiaeconomica.com.br\/wp\/wp-json\/wp\/v2\/users\/8"}],"replies":[{"embeddable":true,"href":"https:\/\/bahiaeconomica.com.br\/wp\/wp-json\/wp\/v2\/comments?post=959063"}],"version-history":[{"count":1,"href":"https:\/\/bahiaeconomica.com.br\/wp\/wp-json\/wp\/v2\/posts\/959063\/revisions"}],"predecessor-version":[{"id":959065,"href":"https:\/\/bahiaeconomica.com.br\/wp\/wp-json\/wp\/v2\/posts\/959063\/revisions\/959065"}],"wp:featuredmedia":[{"embeddable":true,"href":"https:\/\/bahiaeconomica.com.br\/wp\/wp-json\/wp\/v2\/media\/959064"}],"wp:attachment":[{"href":"https:\/\/bahiaeconomica.com.br\/wp\/wp-json\/wp\/v2\/media?parent=959063"}],"wp:term":[{"taxonomy":"category","embeddable":true,"href":"https:\/\/bahiaeconomica.com.br\/wp\/wp-json\/wp\/v2\/categories?post=959063"},{"taxonomy":"post_tag","embeddable":true,"href":"https:\/\/bahiaeconomica.com.br\/wp\/wp-json\/wp\/v2\/tags?post=959063"}],"curies":[{"name":"wp","href":"https:\/\/api.w.org\/{rel}","templated":true}]}}