{"id":959022,"date":"2025-12-08T19:05:41","date_gmt":"2025-12-08T22:05:41","guid":{"rendered":"https:\/\/bahiaeconomica.com.br\/wp\/?p=959022"},"modified":"2025-12-08T18:45:51","modified_gmt":"2025-12-08T21:45:51","slug":"justica-da-italia-pede-a-moraes-informacoes-sobre-prisao-de-zambelli","status":"publish","type":"post","link":"https:\/\/bahiaeconomica.com.br\/wp\/2025\/12\/08\/justica-da-italia-pede-a-moraes-informacoes-sobre-prisao-de-zambelli\/","title":{"rendered":"JUSTI\u00c7A DA IT\u00c1LIA PEDE A MORAES INFORMA\u00c7\u00d5ES SOBRE PRIS\u00c3O DE ZAMBELLI"},"content":{"rendered":"<p>A Justi\u00e7a da It\u00e1lia enviou ao ministro Alexandre de Moraes, do Supremo Tribunal Federal (STF), uma lista de questionamentos sobre o sistema prisional brasileiro. Os esclarecimentos fazem parte do processo de extradi\u00e7\u00e3o da deputada Carla Zambelli (PL-SP).<img decoding=\"async\" src=\"https:\/\/agenciabrasil.ebc.com.br\/ebc.png?id=1671277&amp;o=node\" \/><img decoding=\"async\" src=\"https:\/\/agenciabrasil.ebc.com.br\/ebc.gif?id=1671277&amp;o=node\" \/><\/p>\n<p>Na semana passada, a Justi\u00e7a italiana suspendeu o julgamento da extradi\u00e7\u00e3o solicitada pelo governo brasileiro para esperar a resposta do STF. O julgamento ser\u00e1 retomado no dia 18 deste m\u00eas.<\/p>\n<p>A Justi\u00e7a italiana quer saber para qual pris\u00e3o Zambelli deve ser levada se a extradi\u00e7\u00e3o for aceita.\u00a0Tamb\u00e9m foram feitos questionamentos sobre a condi\u00e7\u00e3o dos pres\u00eddios femininos, se h\u00e1 atos de viol\u00eancia e de intimida\u00e7\u00e3o praticados contra detentas e se a pol\u00edcia penal tem capacidade para manter a ordem nas penitenci\u00e1rias.<\/p>\n<p>Moraes tem at\u00e9 o dia 14 de dezembro para responder aos questionamentos. A comunica\u00e7\u00e3o oficial foi feita pelo Departamento de Recupera\u00e7\u00e3o de Ativos e Coopera\u00e7\u00e3o Jur\u00eddica Internacional do Minist\u00e9rio da Justi\u00e7a.<\/p>\n<p><strong>Fuga<\/strong><\/p>\n<p>Em julho deste ano, Zambelli foi presa em Roma, capital da It\u00e1lia, onde tentava escapar do cumprimento de um mandado de pris\u00e3o emitido pelo ministro Alexandre de Moraes.<\/p>\n<p>Por ter dupla cidadania, Zambelli deixou o Brasil em busca de asilo pol\u00edtico em terras italianas ap\u00f3s ser condenada pelo STF a 10 anos de pris\u00e3o pela invas\u00e3o ao sistema eletr\u00f4nico do Conselho Nacional de Justi\u00e7a (CNJ), ocorrido em 2023.<\/p>\n<p>De acordo com as investiga\u00e7\u00f5es, Zambelli foi a autora intelectual da invas\u00e3o para emiss\u00e3o de um mandato falso de pris\u00e3o contra Alexandre de Moraes.\u00a0Segundo as investiga\u00e7\u00f5es, o hackeamento foi executado por Walter Delgatti, que tamb\u00e9m foi condenado e confirmou ter realizado o trabalho a mando da parlamentar.<\/p>\n<p>Ap\u00f3s a fuga para a It\u00e1lia, o governo brasileiro solicitou a extradi\u00e7\u00e3o da deputada para o Brasil. O pedido de extradi\u00e7\u00e3o de Carla Zambelli foi oficializado no dia 11 de junho pelo STF.\u00a0 Em seguida, o pedido foi enviado pelo Itamaraty ao governo italiano.<\/p>\n<p>Fonte: Ag\u00eancia Brasil<\/p>\n<p>Foto: Reprodu\u00e7\u00e3o<\/p>\n","protected":false},"excerpt":{"rendered":"<p>A Justi\u00e7a da It\u00e1lia enviou ao ministro Alexandre de Moraes, do Supremo Tribunal Federal (STF), uma lista de questionamentos sobre o sistema prisional brasileiro. Os esclarecimentos fazem parte do processo de extradi\u00e7\u00e3o da deputada Carla Zambelli (PL-SP). Na semana passada, a Justi\u00e7a italiana suspendeu o julgamento da extradi\u00e7\u00e3o solicitada pelo governo brasileiro para esperar a [&hellip;]<\/p>\n","protected":false},"author":24,"featured_media":916358,"comment_status":"closed","ping_status":"closed","sticky":false,"template":"","format":"standard","meta":[],"categories":[14601],"tags":[10292,1690,277,93],"acf":[],"yoast_head":"<!-- This site is optimized with the Yoast SEO plugin v20.8 - https:\/\/yoast.com\/wordpress\/plugins\/seo\/ -->\n<title>JUSTI\u00c7A DA IT\u00c1LIA PEDE A MORAES INFORMA\u00c7\u00d5ES SOBRE PRIS\u00c3O DE ZAMBELLI - Bahia Economica A Justi\u00e7a da It\u00e1lia enviou ao ministro Alexandre de Moraes, do Supremo Tribunal Federal (STF), uma lista de questionamentos sobre o sistema prisional brasileiro.<\/title>\n<meta name=\"description\" content=\"O maior portal de Economia da Bahia Pol\u00edtica Bahia Economica A Justi\u00e7a da It\u00e1lia enviou ao ministro Alexandre de Moraes, do Supremo Tribunal Federal (STF), uma lista de questionamentos sobre o sistema prisional brasileiro.\" \/>\n<meta name=\"robots\" content=\"index, follow, max-snippet:-1, max-image-preview:large, max-video-preview:-1\" \/>\n<link rel=\"canonical\" href=\"https:\/\/bahiaeconomica.com.br\/wp\/2025\/12\/08\/justica-da-italia-pede-a-moraes-informacoes-sobre-prisao-de-zambelli\/\" \/>\n<meta property=\"og:locale\" content=\"pt_BR\" \/>\n<meta property=\"og:type\" content=\"article\" \/>\n<meta property=\"og:title\" content=\"JUSTI\u00c7A DA IT\u00c1LIA PEDE A MORAES INFORMA\u00c7\u00d5ES SOBRE PRIS\u00c3O DE ZAMBELLI - Bahia Economica A Justi\u00e7a da It\u00e1lia enviou ao ministro Alexandre de Moraes, do Supremo Tribunal Federal (STF), uma lista de questionamentos sobre o sistema prisional brasileiro.\" \/>\n<meta property=\"og:description\" content=\"O maior portal de Economia da Bahia Pol\u00edtica Bahia Economica A Justi\u00e7a da It\u00e1lia enviou ao ministro Alexandre de Moraes, do Supremo Tribunal Federal (STF), uma lista de questionamentos sobre o sistema prisional brasileiro.\" \/>\n<meta property=\"og:url\" content=\"https:\/\/bahiaeconomica.com.br\/wp\/2025\/12\/08\/justica-da-italia-pede-a-moraes-informacoes-sobre-prisao-de-zambelli\/\" \/>\n<meta property=\"og:site_name\" content=\"Bahia Economica\" \/>\n<meta property=\"article:publisher\" content=\"https:\/\/www.facebook.com\/bahiaeconomica\" \/>\n<meta property=\"article:published_time\" content=\"2025-12-08T22:05:41+00:00\" \/>\n<meta property=\"article:modified_time\" content=\"2025-12-08T21:45:51+00:00\" \/>\n<meta property=\"og:image\" content=\"https:\/\/bahiaeconomica.com.br\/wp\/wp-content\/uploads\/2025\/07\/1_carla_zambelli___ebc-30235304.jpg\" \/>\n\t<meta property=\"og:image:width\" content=\"1200\" \/>\n\t<meta property=\"og:image:height\" content=\"750\" \/>\n\t<meta property=\"og:image:type\" content=\"image\/jpeg\" \/>\n<meta name=\"author\" content=\"VICTOR OLIVEIRA\" \/>\n<meta name=\"twitter:card\" content=\"summary_large_image\" \/>\n<meta name=\"twitter:label1\" content=\"Escrito por\" \/>\n\t<meta name=\"twitter:data1\" content=\"VICTOR OLIVEIRA\" \/>\n\t<meta name=\"twitter:label2\" content=\"Est. tempo de leitura\" \/>\n\t<meta name=\"twitter:data2\" content=\"3 minutos\" \/>\n<script type=\"application\/ld+json\" class=\"yoast-schema-graph\">{\"@context\":\"https:\/\/schema.org\",\"@graph\":[{\"@type\":\"Article\",\"@id\":\"https:\/\/bahiaeconomica.com.br\/wp\/2025\/12\/08\/justica-da-italia-pede-a-moraes-informacoes-sobre-prisao-de-zambelli\/#article\",\"isPartOf\":{\"@id\":\"https:\/\/bahiaeconomica.com.br\/wp\/2025\/12\/08\/justica-da-italia-pede-a-moraes-informacoes-sobre-prisao-de-zambelli\/\"},\"author\":{\"name\":\"VICTOR OLIVEIRA\",\"@id\":\"https:\/\/bahiaeconomica.com.br\/wp\/#\/schema\/person\/a17956d0e1112b626f403fb06b8129a9\"},\"headline\":\"JUSTI\u00c7A DA IT\u00c1LIA PEDE A MORAES INFORMA\u00c7\u00d5ES SOBRE PRIS\u00c3O DE ZAMBELLI\",\"datePublished\":\"2025-12-08T22:05:41+00:00\",\"dateModified\":\"2025-12-08T21:45:51+00:00\",\"mainEntityOfPage\":{\"@id\":\"https:\/\/bahiaeconomica.com.br\/wp\/2025\/12\/08\/justica-da-italia-pede-a-moraes-informacoes-sobre-prisao-de-zambelli\/\"},\"wordCount\":367,\"publisher\":{\"@id\":\"https:\/\/bahiaeconomica.com.br\/wp\/#organization\"},\"keywords\":[\"CARLA ZAMBELLI\",\"moraes\",\"Pris\u00e3o\",\"STF\"],\"articleSection\":[\"Pol\u00edtica\"],\"inLanguage\":\"pt-BR\"},{\"@type\":\"WebPage\",\"@id\":\"https:\/\/bahiaeconomica.com.br\/wp\/2025\/12\/08\/justica-da-italia-pede-a-moraes-informacoes-sobre-prisao-de-zambelli\/\",\"url\":\"https:\/\/bahiaeconomica.com.br\/wp\/2025\/12\/08\/justica-da-italia-pede-a-moraes-informacoes-sobre-prisao-de-zambelli\/\",\"name\":\"JUSTI\u00c7A DA IT\u00c1LIA PEDE A MORAES INFORMA\u00c7\u00d5ES SOBRE PRIS\u00c3O DE ZAMBELLI - Bahia Economica A Justi\u00e7a da It\u00e1lia enviou ao ministro Alexandre de Moraes, do Supremo Tribunal Federal (STF), uma lista de questionamentos sobre o sistema prisional brasileiro.\",\"isPartOf\":{\"@id\":\"https:\/\/bahiaeconomica.com.br\/wp\/#website\"},\"datePublished\":\"2025-12-08T22:05:41+00:00\",\"dateModified\":\"2025-12-08T21:45:51+00:00\",\"description\":\"O maior portal de Economia da Bahia Pol\u00edtica Bahia Economica A Justi\u00e7a da It\u00e1lia enviou ao ministro Alexandre de Moraes, do Supremo Tribunal Federal (STF), uma lista de questionamentos sobre o sistema prisional brasileiro.\",\"breadcrumb\":{\"@id\":\"https:\/\/bahiaeconomica.com.br\/wp\/2025\/12\/08\/justica-da-italia-pede-a-moraes-informacoes-sobre-prisao-de-zambelli\/#breadcrumb\"},\"inLanguage\":\"pt-BR\",\"potentialAction\":[{\"@type\":\"ReadAction\",\"target\":[\"https:\/\/bahiaeconomica.com.br\/wp\/2025\/12\/08\/justica-da-italia-pede-a-moraes-informacoes-sobre-prisao-de-zambelli\/\"]}]},{\"@type\":\"BreadcrumbList\",\"@id\":\"https:\/\/bahiaeconomica.com.br\/wp\/2025\/12\/08\/justica-da-italia-pede-a-moraes-informacoes-sobre-prisao-de-zambelli\/#breadcrumb\",\"itemListElement\":[{\"@type\":\"ListItem\",\"position\":1,\"name\":\"In\u00edcio\",\"item\":\"https:\/\/bahiaeconomica.com.br\/wp\/\"},{\"@type\":\"ListItem\",\"position\":2,\"name\":\"JUSTI\u00c7A DA IT\u00c1LIA PEDE A MORAES INFORMA\u00c7\u00d5ES SOBRE PRIS\u00c3O DE ZAMBELLI\"}]},{\"@type\":\"WebSite\",\"@id\":\"https:\/\/bahiaeconomica.com.br\/wp\/#website\",\"url\":\"https:\/\/bahiaeconomica.com.br\/wp\/\",\"name\":\"Bahia Economica\",\"description\":\"O maior portal de Economia da Bahia\",\"publisher\":{\"@id\":\"https:\/\/bahiaeconomica.com.br\/wp\/#organization\"},\"potentialAction\":[{\"@type\":\"SearchAction\",\"target\":{\"@type\":\"EntryPoint\",\"urlTemplate\":\"https:\/\/bahiaeconomica.com.br\/wp\/?s={search_term_string}\"},\"query-input\":\"required name=search_term_string\"}],\"inLanguage\":\"pt-BR\"},{\"@type\":\"Organization\",\"@id\":\"https:\/\/bahiaeconomica.com.br\/wp\/#organization\",\"name\":\"Bahia Econ\u00f4mica\",\"url\":\"https:\/\/bahiaeconomica.com.br\/wp\/\",\"logo\":{\"@type\":\"ImageObject\",\"inLanguage\":\"pt-BR\",\"@id\":\"https:\/\/bahiaeconomica.com.br\/wp\/#\/schema\/logo\/image\/\",\"url\":\"https:\/\/bahiaeconomica.com.br\/wp\/wp-content\/uploads\/2020\/12\/cropped-BE.png\",\"contentUrl\":\"https:\/\/bahiaeconomica.com.br\/wp\/wp-content\/uploads\/2020\/12\/cropped-BE.png\",\"width\":512,\"height\":512,\"caption\":\"Bahia Econ\u00f4mica\"},\"image\":{\"@id\":\"https:\/\/bahiaeconomica.com.br\/wp\/#\/schema\/logo\/image\/\"},\"sameAs\":[\"https:\/\/www.facebook.com\/bahiaeconomica\"]},{\"@type\":\"Person\",\"@id\":\"https:\/\/bahiaeconomica.com.br\/wp\/#\/schema\/person\/a17956d0e1112b626f403fb06b8129a9\",\"name\":\"VICTOR OLIVEIRA\",\"sameAs\":[\"http:\/\/www.bahiaeconomica.com.br\"],\"url\":\"https:\/\/bahiaeconomica.com.br\/wp\/author\/victor-oliveira\/\"}]}<\/script>\n<!-- \/ Yoast SEO plugin. -->","yoast_head_json":{"title":"JUSTI\u00c7A DA IT\u00c1LIA PEDE A MORAES INFORMA\u00c7\u00d5ES SOBRE PRIS\u00c3O DE ZAMBELLI - Bahia Economica A Justi\u00e7a da It\u00e1lia enviou ao ministro Alexandre de Moraes, do Supremo Tribunal Federal (STF), uma lista de questionamentos sobre o sistema prisional brasileiro.","description":"O maior portal de Economia da Bahia Pol\u00edtica Bahia Economica A Justi\u00e7a da It\u00e1lia enviou ao ministro Alexandre de Moraes, do Supremo Tribunal Federal (STF), uma lista de questionamentos sobre o sistema prisional brasileiro.","robots":{"index":"index","follow":"follow","max-snippet":"max-snippet:-1","max-image-preview":"max-image-preview:large","max-video-preview":"max-video-preview:-1"},"canonical":"https:\/\/bahiaeconomica.com.br\/wp\/2025\/12\/08\/justica-da-italia-pede-a-moraes-informacoes-sobre-prisao-de-zambelli\/","og_locale":"pt_BR","og_type":"article","og_title":"JUSTI\u00c7A DA IT\u00c1LIA PEDE A MORAES INFORMA\u00c7\u00d5ES SOBRE PRIS\u00c3O DE ZAMBELLI - Bahia Economica A Justi\u00e7a da It\u00e1lia enviou ao ministro Alexandre de Moraes, do Supremo Tribunal Federal (STF), uma lista de questionamentos sobre o sistema prisional brasileiro.","og_description":"O maior portal de Economia da Bahia Pol\u00edtica Bahia Economica A Justi\u00e7a da It\u00e1lia enviou ao ministro Alexandre de Moraes, do Supremo Tribunal Federal (STF), uma lista de questionamentos sobre o sistema prisional brasileiro.","og_url":"https:\/\/bahiaeconomica.com.br\/wp\/2025\/12\/08\/justica-da-italia-pede-a-moraes-informacoes-sobre-prisao-de-zambelli\/","og_site_name":"Bahia Economica","article_publisher":"https:\/\/www.facebook.com\/bahiaeconomica","article_published_time":"2025-12-08T22:05:41+00:00","article_modified_time":"2025-12-08T21:45:51+00:00","og_image":[{"width":1200,"height":750,"url":"https:\/\/bahiaeconomica.com.br\/wp\/wp-content\/uploads\/2025\/07\/1_carla_zambelli___ebc-30235304.jpg","type":"image\/jpeg"}],"author":"VICTOR OLIVEIRA","twitter_card":"summary_large_image","twitter_misc":{"Escrito por":"VICTOR OLIVEIRA","Est. tempo de leitura":"3 minutos"},"schema":{"@context":"https:\/\/schema.org","@graph":[{"@type":"Article","@id":"https:\/\/bahiaeconomica.com.br\/wp\/2025\/12\/08\/justica-da-italia-pede-a-moraes-informacoes-sobre-prisao-de-zambelli\/#article","isPartOf":{"@id":"https:\/\/bahiaeconomica.com.br\/wp\/2025\/12\/08\/justica-da-italia-pede-a-moraes-informacoes-sobre-prisao-de-zambelli\/"},"author":{"name":"VICTOR OLIVEIRA","@id":"https:\/\/bahiaeconomica.com.br\/wp\/#\/schema\/person\/a17956d0e1112b626f403fb06b8129a9"},"headline":"JUSTI\u00c7A DA IT\u00c1LIA PEDE A MORAES INFORMA\u00c7\u00d5ES SOBRE PRIS\u00c3O DE ZAMBELLI","datePublished":"2025-12-08T22:05:41+00:00","dateModified":"2025-12-08T21:45:51+00:00","mainEntityOfPage":{"@id":"https:\/\/bahiaeconomica.com.br\/wp\/2025\/12\/08\/justica-da-italia-pede-a-moraes-informacoes-sobre-prisao-de-zambelli\/"},"wordCount":367,"publisher":{"@id":"https:\/\/bahiaeconomica.com.br\/wp\/#organization"},"keywords":["CARLA ZAMBELLI","moraes","Pris\u00e3o","STF"],"articleSection":["Pol\u00edtica"],"inLanguage":"pt-BR"},{"@type":"WebPage","@id":"https:\/\/bahiaeconomica.com.br\/wp\/2025\/12\/08\/justica-da-italia-pede-a-moraes-informacoes-sobre-prisao-de-zambelli\/","url":"https:\/\/bahiaeconomica.com.br\/wp\/2025\/12\/08\/justica-da-italia-pede-a-moraes-informacoes-sobre-prisao-de-zambelli\/","name":"JUSTI\u00c7A DA IT\u00c1LIA PEDE A MORAES INFORMA\u00c7\u00d5ES SOBRE PRIS\u00c3O DE ZAMBELLI - Bahia Economica A Justi\u00e7a da It\u00e1lia enviou ao ministro Alexandre de Moraes, do Supremo Tribunal Federal (STF), uma lista de questionamentos sobre o sistema prisional brasileiro.","isPartOf":{"@id":"https:\/\/bahiaeconomica.com.br\/wp\/#website"},"datePublished":"2025-12-08T22:05:41+00:00","dateModified":"2025-12-08T21:45:51+00:00","description":"O maior portal de Economia da Bahia Pol\u00edtica Bahia Economica A Justi\u00e7a da It\u00e1lia enviou ao ministro Alexandre de Moraes, do Supremo Tribunal Federal (STF), uma lista de questionamentos sobre o sistema prisional brasileiro.","breadcrumb":{"@id":"https:\/\/bahiaeconomica.com.br\/wp\/2025\/12\/08\/justica-da-italia-pede-a-moraes-informacoes-sobre-prisao-de-zambelli\/#breadcrumb"},"inLanguage":"pt-BR","potentialAction":[{"@type":"ReadAction","target":["https:\/\/bahiaeconomica.com.br\/wp\/2025\/12\/08\/justica-da-italia-pede-a-moraes-informacoes-sobre-prisao-de-zambelli\/"]}]},{"@type":"BreadcrumbList","@id":"https:\/\/bahiaeconomica.com.br\/wp\/2025\/12\/08\/justica-da-italia-pede-a-moraes-informacoes-sobre-prisao-de-zambelli\/#breadcrumb","itemListElement":[{"@type":"ListItem","position":1,"name":"In\u00edcio","item":"https:\/\/bahiaeconomica.com.br\/wp\/"},{"@type":"ListItem","position":2,"name":"JUSTI\u00c7A DA IT\u00c1LIA PEDE A MORAES INFORMA\u00c7\u00d5ES SOBRE PRIS\u00c3O DE ZAMBELLI"}]},{"@type":"WebSite","@id":"https:\/\/bahiaeconomica.com.br\/wp\/#website","url":"https:\/\/bahiaeconomica.com.br\/wp\/","name":"Bahia Economica","description":"O maior portal de Economia da Bahia","publisher":{"@id":"https:\/\/bahiaeconomica.com.br\/wp\/#organization"},"potentialAction":[{"@type":"SearchAction","target":{"@type":"EntryPoint","urlTemplate":"https:\/\/bahiaeconomica.com.br\/wp\/?s={search_term_string}"},"query-input":"required name=search_term_string"}],"inLanguage":"pt-BR"},{"@type":"Organization","@id":"https:\/\/bahiaeconomica.com.br\/wp\/#organization","name":"Bahia Econ\u00f4mica","url":"https:\/\/bahiaeconomica.com.br\/wp\/","logo":{"@type":"ImageObject","inLanguage":"pt-BR","@id":"https:\/\/bahiaeconomica.com.br\/wp\/#\/schema\/logo\/image\/","url":"https:\/\/bahiaeconomica.com.br\/wp\/wp-content\/uploads\/2020\/12\/cropped-BE.png","contentUrl":"https:\/\/bahiaeconomica.com.br\/wp\/wp-content\/uploads\/2020\/12\/cropped-BE.png","width":512,"height":512,"caption":"Bahia Econ\u00f4mica"},"image":{"@id":"https:\/\/bahiaeconomica.com.br\/wp\/#\/schema\/logo\/image\/"},"sameAs":["https:\/\/www.facebook.com\/bahiaeconomica"]},{"@type":"Person","@id":"https:\/\/bahiaeconomica.com.br\/wp\/#\/schema\/person\/a17956d0e1112b626f403fb06b8129a9","name":"VICTOR OLIVEIRA","sameAs":["http:\/\/www.bahiaeconomica.com.br"],"url":"https:\/\/bahiaeconomica.com.br\/wp\/author\/victor-oliveira\/"}]}},"views":22,"_links":{"self":[{"href":"https:\/\/bahiaeconomica.com.br\/wp\/wp-json\/wp\/v2\/posts\/959022"}],"collection":[{"href":"https:\/\/bahiaeconomica.com.br\/wp\/wp-json\/wp\/v2\/posts"}],"about":[{"href":"https:\/\/bahiaeconomica.com.br\/wp\/wp-json\/wp\/v2\/types\/post"}],"author":[{"embeddable":true,"href":"https:\/\/bahiaeconomica.com.br\/wp\/wp-json\/wp\/v2\/users\/24"}],"replies":[{"embeddable":true,"href":"https:\/\/bahiaeconomica.com.br\/wp\/wp-json\/wp\/v2\/comments?post=959022"}],"version-history":[{"count":1,"href":"https:\/\/bahiaeconomica.com.br\/wp\/wp-json\/wp\/v2\/posts\/959022\/revisions"}],"predecessor-version":[{"id":959023,"href":"https:\/\/bahiaeconomica.com.br\/wp\/wp-json\/wp\/v2\/posts\/959022\/revisions\/959023"}],"wp:featuredmedia":[{"embeddable":true,"href":"https:\/\/bahiaeconomica.com.br\/wp\/wp-json\/wp\/v2\/media\/916358"}],"wp:attachment":[{"href":"https:\/\/bahiaeconomica.com.br\/wp\/wp-json\/wp\/v2\/media?parent=959022"}],"wp:term":[{"taxonomy":"category","embeddable":true,"href":"https:\/\/bahiaeconomica.com.br\/wp\/wp-json\/wp\/v2\/categories?post=959022"},{"taxonomy":"post_tag","embeddable":true,"href":"https:\/\/bahiaeconomica.com.br\/wp\/wp-json\/wp\/v2\/tags?post=959022"}],"curies":[{"name":"wp","href":"https:\/\/api.w.org\/{rel}","templated":true}]}}