{"id":958971,"date":"2025-12-08T15:21:02","date_gmt":"2025-12-08T18:21:02","guid":{"rendered":"https:\/\/bahiaeconomica.com.br\/wp\/?p=958971"},"modified":"2025-12-08T15:21:02","modified_gmt":"2025-12-08T18:21:02","slug":"mostra-iluminados-reune-arte-e-espiritualidade-no-pelourinho-durante-o-natal-salvador-2025","status":"publish","type":"post","link":"https:\/\/bahiaeconomica.com.br\/wp\/2025\/12\/08\/mostra-iluminados-reune-arte-e-espiritualidade-no-pelourinho-durante-o-natal-salvador-2025\/","title":{"rendered":"MOSTRA \u201cILUMINADOS\u201d RE\u00daNE ARTE E ESPIRITUALIDADE NO PELOURINHO DURANTE O NATAL SALVADOR 2025"},"content":{"rendered":"<p>O Natal de Salvador ganha, a partir desta ter\u00e7a-feira (9), ainda mais brilho e cultura com a abertura da mostra &#8220;Iluminados&#8221;, que ocupa o Espa\u00e7o Uno, no Pelourinho. A iniciativa, que integra a programa\u00e7\u00e3o oficial dos festejos natalinos e segue at\u00e9 6 de janeiro, re\u00fane 27 artistas visuais que, por meio de t\u00e9cnicas diversas, homenageiam quatro figuras emblem\u00e1ticas da hist\u00f3ria da f\u00e9 e da humanidade: Jesus Cristo, Santa Dulce dos Pobres, Madre Teresa de Calcut\u00e1 e o Papa Le\u00e3o XIV.<\/p>\n<p>A exposi\u00e7\u00e3o convida soteropolitanos e turistas a refletir sobre uma luz que vai al\u00e9m da ornamenta\u00e7\u00e3o da cidade: a luz que emana de a\u00e7\u00f5es de bondade e justi\u00e7a. A proposta \u00e9 ampliar o conceito de &#8220;iluminar&#8221; Salvador durante o per\u00edodo natalino. Para o diretor de Ilumina\u00e7\u00e3o P\u00fablica, \u00c2ngelo Magalh\u00e3es, a iniciativa refor\u00e7a a voca\u00e7\u00e3o do Centro Hist\u00f3rico como palco de cultura e espiritualidade.<\/p>\n<p>&#8220;O Natal de Salvador \u00e9 uma grande celebra\u00e7\u00e3o de luz e esperan\u00e7a. O trabalho da DSIP \u00e9 garantir que a cidade brilhe para receber as fam\u00edlias, e iniciativas como a mostra &#8216;Iluminados&#8217; nos lembram que a luz tamb\u00e9m vem da cultura e do exemplo de vida. Apoiar e divulgar a arte no Pelourinho \u00e9 uma forma de manter acesa a chama da nossa hist\u00f3ria e valorizar a mensagem de paz deixada por essas grandes figuras&#8221;, afirmou.<\/p>\n<p>A mostra re\u00fane obras de 27 artistas participantes, entre eles Alysson Costa, Ana Kruschewsky, Andre Araujo, Bernardo Tochilovsky, Bianca Branco, Clarissa Mustaf\u00e1, Daniel Luz, Gustavo Goes, Helena Maria Cruz, Izabel Andion, Jacy Gordinho, Jana Dourado, Jos\u00e9 Henrique Barreto, L\u00e9o Furtado, Lucas Rodrigues, Ludimila Lima, Luiz C. Campos, Lys Florence, Manuela Hereda, Margarida Neide, M\u00e1rio Edson, Maristela dos Anjos, Nilton de Souza, Patricia Dieder Dalmas, Reinaldo Giarola, Rei do Mosaico, Rodrigo Nery e Silvana Lima, cujas cria\u00e7\u00f5es dialogam com diferentes linguagens e interpreta\u00e7\u00f5es sobre os homenageados.<\/p>\n<p>Sob a curadoria do fot\u00f3grafo e artista pl\u00e1stico M\u00e1rio Edson, a mostra prop\u00f5e um olhar humanizado sobre os \u00edcones celebrados. Segundo ele, o objetivo foi integrar arte e reflex\u00e3o ao ambiente festivo do Natal, desafiando os artistas a interpretar o legado desses &#8220;semeadores da paz&#8221; para al\u00e9m da iconografia religiosa tradicional.<\/p>\n<p>&#8220;A import\u00e2ncia deste projeto \u00e9 trazer arte e cultura para um ambiente que costuma ser apenas festivo. Nossa proposta n\u00e3o foi focar exclusivamente na santidade, mas valorizar esses quatro homenageados enquanto seres humanos e pela luta que travaram ao longo de suas exist\u00eancias. Foi um desafio equilibrar as obras, pois a devo\u00e7\u00e3o por Santa Dulce \u00e9 muito forte entre n\u00f3s, mas conseguimos harmonizar a mostra com representa\u00e7\u00f5es bel\u00edssimas de todos os \u00edcones&#8221;, destacou o curador.<\/p>\n<p>A mostra apresenta pinturas, esculturas e t\u00e9cnicas mistas. Entre os expositores est\u00e1 a artista Jacy Gordinho, que apresenta a s\u00e9rie Da Luz ao M\u00e1rmore e a obra Cora\u00e7\u00e3o Ardente e o V\u00e9u de Luz. &#8220;Minhas obras s\u00e3o uma tentativa de materializar a espiritualidade e a for\u00e7a da devo\u00e7\u00e3o. Na s\u00e9rie Da Luz ao M\u00e1rmore, a t\u00e9cnica utilizada busca representar a perenidade do legado dessas figuras. Espero que o p\u00fablico reflita sobre a luz que nos guia e o impacto duradouro dessas vidas iluminadas&#8221;, afirmou.<\/p>\n<p>A visita\u00e7\u00e3o \u00e9 gratuita e ocorre de ter\u00e7a a s\u00e1bado, das 14h \u00e0s 20h. O Espa\u00e7o Uno est\u00e1 localizado na Rua das Portas do Carmo, em frente ao restaurante Maria Mata Mouro.<\/p>\n<p><strong>Servi\u00e7o<\/strong><br \/>\nO qu\u00ea: Mostra coletiva &#8220;Iluminados&#8221;<br \/>\nOnde: Espa\u00e7o Uno \u2013 Rua das Portas do Carmo, Pelourinho (em frente ao restaurante Maria Mata Mouro)<br \/>\nVisita\u00e7\u00e3o: At\u00e9 6 de janeiro de 2025<br \/>\nHor\u00e1rio: Ter\u00e7a a s\u00e1bado, das 14h \u00e0s 20h<br \/>\nEntrada: Gratuita<\/p>\n<p>Foto: Ascom\/ DSIP<\/p>\n","protected":false},"excerpt":{"rendered":"<p>O Natal de Salvador ganha, a partir desta ter\u00e7a-feira (9), ainda mais brilho e cultura com a abertura da mostra &#8220;Iluminados&#8221;, que ocupa o Espa\u00e7o Uno, no Pelourinho. A iniciativa, que integra a programa\u00e7\u00e3o oficial dos festejos natalinos e segue at\u00e9 6 de janeiro, re\u00fane 27 artistas visuais que, por meio de t\u00e9cnicas diversas, homenageiam [&hellip;]<\/p>\n","protected":false},"author":24,"featured_media":958972,"comment_status":"closed","ping_status":"closed","sticky":false,"template":"","format":"standard","meta":[],"categories":[689,5],"tags":[2269,40321,42703,1196],"acf":[],"yoast_head":"<!-- This site is optimized with the Yoast SEO plugin v20.8 - https:\/\/yoast.com\/wordpress\/plugins\/seo\/ -->\n<title>MOSTRA \u201cILUMINADOS\u201d RE\u00daNE ARTE E ESPIRITUALIDADE NO PELOURINHO DURANTE O NATAL SALVADOR 2025 - Bahia Economica O Natal de Salvador ganha, a partir desta ter\u00e7a-feira (9), ainda mais brilho e cultura com a abertura da mostra &quot;Iluminados&quot;, que ocupa o Espa\u00e7o Uno, no Pelourinho<\/title>\n<meta name=\"description\" content=\"O maior portal de Economia da Bahia CULTURA E ARTE, MUNIC\u00cdPIOS Bahia Economica O Natal de Salvador ganha, a partir desta ter\u00e7a-feira (9), ainda mais brilho e cultura com a abertura da mostra &quot;Iluminados&quot;, que ocupa o Espa\u00e7o Uno, no Pelourinho\" \/>\n<meta name=\"robots\" content=\"index, follow, max-snippet:-1, max-image-preview:large, max-video-preview:-1\" \/>\n<link rel=\"canonical\" href=\"https:\/\/bahiaeconomica.com.br\/wp\/2025\/12\/08\/mostra-iluminados-reune-arte-e-espiritualidade-no-pelourinho-durante-o-natal-salvador-2025\/\" \/>\n<meta property=\"og:locale\" content=\"pt_BR\" \/>\n<meta property=\"og:type\" content=\"article\" \/>\n<meta property=\"og:title\" content=\"MOSTRA \u201cILUMINADOS\u201d RE\u00daNE ARTE E ESPIRITUALIDADE NO PELOURINHO DURANTE O NATAL SALVADOR 2025 - Bahia Economica O Natal de Salvador ganha, a partir desta ter\u00e7a-feira (9), ainda mais brilho e cultura com a abertura da mostra &quot;Iluminados&quot;, que ocupa o Espa\u00e7o Uno, no Pelourinho\" \/>\n<meta property=\"og:description\" content=\"O maior portal de Economia da Bahia CULTURA E ARTE, MUNIC\u00cdPIOS Bahia Economica O Natal de Salvador ganha, a partir desta ter\u00e7a-feira (9), ainda mais brilho e cultura com a abertura da mostra &quot;Iluminados&quot;, que ocupa o Espa\u00e7o Uno, no Pelourinho\" \/>\n<meta property=\"og:url\" content=\"https:\/\/bahiaeconomica.com.br\/wp\/2025\/12\/08\/mostra-iluminados-reune-arte-e-espiritualidade-no-pelourinho-durante-o-natal-salvador-2025\/\" \/>\n<meta property=\"og:site_name\" content=\"Bahia Economica\" \/>\n<meta property=\"article:publisher\" content=\"https:\/\/www.facebook.com\/bahiaeconomica\" \/>\n<meta property=\"article:published_time\" content=\"2025-12-08T18:21:02+00:00\" \/>\n<meta property=\"og:image\" content=\"https:\/\/bahiaeconomica.com.br\/wp\/wp-content\/uploads\/2025\/12\/WhatsApp-Image-2025-12-08-at-15.15.26.jpeg\" \/>\n\t<meta property=\"og:image:width\" content=\"240\" \/>\n\t<meta property=\"og:image:height\" content=\"180\" \/>\n\t<meta property=\"og:image:type\" content=\"image\/jpeg\" \/>\n<meta name=\"author\" content=\"VICTOR OLIVEIRA\" \/>\n<meta name=\"twitter:card\" content=\"summary_large_image\" \/>\n<meta name=\"twitter:label1\" content=\"Escrito por\" \/>\n\t<meta name=\"twitter:data1\" content=\"VICTOR OLIVEIRA\" \/>\n\t<meta name=\"twitter:label2\" content=\"Est. tempo de leitura\" \/>\n\t<meta name=\"twitter:data2\" content=\"4 minutos\" \/>\n<script type=\"application\/ld+json\" class=\"yoast-schema-graph\">{\"@context\":\"https:\/\/schema.org\",\"@graph\":[{\"@type\":\"Article\",\"@id\":\"https:\/\/bahiaeconomica.com.br\/wp\/2025\/12\/08\/mostra-iluminados-reune-arte-e-espiritualidade-no-pelourinho-durante-o-natal-salvador-2025\/#article\",\"isPartOf\":{\"@id\":\"https:\/\/bahiaeconomica.com.br\/wp\/2025\/12\/08\/mostra-iluminados-reune-arte-e-espiritualidade-no-pelourinho-durante-o-natal-salvador-2025\/\"},\"author\":{\"name\":\"VICTOR OLIVEIRA\",\"@id\":\"https:\/\/bahiaeconomica.com.br\/wp\/#\/schema\/person\/a17956d0e1112b626f403fb06b8129a9\"},\"headline\":\"MOSTRA \u201cILUMINADOS\u201d RE\u00daNE ARTE E ESPIRITUALIDADE NO PELOURINHO DURANTE O NATAL SALVADOR 2025\",\"datePublished\":\"2025-12-08T18:21:02+00:00\",\"dateModified\":\"2025-12-08T18:21:02+00:00\",\"mainEntityOfPage\":{\"@id\":\"https:\/\/bahiaeconomica.com.br\/wp\/2025\/12\/08\/mostra-iluminados-reune-arte-e-espiritualidade-no-pelourinho-durante-o-natal-salvador-2025\/\"},\"wordCount\":653,\"publisher\":{\"@id\":\"https:\/\/bahiaeconomica.com.br\/wp\/#organization\"},\"keywords\":[\"arte\",\"espiritualidade\",\"iluminados\",\"natal\"],\"articleSection\":[\"CULTURA E ARTE\",\"MUNIC\u00cdPIOS\"],\"inLanguage\":\"pt-BR\"},{\"@type\":\"WebPage\",\"@id\":\"https:\/\/bahiaeconomica.com.br\/wp\/2025\/12\/08\/mostra-iluminados-reune-arte-e-espiritualidade-no-pelourinho-durante-o-natal-salvador-2025\/\",\"url\":\"https:\/\/bahiaeconomica.com.br\/wp\/2025\/12\/08\/mostra-iluminados-reune-arte-e-espiritualidade-no-pelourinho-durante-o-natal-salvador-2025\/\",\"name\":\"MOSTRA \u201cILUMINADOS\u201d RE\u00daNE ARTE E ESPIRITUALIDADE NO PELOURINHO DURANTE O NATAL SALVADOR 2025 - Bahia Economica O Natal de Salvador ganha, a partir desta ter\u00e7a-feira (9), ainda mais brilho e cultura com a abertura da mostra \\\"Iluminados\\\", que ocupa o Espa\u00e7o Uno, no Pelourinho\",\"isPartOf\":{\"@id\":\"https:\/\/bahiaeconomica.com.br\/wp\/#website\"},\"datePublished\":\"2025-12-08T18:21:02+00:00\",\"dateModified\":\"2025-12-08T18:21:02+00:00\",\"description\":\"O maior portal de Economia da Bahia CULTURA E ARTE, MUNIC\u00cdPIOS Bahia Economica O Natal de Salvador ganha, a partir desta ter\u00e7a-feira (9), ainda mais brilho e cultura com a abertura da mostra \\\"Iluminados\\\", que ocupa o Espa\u00e7o Uno, no Pelourinho\",\"breadcrumb\":{\"@id\":\"https:\/\/bahiaeconomica.com.br\/wp\/2025\/12\/08\/mostra-iluminados-reune-arte-e-espiritualidade-no-pelourinho-durante-o-natal-salvador-2025\/#breadcrumb\"},\"inLanguage\":\"pt-BR\",\"potentialAction\":[{\"@type\":\"ReadAction\",\"target\":[\"https:\/\/bahiaeconomica.com.br\/wp\/2025\/12\/08\/mostra-iluminados-reune-arte-e-espiritualidade-no-pelourinho-durante-o-natal-salvador-2025\/\"]}]},{\"@type\":\"BreadcrumbList\",\"@id\":\"https:\/\/bahiaeconomica.com.br\/wp\/2025\/12\/08\/mostra-iluminados-reune-arte-e-espiritualidade-no-pelourinho-durante-o-natal-salvador-2025\/#breadcrumb\",\"itemListElement\":[{\"@type\":\"ListItem\",\"position\":1,\"name\":\"In\u00edcio\",\"item\":\"https:\/\/bahiaeconomica.com.br\/wp\/\"},{\"@type\":\"ListItem\",\"position\":2,\"name\":\"MOSTRA \u201cILUMINADOS\u201d RE\u00daNE ARTE E ESPIRITUALIDADE NO PELOURINHO DURANTE O NATAL SALVADOR 2025\"}]},{\"@type\":\"WebSite\",\"@id\":\"https:\/\/bahiaeconomica.com.br\/wp\/#website\",\"url\":\"https:\/\/bahiaeconomica.com.br\/wp\/\",\"name\":\"Bahia Economica\",\"description\":\"O maior portal de Economia da Bahia\",\"publisher\":{\"@id\":\"https:\/\/bahiaeconomica.com.br\/wp\/#organization\"},\"potentialAction\":[{\"@type\":\"SearchAction\",\"target\":{\"@type\":\"EntryPoint\",\"urlTemplate\":\"https:\/\/bahiaeconomica.com.br\/wp\/?s={search_term_string}\"},\"query-input\":\"required name=search_term_string\"}],\"inLanguage\":\"pt-BR\"},{\"@type\":\"Organization\",\"@id\":\"https:\/\/bahiaeconomica.com.br\/wp\/#organization\",\"name\":\"Bahia Econ\u00f4mica\",\"url\":\"https:\/\/bahiaeconomica.com.br\/wp\/\",\"logo\":{\"@type\":\"ImageObject\",\"inLanguage\":\"pt-BR\",\"@id\":\"https:\/\/bahiaeconomica.com.br\/wp\/#\/schema\/logo\/image\/\",\"url\":\"https:\/\/bahiaeconomica.com.br\/wp\/wp-content\/uploads\/2020\/12\/cropped-BE.png\",\"contentUrl\":\"https:\/\/bahiaeconomica.com.br\/wp\/wp-content\/uploads\/2020\/12\/cropped-BE.png\",\"width\":512,\"height\":512,\"caption\":\"Bahia Econ\u00f4mica\"},\"image\":{\"@id\":\"https:\/\/bahiaeconomica.com.br\/wp\/#\/schema\/logo\/image\/\"},\"sameAs\":[\"https:\/\/www.facebook.com\/bahiaeconomica\"]},{\"@type\":\"Person\",\"@id\":\"https:\/\/bahiaeconomica.com.br\/wp\/#\/schema\/person\/a17956d0e1112b626f403fb06b8129a9\",\"name\":\"VICTOR OLIVEIRA\",\"sameAs\":[\"http:\/\/www.bahiaeconomica.com.br\"],\"url\":\"https:\/\/bahiaeconomica.com.br\/wp\/author\/victor-oliveira\/\"}]}<\/script>\n<!-- \/ Yoast SEO plugin. -->","yoast_head_json":{"title":"MOSTRA \u201cILUMINADOS\u201d RE\u00daNE ARTE E ESPIRITUALIDADE NO PELOURINHO DURANTE O NATAL SALVADOR 2025 - Bahia Economica O Natal de Salvador ganha, a partir desta ter\u00e7a-feira (9), ainda mais brilho e cultura com a abertura da mostra \"Iluminados\", que ocupa o Espa\u00e7o Uno, no Pelourinho","description":"O maior portal de Economia da Bahia CULTURA E ARTE, MUNIC\u00cdPIOS Bahia Economica O Natal de Salvador ganha, a partir desta ter\u00e7a-feira (9), ainda mais brilho e cultura com a abertura da mostra \"Iluminados\", que ocupa o Espa\u00e7o Uno, no Pelourinho","robots":{"index":"index","follow":"follow","max-snippet":"max-snippet:-1","max-image-preview":"max-image-preview:large","max-video-preview":"max-video-preview:-1"},"canonical":"https:\/\/bahiaeconomica.com.br\/wp\/2025\/12\/08\/mostra-iluminados-reune-arte-e-espiritualidade-no-pelourinho-durante-o-natal-salvador-2025\/","og_locale":"pt_BR","og_type":"article","og_title":"MOSTRA \u201cILUMINADOS\u201d RE\u00daNE ARTE E ESPIRITUALIDADE NO PELOURINHO DURANTE O NATAL SALVADOR 2025 - Bahia Economica O Natal de Salvador ganha, a partir desta ter\u00e7a-feira (9), ainda mais brilho e cultura com a abertura da mostra \"Iluminados\", que ocupa o Espa\u00e7o Uno, no Pelourinho","og_description":"O maior portal de Economia da Bahia CULTURA E ARTE, MUNIC\u00cdPIOS Bahia Economica O Natal de Salvador ganha, a partir desta ter\u00e7a-feira (9), ainda mais brilho e cultura com a abertura da mostra \"Iluminados\", que ocupa o Espa\u00e7o Uno, no Pelourinho","og_url":"https:\/\/bahiaeconomica.com.br\/wp\/2025\/12\/08\/mostra-iluminados-reune-arte-e-espiritualidade-no-pelourinho-durante-o-natal-salvador-2025\/","og_site_name":"Bahia Economica","article_publisher":"https:\/\/www.facebook.com\/bahiaeconomica","article_published_time":"2025-12-08T18:21:02+00:00","og_image":[{"width":240,"height":180,"url":"https:\/\/bahiaeconomica.com.br\/wp\/wp-content\/uploads\/2025\/12\/WhatsApp-Image-2025-12-08-at-15.15.26.jpeg","type":"image\/jpeg"}],"author":"VICTOR OLIVEIRA","twitter_card":"summary_large_image","twitter_misc":{"Escrito por":"VICTOR OLIVEIRA","Est. tempo de leitura":"4 minutos"},"schema":{"@context":"https:\/\/schema.org","@graph":[{"@type":"Article","@id":"https:\/\/bahiaeconomica.com.br\/wp\/2025\/12\/08\/mostra-iluminados-reune-arte-e-espiritualidade-no-pelourinho-durante-o-natal-salvador-2025\/#article","isPartOf":{"@id":"https:\/\/bahiaeconomica.com.br\/wp\/2025\/12\/08\/mostra-iluminados-reune-arte-e-espiritualidade-no-pelourinho-durante-o-natal-salvador-2025\/"},"author":{"name":"VICTOR OLIVEIRA","@id":"https:\/\/bahiaeconomica.com.br\/wp\/#\/schema\/person\/a17956d0e1112b626f403fb06b8129a9"},"headline":"MOSTRA \u201cILUMINADOS\u201d RE\u00daNE ARTE E ESPIRITUALIDADE NO PELOURINHO DURANTE O NATAL SALVADOR 2025","datePublished":"2025-12-08T18:21:02+00:00","dateModified":"2025-12-08T18:21:02+00:00","mainEntityOfPage":{"@id":"https:\/\/bahiaeconomica.com.br\/wp\/2025\/12\/08\/mostra-iluminados-reune-arte-e-espiritualidade-no-pelourinho-durante-o-natal-salvador-2025\/"},"wordCount":653,"publisher":{"@id":"https:\/\/bahiaeconomica.com.br\/wp\/#organization"},"keywords":["arte","espiritualidade","iluminados","natal"],"articleSection":["CULTURA E ARTE","MUNIC\u00cdPIOS"],"inLanguage":"pt-BR"},{"@type":"WebPage","@id":"https:\/\/bahiaeconomica.com.br\/wp\/2025\/12\/08\/mostra-iluminados-reune-arte-e-espiritualidade-no-pelourinho-durante-o-natal-salvador-2025\/","url":"https:\/\/bahiaeconomica.com.br\/wp\/2025\/12\/08\/mostra-iluminados-reune-arte-e-espiritualidade-no-pelourinho-durante-o-natal-salvador-2025\/","name":"MOSTRA \u201cILUMINADOS\u201d RE\u00daNE ARTE E ESPIRITUALIDADE NO PELOURINHO DURANTE O NATAL SALVADOR 2025 - Bahia Economica O Natal de Salvador ganha, a partir desta ter\u00e7a-feira (9), ainda mais brilho e cultura com a abertura da mostra \"Iluminados\", que ocupa o Espa\u00e7o Uno, no Pelourinho","isPartOf":{"@id":"https:\/\/bahiaeconomica.com.br\/wp\/#website"},"datePublished":"2025-12-08T18:21:02+00:00","dateModified":"2025-12-08T18:21:02+00:00","description":"O maior portal de Economia da Bahia CULTURA E ARTE, MUNIC\u00cdPIOS Bahia Economica O Natal de Salvador ganha, a partir desta ter\u00e7a-feira (9), ainda mais brilho e cultura com a abertura da mostra \"Iluminados\", que ocupa o Espa\u00e7o Uno, no Pelourinho","breadcrumb":{"@id":"https:\/\/bahiaeconomica.com.br\/wp\/2025\/12\/08\/mostra-iluminados-reune-arte-e-espiritualidade-no-pelourinho-durante-o-natal-salvador-2025\/#breadcrumb"},"inLanguage":"pt-BR","potentialAction":[{"@type":"ReadAction","target":["https:\/\/bahiaeconomica.com.br\/wp\/2025\/12\/08\/mostra-iluminados-reune-arte-e-espiritualidade-no-pelourinho-durante-o-natal-salvador-2025\/"]}]},{"@type":"BreadcrumbList","@id":"https:\/\/bahiaeconomica.com.br\/wp\/2025\/12\/08\/mostra-iluminados-reune-arte-e-espiritualidade-no-pelourinho-durante-o-natal-salvador-2025\/#breadcrumb","itemListElement":[{"@type":"ListItem","position":1,"name":"In\u00edcio","item":"https:\/\/bahiaeconomica.com.br\/wp\/"},{"@type":"ListItem","position":2,"name":"MOSTRA \u201cILUMINADOS\u201d RE\u00daNE ARTE E ESPIRITUALIDADE NO PELOURINHO DURANTE O NATAL SALVADOR 2025"}]},{"@type":"WebSite","@id":"https:\/\/bahiaeconomica.com.br\/wp\/#website","url":"https:\/\/bahiaeconomica.com.br\/wp\/","name":"Bahia Economica","description":"O maior portal de Economia da Bahia","publisher":{"@id":"https:\/\/bahiaeconomica.com.br\/wp\/#organization"},"potentialAction":[{"@type":"SearchAction","target":{"@type":"EntryPoint","urlTemplate":"https:\/\/bahiaeconomica.com.br\/wp\/?s={search_term_string}"},"query-input":"required name=search_term_string"}],"inLanguage":"pt-BR"},{"@type":"Organization","@id":"https:\/\/bahiaeconomica.com.br\/wp\/#organization","name":"Bahia Econ\u00f4mica","url":"https:\/\/bahiaeconomica.com.br\/wp\/","logo":{"@type":"ImageObject","inLanguage":"pt-BR","@id":"https:\/\/bahiaeconomica.com.br\/wp\/#\/schema\/logo\/image\/","url":"https:\/\/bahiaeconomica.com.br\/wp\/wp-content\/uploads\/2020\/12\/cropped-BE.png","contentUrl":"https:\/\/bahiaeconomica.com.br\/wp\/wp-content\/uploads\/2020\/12\/cropped-BE.png","width":512,"height":512,"caption":"Bahia Econ\u00f4mica"},"image":{"@id":"https:\/\/bahiaeconomica.com.br\/wp\/#\/schema\/logo\/image\/"},"sameAs":["https:\/\/www.facebook.com\/bahiaeconomica"]},{"@type":"Person","@id":"https:\/\/bahiaeconomica.com.br\/wp\/#\/schema\/person\/a17956d0e1112b626f403fb06b8129a9","name":"VICTOR OLIVEIRA","sameAs":["http:\/\/www.bahiaeconomica.com.br"],"url":"https:\/\/bahiaeconomica.com.br\/wp\/author\/victor-oliveira\/"}]}},"views":18,"_links":{"self":[{"href":"https:\/\/bahiaeconomica.com.br\/wp\/wp-json\/wp\/v2\/posts\/958971"}],"collection":[{"href":"https:\/\/bahiaeconomica.com.br\/wp\/wp-json\/wp\/v2\/posts"}],"about":[{"href":"https:\/\/bahiaeconomica.com.br\/wp\/wp-json\/wp\/v2\/types\/post"}],"author":[{"embeddable":true,"href":"https:\/\/bahiaeconomica.com.br\/wp\/wp-json\/wp\/v2\/users\/24"}],"replies":[{"embeddable":true,"href":"https:\/\/bahiaeconomica.com.br\/wp\/wp-json\/wp\/v2\/comments?post=958971"}],"version-history":[{"count":1,"href":"https:\/\/bahiaeconomica.com.br\/wp\/wp-json\/wp\/v2\/posts\/958971\/revisions"}],"predecessor-version":[{"id":958973,"href":"https:\/\/bahiaeconomica.com.br\/wp\/wp-json\/wp\/v2\/posts\/958971\/revisions\/958973"}],"wp:featuredmedia":[{"embeddable":true,"href":"https:\/\/bahiaeconomica.com.br\/wp\/wp-json\/wp\/v2\/media\/958972"}],"wp:attachment":[{"href":"https:\/\/bahiaeconomica.com.br\/wp\/wp-json\/wp\/v2\/media?parent=958971"}],"wp:term":[{"taxonomy":"category","embeddable":true,"href":"https:\/\/bahiaeconomica.com.br\/wp\/wp-json\/wp\/v2\/categories?post=958971"},{"taxonomy":"post_tag","embeddable":true,"href":"https:\/\/bahiaeconomica.com.br\/wp\/wp-json\/wp\/v2\/tags?post=958971"}],"curies":[{"name":"wp","href":"https:\/\/api.w.org\/{rel}","templated":true}]}}