{"id":958959,"date":"2025-12-08T14:27:08","date_gmt":"2025-12-08T17:27:08","guid":{"rendered":"https:\/\/bahiaeconomica.com.br\/wp\/?p=958959"},"modified":"2025-12-08T14:27:08","modified_gmt":"2025-12-08T17:27:08","slug":"nao-faltarao-recursos-para-o-minha-casa-minha-vida-afirma-ministro","status":"publish","type":"post","link":"https:\/\/bahiaeconomica.com.br\/wp\/2025\/12\/08\/nao-faltarao-recursos-para-o-minha-casa-minha-vida-afirma-ministro\/","title":{"rendered":"N\u00c3O FALTAR\u00c3O RECURSOS PARA O MINHA CASA, MINHA VIDA, AFIRMA MINISTRO"},"content":{"rendered":"<article>O ministro das Cidades, Jader Filho, disse que o governo tem os recursos dispon\u00edveis para cumprir a meta de contratar 3 milh\u00f5es de unidades dentro do Programa Minha Casa, Minha Vida at\u00e9 o fim de 2026. A expectativa da Pasta \u00e9 que o programa termine o ano com um estoque de aproximadamente 2 milh\u00f5es de contrata\u00e7\u00f5es desde o in\u00edcio do mandato do presidente da Rep\u00fablica, Luiz In\u00e1cio Lula da Silva.<\/p>\n<p>\u201cTemos hoje a seguran\u00e7a para dar ao mercado de que n\u00e3o haver\u00e1 falta de recurso no Minha Casa, Minha Vida. As pessoas podem contratar, as empresas podem acreditar no programa que n\u00e3o ter\u00e1 nenhum tipo de solu\u00e7o\u201d, declarou Jader, em caf\u00e9 da manh\u00e3 com jornalistas nesta segunda-feira, 8.<\/p>\n<p>O ministro acrescentou que as faixas de renda do programa ser\u00e3o corrigidas no in\u00edcio de 2026. A faixa 1, atualmente com teto de R$ R$ 2.850,00, dever\u00e1 ser atualizada para cerca de dois sal\u00e1rios m\u00ednimos.<\/p>\n<p>Segundo Jader, em novembro foram feitas 80 mil contrata\u00e7\u00f5es de novos financiamentos, n\u00famero que o governo espera se repetir nos pr\u00f3ximos meses. At\u00e9 outubro, a m\u00e9dia era de 60 mil contrata\u00e7\u00f5es por m\u00eas. Atualmente, a cada tr\u00eas contrata\u00e7\u00f5es, uma \u00e9 destinada \u00e0 primeira faixa de renda.<\/p>\n<p>\u201cO PIB da constru\u00e7\u00e3o civil est\u00e1 puxando a economia brasileira, e quem est\u00e1 puxando a constru\u00e7\u00e3o civil \u00e9 o Minha Casa, Minha Vida. Hoje, 67% dos lan\u00e7amentos em S\u00e3o Paulo s\u00e3o do programa\u201d, completou o ministro.<\/p>\n<p><b>Elei\u00e7\u00e3o<\/b><\/p>\n<p>Apesar de o calend\u00e1rio eleitoral restringir algumas a\u00e7\u00f5es, como cerim\u00f4nias, o ministro diz acreditar que n\u00e3o haver\u00e1 preju\u00edzo para a entrega das unidades contratadas em 2026. Ele afirma que 60% dos im\u00f3veis ficar\u00e3o prontos no primeiro semestre e que o pr\u00f3ximo ano ser\u00e1 o com mais entregas do atual governo, com a expectativa de cerca de 40 mil chaves.<\/p>\n<p>Jader Filho voltou a dizer que deve sair do governo at\u00e9 mar\u00e7o do ano que vem, prazo para quem for concorrer \u00e0 elei\u00e7\u00e3o se descompatibilizar de cargos p\u00fablicos. Jader deve concorrer a deputado federal pelo Par\u00e1.<\/p>\n<p>\u201cTemos gente muito qualificada no minist\u00e9rio, n\u00e3o haver\u00e1 solu\u00e7o nas pol\u00edticas em andamento\u201d, disse ele.<\/p>\n<p>Fonte: Estad\u00e3o Conte\u00fado<\/p>\n<p>Foto: Evaristo\/Sa \/ AFP<\/p>\n<\/article>\n","protected":false},"excerpt":{"rendered":"<p>O ministro das Cidades, Jader Filho, disse que o governo tem os recursos dispon\u00edveis para cumprir a meta de contratar 3 milh\u00f5es de unidades dentro do Programa Minha Casa, Minha Vida at\u00e9 o fim de 2026. A expectativa da Pasta \u00e9 que o programa termine o ano com um estoque de aproximadamente 2 milh\u00f5es de [&hellip;]<\/p>\n","protected":false},"author":24,"featured_media":958960,"comment_status":"closed","ping_status":"closed","sticky":false,"template":"","format":"standard","meta":[],"categories":[3],"tags":[10610,10609],"acf":[],"yoast_head":"<!-- This site is optimized with the Yoast SEO plugin v20.8 - https:\/\/yoast.com\/wordpress\/plugins\/seo\/ -->\n<title>N\u00c3O FALTAR\u00c3O RECURSOS PARA O MINHA CASA, MINHA VIDA, AFIRMA MINISTRO - Bahia Economica O ministro das Cidades, Jader Filho, disse que o governo tem os recursos dispon\u00edveis para cumprir a meta de contratar 3 milh\u00f5es de unidades dentro do Programa Minha Casa, Minha Vida at\u00e9 o fim de 2026.<\/title>\n<meta name=\"description\" content=\"O maior portal de Economia da Bahia ECONOMIA \/ POL\u00cdTICA Bahia Economica O ministro das Cidades, Jader Filho, disse que o governo tem os recursos dispon\u00edveis para cumprir a meta de contratar 3 milh\u00f5es de unidades dentro do Programa Minha Casa, Minha Vida at\u00e9 o fim de 2026.\" \/>\n<meta name=\"robots\" content=\"index, follow, max-snippet:-1, max-image-preview:large, max-video-preview:-1\" \/>\n<link rel=\"canonical\" href=\"https:\/\/bahiaeconomica.com.br\/wp\/2025\/12\/08\/nao-faltarao-recursos-para-o-minha-casa-minha-vida-afirma-ministro\/\" \/>\n<meta property=\"og:locale\" content=\"pt_BR\" \/>\n<meta property=\"og:type\" content=\"article\" \/>\n<meta property=\"og:title\" content=\"N\u00c3O FALTAR\u00c3O RECURSOS PARA O MINHA CASA, MINHA VIDA, AFIRMA MINISTRO - Bahia Economica O ministro das Cidades, Jader Filho, disse que o governo tem os recursos dispon\u00edveis para cumprir a meta de contratar 3 milh\u00f5es de unidades dentro do Programa Minha Casa, Minha Vida at\u00e9 o fim de 2026.\" \/>\n<meta property=\"og:description\" content=\"O maior portal de Economia da Bahia ECONOMIA \/ POL\u00cdTICA Bahia Economica O ministro das Cidades, Jader Filho, disse que o governo tem os recursos dispon\u00edveis para cumprir a meta de contratar 3 milh\u00f5es de unidades dentro do Programa Minha Casa, Minha Vida at\u00e9 o fim de 2026.\" \/>\n<meta property=\"og:url\" content=\"https:\/\/bahiaeconomica.com.br\/wp\/2025\/12\/08\/nao-faltarao-recursos-para-o-minha-casa-minha-vida-afirma-ministro\/\" \/>\n<meta property=\"og:site_name\" content=\"Bahia Economica\" \/>\n<meta property=\"article:publisher\" content=\"https:\/\/www.facebook.com\/bahiaeconomica\" \/>\n<meta property=\"article:published_time\" content=\"2025-12-08T17:27:08+00:00\" \/>\n<meta property=\"og:image\" content=\"https:\/\/bahiaeconomica.com.br\/wp\/wp-content\/uploads\/2025\/12\/afp-20250918-76286dn-v1-midres-brazilpoliticsgovernment.jpg\" \/>\n\t<meta property=\"og:image:width\" content=\"1100\" \/>\n\t<meta property=\"og:image:height\" content=\"734\" \/>\n\t<meta property=\"og:image:type\" content=\"image\/jpeg\" \/>\n<meta name=\"author\" content=\"VICTOR OLIVEIRA\" \/>\n<meta name=\"twitter:card\" content=\"summary_large_image\" \/>\n<meta name=\"twitter:label1\" content=\"Escrito por\" \/>\n\t<meta name=\"twitter:data1\" content=\"VICTOR OLIVEIRA\" \/>\n\t<meta name=\"twitter:label2\" content=\"Est. tempo de leitura\" \/>\n\t<meta name=\"twitter:data2\" content=\"2 minutos\" \/>\n<script type=\"application\/ld+json\" class=\"yoast-schema-graph\">{\"@context\":\"https:\/\/schema.org\",\"@graph\":[{\"@type\":\"Article\",\"@id\":\"https:\/\/bahiaeconomica.com.br\/wp\/2025\/12\/08\/nao-faltarao-recursos-para-o-minha-casa-minha-vida-afirma-ministro\/#article\",\"isPartOf\":{\"@id\":\"https:\/\/bahiaeconomica.com.br\/wp\/2025\/12\/08\/nao-faltarao-recursos-para-o-minha-casa-minha-vida-afirma-ministro\/\"},\"author\":{\"name\":\"VICTOR OLIVEIRA\",\"@id\":\"https:\/\/bahiaeconomica.com.br\/wp\/#\/schema\/person\/a17956d0e1112b626f403fb06b8129a9\"},\"headline\":\"N\u00c3O FALTAR\u00c3O RECURSOS PARA O MINHA CASA, MINHA VIDA, AFIRMA MINISTRO\",\"datePublished\":\"2025-12-08T17:27:08+00:00\",\"dateModified\":\"2025-12-08T17:27:08+00:00\",\"mainEntityOfPage\":{\"@id\":\"https:\/\/bahiaeconomica.com.br\/wp\/2025\/12\/08\/nao-faltarao-recursos-para-o-minha-casa-minha-vida-afirma-ministro\/\"},\"wordCount\":394,\"publisher\":{\"@id\":\"https:\/\/bahiaeconomica.com.br\/wp\/#organization\"},\"keywords\":[\"Jader Filho\",\"Minha Casa Minha Vida\"],\"articleSection\":[\"ECONOMIA \/ POL\u00cdTICA\"],\"inLanguage\":\"pt-BR\"},{\"@type\":\"WebPage\",\"@id\":\"https:\/\/bahiaeconomica.com.br\/wp\/2025\/12\/08\/nao-faltarao-recursos-para-o-minha-casa-minha-vida-afirma-ministro\/\",\"url\":\"https:\/\/bahiaeconomica.com.br\/wp\/2025\/12\/08\/nao-faltarao-recursos-para-o-minha-casa-minha-vida-afirma-ministro\/\",\"name\":\"N\u00c3O FALTAR\u00c3O RECURSOS PARA O MINHA CASA, MINHA VIDA, AFIRMA MINISTRO - Bahia Economica O ministro das Cidades, Jader Filho, disse que o governo tem os recursos dispon\u00edveis para cumprir a meta de contratar 3 milh\u00f5es de unidades dentro do Programa Minha Casa, Minha Vida at\u00e9 o fim de 2026.\",\"isPartOf\":{\"@id\":\"https:\/\/bahiaeconomica.com.br\/wp\/#website\"},\"datePublished\":\"2025-12-08T17:27:08+00:00\",\"dateModified\":\"2025-12-08T17:27:08+00:00\",\"description\":\"O maior portal de Economia da Bahia ECONOMIA \/ POL\u00cdTICA Bahia Economica O ministro das Cidades, Jader Filho, disse que o governo tem os recursos dispon\u00edveis para cumprir a meta de contratar 3 milh\u00f5es de unidades dentro do Programa Minha Casa, Minha Vida at\u00e9 o fim de 2026.\",\"breadcrumb\":{\"@id\":\"https:\/\/bahiaeconomica.com.br\/wp\/2025\/12\/08\/nao-faltarao-recursos-para-o-minha-casa-minha-vida-afirma-ministro\/#breadcrumb\"},\"inLanguage\":\"pt-BR\",\"potentialAction\":[{\"@type\":\"ReadAction\",\"target\":[\"https:\/\/bahiaeconomica.com.br\/wp\/2025\/12\/08\/nao-faltarao-recursos-para-o-minha-casa-minha-vida-afirma-ministro\/\"]}]},{\"@type\":\"BreadcrumbList\",\"@id\":\"https:\/\/bahiaeconomica.com.br\/wp\/2025\/12\/08\/nao-faltarao-recursos-para-o-minha-casa-minha-vida-afirma-ministro\/#breadcrumb\",\"itemListElement\":[{\"@type\":\"ListItem\",\"position\":1,\"name\":\"In\u00edcio\",\"item\":\"https:\/\/bahiaeconomica.com.br\/wp\/\"},{\"@type\":\"ListItem\",\"position\":2,\"name\":\"N\u00c3O FALTAR\u00c3O RECURSOS PARA O MINHA CASA, MINHA VIDA, AFIRMA MINISTRO\"}]},{\"@type\":\"WebSite\",\"@id\":\"https:\/\/bahiaeconomica.com.br\/wp\/#website\",\"url\":\"https:\/\/bahiaeconomica.com.br\/wp\/\",\"name\":\"Bahia Economica\",\"description\":\"O maior portal de Economia da Bahia\",\"publisher\":{\"@id\":\"https:\/\/bahiaeconomica.com.br\/wp\/#organization\"},\"potentialAction\":[{\"@type\":\"SearchAction\",\"target\":{\"@type\":\"EntryPoint\",\"urlTemplate\":\"https:\/\/bahiaeconomica.com.br\/wp\/?s={search_term_string}\"},\"query-input\":\"required name=search_term_string\"}],\"inLanguage\":\"pt-BR\"},{\"@type\":\"Organization\",\"@id\":\"https:\/\/bahiaeconomica.com.br\/wp\/#organization\",\"name\":\"Bahia Econ\u00f4mica\",\"url\":\"https:\/\/bahiaeconomica.com.br\/wp\/\",\"logo\":{\"@type\":\"ImageObject\",\"inLanguage\":\"pt-BR\",\"@id\":\"https:\/\/bahiaeconomica.com.br\/wp\/#\/schema\/logo\/image\/\",\"url\":\"https:\/\/bahiaeconomica.com.br\/wp\/wp-content\/uploads\/2020\/12\/cropped-BE.png\",\"contentUrl\":\"https:\/\/bahiaeconomica.com.br\/wp\/wp-content\/uploads\/2020\/12\/cropped-BE.png\",\"width\":512,\"height\":512,\"caption\":\"Bahia Econ\u00f4mica\"},\"image\":{\"@id\":\"https:\/\/bahiaeconomica.com.br\/wp\/#\/schema\/logo\/image\/\"},\"sameAs\":[\"https:\/\/www.facebook.com\/bahiaeconomica\"]},{\"@type\":\"Person\",\"@id\":\"https:\/\/bahiaeconomica.com.br\/wp\/#\/schema\/person\/a17956d0e1112b626f403fb06b8129a9\",\"name\":\"VICTOR OLIVEIRA\",\"sameAs\":[\"http:\/\/www.bahiaeconomica.com.br\"],\"url\":\"https:\/\/bahiaeconomica.com.br\/wp\/author\/victor-oliveira\/\"}]}<\/script>\n<!-- \/ Yoast SEO plugin. -->","yoast_head_json":{"title":"N\u00c3O FALTAR\u00c3O RECURSOS PARA O MINHA CASA, MINHA VIDA, AFIRMA MINISTRO - Bahia Economica O ministro das Cidades, Jader Filho, disse que o governo tem os recursos dispon\u00edveis para cumprir a meta de contratar 3 milh\u00f5es de unidades dentro do Programa Minha Casa, Minha Vida at\u00e9 o fim de 2026.","description":"O maior portal de Economia da Bahia ECONOMIA \/ POL\u00cdTICA Bahia Economica O ministro das Cidades, Jader Filho, disse que o governo tem os recursos dispon\u00edveis para cumprir a meta de contratar 3 milh\u00f5es de unidades dentro do Programa Minha Casa, Minha Vida at\u00e9 o fim de 2026.","robots":{"index":"index","follow":"follow","max-snippet":"max-snippet:-1","max-image-preview":"max-image-preview:large","max-video-preview":"max-video-preview:-1"},"canonical":"https:\/\/bahiaeconomica.com.br\/wp\/2025\/12\/08\/nao-faltarao-recursos-para-o-minha-casa-minha-vida-afirma-ministro\/","og_locale":"pt_BR","og_type":"article","og_title":"N\u00c3O FALTAR\u00c3O RECURSOS PARA O MINHA CASA, MINHA VIDA, AFIRMA MINISTRO - Bahia Economica O ministro das Cidades, Jader Filho, disse que o governo tem os recursos dispon\u00edveis para cumprir a meta de contratar 3 milh\u00f5es de unidades dentro do Programa Minha Casa, Minha Vida at\u00e9 o fim de 2026.","og_description":"O maior portal de Economia da Bahia ECONOMIA \/ POL\u00cdTICA Bahia Economica O ministro das Cidades, Jader Filho, disse que o governo tem os recursos dispon\u00edveis para cumprir a meta de contratar 3 milh\u00f5es de unidades dentro do Programa Minha Casa, Minha Vida at\u00e9 o fim de 2026.","og_url":"https:\/\/bahiaeconomica.com.br\/wp\/2025\/12\/08\/nao-faltarao-recursos-para-o-minha-casa-minha-vida-afirma-ministro\/","og_site_name":"Bahia Economica","article_publisher":"https:\/\/www.facebook.com\/bahiaeconomica","article_published_time":"2025-12-08T17:27:08+00:00","og_image":[{"width":1100,"height":734,"url":"https:\/\/bahiaeconomica.com.br\/wp\/wp-content\/uploads\/2025\/12\/afp-20250918-76286dn-v1-midres-brazilpoliticsgovernment.jpg","type":"image\/jpeg"}],"author":"VICTOR OLIVEIRA","twitter_card":"summary_large_image","twitter_misc":{"Escrito por":"VICTOR OLIVEIRA","Est. tempo de leitura":"2 minutos"},"schema":{"@context":"https:\/\/schema.org","@graph":[{"@type":"Article","@id":"https:\/\/bahiaeconomica.com.br\/wp\/2025\/12\/08\/nao-faltarao-recursos-para-o-minha-casa-minha-vida-afirma-ministro\/#article","isPartOf":{"@id":"https:\/\/bahiaeconomica.com.br\/wp\/2025\/12\/08\/nao-faltarao-recursos-para-o-minha-casa-minha-vida-afirma-ministro\/"},"author":{"name":"VICTOR OLIVEIRA","@id":"https:\/\/bahiaeconomica.com.br\/wp\/#\/schema\/person\/a17956d0e1112b626f403fb06b8129a9"},"headline":"N\u00c3O FALTAR\u00c3O RECURSOS PARA O MINHA CASA, MINHA VIDA, AFIRMA MINISTRO","datePublished":"2025-12-08T17:27:08+00:00","dateModified":"2025-12-08T17:27:08+00:00","mainEntityOfPage":{"@id":"https:\/\/bahiaeconomica.com.br\/wp\/2025\/12\/08\/nao-faltarao-recursos-para-o-minha-casa-minha-vida-afirma-ministro\/"},"wordCount":394,"publisher":{"@id":"https:\/\/bahiaeconomica.com.br\/wp\/#organization"},"keywords":["Jader Filho","Minha Casa Minha Vida"],"articleSection":["ECONOMIA \/ POL\u00cdTICA"],"inLanguage":"pt-BR"},{"@type":"WebPage","@id":"https:\/\/bahiaeconomica.com.br\/wp\/2025\/12\/08\/nao-faltarao-recursos-para-o-minha-casa-minha-vida-afirma-ministro\/","url":"https:\/\/bahiaeconomica.com.br\/wp\/2025\/12\/08\/nao-faltarao-recursos-para-o-minha-casa-minha-vida-afirma-ministro\/","name":"N\u00c3O FALTAR\u00c3O RECURSOS PARA O MINHA CASA, MINHA VIDA, AFIRMA MINISTRO - Bahia Economica O ministro das Cidades, Jader Filho, disse que o governo tem os recursos dispon\u00edveis para cumprir a meta de contratar 3 milh\u00f5es de unidades dentro do Programa Minha Casa, Minha Vida at\u00e9 o fim de 2026.","isPartOf":{"@id":"https:\/\/bahiaeconomica.com.br\/wp\/#website"},"datePublished":"2025-12-08T17:27:08+00:00","dateModified":"2025-12-08T17:27:08+00:00","description":"O maior portal de Economia da Bahia ECONOMIA \/ POL\u00cdTICA Bahia Economica O ministro das Cidades, Jader Filho, disse que o governo tem os recursos dispon\u00edveis para cumprir a meta de contratar 3 milh\u00f5es de unidades dentro do Programa Minha Casa, Minha Vida at\u00e9 o fim de 2026.","breadcrumb":{"@id":"https:\/\/bahiaeconomica.com.br\/wp\/2025\/12\/08\/nao-faltarao-recursos-para-o-minha-casa-minha-vida-afirma-ministro\/#breadcrumb"},"inLanguage":"pt-BR","potentialAction":[{"@type":"ReadAction","target":["https:\/\/bahiaeconomica.com.br\/wp\/2025\/12\/08\/nao-faltarao-recursos-para-o-minha-casa-minha-vida-afirma-ministro\/"]}]},{"@type":"BreadcrumbList","@id":"https:\/\/bahiaeconomica.com.br\/wp\/2025\/12\/08\/nao-faltarao-recursos-para-o-minha-casa-minha-vida-afirma-ministro\/#breadcrumb","itemListElement":[{"@type":"ListItem","position":1,"name":"In\u00edcio","item":"https:\/\/bahiaeconomica.com.br\/wp\/"},{"@type":"ListItem","position":2,"name":"N\u00c3O FALTAR\u00c3O RECURSOS PARA O MINHA CASA, MINHA VIDA, AFIRMA MINISTRO"}]},{"@type":"WebSite","@id":"https:\/\/bahiaeconomica.com.br\/wp\/#website","url":"https:\/\/bahiaeconomica.com.br\/wp\/","name":"Bahia Economica","description":"O maior portal de Economia da Bahia","publisher":{"@id":"https:\/\/bahiaeconomica.com.br\/wp\/#organization"},"potentialAction":[{"@type":"SearchAction","target":{"@type":"EntryPoint","urlTemplate":"https:\/\/bahiaeconomica.com.br\/wp\/?s={search_term_string}"},"query-input":"required name=search_term_string"}],"inLanguage":"pt-BR"},{"@type":"Organization","@id":"https:\/\/bahiaeconomica.com.br\/wp\/#organization","name":"Bahia Econ\u00f4mica","url":"https:\/\/bahiaeconomica.com.br\/wp\/","logo":{"@type":"ImageObject","inLanguage":"pt-BR","@id":"https:\/\/bahiaeconomica.com.br\/wp\/#\/schema\/logo\/image\/","url":"https:\/\/bahiaeconomica.com.br\/wp\/wp-content\/uploads\/2020\/12\/cropped-BE.png","contentUrl":"https:\/\/bahiaeconomica.com.br\/wp\/wp-content\/uploads\/2020\/12\/cropped-BE.png","width":512,"height":512,"caption":"Bahia Econ\u00f4mica"},"image":{"@id":"https:\/\/bahiaeconomica.com.br\/wp\/#\/schema\/logo\/image\/"},"sameAs":["https:\/\/www.facebook.com\/bahiaeconomica"]},{"@type":"Person","@id":"https:\/\/bahiaeconomica.com.br\/wp\/#\/schema\/person\/a17956d0e1112b626f403fb06b8129a9","name":"VICTOR OLIVEIRA","sameAs":["http:\/\/www.bahiaeconomica.com.br"],"url":"https:\/\/bahiaeconomica.com.br\/wp\/author\/victor-oliveira\/"}]}},"views":12,"_links":{"self":[{"href":"https:\/\/bahiaeconomica.com.br\/wp\/wp-json\/wp\/v2\/posts\/958959"}],"collection":[{"href":"https:\/\/bahiaeconomica.com.br\/wp\/wp-json\/wp\/v2\/posts"}],"about":[{"href":"https:\/\/bahiaeconomica.com.br\/wp\/wp-json\/wp\/v2\/types\/post"}],"author":[{"embeddable":true,"href":"https:\/\/bahiaeconomica.com.br\/wp\/wp-json\/wp\/v2\/users\/24"}],"replies":[{"embeddable":true,"href":"https:\/\/bahiaeconomica.com.br\/wp\/wp-json\/wp\/v2\/comments?post=958959"}],"version-history":[{"count":1,"href":"https:\/\/bahiaeconomica.com.br\/wp\/wp-json\/wp\/v2\/posts\/958959\/revisions"}],"predecessor-version":[{"id":958961,"href":"https:\/\/bahiaeconomica.com.br\/wp\/wp-json\/wp\/v2\/posts\/958959\/revisions\/958961"}],"wp:featuredmedia":[{"embeddable":true,"href":"https:\/\/bahiaeconomica.com.br\/wp\/wp-json\/wp\/v2\/media\/958960"}],"wp:attachment":[{"href":"https:\/\/bahiaeconomica.com.br\/wp\/wp-json\/wp\/v2\/media?parent=958959"}],"wp:term":[{"taxonomy":"category","embeddable":true,"href":"https:\/\/bahiaeconomica.com.br\/wp\/wp-json\/wp\/v2\/categories?post=958959"},{"taxonomy":"post_tag","embeddable":true,"href":"https:\/\/bahiaeconomica.com.br\/wp\/wp-json\/wp\/v2\/tags?post=958959"}],"curies":[{"name":"wp","href":"https:\/\/api.w.org\/{rel}","templated":true}]}}