{"id":958735,"date":"2025-12-05T18:23:49","date_gmt":"2025-12-05T21:23:49","guid":{"rendered":"https:\/\/bahiaeconomica.com.br\/wp\/?p=958735"},"modified":"2025-12-05T18:23:49","modified_gmt":"2025-12-05T21:23:49","slug":"alckmin-queda-da-selic-deve-elevar-crescimento-da-economia-apos-pib-fraco-no-3o-tri","status":"publish","type":"post","link":"https:\/\/bahiaeconomica.com.br\/wp\/2025\/12\/05\/alckmin-queda-da-selic-deve-elevar-crescimento-da-economia-apos-pib-fraco-no-3o-tri\/","title":{"rendered":"ALCKMIN: QUEDA DA SELIC DEVE ELEVAR CRESCIMENTO DA ECONOMIA, AP\u00d3S PIB FRACO NO 3\u00ba TRI"},"content":{"rendered":"<p>O vice-presidente da Rep\u00fablica e ministro do Desenvolvimento, Ind\u00fastria, Com\u00e9rcio e Servi\u00e7os, Geraldo Alckmin, disse nesta sexta-feira, 5, que a economia deve voltar a crescer com for\u00e7a devido \u00e0 queda dos juros aguardada para o ano que vem. A expans\u00e3o de apenas 0,1% do Produto Interno Bruto (PIB) no terceiro trimestre em rela\u00e7\u00e3o aos tr\u00eas meses anteriores, feitos os ajustes sazonais, foi causada pela alta dos juros, mas o governo prev\u00ea um cen\u00e1rio melhor em 2026, apontou Alckmin.<\/p>\n<p>\u201cO PIB teve um crescimento pequeno no \u00faltimo trimestre, em raz\u00e3o dos juros, mas acreditamos que no ano que vem os juros caem, a infla\u00e7\u00e3o est\u00e1 em queda. N\u00f3s estamos com a infla\u00e7\u00e3o abaixo do teto da meta, a infla\u00e7\u00e3o est\u00e1 em queda. Os juros devem cair\u201d, disse o vice-presidente, em r\u00e1pida entrevista na sa\u00edda de um almo\u00e7o com empres\u00e1rios da ind\u00fastria de aparelhos eletr\u00f4nicos promovido pela Abinee. \u201cE com os juros caindo, a economia cresce mais forte\u201d, complementou.<\/p>\n<p>Ele citou duas raz\u00f5es para a tend\u00eancia de infla\u00e7\u00e3o mais baixa. \u201cPrimeiro, o alimento. N\u00f3s tivemos uma safra recorde, o clima ajudou. Ent\u00e3o, o pre\u00e7o de alimento caiu mais do que a infla\u00e7\u00e3o. E o outro, o d\u00f3lar.<\/p>\n<p>O d\u00f3lar que estava R$ 6,30, R$ 5,60, veio para R$ 5,30. E caindo a infla\u00e7\u00e3o, a tend\u00eancia \u00e9 ca\u00edrem os juros e a economia cresce mais\u201d, comentou.<\/p>\n<p>O vice tamb\u00e9m reiterou que o governo vai se empenhar para retirar produtos industriais do tarifa\u00e7o norte-americano.<\/p>\n<p>Fonte: Estad\u00e3o Conte\u00fado<\/p>\n<p>Foto: Igor Estrela<\/p>\n","protected":false},"excerpt":{"rendered":"<p>O vice-presidente da Rep\u00fablica e ministro do Desenvolvimento, Ind\u00fastria, Com\u00e9rcio e Servi\u00e7os, Geraldo Alckmin, disse nesta sexta-feira, 5, que a economia deve voltar a crescer com for\u00e7a devido \u00e0 queda dos juros aguardada para o ano que vem. A expans\u00e3o de apenas 0,1% do Produto Interno Bruto (PIB) no terceiro trimestre em rela\u00e7\u00e3o aos tr\u00eas [&hellip;]<\/p>\n","protected":false},"author":24,"featured_media":958736,"comment_status":"closed","ping_status":"closed","sticky":false,"template":"","format":"standard","meta":[],"categories":[3],"tags":[1528,920,1123],"acf":[],"yoast_head":"<!-- This site is optimized with the Yoast SEO plugin v20.8 - https:\/\/yoast.com\/wordpress\/plugins\/seo\/ -->\n<title>ALCKMIN: QUEDA DA SELIC DEVE ELEVAR CRESCIMENTO DA ECONOMIA, AP\u00d3S PIB FRACO NO 3\u00ba TRI - Bahia Economica O vice-presidente da Rep\u00fablica e ministro do Desenvolvimento, Ind\u00fastria, Com\u00e9rcio e Servi\u00e7os, Geraldo Alckmin, disse nesta sexta-feira, 5, que a economia deve voltar a crescer com for\u00e7a devido \u00e0 queda dos juros aguardada para o ano que vem.<\/title>\n<meta name=\"description\" content=\"O maior portal de Economia da Bahia ECONOMIA \/ POL\u00cdTICA Bahia Economica O vice-presidente da Rep\u00fablica e ministro do Desenvolvimento, Ind\u00fastria, Com\u00e9rcio e Servi\u00e7os, Geraldo Alckmin, disse nesta sexta-feira, 5, que a economia deve voltar a crescer com for\u00e7a devido \u00e0 queda dos juros aguardada para o ano que vem.\" \/>\n<meta name=\"robots\" content=\"index, follow, max-snippet:-1, max-image-preview:large, max-video-preview:-1\" \/>\n<link rel=\"canonical\" href=\"https:\/\/bahiaeconomica.com.br\/wp\/2025\/12\/05\/alckmin-queda-da-selic-deve-elevar-crescimento-da-economia-apos-pib-fraco-no-3o-tri\/\" \/>\n<meta property=\"og:locale\" content=\"pt_BR\" \/>\n<meta property=\"og:type\" content=\"article\" \/>\n<meta property=\"og:title\" content=\"ALCKMIN: QUEDA DA SELIC DEVE ELEVAR CRESCIMENTO DA ECONOMIA, AP\u00d3S PIB FRACO NO 3\u00ba TRI - Bahia Economica O vice-presidente da Rep\u00fablica e ministro do Desenvolvimento, Ind\u00fastria, Com\u00e9rcio e Servi\u00e7os, Geraldo Alckmin, disse nesta sexta-feira, 5, que a economia deve voltar a crescer com for\u00e7a devido \u00e0 queda dos juros aguardada para o ano que vem.\" \/>\n<meta property=\"og:description\" content=\"O maior portal de Economia da Bahia ECONOMIA \/ POL\u00cdTICA Bahia Economica O vice-presidente da Rep\u00fablica e ministro do Desenvolvimento, Ind\u00fastria, Com\u00e9rcio e Servi\u00e7os, Geraldo Alckmin, disse nesta sexta-feira, 5, que a economia deve voltar a crescer com for\u00e7a devido \u00e0 queda dos juros aguardada para o ano que vem.\" \/>\n<meta property=\"og:url\" content=\"https:\/\/bahiaeconomica.com.br\/wp\/2025\/12\/05\/alckmin-queda-da-selic-deve-elevar-crescimento-da-economia-apos-pib-fraco-no-3o-tri\/\" \/>\n<meta property=\"og:site_name\" content=\"Bahia Economica\" \/>\n<meta property=\"article:publisher\" content=\"https:\/\/www.facebook.com\/bahiaeconomica\" \/>\n<meta property=\"article:published_time\" content=\"2025-12-05T21:23:49+00:00\" \/>\n<meta property=\"og:image\" content=\"https:\/\/bahiaeconomica.com.br\/wp\/wp-content\/uploads\/2025\/12\/Vice-presidente-Geraldo-Alckmin-durante-coletiva-Metropoles.webp\" \/>\n\t<meta property=\"og:image:width\" content=\"1200\" \/>\n\t<meta property=\"og:image:height\" content=\"800\" \/>\n\t<meta property=\"og:image:type\" content=\"image\/webp\" \/>\n<meta name=\"author\" content=\"VICTOR OLIVEIRA\" \/>\n<meta name=\"twitter:card\" content=\"summary_large_image\" \/>\n<meta name=\"twitter:label1\" content=\"Escrito por\" \/>\n\t<meta name=\"twitter:data1\" content=\"VICTOR OLIVEIRA\" \/>\n\t<meta name=\"twitter:label2\" content=\"Est. tempo de leitura\" \/>\n\t<meta name=\"twitter:data2\" content=\"2 minutos\" \/>\n<script type=\"application\/ld+json\" class=\"yoast-schema-graph\">{\"@context\":\"https:\/\/schema.org\",\"@graph\":[{\"@type\":\"Article\",\"@id\":\"https:\/\/bahiaeconomica.com.br\/wp\/2025\/12\/05\/alckmin-queda-da-selic-deve-elevar-crescimento-da-economia-apos-pib-fraco-no-3o-tri\/#article\",\"isPartOf\":{\"@id\":\"https:\/\/bahiaeconomica.com.br\/wp\/2025\/12\/05\/alckmin-queda-da-selic-deve-elevar-crescimento-da-economia-apos-pib-fraco-no-3o-tri\/\"},\"author\":{\"name\":\"VICTOR OLIVEIRA\",\"@id\":\"https:\/\/bahiaeconomica.com.br\/wp\/#\/schema\/person\/a17956d0e1112b626f403fb06b8129a9\"},\"headline\":\"ALCKMIN: QUEDA DA SELIC DEVE ELEVAR CRESCIMENTO DA ECONOMIA, AP\u00d3S PIB FRACO NO 3\u00ba TRI\",\"datePublished\":\"2025-12-05T21:23:49+00:00\",\"dateModified\":\"2025-12-05T21:23:49+00:00\",\"mainEntityOfPage\":{\"@id\":\"https:\/\/bahiaeconomica.com.br\/wp\/2025\/12\/05\/alckmin-queda-da-selic-deve-elevar-crescimento-da-economia-apos-pib-fraco-no-3o-tri\/\"},\"wordCount\":289,\"publisher\":{\"@id\":\"https:\/\/bahiaeconomica.com.br\/wp\/#organization\"},\"keywords\":[\"alckmin\",\"queda\",\"Selic\"],\"articleSection\":[\"ECONOMIA \/ POL\u00cdTICA\"],\"inLanguage\":\"pt-BR\"},{\"@type\":\"WebPage\",\"@id\":\"https:\/\/bahiaeconomica.com.br\/wp\/2025\/12\/05\/alckmin-queda-da-selic-deve-elevar-crescimento-da-economia-apos-pib-fraco-no-3o-tri\/\",\"url\":\"https:\/\/bahiaeconomica.com.br\/wp\/2025\/12\/05\/alckmin-queda-da-selic-deve-elevar-crescimento-da-economia-apos-pib-fraco-no-3o-tri\/\",\"name\":\"ALCKMIN: QUEDA DA SELIC DEVE ELEVAR CRESCIMENTO DA ECONOMIA, AP\u00d3S PIB FRACO NO 3\u00ba TRI - Bahia Economica O vice-presidente da Rep\u00fablica e ministro do Desenvolvimento, Ind\u00fastria, Com\u00e9rcio e Servi\u00e7os, Geraldo Alckmin, disse nesta sexta-feira, 5, que a economia deve voltar a crescer com for\u00e7a devido \u00e0 queda dos juros aguardada para o ano que vem.\",\"isPartOf\":{\"@id\":\"https:\/\/bahiaeconomica.com.br\/wp\/#website\"},\"datePublished\":\"2025-12-05T21:23:49+00:00\",\"dateModified\":\"2025-12-05T21:23:49+00:00\",\"description\":\"O maior portal de Economia da Bahia ECONOMIA \/ POL\u00cdTICA Bahia Economica O vice-presidente da Rep\u00fablica e ministro do Desenvolvimento, Ind\u00fastria, Com\u00e9rcio e Servi\u00e7os, Geraldo Alckmin, disse nesta sexta-feira, 5, que a economia deve voltar a crescer com for\u00e7a devido \u00e0 queda dos juros aguardada para o ano que vem.\",\"breadcrumb\":{\"@id\":\"https:\/\/bahiaeconomica.com.br\/wp\/2025\/12\/05\/alckmin-queda-da-selic-deve-elevar-crescimento-da-economia-apos-pib-fraco-no-3o-tri\/#breadcrumb\"},\"inLanguage\":\"pt-BR\",\"potentialAction\":[{\"@type\":\"ReadAction\",\"target\":[\"https:\/\/bahiaeconomica.com.br\/wp\/2025\/12\/05\/alckmin-queda-da-selic-deve-elevar-crescimento-da-economia-apos-pib-fraco-no-3o-tri\/\"]}]},{\"@type\":\"BreadcrumbList\",\"@id\":\"https:\/\/bahiaeconomica.com.br\/wp\/2025\/12\/05\/alckmin-queda-da-selic-deve-elevar-crescimento-da-economia-apos-pib-fraco-no-3o-tri\/#breadcrumb\",\"itemListElement\":[{\"@type\":\"ListItem\",\"position\":1,\"name\":\"In\u00edcio\",\"item\":\"https:\/\/bahiaeconomica.com.br\/wp\/\"},{\"@type\":\"ListItem\",\"position\":2,\"name\":\"ALCKMIN: QUEDA DA SELIC DEVE ELEVAR CRESCIMENTO DA ECONOMIA, AP\u00d3S PIB FRACO NO 3\u00ba TRI\"}]},{\"@type\":\"WebSite\",\"@id\":\"https:\/\/bahiaeconomica.com.br\/wp\/#website\",\"url\":\"https:\/\/bahiaeconomica.com.br\/wp\/\",\"name\":\"Bahia Economica\",\"description\":\"O maior portal de Economia da Bahia\",\"publisher\":{\"@id\":\"https:\/\/bahiaeconomica.com.br\/wp\/#organization\"},\"potentialAction\":[{\"@type\":\"SearchAction\",\"target\":{\"@type\":\"EntryPoint\",\"urlTemplate\":\"https:\/\/bahiaeconomica.com.br\/wp\/?s={search_term_string}\"},\"query-input\":\"required name=search_term_string\"}],\"inLanguage\":\"pt-BR\"},{\"@type\":\"Organization\",\"@id\":\"https:\/\/bahiaeconomica.com.br\/wp\/#organization\",\"name\":\"Bahia Econ\u00f4mica\",\"url\":\"https:\/\/bahiaeconomica.com.br\/wp\/\",\"logo\":{\"@type\":\"ImageObject\",\"inLanguage\":\"pt-BR\",\"@id\":\"https:\/\/bahiaeconomica.com.br\/wp\/#\/schema\/logo\/image\/\",\"url\":\"https:\/\/bahiaeconomica.com.br\/wp\/wp-content\/uploads\/2020\/12\/cropped-BE.png\",\"contentUrl\":\"https:\/\/bahiaeconomica.com.br\/wp\/wp-content\/uploads\/2020\/12\/cropped-BE.png\",\"width\":512,\"height\":512,\"caption\":\"Bahia Econ\u00f4mica\"},\"image\":{\"@id\":\"https:\/\/bahiaeconomica.com.br\/wp\/#\/schema\/logo\/image\/\"},\"sameAs\":[\"https:\/\/www.facebook.com\/bahiaeconomica\"]},{\"@type\":\"Person\",\"@id\":\"https:\/\/bahiaeconomica.com.br\/wp\/#\/schema\/person\/a17956d0e1112b626f403fb06b8129a9\",\"name\":\"VICTOR OLIVEIRA\",\"sameAs\":[\"http:\/\/www.bahiaeconomica.com.br\"],\"url\":\"https:\/\/bahiaeconomica.com.br\/wp\/author\/victor-oliveira\/\"}]}<\/script>\n<!-- \/ Yoast SEO plugin. -->","yoast_head_json":{"title":"ALCKMIN: QUEDA DA SELIC DEVE ELEVAR CRESCIMENTO DA ECONOMIA, AP\u00d3S PIB FRACO NO 3\u00ba TRI - Bahia Economica O vice-presidente da Rep\u00fablica e ministro do Desenvolvimento, Ind\u00fastria, Com\u00e9rcio e Servi\u00e7os, Geraldo Alckmin, disse nesta sexta-feira, 5, que a economia deve voltar a crescer com for\u00e7a devido \u00e0 queda dos juros aguardada para o ano que vem.","description":"O maior portal de Economia da Bahia ECONOMIA \/ POL\u00cdTICA Bahia Economica O vice-presidente da Rep\u00fablica e ministro do Desenvolvimento, Ind\u00fastria, Com\u00e9rcio e Servi\u00e7os, Geraldo Alckmin, disse nesta sexta-feira, 5, que a economia deve voltar a crescer com for\u00e7a devido \u00e0 queda dos juros aguardada para o ano que vem.","robots":{"index":"index","follow":"follow","max-snippet":"max-snippet:-1","max-image-preview":"max-image-preview:large","max-video-preview":"max-video-preview:-1"},"canonical":"https:\/\/bahiaeconomica.com.br\/wp\/2025\/12\/05\/alckmin-queda-da-selic-deve-elevar-crescimento-da-economia-apos-pib-fraco-no-3o-tri\/","og_locale":"pt_BR","og_type":"article","og_title":"ALCKMIN: QUEDA DA SELIC DEVE ELEVAR CRESCIMENTO DA ECONOMIA, AP\u00d3S PIB FRACO NO 3\u00ba TRI - Bahia Economica O vice-presidente da Rep\u00fablica e ministro do Desenvolvimento, Ind\u00fastria, Com\u00e9rcio e Servi\u00e7os, Geraldo Alckmin, disse nesta sexta-feira, 5, que a economia deve voltar a crescer com for\u00e7a devido \u00e0 queda dos juros aguardada para o ano que vem.","og_description":"O maior portal de Economia da Bahia ECONOMIA \/ POL\u00cdTICA Bahia Economica O vice-presidente da Rep\u00fablica e ministro do Desenvolvimento, Ind\u00fastria, Com\u00e9rcio e Servi\u00e7os, Geraldo Alckmin, disse nesta sexta-feira, 5, que a economia deve voltar a crescer com for\u00e7a devido \u00e0 queda dos juros aguardada para o ano que vem.","og_url":"https:\/\/bahiaeconomica.com.br\/wp\/2025\/12\/05\/alckmin-queda-da-selic-deve-elevar-crescimento-da-economia-apos-pib-fraco-no-3o-tri\/","og_site_name":"Bahia Economica","article_publisher":"https:\/\/www.facebook.com\/bahiaeconomica","article_published_time":"2025-12-05T21:23:49+00:00","og_image":[{"width":1200,"height":800,"url":"https:\/\/bahiaeconomica.com.br\/wp\/wp-content\/uploads\/2025\/12\/Vice-presidente-Geraldo-Alckmin-durante-coletiva-Metropoles.webp","type":"image\/webp"}],"author":"VICTOR OLIVEIRA","twitter_card":"summary_large_image","twitter_misc":{"Escrito por":"VICTOR OLIVEIRA","Est. tempo de leitura":"2 minutos"},"schema":{"@context":"https:\/\/schema.org","@graph":[{"@type":"Article","@id":"https:\/\/bahiaeconomica.com.br\/wp\/2025\/12\/05\/alckmin-queda-da-selic-deve-elevar-crescimento-da-economia-apos-pib-fraco-no-3o-tri\/#article","isPartOf":{"@id":"https:\/\/bahiaeconomica.com.br\/wp\/2025\/12\/05\/alckmin-queda-da-selic-deve-elevar-crescimento-da-economia-apos-pib-fraco-no-3o-tri\/"},"author":{"name":"VICTOR OLIVEIRA","@id":"https:\/\/bahiaeconomica.com.br\/wp\/#\/schema\/person\/a17956d0e1112b626f403fb06b8129a9"},"headline":"ALCKMIN: QUEDA DA SELIC DEVE ELEVAR CRESCIMENTO DA ECONOMIA, AP\u00d3S PIB FRACO NO 3\u00ba TRI","datePublished":"2025-12-05T21:23:49+00:00","dateModified":"2025-12-05T21:23:49+00:00","mainEntityOfPage":{"@id":"https:\/\/bahiaeconomica.com.br\/wp\/2025\/12\/05\/alckmin-queda-da-selic-deve-elevar-crescimento-da-economia-apos-pib-fraco-no-3o-tri\/"},"wordCount":289,"publisher":{"@id":"https:\/\/bahiaeconomica.com.br\/wp\/#organization"},"keywords":["alckmin","queda","Selic"],"articleSection":["ECONOMIA \/ POL\u00cdTICA"],"inLanguage":"pt-BR"},{"@type":"WebPage","@id":"https:\/\/bahiaeconomica.com.br\/wp\/2025\/12\/05\/alckmin-queda-da-selic-deve-elevar-crescimento-da-economia-apos-pib-fraco-no-3o-tri\/","url":"https:\/\/bahiaeconomica.com.br\/wp\/2025\/12\/05\/alckmin-queda-da-selic-deve-elevar-crescimento-da-economia-apos-pib-fraco-no-3o-tri\/","name":"ALCKMIN: QUEDA DA SELIC DEVE ELEVAR CRESCIMENTO DA ECONOMIA, AP\u00d3S PIB FRACO NO 3\u00ba TRI - Bahia Economica O vice-presidente da Rep\u00fablica e ministro do Desenvolvimento, Ind\u00fastria, Com\u00e9rcio e Servi\u00e7os, Geraldo Alckmin, disse nesta sexta-feira, 5, que a economia deve voltar a crescer com for\u00e7a devido \u00e0 queda dos juros aguardada para o ano que vem.","isPartOf":{"@id":"https:\/\/bahiaeconomica.com.br\/wp\/#website"},"datePublished":"2025-12-05T21:23:49+00:00","dateModified":"2025-12-05T21:23:49+00:00","description":"O maior portal de Economia da Bahia ECONOMIA \/ POL\u00cdTICA Bahia Economica O vice-presidente da Rep\u00fablica e ministro do Desenvolvimento, Ind\u00fastria, Com\u00e9rcio e Servi\u00e7os, Geraldo Alckmin, disse nesta sexta-feira, 5, que a economia deve voltar a crescer com for\u00e7a devido \u00e0 queda dos juros aguardada para o ano que vem.","breadcrumb":{"@id":"https:\/\/bahiaeconomica.com.br\/wp\/2025\/12\/05\/alckmin-queda-da-selic-deve-elevar-crescimento-da-economia-apos-pib-fraco-no-3o-tri\/#breadcrumb"},"inLanguage":"pt-BR","potentialAction":[{"@type":"ReadAction","target":["https:\/\/bahiaeconomica.com.br\/wp\/2025\/12\/05\/alckmin-queda-da-selic-deve-elevar-crescimento-da-economia-apos-pib-fraco-no-3o-tri\/"]}]},{"@type":"BreadcrumbList","@id":"https:\/\/bahiaeconomica.com.br\/wp\/2025\/12\/05\/alckmin-queda-da-selic-deve-elevar-crescimento-da-economia-apos-pib-fraco-no-3o-tri\/#breadcrumb","itemListElement":[{"@type":"ListItem","position":1,"name":"In\u00edcio","item":"https:\/\/bahiaeconomica.com.br\/wp\/"},{"@type":"ListItem","position":2,"name":"ALCKMIN: QUEDA DA SELIC DEVE ELEVAR CRESCIMENTO DA ECONOMIA, AP\u00d3S PIB FRACO NO 3\u00ba TRI"}]},{"@type":"WebSite","@id":"https:\/\/bahiaeconomica.com.br\/wp\/#website","url":"https:\/\/bahiaeconomica.com.br\/wp\/","name":"Bahia Economica","description":"O maior portal de Economia da Bahia","publisher":{"@id":"https:\/\/bahiaeconomica.com.br\/wp\/#organization"},"potentialAction":[{"@type":"SearchAction","target":{"@type":"EntryPoint","urlTemplate":"https:\/\/bahiaeconomica.com.br\/wp\/?s={search_term_string}"},"query-input":"required name=search_term_string"}],"inLanguage":"pt-BR"},{"@type":"Organization","@id":"https:\/\/bahiaeconomica.com.br\/wp\/#organization","name":"Bahia Econ\u00f4mica","url":"https:\/\/bahiaeconomica.com.br\/wp\/","logo":{"@type":"ImageObject","inLanguage":"pt-BR","@id":"https:\/\/bahiaeconomica.com.br\/wp\/#\/schema\/logo\/image\/","url":"https:\/\/bahiaeconomica.com.br\/wp\/wp-content\/uploads\/2020\/12\/cropped-BE.png","contentUrl":"https:\/\/bahiaeconomica.com.br\/wp\/wp-content\/uploads\/2020\/12\/cropped-BE.png","width":512,"height":512,"caption":"Bahia Econ\u00f4mica"},"image":{"@id":"https:\/\/bahiaeconomica.com.br\/wp\/#\/schema\/logo\/image\/"},"sameAs":["https:\/\/www.facebook.com\/bahiaeconomica"]},{"@type":"Person","@id":"https:\/\/bahiaeconomica.com.br\/wp\/#\/schema\/person\/a17956d0e1112b626f403fb06b8129a9","name":"VICTOR OLIVEIRA","sameAs":["http:\/\/www.bahiaeconomica.com.br"],"url":"https:\/\/bahiaeconomica.com.br\/wp\/author\/victor-oliveira\/"}]}},"views":24,"_links":{"self":[{"href":"https:\/\/bahiaeconomica.com.br\/wp\/wp-json\/wp\/v2\/posts\/958735"}],"collection":[{"href":"https:\/\/bahiaeconomica.com.br\/wp\/wp-json\/wp\/v2\/posts"}],"about":[{"href":"https:\/\/bahiaeconomica.com.br\/wp\/wp-json\/wp\/v2\/types\/post"}],"author":[{"embeddable":true,"href":"https:\/\/bahiaeconomica.com.br\/wp\/wp-json\/wp\/v2\/users\/24"}],"replies":[{"embeddable":true,"href":"https:\/\/bahiaeconomica.com.br\/wp\/wp-json\/wp\/v2\/comments?post=958735"}],"version-history":[{"count":1,"href":"https:\/\/bahiaeconomica.com.br\/wp\/wp-json\/wp\/v2\/posts\/958735\/revisions"}],"predecessor-version":[{"id":958737,"href":"https:\/\/bahiaeconomica.com.br\/wp\/wp-json\/wp\/v2\/posts\/958735\/revisions\/958737"}],"wp:featuredmedia":[{"embeddable":true,"href":"https:\/\/bahiaeconomica.com.br\/wp\/wp-json\/wp\/v2\/media\/958736"}],"wp:attachment":[{"href":"https:\/\/bahiaeconomica.com.br\/wp\/wp-json\/wp\/v2\/media?parent=958735"}],"wp:term":[{"taxonomy":"category","embeddable":true,"href":"https:\/\/bahiaeconomica.com.br\/wp\/wp-json\/wp\/v2\/categories?post=958735"},{"taxonomy":"post_tag","embeddable":true,"href":"https:\/\/bahiaeconomica.com.br\/wp\/wp-json\/wp\/v2\/tags?post=958735"}],"curies":[{"name":"wp","href":"https:\/\/api.w.org\/{rel}","templated":true}]}}