{"id":958696,"date":"2025-12-05T17:51:34","date_gmt":"2025-12-05T20:51:34","guid":{"rendered":"https:\/\/bahiaeconomica.com.br\/wp\/?p=958696"},"modified":"2025-12-05T17:51:34","modified_gmt":"2025-12-05T20:51:34","slug":"psb-campos-sobre-pre-candidatura-de-flavio-ele-e-o-candidato-mais-fraco-do-bolsonarismo","status":"publish","type":"post","link":"https:\/\/bahiaeconomica.com.br\/wp\/2025\/12\/05\/psb-campos-sobre-pre-candidatura-de-flavio-ele-e-o-candidato-mais-fraco-do-bolsonarismo\/","title":{"rendered":"PSB\/CAMPOS SOBRE PR\u00c9-CANDIDATURA DE FL\u00c1VIO: ELE \u00c9 O CANDIDATO MAIS FRACO DO BOLSONARISMO"},"content":{"rendered":"<p>O l\u00edder do PSB na C\u00e2mara dos Deputados, Pedro Campos (PE), disse ao\u00a0Broadcast Pol\u00edtico, nesta sexta-feira, 5, que o ex-presidente Jair Bolsonaro (PL) \u201cest\u00e1 aceitando a derrota\u201d ao indicar o senador Fl\u00e1vio Bolsonaro (PL-RJ), seu filho, para a elei\u00e7\u00e3o presidencial de 2026.<\/p>\n<p>Para o deputado do PSB, a escolha de Fl\u00e1vio quer dizer que \u201cjogaram a toalha\u201d e que desejam manter o protagonismo da oposi\u00e7\u00e3o. \u201cEle (Fl\u00e1vio) \u00e9 o candidato mais fraco do bolsonarismo. Jair j\u00e1 est\u00e1 aceitando a derrota, s\u00f3 n\u00e3o quer perder a lideran\u00e7a da oposi\u00e7\u00e3o\u201d, afirmou \u00e0 reportagem.<\/p>\n<p>Conforme mostrou o\u00a0Estad\u00e3o, nesta sexta-feira, 5, Fl\u00e1vio disse ao Partido Liberal e ao governador de S\u00e3o Paulo, Tarc\u00edsio de Freitas (Republicanos), que a sua pr\u00e9-candidatura \u00e0 Presid\u00eancia da Rep\u00fablica foi aceita pelo seu pai, o ex-presidente Jair Bolsonaro (PL).<\/p>\n<p>O\u00a0Estad\u00e3o\u00a0confirmou que Fl\u00e1vio conversou com Tarc\u00edsio nesta semana para tratar do assunto. O presidente do PL, Valdemar Costa Neto, disse estar a par da articula\u00e7\u00e3o. Fl\u00e1vio tamb\u00e9m publicou na rede social X que o seu pai tomou a decis\u00e3o de indic\u00e1-lo. A informa\u00e7\u00e3o foi antecipada pelo portal\u00a0<i>Metr\u00f3poles<\/i>.<\/p>\n<p>Fonte: Estad\u00e3o Conte\u00fado<\/p>\n<p>Foto: Reprodu\u00e7\u00e3o<\/p>\n","protected":false},"excerpt":{"rendered":"<p>O l\u00edder do PSB na C\u00e2mara dos Deputados, Pedro Campos (PE), disse ao\u00a0Broadcast Pol\u00edtico, nesta sexta-feira, 5, que o ex-presidente Jair Bolsonaro (PL) \u201cest\u00e1 aceitando a derrota\u201d ao indicar o senador Fl\u00e1vio Bolsonaro (PL-RJ), seu filho, para a elei\u00e7\u00e3o presidencial de 2026. Para o deputado do PSB, a escolha de Fl\u00e1vio quer dizer que \u201cjogaram [&hellip;]<\/p>\n","protected":false},"author":24,"featured_media":958698,"comment_status":"closed","ping_status":"closed","sticky":false,"template":"","format":"standard","meta":[],"categories":[14601],"tags":[2311,25635,1142],"acf":[],"yoast_head":"<!-- This site is optimized with the Yoast SEO plugin v20.8 - https:\/\/yoast.com\/wordpress\/plugins\/seo\/ -->\n<title>PSB\/CAMPOS SOBRE PR\u00c9-CANDIDATURA DE FL\u00c1VIO: ELE \u00c9 O CANDIDATO MAIS FRACO DO BOLSONARISMO - Bahia Economica O l\u00edder do PSB na C\u00e2mara dos Deputados, Pedro Campos (PE), disse ao\u00a0Broadcast Pol\u00edtico, nesta sexta-feira, 5, que o ex-presidente Jair Bolsonaro (PL)<\/title>\n<meta name=\"description\" content=\"O maior portal de Economia da Bahia Pol\u00edtica Bahia Economica O l\u00edder do PSB na C\u00e2mara dos Deputados, Pedro Campos (PE), disse ao\u00a0Broadcast Pol\u00edtico, nesta sexta-feira, 5, que o ex-presidente Jair Bolsonaro (PL)\" \/>\n<meta name=\"robots\" content=\"index, follow, max-snippet:-1, max-image-preview:large, max-video-preview:-1\" \/>\n<link rel=\"canonical\" href=\"https:\/\/bahiaeconomica.com.br\/wp\/2025\/12\/05\/psb-campos-sobre-pre-candidatura-de-flavio-ele-e-o-candidato-mais-fraco-do-bolsonarismo\/\" \/>\n<meta property=\"og:locale\" content=\"pt_BR\" \/>\n<meta property=\"og:type\" content=\"article\" \/>\n<meta property=\"og:title\" content=\"PSB\/CAMPOS SOBRE PR\u00c9-CANDIDATURA DE FL\u00c1VIO: ELE \u00c9 O CANDIDATO MAIS FRACO DO BOLSONARISMO - Bahia Economica O l\u00edder do PSB na C\u00e2mara dos Deputados, Pedro Campos (PE), disse ao\u00a0Broadcast Pol\u00edtico, nesta sexta-feira, 5, que o ex-presidente Jair Bolsonaro (PL)\" \/>\n<meta property=\"og:description\" content=\"O maior portal de Economia da Bahia Pol\u00edtica Bahia Economica O l\u00edder do PSB na C\u00e2mara dos Deputados, Pedro Campos (PE), disse ao\u00a0Broadcast Pol\u00edtico, nesta sexta-feira, 5, que o ex-presidente Jair Bolsonaro (PL)\" \/>\n<meta property=\"og:url\" content=\"https:\/\/bahiaeconomica.com.br\/wp\/2025\/12\/05\/psb-campos-sobre-pre-candidatura-de-flavio-ele-e-o-candidato-mais-fraco-do-bolsonarismo\/\" \/>\n<meta property=\"og:site_name\" content=\"Bahia Economica\" \/>\n<meta property=\"article:publisher\" content=\"https:\/\/www.facebook.com\/bahiaeconomica\" \/>\n<meta property=\"article:published_time\" content=\"2025-12-05T20:51:34+00:00\" \/>\n<meta property=\"og:image\" content=\"https:\/\/bahiaeconomica.com.br\/wp\/wp-content\/uploads\/2025\/12\/220667.jpg\" \/>\n\t<meta property=\"og:image:width\" content=\"640\" \/>\n\t<meta property=\"og:image:height\" content=\"480\" \/>\n\t<meta property=\"og:image:type\" content=\"image\/jpeg\" \/>\n<meta name=\"author\" content=\"VICTOR OLIVEIRA\" \/>\n<meta name=\"twitter:card\" content=\"summary_large_image\" \/>\n<meta name=\"twitter:label1\" content=\"Escrito por\" \/>\n\t<meta name=\"twitter:data1\" content=\"VICTOR OLIVEIRA\" \/>\n\t<meta name=\"twitter:label2\" content=\"Est. tempo de leitura\" \/>\n\t<meta name=\"twitter:data2\" content=\"2 minutos\" \/>\n<script type=\"application\/ld+json\" class=\"yoast-schema-graph\">{\"@context\":\"https:\/\/schema.org\",\"@graph\":[{\"@type\":\"Article\",\"@id\":\"https:\/\/bahiaeconomica.com.br\/wp\/2025\/12\/05\/psb-campos-sobre-pre-candidatura-de-flavio-ele-e-o-candidato-mais-fraco-do-bolsonarismo\/#article\",\"isPartOf\":{\"@id\":\"https:\/\/bahiaeconomica.com.br\/wp\/2025\/12\/05\/psb-campos-sobre-pre-candidatura-de-flavio-ele-e-o-candidato-mais-fraco-do-bolsonarismo\/\"},\"author\":{\"name\":\"VICTOR OLIVEIRA\",\"@id\":\"https:\/\/bahiaeconomica.com.br\/wp\/#\/schema\/person\/a17956d0e1112b626f403fb06b8129a9\"},\"headline\":\"PSB\/CAMPOS SOBRE PR\u00c9-CANDIDATURA DE FL\u00c1VIO: ELE \u00c9 O CANDIDATO MAIS FRACO DO BOLSONARISMO\",\"datePublished\":\"2025-12-05T20:51:34+00:00\",\"dateModified\":\"2025-12-05T20:51:34+00:00\",\"mainEntityOfPage\":{\"@id\":\"https:\/\/bahiaeconomica.com.br\/wp\/2025\/12\/05\/psb-campos-sobre-pre-candidatura-de-flavio-ele-e-o-candidato-mais-fraco-do-bolsonarismo\/\"},\"wordCount\":227,\"publisher\":{\"@id\":\"https:\/\/bahiaeconomica.com.br\/wp\/#organization\"},\"keywords\":[\"campos\",\"elei\u00e7\u00e3o 2026\",\"pr\u00e9-candidatura\"],\"articleSection\":[\"Pol\u00edtica\"],\"inLanguage\":\"pt-BR\"},{\"@type\":\"WebPage\",\"@id\":\"https:\/\/bahiaeconomica.com.br\/wp\/2025\/12\/05\/psb-campos-sobre-pre-candidatura-de-flavio-ele-e-o-candidato-mais-fraco-do-bolsonarismo\/\",\"url\":\"https:\/\/bahiaeconomica.com.br\/wp\/2025\/12\/05\/psb-campos-sobre-pre-candidatura-de-flavio-ele-e-o-candidato-mais-fraco-do-bolsonarismo\/\",\"name\":\"PSB\/CAMPOS SOBRE PR\u00c9-CANDIDATURA DE FL\u00c1VIO: ELE \u00c9 O CANDIDATO MAIS FRACO DO BOLSONARISMO - Bahia Economica O l\u00edder do PSB na C\u00e2mara dos Deputados, Pedro Campos (PE), disse ao\u00a0Broadcast Pol\u00edtico, nesta sexta-feira, 5, que o ex-presidente Jair Bolsonaro (PL)\",\"isPartOf\":{\"@id\":\"https:\/\/bahiaeconomica.com.br\/wp\/#website\"},\"datePublished\":\"2025-12-05T20:51:34+00:00\",\"dateModified\":\"2025-12-05T20:51:34+00:00\",\"description\":\"O maior portal de Economia da Bahia Pol\u00edtica Bahia Economica O l\u00edder do PSB na C\u00e2mara dos Deputados, Pedro Campos (PE), disse ao\u00a0Broadcast Pol\u00edtico, nesta sexta-feira, 5, que o ex-presidente Jair Bolsonaro (PL)\",\"breadcrumb\":{\"@id\":\"https:\/\/bahiaeconomica.com.br\/wp\/2025\/12\/05\/psb-campos-sobre-pre-candidatura-de-flavio-ele-e-o-candidato-mais-fraco-do-bolsonarismo\/#breadcrumb\"},\"inLanguage\":\"pt-BR\",\"potentialAction\":[{\"@type\":\"ReadAction\",\"target\":[\"https:\/\/bahiaeconomica.com.br\/wp\/2025\/12\/05\/psb-campos-sobre-pre-candidatura-de-flavio-ele-e-o-candidato-mais-fraco-do-bolsonarismo\/\"]}]},{\"@type\":\"BreadcrumbList\",\"@id\":\"https:\/\/bahiaeconomica.com.br\/wp\/2025\/12\/05\/psb-campos-sobre-pre-candidatura-de-flavio-ele-e-o-candidato-mais-fraco-do-bolsonarismo\/#breadcrumb\",\"itemListElement\":[{\"@type\":\"ListItem\",\"position\":1,\"name\":\"In\u00edcio\",\"item\":\"https:\/\/bahiaeconomica.com.br\/wp\/\"},{\"@type\":\"ListItem\",\"position\":2,\"name\":\"PSB\/CAMPOS SOBRE PR\u00c9-CANDIDATURA DE FL\u00c1VIO: ELE \u00c9 O CANDIDATO MAIS FRACO DO BOLSONARISMO\"}]},{\"@type\":\"WebSite\",\"@id\":\"https:\/\/bahiaeconomica.com.br\/wp\/#website\",\"url\":\"https:\/\/bahiaeconomica.com.br\/wp\/\",\"name\":\"Bahia Economica\",\"description\":\"O maior portal de Economia da Bahia\",\"publisher\":{\"@id\":\"https:\/\/bahiaeconomica.com.br\/wp\/#organization\"},\"potentialAction\":[{\"@type\":\"SearchAction\",\"target\":{\"@type\":\"EntryPoint\",\"urlTemplate\":\"https:\/\/bahiaeconomica.com.br\/wp\/?s={search_term_string}\"},\"query-input\":\"required name=search_term_string\"}],\"inLanguage\":\"pt-BR\"},{\"@type\":\"Organization\",\"@id\":\"https:\/\/bahiaeconomica.com.br\/wp\/#organization\",\"name\":\"Bahia Econ\u00f4mica\",\"url\":\"https:\/\/bahiaeconomica.com.br\/wp\/\",\"logo\":{\"@type\":\"ImageObject\",\"inLanguage\":\"pt-BR\",\"@id\":\"https:\/\/bahiaeconomica.com.br\/wp\/#\/schema\/logo\/image\/\",\"url\":\"https:\/\/bahiaeconomica.com.br\/wp\/wp-content\/uploads\/2020\/12\/cropped-BE.png\",\"contentUrl\":\"https:\/\/bahiaeconomica.com.br\/wp\/wp-content\/uploads\/2020\/12\/cropped-BE.png\",\"width\":512,\"height\":512,\"caption\":\"Bahia Econ\u00f4mica\"},\"image\":{\"@id\":\"https:\/\/bahiaeconomica.com.br\/wp\/#\/schema\/logo\/image\/\"},\"sameAs\":[\"https:\/\/www.facebook.com\/bahiaeconomica\"]},{\"@type\":\"Person\",\"@id\":\"https:\/\/bahiaeconomica.com.br\/wp\/#\/schema\/person\/a17956d0e1112b626f403fb06b8129a9\",\"name\":\"VICTOR OLIVEIRA\",\"sameAs\":[\"http:\/\/www.bahiaeconomica.com.br\"],\"url\":\"https:\/\/bahiaeconomica.com.br\/wp\/author\/victor-oliveira\/\"}]}<\/script>\n<!-- \/ Yoast SEO plugin. -->","yoast_head_json":{"title":"PSB\/CAMPOS SOBRE PR\u00c9-CANDIDATURA DE FL\u00c1VIO: ELE \u00c9 O CANDIDATO MAIS FRACO DO BOLSONARISMO - Bahia Economica O l\u00edder do PSB na C\u00e2mara dos Deputados, Pedro Campos (PE), disse ao\u00a0Broadcast Pol\u00edtico, nesta sexta-feira, 5, que o ex-presidente Jair Bolsonaro (PL)","description":"O maior portal de Economia da Bahia Pol\u00edtica Bahia Economica O l\u00edder do PSB na C\u00e2mara dos Deputados, Pedro Campos (PE), disse ao\u00a0Broadcast Pol\u00edtico, nesta sexta-feira, 5, que o ex-presidente Jair Bolsonaro (PL)","robots":{"index":"index","follow":"follow","max-snippet":"max-snippet:-1","max-image-preview":"max-image-preview:large","max-video-preview":"max-video-preview:-1"},"canonical":"https:\/\/bahiaeconomica.com.br\/wp\/2025\/12\/05\/psb-campos-sobre-pre-candidatura-de-flavio-ele-e-o-candidato-mais-fraco-do-bolsonarismo\/","og_locale":"pt_BR","og_type":"article","og_title":"PSB\/CAMPOS SOBRE PR\u00c9-CANDIDATURA DE FL\u00c1VIO: ELE \u00c9 O CANDIDATO MAIS FRACO DO BOLSONARISMO - Bahia Economica O l\u00edder do PSB na C\u00e2mara dos Deputados, Pedro Campos (PE), disse ao\u00a0Broadcast Pol\u00edtico, nesta sexta-feira, 5, que o ex-presidente Jair Bolsonaro (PL)","og_description":"O maior portal de Economia da Bahia Pol\u00edtica Bahia Economica O l\u00edder do PSB na C\u00e2mara dos Deputados, Pedro Campos (PE), disse ao\u00a0Broadcast Pol\u00edtico, nesta sexta-feira, 5, que o ex-presidente Jair Bolsonaro (PL)","og_url":"https:\/\/bahiaeconomica.com.br\/wp\/2025\/12\/05\/psb-campos-sobre-pre-candidatura-de-flavio-ele-e-o-candidato-mais-fraco-do-bolsonarismo\/","og_site_name":"Bahia Economica","article_publisher":"https:\/\/www.facebook.com\/bahiaeconomica","article_published_time":"2025-12-05T20:51:34+00:00","og_image":[{"width":640,"height":480,"url":"https:\/\/bahiaeconomica.com.br\/wp\/wp-content\/uploads\/2025\/12\/220667.jpg","type":"image\/jpeg"}],"author":"VICTOR OLIVEIRA","twitter_card":"summary_large_image","twitter_misc":{"Escrito por":"VICTOR OLIVEIRA","Est. tempo de leitura":"2 minutos"},"schema":{"@context":"https:\/\/schema.org","@graph":[{"@type":"Article","@id":"https:\/\/bahiaeconomica.com.br\/wp\/2025\/12\/05\/psb-campos-sobre-pre-candidatura-de-flavio-ele-e-o-candidato-mais-fraco-do-bolsonarismo\/#article","isPartOf":{"@id":"https:\/\/bahiaeconomica.com.br\/wp\/2025\/12\/05\/psb-campos-sobre-pre-candidatura-de-flavio-ele-e-o-candidato-mais-fraco-do-bolsonarismo\/"},"author":{"name":"VICTOR OLIVEIRA","@id":"https:\/\/bahiaeconomica.com.br\/wp\/#\/schema\/person\/a17956d0e1112b626f403fb06b8129a9"},"headline":"PSB\/CAMPOS SOBRE PR\u00c9-CANDIDATURA DE FL\u00c1VIO: ELE \u00c9 O CANDIDATO MAIS FRACO DO BOLSONARISMO","datePublished":"2025-12-05T20:51:34+00:00","dateModified":"2025-12-05T20:51:34+00:00","mainEntityOfPage":{"@id":"https:\/\/bahiaeconomica.com.br\/wp\/2025\/12\/05\/psb-campos-sobre-pre-candidatura-de-flavio-ele-e-o-candidato-mais-fraco-do-bolsonarismo\/"},"wordCount":227,"publisher":{"@id":"https:\/\/bahiaeconomica.com.br\/wp\/#organization"},"keywords":["campos","elei\u00e7\u00e3o 2026","pr\u00e9-candidatura"],"articleSection":["Pol\u00edtica"],"inLanguage":"pt-BR"},{"@type":"WebPage","@id":"https:\/\/bahiaeconomica.com.br\/wp\/2025\/12\/05\/psb-campos-sobre-pre-candidatura-de-flavio-ele-e-o-candidato-mais-fraco-do-bolsonarismo\/","url":"https:\/\/bahiaeconomica.com.br\/wp\/2025\/12\/05\/psb-campos-sobre-pre-candidatura-de-flavio-ele-e-o-candidato-mais-fraco-do-bolsonarismo\/","name":"PSB\/CAMPOS SOBRE PR\u00c9-CANDIDATURA DE FL\u00c1VIO: ELE \u00c9 O CANDIDATO MAIS FRACO DO BOLSONARISMO - Bahia Economica O l\u00edder do PSB na C\u00e2mara dos Deputados, Pedro Campos (PE), disse ao\u00a0Broadcast Pol\u00edtico, nesta sexta-feira, 5, que o ex-presidente Jair Bolsonaro (PL)","isPartOf":{"@id":"https:\/\/bahiaeconomica.com.br\/wp\/#website"},"datePublished":"2025-12-05T20:51:34+00:00","dateModified":"2025-12-05T20:51:34+00:00","description":"O maior portal de Economia da Bahia Pol\u00edtica Bahia Economica O l\u00edder do PSB na C\u00e2mara dos Deputados, Pedro Campos (PE), disse ao\u00a0Broadcast Pol\u00edtico, nesta sexta-feira, 5, que o ex-presidente Jair Bolsonaro (PL)","breadcrumb":{"@id":"https:\/\/bahiaeconomica.com.br\/wp\/2025\/12\/05\/psb-campos-sobre-pre-candidatura-de-flavio-ele-e-o-candidato-mais-fraco-do-bolsonarismo\/#breadcrumb"},"inLanguage":"pt-BR","potentialAction":[{"@type":"ReadAction","target":["https:\/\/bahiaeconomica.com.br\/wp\/2025\/12\/05\/psb-campos-sobre-pre-candidatura-de-flavio-ele-e-o-candidato-mais-fraco-do-bolsonarismo\/"]}]},{"@type":"BreadcrumbList","@id":"https:\/\/bahiaeconomica.com.br\/wp\/2025\/12\/05\/psb-campos-sobre-pre-candidatura-de-flavio-ele-e-o-candidato-mais-fraco-do-bolsonarismo\/#breadcrumb","itemListElement":[{"@type":"ListItem","position":1,"name":"In\u00edcio","item":"https:\/\/bahiaeconomica.com.br\/wp\/"},{"@type":"ListItem","position":2,"name":"PSB\/CAMPOS SOBRE PR\u00c9-CANDIDATURA DE FL\u00c1VIO: ELE \u00c9 O CANDIDATO MAIS FRACO DO BOLSONARISMO"}]},{"@type":"WebSite","@id":"https:\/\/bahiaeconomica.com.br\/wp\/#website","url":"https:\/\/bahiaeconomica.com.br\/wp\/","name":"Bahia Economica","description":"O maior portal de Economia da Bahia","publisher":{"@id":"https:\/\/bahiaeconomica.com.br\/wp\/#organization"},"potentialAction":[{"@type":"SearchAction","target":{"@type":"EntryPoint","urlTemplate":"https:\/\/bahiaeconomica.com.br\/wp\/?s={search_term_string}"},"query-input":"required name=search_term_string"}],"inLanguage":"pt-BR"},{"@type":"Organization","@id":"https:\/\/bahiaeconomica.com.br\/wp\/#organization","name":"Bahia Econ\u00f4mica","url":"https:\/\/bahiaeconomica.com.br\/wp\/","logo":{"@type":"ImageObject","inLanguage":"pt-BR","@id":"https:\/\/bahiaeconomica.com.br\/wp\/#\/schema\/logo\/image\/","url":"https:\/\/bahiaeconomica.com.br\/wp\/wp-content\/uploads\/2020\/12\/cropped-BE.png","contentUrl":"https:\/\/bahiaeconomica.com.br\/wp\/wp-content\/uploads\/2020\/12\/cropped-BE.png","width":512,"height":512,"caption":"Bahia Econ\u00f4mica"},"image":{"@id":"https:\/\/bahiaeconomica.com.br\/wp\/#\/schema\/logo\/image\/"},"sameAs":["https:\/\/www.facebook.com\/bahiaeconomica"]},{"@type":"Person","@id":"https:\/\/bahiaeconomica.com.br\/wp\/#\/schema\/person\/a17956d0e1112b626f403fb06b8129a9","name":"VICTOR OLIVEIRA","sameAs":["http:\/\/www.bahiaeconomica.com.br"],"url":"https:\/\/bahiaeconomica.com.br\/wp\/author\/victor-oliveira\/"}]}},"views":6,"_links":{"self":[{"href":"https:\/\/bahiaeconomica.com.br\/wp\/wp-json\/wp\/v2\/posts\/958696"}],"collection":[{"href":"https:\/\/bahiaeconomica.com.br\/wp\/wp-json\/wp\/v2\/posts"}],"about":[{"href":"https:\/\/bahiaeconomica.com.br\/wp\/wp-json\/wp\/v2\/types\/post"}],"author":[{"embeddable":true,"href":"https:\/\/bahiaeconomica.com.br\/wp\/wp-json\/wp\/v2\/users\/24"}],"replies":[{"embeddable":true,"href":"https:\/\/bahiaeconomica.com.br\/wp\/wp-json\/wp\/v2\/comments?post=958696"}],"version-history":[{"count":1,"href":"https:\/\/bahiaeconomica.com.br\/wp\/wp-json\/wp\/v2\/posts\/958696\/revisions"}],"predecessor-version":[{"id":958699,"href":"https:\/\/bahiaeconomica.com.br\/wp\/wp-json\/wp\/v2\/posts\/958696\/revisions\/958699"}],"wp:featuredmedia":[{"embeddable":true,"href":"https:\/\/bahiaeconomica.com.br\/wp\/wp-json\/wp\/v2\/media\/958698"}],"wp:attachment":[{"href":"https:\/\/bahiaeconomica.com.br\/wp\/wp-json\/wp\/v2\/media?parent=958696"}],"wp:term":[{"taxonomy":"category","embeddable":true,"href":"https:\/\/bahiaeconomica.com.br\/wp\/wp-json\/wp\/v2\/categories?post=958696"},{"taxonomy":"post_tag","embeddable":true,"href":"https:\/\/bahiaeconomica.com.br\/wp\/wp-json\/wp\/v2\/tags?post=958696"}],"curies":[{"name":"wp","href":"https:\/\/api.w.org\/{rel}","templated":true}]}}