{"id":958668,"date":"2025-12-05T17:58:51","date_gmt":"2025-12-05T20:58:51","guid":{"rendered":"https:\/\/bahiaeconomica.com.br\/wp\/?p=958668"},"modified":"2025-12-05T17:54:14","modified_gmt":"2025-12-05T20:54:14","slug":"comissao-para-concurso-da-policia-civil-da-bahia-e-formada-e-edital-fica-mais-proximo","status":"publish","type":"post","link":"https:\/\/bahiaeconomica.com.br\/wp\/2025\/12\/05\/comissao-para-concurso-da-policia-civil-da-bahia-e-formada-e-edital-fica-mais-proximo\/","title":{"rendered":"COMISS\u00c3O PARA CONCURSO DA POL\u00cdCIA CIVIL DA BAHIA \u00c9 FORMADA E EDITAL FICA MAIS PR\u00d3XIMO"},"content":{"rendered":"<p>O Governo da Bahia instituiu a comiss\u00e3o respons\u00e1vel pelo concurso p\u00fablico da Pol\u00edcia Civil do Estado (PC-BA), passo que aproxima a publica\u00e7\u00e3o do edital. A informa\u00e7\u00e3o foi divulgada no Di\u00e1rio Oficial do Estado (DOE) desta quinta-feira (4).<\/p>\n<p>A Portaria n\u00ba 383, de 3 de dezembro de 2025, assinada pelo delegado-geral Andr\u00e9 Augusto de Mendon\u00e7a Viana, formaliza o grupo que atuar\u00e1 em conjunto com a Secretaria de Administra\u00e7\u00e3o do Estado (Saeb).<\/p>\n<p>A comiss\u00e3o ser\u00e1 respons\u00e1vel pela defini\u00e7\u00e3o dos crit\u00e9rios t\u00e9cnicos e conte\u00fados program\u00e1ticos do concurso. O grupo \u00e9 composto por servidores da pr\u00f3pria Pol\u00edcia Civil e representa diversos departamentos.<\/p>\n<p>A previs\u00e3o \u00e9 de oferta de 750 vagas, distribu\u00eddas entre os cargos de delegado, escriv\u00e3o e investigador. Em novembro, o governador Jer\u00f4nimo Rodrigues anunciou ainda a convoca\u00e7\u00e3o de 120 candidatos aprovados em concursos anteriores da Pol\u00edcia Civil e do Corpo de Bombeiros.<\/p>\n<p>Com o grupo institu\u00eddo, os pr\u00f3ximos passos s\u00e3o a escolha da banca organizadora e, posteriormente, a publica\u00e7\u00e3o do edital.<\/p>\n<p>Foto: Divulga\u00e7\u00e3o<\/p>\n","protected":false},"excerpt":{"rendered":"<p>O Governo da Bahia instituiu a comiss\u00e3o respons\u00e1vel pelo concurso p\u00fablico da Pol\u00edcia Civil do Estado (PC-BA), passo que aproxima a publica\u00e7\u00e3o do edital. A informa\u00e7\u00e3o foi divulgada no Di\u00e1rio Oficial do Estado (DOE) desta quinta-feira (4). A Portaria n\u00ba 383, de 3 de dezembro de 2025, assinada pelo delegado-geral Andr\u00e9 Augusto de Mendon\u00e7a Viana, [&hellip;]<\/p>\n","protected":false},"author":20,"featured_media":958669,"comment_status":"closed","ping_status":"closed","sticky":false,"template":"","format":"standard","meta":[],"categories":[8],"tags":[85,1443,175,2777,1910],"acf":[],"yoast_head":"<!-- This site is optimized with the Yoast SEO plugin v20.8 - https:\/\/yoast.com\/wordpress\/plugins\/seo\/ -->\n<title>COMISS\u00c3O PARA CONCURSO DA POL\u00cdCIA CIVIL DA BAHIA \u00c9 FORMADA E EDITAL FICA MAIS PR\u00d3XIMO - Bahia Economica<\/title>\n<meta name=\"description\" content=\"O maior portal de Economia da Bahia EMPREGOS \/ CONCURSOS Bahia Economica\" \/>\n<meta name=\"robots\" content=\"index, follow, max-snippet:-1, max-image-preview:large, max-video-preview:-1\" \/>\n<link rel=\"canonical\" href=\"https:\/\/bahiaeconomica.com.br\/wp\/2025\/12\/05\/comissao-para-concurso-da-policia-civil-da-bahia-e-formada-e-edital-fica-mais-proximo\/\" \/>\n<meta property=\"og:locale\" content=\"pt_BR\" \/>\n<meta property=\"og:type\" content=\"article\" \/>\n<meta property=\"og:title\" content=\"COMISS\u00c3O PARA CONCURSO DA POL\u00cdCIA CIVIL DA BAHIA \u00c9 FORMADA E EDITAL FICA MAIS PR\u00d3XIMO - Bahia Economica\" \/>\n<meta property=\"og:description\" content=\"O maior portal de Economia da Bahia EMPREGOS \/ CONCURSOS Bahia Economica\" \/>\n<meta property=\"og:url\" content=\"https:\/\/bahiaeconomica.com.br\/wp\/2025\/12\/05\/comissao-para-concurso-da-policia-civil-da-bahia-e-formada-e-edital-fica-mais-proximo\/\" \/>\n<meta property=\"og:site_name\" content=\"Bahia Economica\" \/>\n<meta property=\"article:publisher\" content=\"https:\/\/www.facebook.com\/bahiaeconomica\" \/>\n<meta property=\"article:published_time\" content=\"2025-12-05T20:58:51+00:00\" \/>\n<meta property=\"article:modified_time\" content=\"2025-12-05T20:54:14+00:00\" \/>\n<meta property=\"og:image\" content=\"https:\/\/bahiaeconomica.com.br\/wp\/wp-content\/uploads\/2025\/12\/policia-civil-3023770-article.webp\" \/>\n\t<meta property=\"og:image:width\" content=\"1200\" \/>\n\t<meta property=\"og:image:height\" content=\"800\" \/>\n\t<meta property=\"og:image:type\" content=\"image\/webp\" \/>\n<meta name=\"author\" content=\"BRUNA CARVALHO\" \/>\n<meta name=\"twitter:card\" content=\"summary_large_image\" \/>\n<meta name=\"twitter:label1\" content=\"Escrito por\" \/>\n\t<meta name=\"twitter:data1\" content=\"BRUNA CARVALHO\" \/>\n\t<meta name=\"twitter:label2\" content=\"Est. tempo de leitura\" \/>\n\t<meta name=\"twitter:data2\" content=\"1 minuto\" \/>\n<script type=\"application\/ld+json\" class=\"yoast-schema-graph\">{\"@context\":\"https:\/\/schema.org\",\"@graph\":[{\"@type\":\"Article\",\"@id\":\"https:\/\/bahiaeconomica.com.br\/wp\/2025\/12\/05\/comissao-para-concurso-da-policia-civil-da-bahia-e-formada-e-edital-fica-mais-proximo\/#article\",\"isPartOf\":{\"@id\":\"https:\/\/bahiaeconomica.com.br\/wp\/2025\/12\/05\/comissao-para-concurso-da-policia-civil-da-bahia-e-formada-e-edital-fica-mais-proximo\/\"},\"author\":{\"name\":\"BRUNA CARVALHO\",\"@id\":\"https:\/\/bahiaeconomica.com.br\/wp\/#\/schema\/person\/9310b0e591f5979f6f99773eac5804e6\"},\"headline\":\"COMISS\u00c3O PARA CONCURSO DA POL\u00cdCIA CIVIL DA BAHIA \u00c9 FORMADA E EDITAL FICA MAIS PR\u00d3XIMO\",\"datePublished\":\"2025-12-05T20:58:51+00:00\",\"dateModified\":\"2025-12-05T20:54:14+00:00\",\"mainEntityOfPage\":{\"@id\":\"https:\/\/bahiaeconomica.com.br\/wp\/2025\/12\/05\/comissao-para-concurso-da-policia-civil-da-bahia-e-formada-e-edital-fica-mais-proximo\/\"},\"wordCount\":199,\"publisher\":{\"@id\":\"https:\/\/bahiaeconomica.com.br\/wp\/#organization\"},\"keywords\":[\"Bahia\",\"comissao\",\"concurso\",\"edital\",\"pol\u00edcia civil\"],\"articleSection\":[\"EMPREGOS \/ CONCURSOS\"],\"inLanguage\":\"pt-BR\"},{\"@type\":\"WebPage\",\"@id\":\"https:\/\/bahiaeconomica.com.br\/wp\/2025\/12\/05\/comissao-para-concurso-da-policia-civil-da-bahia-e-formada-e-edital-fica-mais-proximo\/\",\"url\":\"https:\/\/bahiaeconomica.com.br\/wp\/2025\/12\/05\/comissao-para-concurso-da-policia-civil-da-bahia-e-formada-e-edital-fica-mais-proximo\/\",\"name\":\"COMISS\u00c3O PARA CONCURSO DA POL\u00cdCIA CIVIL DA BAHIA \u00c9 FORMADA E EDITAL FICA MAIS PR\u00d3XIMO - Bahia Economica\",\"isPartOf\":{\"@id\":\"https:\/\/bahiaeconomica.com.br\/wp\/#website\"},\"datePublished\":\"2025-12-05T20:58:51+00:00\",\"dateModified\":\"2025-12-05T20:54:14+00:00\",\"description\":\"O maior portal de Economia da Bahia EMPREGOS \/ CONCURSOS Bahia Economica\",\"breadcrumb\":{\"@id\":\"https:\/\/bahiaeconomica.com.br\/wp\/2025\/12\/05\/comissao-para-concurso-da-policia-civil-da-bahia-e-formada-e-edital-fica-mais-proximo\/#breadcrumb\"},\"inLanguage\":\"pt-BR\",\"potentialAction\":[{\"@type\":\"ReadAction\",\"target\":[\"https:\/\/bahiaeconomica.com.br\/wp\/2025\/12\/05\/comissao-para-concurso-da-policia-civil-da-bahia-e-formada-e-edital-fica-mais-proximo\/\"]}]},{\"@type\":\"BreadcrumbList\",\"@id\":\"https:\/\/bahiaeconomica.com.br\/wp\/2025\/12\/05\/comissao-para-concurso-da-policia-civil-da-bahia-e-formada-e-edital-fica-mais-proximo\/#breadcrumb\",\"itemListElement\":[{\"@type\":\"ListItem\",\"position\":1,\"name\":\"In\u00edcio\",\"item\":\"https:\/\/bahiaeconomica.com.br\/wp\/\"},{\"@type\":\"ListItem\",\"position\":2,\"name\":\"COMISS\u00c3O PARA CONCURSO DA POL\u00cdCIA CIVIL DA BAHIA \u00c9 FORMADA E EDITAL FICA MAIS PR\u00d3XIMO\"}]},{\"@type\":\"WebSite\",\"@id\":\"https:\/\/bahiaeconomica.com.br\/wp\/#website\",\"url\":\"https:\/\/bahiaeconomica.com.br\/wp\/\",\"name\":\"Bahia Economica\",\"description\":\"O maior portal de Economia da Bahia\",\"publisher\":{\"@id\":\"https:\/\/bahiaeconomica.com.br\/wp\/#organization\"},\"potentialAction\":[{\"@type\":\"SearchAction\",\"target\":{\"@type\":\"EntryPoint\",\"urlTemplate\":\"https:\/\/bahiaeconomica.com.br\/wp\/?s={search_term_string}\"},\"query-input\":\"required name=search_term_string\"}],\"inLanguage\":\"pt-BR\"},{\"@type\":\"Organization\",\"@id\":\"https:\/\/bahiaeconomica.com.br\/wp\/#organization\",\"name\":\"Bahia Econ\u00f4mica\",\"url\":\"https:\/\/bahiaeconomica.com.br\/wp\/\",\"logo\":{\"@type\":\"ImageObject\",\"inLanguage\":\"pt-BR\",\"@id\":\"https:\/\/bahiaeconomica.com.br\/wp\/#\/schema\/logo\/image\/\",\"url\":\"https:\/\/bahiaeconomica.com.br\/wp\/wp-content\/uploads\/2020\/12\/cropped-BE.png\",\"contentUrl\":\"https:\/\/bahiaeconomica.com.br\/wp\/wp-content\/uploads\/2020\/12\/cropped-BE.png\",\"width\":512,\"height\":512,\"caption\":\"Bahia Econ\u00f4mica\"},\"image\":{\"@id\":\"https:\/\/bahiaeconomica.com.br\/wp\/#\/schema\/logo\/image\/\"},\"sameAs\":[\"https:\/\/www.facebook.com\/bahiaeconomica\"]},{\"@type\":\"Person\",\"@id\":\"https:\/\/bahiaeconomica.com.br\/wp\/#\/schema\/person\/9310b0e591f5979f6f99773eac5804e6\",\"name\":\"BRUNA CARVALHO\",\"sameAs\":[\"http:\/\/www.bahiaeconomica.com.br\"],\"url\":\"https:\/\/bahiaeconomica.com.br\/wp\/author\/bruna\/\"}]}<\/script>\n<!-- \/ Yoast SEO plugin. -->","yoast_head_json":{"title":"COMISS\u00c3O PARA CONCURSO DA POL\u00cdCIA CIVIL DA BAHIA \u00c9 FORMADA E EDITAL FICA MAIS PR\u00d3XIMO - Bahia Economica","description":"O maior portal de Economia da Bahia EMPREGOS \/ CONCURSOS Bahia Economica","robots":{"index":"index","follow":"follow","max-snippet":"max-snippet:-1","max-image-preview":"max-image-preview:large","max-video-preview":"max-video-preview:-1"},"canonical":"https:\/\/bahiaeconomica.com.br\/wp\/2025\/12\/05\/comissao-para-concurso-da-policia-civil-da-bahia-e-formada-e-edital-fica-mais-proximo\/","og_locale":"pt_BR","og_type":"article","og_title":"COMISS\u00c3O PARA CONCURSO DA POL\u00cdCIA CIVIL DA BAHIA \u00c9 FORMADA E EDITAL FICA MAIS PR\u00d3XIMO - Bahia Economica","og_description":"O maior portal de Economia da Bahia EMPREGOS \/ CONCURSOS Bahia Economica","og_url":"https:\/\/bahiaeconomica.com.br\/wp\/2025\/12\/05\/comissao-para-concurso-da-policia-civil-da-bahia-e-formada-e-edital-fica-mais-proximo\/","og_site_name":"Bahia Economica","article_publisher":"https:\/\/www.facebook.com\/bahiaeconomica","article_published_time":"2025-12-05T20:58:51+00:00","article_modified_time":"2025-12-05T20:54:14+00:00","og_image":[{"width":1200,"height":800,"url":"https:\/\/bahiaeconomica.com.br\/wp\/wp-content\/uploads\/2025\/12\/policia-civil-3023770-article.webp","type":"image\/webp"}],"author":"BRUNA CARVALHO","twitter_card":"summary_large_image","twitter_misc":{"Escrito por":"BRUNA CARVALHO","Est. tempo de leitura":"1 minuto"},"schema":{"@context":"https:\/\/schema.org","@graph":[{"@type":"Article","@id":"https:\/\/bahiaeconomica.com.br\/wp\/2025\/12\/05\/comissao-para-concurso-da-policia-civil-da-bahia-e-formada-e-edital-fica-mais-proximo\/#article","isPartOf":{"@id":"https:\/\/bahiaeconomica.com.br\/wp\/2025\/12\/05\/comissao-para-concurso-da-policia-civil-da-bahia-e-formada-e-edital-fica-mais-proximo\/"},"author":{"name":"BRUNA CARVALHO","@id":"https:\/\/bahiaeconomica.com.br\/wp\/#\/schema\/person\/9310b0e591f5979f6f99773eac5804e6"},"headline":"COMISS\u00c3O PARA CONCURSO DA POL\u00cdCIA CIVIL DA BAHIA \u00c9 FORMADA E EDITAL FICA MAIS PR\u00d3XIMO","datePublished":"2025-12-05T20:58:51+00:00","dateModified":"2025-12-05T20:54:14+00:00","mainEntityOfPage":{"@id":"https:\/\/bahiaeconomica.com.br\/wp\/2025\/12\/05\/comissao-para-concurso-da-policia-civil-da-bahia-e-formada-e-edital-fica-mais-proximo\/"},"wordCount":199,"publisher":{"@id":"https:\/\/bahiaeconomica.com.br\/wp\/#organization"},"keywords":["Bahia","comissao","concurso","edital","pol\u00edcia civil"],"articleSection":["EMPREGOS \/ CONCURSOS"],"inLanguage":"pt-BR"},{"@type":"WebPage","@id":"https:\/\/bahiaeconomica.com.br\/wp\/2025\/12\/05\/comissao-para-concurso-da-policia-civil-da-bahia-e-formada-e-edital-fica-mais-proximo\/","url":"https:\/\/bahiaeconomica.com.br\/wp\/2025\/12\/05\/comissao-para-concurso-da-policia-civil-da-bahia-e-formada-e-edital-fica-mais-proximo\/","name":"COMISS\u00c3O PARA CONCURSO DA POL\u00cdCIA CIVIL DA BAHIA \u00c9 FORMADA E EDITAL FICA MAIS PR\u00d3XIMO - Bahia Economica","isPartOf":{"@id":"https:\/\/bahiaeconomica.com.br\/wp\/#website"},"datePublished":"2025-12-05T20:58:51+00:00","dateModified":"2025-12-05T20:54:14+00:00","description":"O maior portal de Economia da Bahia EMPREGOS \/ CONCURSOS Bahia Economica","breadcrumb":{"@id":"https:\/\/bahiaeconomica.com.br\/wp\/2025\/12\/05\/comissao-para-concurso-da-policia-civil-da-bahia-e-formada-e-edital-fica-mais-proximo\/#breadcrumb"},"inLanguage":"pt-BR","potentialAction":[{"@type":"ReadAction","target":["https:\/\/bahiaeconomica.com.br\/wp\/2025\/12\/05\/comissao-para-concurso-da-policia-civil-da-bahia-e-formada-e-edital-fica-mais-proximo\/"]}]},{"@type":"BreadcrumbList","@id":"https:\/\/bahiaeconomica.com.br\/wp\/2025\/12\/05\/comissao-para-concurso-da-policia-civil-da-bahia-e-formada-e-edital-fica-mais-proximo\/#breadcrumb","itemListElement":[{"@type":"ListItem","position":1,"name":"In\u00edcio","item":"https:\/\/bahiaeconomica.com.br\/wp\/"},{"@type":"ListItem","position":2,"name":"COMISS\u00c3O PARA CONCURSO DA POL\u00cdCIA CIVIL DA BAHIA \u00c9 FORMADA E EDITAL FICA MAIS PR\u00d3XIMO"}]},{"@type":"WebSite","@id":"https:\/\/bahiaeconomica.com.br\/wp\/#website","url":"https:\/\/bahiaeconomica.com.br\/wp\/","name":"Bahia Economica","description":"O maior portal de Economia da Bahia","publisher":{"@id":"https:\/\/bahiaeconomica.com.br\/wp\/#organization"},"potentialAction":[{"@type":"SearchAction","target":{"@type":"EntryPoint","urlTemplate":"https:\/\/bahiaeconomica.com.br\/wp\/?s={search_term_string}"},"query-input":"required name=search_term_string"}],"inLanguage":"pt-BR"},{"@type":"Organization","@id":"https:\/\/bahiaeconomica.com.br\/wp\/#organization","name":"Bahia Econ\u00f4mica","url":"https:\/\/bahiaeconomica.com.br\/wp\/","logo":{"@type":"ImageObject","inLanguage":"pt-BR","@id":"https:\/\/bahiaeconomica.com.br\/wp\/#\/schema\/logo\/image\/","url":"https:\/\/bahiaeconomica.com.br\/wp\/wp-content\/uploads\/2020\/12\/cropped-BE.png","contentUrl":"https:\/\/bahiaeconomica.com.br\/wp\/wp-content\/uploads\/2020\/12\/cropped-BE.png","width":512,"height":512,"caption":"Bahia Econ\u00f4mica"},"image":{"@id":"https:\/\/bahiaeconomica.com.br\/wp\/#\/schema\/logo\/image\/"},"sameAs":["https:\/\/www.facebook.com\/bahiaeconomica"]},{"@type":"Person","@id":"https:\/\/bahiaeconomica.com.br\/wp\/#\/schema\/person\/9310b0e591f5979f6f99773eac5804e6","name":"BRUNA CARVALHO","sameAs":["http:\/\/www.bahiaeconomica.com.br"],"url":"https:\/\/bahiaeconomica.com.br\/wp\/author\/bruna\/"}]}},"views":104,"_links":{"self":[{"href":"https:\/\/bahiaeconomica.com.br\/wp\/wp-json\/wp\/v2\/posts\/958668"}],"collection":[{"href":"https:\/\/bahiaeconomica.com.br\/wp\/wp-json\/wp\/v2\/posts"}],"about":[{"href":"https:\/\/bahiaeconomica.com.br\/wp\/wp-json\/wp\/v2\/types\/post"}],"author":[{"embeddable":true,"href":"https:\/\/bahiaeconomica.com.br\/wp\/wp-json\/wp\/v2\/users\/20"}],"replies":[{"embeddable":true,"href":"https:\/\/bahiaeconomica.com.br\/wp\/wp-json\/wp\/v2\/comments?post=958668"}],"version-history":[{"count":1,"href":"https:\/\/bahiaeconomica.com.br\/wp\/wp-json\/wp\/v2\/posts\/958668\/revisions"}],"predecessor-version":[{"id":958720,"href":"https:\/\/bahiaeconomica.com.br\/wp\/wp-json\/wp\/v2\/posts\/958668\/revisions\/958720"}],"wp:featuredmedia":[{"embeddable":true,"href":"https:\/\/bahiaeconomica.com.br\/wp\/wp-json\/wp\/v2\/media\/958669"}],"wp:attachment":[{"href":"https:\/\/bahiaeconomica.com.br\/wp\/wp-json\/wp\/v2\/media?parent=958668"}],"wp:term":[{"taxonomy":"category","embeddable":true,"href":"https:\/\/bahiaeconomica.com.br\/wp\/wp-json\/wp\/v2\/categories?post=958668"},{"taxonomy":"post_tag","embeddable":true,"href":"https:\/\/bahiaeconomica.com.br\/wp\/wp-json\/wp\/v2\/tags?post=958668"}],"curies":[{"name":"wp","href":"https:\/\/api.w.org\/{rel}","templated":true}]}}