{"id":958633,"date":"2025-12-05T15:17:45","date_gmt":"2025-12-05T18:17:45","guid":{"rendered":"https:\/\/bahiaeconomica.com.br\/wp\/?p=958633"},"modified":"2025-12-05T15:17:45","modified_gmt":"2025-12-05T18:17:45","slug":"62-da-exploracao-madeireira-na-amazonia-e-feita-de-forma-ilegal-aponta-pesquisa","status":"publish","type":"post","link":"https:\/\/bahiaeconomica.com.br\/wp\/2025\/12\/05\/62-da-exploracao-madeireira-na-amazonia-e-feita-de-forma-ilegal-aponta-pesquisa\/","title":{"rendered":"62% DA EXPLORA\u00c7\u00c3O MADEIREIRA NA AMAZ\u00d4NIA \u00c9 FEITA DE FORMA ILEGAL, APONTA PESQUISA"},"content":{"rendered":"<p>Dos 68 mil hectares em que h\u00e1 explora\u00e7\u00e3o madeireira no Amazonas, 42 mil n\u00e3o tinham autoriza\u00e7\u00e3o dos \u00f3rg\u00e3os ambientais para a atividade, de acordo com levantamento divulgado nesta sexta-feira (5) pelo instituto de pesquisa Imazon. Isso significa que 62% da \u00e1rea com retirada de madeira no estado \u00e9 ilegal. As informa\u00e7\u00f5es s\u00e3o do portal Ag\u00eancia Brasil.<\/p>\n<p>Realizada anualmente pela Rede Simex, composta por tr\u00eas organiza\u00e7\u00f5es ambientais \u2013 ICV, Imaflora e Imazon -, a pesquisa mapeou a extra\u00e7\u00e3o madeireira no estado por meio de imagens de sat\u00e9lite e cruzou com as autoriza\u00e7\u00f5es para a atividade emitidas pelos \u00f3rg\u00e3os ambientais, abrangendo o per\u00edodo de agosto de 2023 a julho de 2024.<\/p>\n<p>Em rela\u00e7\u00e3o ao levantamento passado (agosto\/2022-julho\/2023), quando 38 mil hectares tiveram explora\u00e7\u00e3o de madeira sem autoriza\u00e7\u00e3o, houve um aumento de 9% na \u00e1rea com retirada ilegal.<\/p>\n<p>Pesquisadora do Programa de Monitoramento da Amaz\u00f4nia do Imazon, Camila Damasceno avalia que a alta \u00e9 extremamente preocupante j\u00e1 que a explora\u00e7\u00e3o ilegal de madeira acaba financiando outros crimes ambientais, como as queimadas e o desmatamento.<\/p>\n<p>\u201cAl\u00e9m disso, tamb\u00e9m prejudica o mercado legalizado de madeira, que faz a remo\u00e7\u00e3o das \u00e1rvores por meio do manejo florestal sustent\u00e1vel e gera empregos e impostos para o Amazonas\u201d, acrescentou.<\/p>\n<p>Em rela\u00e7\u00e3o \u00e0 explora\u00e7\u00e3o de madeira autorizada, o Amazonas passou de 11,3 mil hectares entre agosto de 2022 e julho de 2023 para 26,1 mil hectares entre agosto de 2023 e julho de 2024, o que representa uma alta de 131%.<\/p>\n<p>Boca do Acre<\/p>\n<p>Apenas dois munic\u00edpios do sul do estado \u2013 Boca do Acre e L\u00e1brea \u2013 concentram 75% de toda a explora\u00e7\u00e3o de madeira ilegal do Amazonas. L\u00edder do ranking, Boca do Acre teve 20,5 mil hectares de explora\u00e7\u00e3o irregular, enquanto L\u00e1brea teve 10,9 mil hectares com retirada de madeira ilegal.<\/p>\n<p>\u201cEsses munic\u00edpios ficam dentro da regi\u00e3o de expans\u00e3o agropecu\u00e1ria chamada de Amacro, na divisa do Amazonas com o Acre e com Rond\u00f4nia. Por isso, alertamos que a extra\u00e7\u00e3o de madeira nesses territ\u00f3rios pode indicar o desmatamento futuro para a grilagem ou para a produ\u00e7\u00e3o de gr\u00e3os e de gado, o que refor\u00e7a a necessidade de ampliar a fiscaliza\u00e7\u00e3o nesses munic\u00edpios e barrar a entrada de produtos ilegais no mercado\u201d, alertou Camila.<\/p>\n<p>Terras protegidas<\/p>\n<p>A explora\u00e7\u00e3o ilegal de madeira, afirmou a pesquisadora, invade \u00e1reas protegidas do estado, como terras ind\u00edgenas e unidades de conserva\u00e7\u00e3o, o que \u00e9 uma preocupa\u00e7\u00e3o n\u00e3o apenas em rela\u00e7\u00e3o \u00e0 degrada\u00e7\u00e3o ambiental, mas \u00e0s sobreviv\u00eancias das comunidades que ocupam esses locais.<\/p>\n<p>\u201cA entrada de invasores para retirada de madeira desses territ\u00f3rios amea\u00e7a os povos e comunidades tradicionais, que dependem da floresta em p\u00e9 para manter seu modo de vida\u201d, explicou Camila.<\/p>\n<p>O levantamento apontou que 13% da retirada de madeira irregular (5,6 mil hectares) ocorreu em \u00e1reas protegidas, sendo 9% em terras ind\u00edgenas (3,9 mil hectares) e 4% em unidades de conserva\u00e7\u00e3o (1,6 mil hectares). Houve queda de 19% na explora\u00e7\u00e3o ilegal em \u00e1reas protegidas em rela\u00e7\u00e3o ao estudo anterior, quando foram mapeados 6,9 mil hectares, dos quais 6,4 mil em terras ind\u00edgenas.<\/p>\n<p>Apesar da redu\u00e7\u00e3o, a retirada irregular atingiu uma \u00e1rea superior a 5 mil campos de futebol dentro das \u00e1reas protegidas. O Imazon ressalta que, al\u00e9m das emiss\u00f5es de carbono resultantes da degrada\u00e7\u00e3o, h\u00e1 perda de biodiversidade e conflitos sociais com a extra\u00e7\u00e3o ilegal de madeira.<\/p>\n<p>Os im\u00f3veis rurais presentes em bancos de dados p\u00fablicos, como o Cadastro Ambiental Rural (CAR), o Sistema de Gest\u00e3o Fundi\u00e1ria (Sigef) e o Programa Terra Legal, foram respons\u00e1veis por 32,5 mil hectares da \u00e1rea com explora\u00e7\u00e3o irregular de madeira, o que representa 77% do total. Segundo avalia\u00e7\u00e3o do Imazon, esse resultado mostra que os \u00f3rg\u00e3os p\u00fablicos t\u00eam dados para fiscalizar e punir a atividade ilegal nessas \u00e1reas.<\/p>\n<p>Outra categoria que chamou a aten\u00e7\u00e3o dos pesquisadores em rela\u00e7\u00e3o \u00e0 retirada ilegal de madeira no Amazonas \u00e9 a de florestas p\u00fablicas n\u00e3o destinadas (FPNDs), com 3,3 mil hectares (8%). As FPNDs s\u00e3o \u00e1reas de floresta de dom\u00ednio p\u00fablico (Uni\u00e3o, estados ou munic\u00edpios) que ainda n\u00e3o tiveram seu uso oficialmente definido, seja como unidade de conserva\u00e7\u00e3o ou terra ind\u00edgena.<\/p>\n<p>\u201cPor isso, destinar essas terras a povos e comunidades tradicionais ou \u00e0 conserva\u00e7\u00e3o \u00e9 uma a\u00e7\u00e3o urgente de prote\u00e7\u00e3o do patrim\u00f4nio p\u00fablico e ambiental dos amazonenses e dos brasileiros\u201d, concluiu o instituto.<\/p>\n","protected":false},"excerpt":{"rendered":"<p>Dos 68 mil hectares em que h\u00e1 explora\u00e7\u00e3o madeireira no Amazonas, 42 mil n\u00e3o tinham autoriza\u00e7\u00e3o dos \u00f3rg\u00e3os ambientais para a atividade, de acordo com levantamento divulgado nesta sexta-feira (5) pelo instituto de pesquisa Imazon. Isso significa que 62% da \u00e1rea com retirada de madeira no estado \u00e9 ilegal. As informa\u00e7\u00f5es s\u00e3o do portal Ag\u00eancia [&hellip;]<\/p>\n","protected":false},"author":22,"featured_media":948339,"comment_status":"closed","ping_status":"closed","sticky":false,"template":"","format":"standard","meta":[],"categories":[5],"tags":[1071,2045,5448,4309,42676],"acf":[],"yoast_head":"<!-- This site is optimized with the Yoast SEO plugin v20.8 - https:\/\/yoast.com\/wordpress\/plugins\/seo\/ -->\n<title>62% DA EXPLORA\u00c7\u00c3O MADEIREIRA NA AMAZ\u00d4NIA \u00c9 FEITA DE FORMA ILEGAL, APONTA PESQUISA - Bahia Economica<\/title>\n<meta name=\"description\" content=\"O maior portal de Economia da Bahia MUNIC\u00cdPIOS Bahia Economica\" \/>\n<meta name=\"robots\" content=\"index, follow, max-snippet:-1, max-image-preview:large, max-video-preview:-1\" \/>\n<link rel=\"canonical\" href=\"https:\/\/bahiaeconomica.com.br\/wp\/2025\/12\/05\/62-da-exploracao-madeireira-na-amazonia-e-feita-de-forma-ilegal-aponta-pesquisa\/\" \/>\n<meta property=\"og:locale\" content=\"pt_BR\" \/>\n<meta property=\"og:type\" content=\"article\" \/>\n<meta property=\"og:title\" content=\"62% DA EXPLORA\u00c7\u00c3O MADEIREIRA NA AMAZ\u00d4NIA \u00c9 FEITA DE FORMA ILEGAL, APONTA PESQUISA - Bahia Economica\" \/>\n<meta property=\"og:description\" content=\"O maior portal de Economia da Bahia MUNIC\u00cdPIOS Bahia Economica\" \/>\n<meta property=\"og:url\" content=\"https:\/\/bahiaeconomica.com.br\/wp\/2025\/12\/05\/62-da-exploracao-madeireira-na-amazonia-e-feita-de-forma-ilegal-aponta-pesquisa\/\" \/>\n<meta property=\"og:site_name\" content=\"Bahia Economica\" \/>\n<meta property=\"article:publisher\" content=\"https:\/\/www.facebook.com\/bahiaeconomica\" \/>\n<meta property=\"article:published_time\" content=\"2025-12-05T18:17:45+00:00\" \/>\n<meta property=\"og:image\" content=\"https:\/\/bahiaeconomica.com.br\/wp\/wp-content\/uploads\/2025\/10\/104093198_desmatamentogetty.jpg.webp\" \/>\n\t<meta property=\"og:image:width\" content=\"800\" \/>\n\t<meta property=\"og:image:height\" content=\"450\" \/>\n\t<meta property=\"og:image:type\" content=\"image\/webp\" \/>\n<meta name=\"author\" content=\"Matheus Souza\" \/>\n<meta name=\"twitter:card\" content=\"summary_large_image\" \/>\n<meta name=\"twitter:label1\" content=\"Escrito por\" \/>\n\t<meta name=\"twitter:data1\" content=\"Matheus Souza\" \/>\n\t<meta name=\"twitter:label2\" content=\"Est. tempo de leitura\" \/>\n\t<meta name=\"twitter:data2\" content=\"4 minutos\" \/>\n<script type=\"application\/ld+json\" class=\"yoast-schema-graph\">{\"@context\":\"https:\/\/schema.org\",\"@graph\":[{\"@type\":\"Article\",\"@id\":\"https:\/\/bahiaeconomica.com.br\/wp\/2025\/12\/05\/62-da-exploracao-madeireira-na-amazonia-e-feita-de-forma-ilegal-aponta-pesquisa\/#article\",\"isPartOf\":{\"@id\":\"https:\/\/bahiaeconomica.com.br\/wp\/2025\/12\/05\/62-da-exploracao-madeireira-na-amazonia-e-feita-de-forma-ilegal-aponta-pesquisa\/\"},\"author\":{\"name\":\"Matheus Souza\",\"@id\":\"https:\/\/bahiaeconomica.com.br\/wp\/#\/schema\/person\/3304d50cfd32353c7d08c39066638997\"},\"headline\":\"62% DA EXPLORA\u00c7\u00c3O MADEIREIRA NA AMAZ\u00d4NIA \u00c9 FEITA DE FORMA ILEGAL, APONTA PESQUISA\",\"datePublished\":\"2025-12-05T18:17:45+00:00\",\"dateModified\":\"2025-12-05T18:17:45+00:00\",\"mainEntityOfPage\":{\"@id\":\"https:\/\/bahiaeconomica.com.br\/wp\/2025\/12\/05\/62-da-exploracao-madeireira-na-amazonia-e-feita-de-forma-ilegal-aponta-pesquisa\/\"},\"wordCount\":763,\"publisher\":{\"@id\":\"https:\/\/bahiaeconomica.com.br\/wp\/#organization\"},\"keywords\":[\"amazonia\",\"desmatamento\",\"exploracao\",\"ilegal\",\"madeireira\"],\"articleSection\":[\"MUNIC\u00cdPIOS\"],\"inLanguage\":\"pt-BR\"},{\"@type\":\"WebPage\",\"@id\":\"https:\/\/bahiaeconomica.com.br\/wp\/2025\/12\/05\/62-da-exploracao-madeireira-na-amazonia-e-feita-de-forma-ilegal-aponta-pesquisa\/\",\"url\":\"https:\/\/bahiaeconomica.com.br\/wp\/2025\/12\/05\/62-da-exploracao-madeireira-na-amazonia-e-feita-de-forma-ilegal-aponta-pesquisa\/\",\"name\":\"62% DA EXPLORA\u00c7\u00c3O MADEIREIRA NA AMAZ\u00d4NIA \u00c9 FEITA DE FORMA ILEGAL, APONTA PESQUISA - Bahia Economica\",\"isPartOf\":{\"@id\":\"https:\/\/bahiaeconomica.com.br\/wp\/#website\"},\"datePublished\":\"2025-12-05T18:17:45+00:00\",\"dateModified\":\"2025-12-05T18:17:45+00:00\",\"description\":\"O maior portal de Economia da Bahia MUNIC\u00cdPIOS Bahia Economica\",\"breadcrumb\":{\"@id\":\"https:\/\/bahiaeconomica.com.br\/wp\/2025\/12\/05\/62-da-exploracao-madeireira-na-amazonia-e-feita-de-forma-ilegal-aponta-pesquisa\/#breadcrumb\"},\"inLanguage\":\"pt-BR\",\"potentialAction\":[{\"@type\":\"ReadAction\",\"target\":[\"https:\/\/bahiaeconomica.com.br\/wp\/2025\/12\/05\/62-da-exploracao-madeireira-na-amazonia-e-feita-de-forma-ilegal-aponta-pesquisa\/\"]}]},{\"@type\":\"BreadcrumbList\",\"@id\":\"https:\/\/bahiaeconomica.com.br\/wp\/2025\/12\/05\/62-da-exploracao-madeireira-na-amazonia-e-feita-de-forma-ilegal-aponta-pesquisa\/#breadcrumb\",\"itemListElement\":[{\"@type\":\"ListItem\",\"position\":1,\"name\":\"In\u00edcio\",\"item\":\"https:\/\/bahiaeconomica.com.br\/wp\/\"},{\"@type\":\"ListItem\",\"position\":2,\"name\":\"62% DA EXPLORA\u00c7\u00c3O MADEIREIRA NA AMAZ\u00d4NIA \u00c9 FEITA DE FORMA ILEGAL, APONTA PESQUISA\"}]},{\"@type\":\"WebSite\",\"@id\":\"https:\/\/bahiaeconomica.com.br\/wp\/#website\",\"url\":\"https:\/\/bahiaeconomica.com.br\/wp\/\",\"name\":\"Bahia Economica\",\"description\":\"O maior portal de Economia da Bahia\",\"publisher\":{\"@id\":\"https:\/\/bahiaeconomica.com.br\/wp\/#organization\"},\"potentialAction\":[{\"@type\":\"SearchAction\",\"target\":{\"@type\":\"EntryPoint\",\"urlTemplate\":\"https:\/\/bahiaeconomica.com.br\/wp\/?s={search_term_string}\"},\"query-input\":\"required name=search_term_string\"}],\"inLanguage\":\"pt-BR\"},{\"@type\":\"Organization\",\"@id\":\"https:\/\/bahiaeconomica.com.br\/wp\/#organization\",\"name\":\"Bahia Econ\u00f4mica\",\"url\":\"https:\/\/bahiaeconomica.com.br\/wp\/\",\"logo\":{\"@type\":\"ImageObject\",\"inLanguage\":\"pt-BR\",\"@id\":\"https:\/\/bahiaeconomica.com.br\/wp\/#\/schema\/logo\/image\/\",\"url\":\"https:\/\/bahiaeconomica.com.br\/wp\/wp-content\/uploads\/2020\/12\/cropped-BE.png\",\"contentUrl\":\"https:\/\/bahiaeconomica.com.br\/wp\/wp-content\/uploads\/2020\/12\/cropped-BE.png\",\"width\":512,\"height\":512,\"caption\":\"Bahia Econ\u00f4mica\"},\"image\":{\"@id\":\"https:\/\/bahiaeconomica.com.br\/wp\/#\/schema\/logo\/image\/\"},\"sameAs\":[\"https:\/\/www.facebook.com\/bahiaeconomica\"]},{\"@type\":\"Person\",\"@id\":\"https:\/\/bahiaeconomica.com.br\/wp\/#\/schema\/person\/3304d50cfd32353c7d08c39066638997\",\"name\":\"Matheus Souza\",\"sameAs\":[\"http:\/\/www.bahiaeconomica.com.br\"],\"url\":\"https:\/\/bahiaeconomica.com.br\/wp\/author\/matheus-souza\/\"}]}<\/script>\n<!-- \/ Yoast SEO plugin. -->","yoast_head_json":{"title":"62% DA EXPLORA\u00c7\u00c3O MADEIREIRA NA AMAZ\u00d4NIA \u00c9 FEITA DE FORMA ILEGAL, APONTA PESQUISA - Bahia Economica","description":"O maior portal de Economia da Bahia MUNIC\u00cdPIOS Bahia Economica","robots":{"index":"index","follow":"follow","max-snippet":"max-snippet:-1","max-image-preview":"max-image-preview:large","max-video-preview":"max-video-preview:-1"},"canonical":"https:\/\/bahiaeconomica.com.br\/wp\/2025\/12\/05\/62-da-exploracao-madeireira-na-amazonia-e-feita-de-forma-ilegal-aponta-pesquisa\/","og_locale":"pt_BR","og_type":"article","og_title":"62% DA EXPLORA\u00c7\u00c3O MADEIREIRA NA AMAZ\u00d4NIA \u00c9 FEITA DE FORMA ILEGAL, APONTA PESQUISA - Bahia Economica","og_description":"O maior portal de Economia da Bahia MUNIC\u00cdPIOS Bahia Economica","og_url":"https:\/\/bahiaeconomica.com.br\/wp\/2025\/12\/05\/62-da-exploracao-madeireira-na-amazonia-e-feita-de-forma-ilegal-aponta-pesquisa\/","og_site_name":"Bahia Economica","article_publisher":"https:\/\/www.facebook.com\/bahiaeconomica","article_published_time":"2025-12-05T18:17:45+00:00","og_image":[{"width":800,"height":450,"url":"https:\/\/bahiaeconomica.com.br\/wp\/wp-content\/uploads\/2025\/10\/104093198_desmatamentogetty.jpg.webp","type":"image\/webp"}],"author":"Matheus Souza","twitter_card":"summary_large_image","twitter_misc":{"Escrito por":"Matheus Souza","Est. tempo de leitura":"4 minutos"},"schema":{"@context":"https:\/\/schema.org","@graph":[{"@type":"Article","@id":"https:\/\/bahiaeconomica.com.br\/wp\/2025\/12\/05\/62-da-exploracao-madeireira-na-amazonia-e-feita-de-forma-ilegal-aponta-pesquisa\/#article","isPartOf":{"@id":"https:\/\/bahiaeconomica.com.br\/wp\/2025\/12\/05\/62-da-exploracao-madeireira-na-amazonia-e-feita-de-forma-ilegal-aponta-pesquisa\/"},"author":{"name":"Matheus Souza","@id":"https:\/\/bahiaeconomica.com.br\/wp\/#\/schema\/person\/3304d50cfd32353c7d08c39066638997"},"headline":"62% DA EXPLORA\u00c7\u00c3O MADEIREIRA NA AMAZ\u00d4NIA \u00c9 FEITA DE FORMA ILEGAL, APONTA PESQUISA","datePublished":"2025-12-05T18:17:45+00:00","dateModified":"2025-12-05T18:17:45+00:00","mainEntityOfPage":{"@id":"https:\/\/bahiaeconomica.com.br\/wp\/2025\/12\/05\/62-da-exploracao-madeireira-na-amazonia-e-feita-de-forma-ilegal-aponta-pesquisa\/"},"wordCount":763,"publisher":{"@id":"https:\/\/bahiaeconomica.com.br\/wp\/#organization"},"keywords":["amazonia","desmatamento","exploracao","ilegal","madeireira"],"articleSection":["MUNIC\u00cdPIOS"],"inLanguage":"pt-BR"},{"@type":"WebPage","@id":"https:\/\/bahiaeconomica.com.br\/wp\/2025\/12\/05\/62-da-exploracao-madeireira-na-amazonia-e-feita-de-forma-ilegal-aponta-pesquisa\/","url":"https:\/\/bahiaeconomica.com.br\/wp\/2025\/12\/05\/62-da-exploracao-madeireira-na-amazonia-e-feita-de-forma-ilegal-aponta-pesquisa\/","name":"62% DA EXPLORA\u00c7\u00c3O MADEIREIRA NA AMAZ\u00d4NIA \u00c9 FEITA DE FORMA ILEGAL, APONTA PESQUISA - Bahia Economica","isPartOf":{"@id":"https:\/\/bahiaeconomica.com.br\/wp\/#website"},"datePublished":"2025-12-05T18:17:45+00:00","dateModified":"2025-12-05T18:17:45+00:00","description":"O maior portal de Economia da Bahia MUNIC\u00cdPIOS Bahia Economica","breadcrumb":{"@id":"https:\/\/bahiaeconomica.com.br\/wp\/2025\/12\/05\/62-da-exploracao-madeireira-na-amazonia-e-feita-de-forma-ilegal-aponta-pesquisa\/#breadcrumb"},"inLanguage":"pt-BR","potentialAction":[{"@type":"ReadAction","target":["https:\/\/bahiaeconomica.com.br\/wp\/2025\/12\/05\/62-da-exploracao-madeireira-na-amazonia-e-feita-de-forma-ilegal-aponta-pesquisa\/"]}]},{"@type":"BreadcrumbList","@id":"https:\/\/bahiaeconomica.com.br\/wp\/2025\/12\/05\/62-da-exploracao-madeireira-na-amazonia-e-feita-de-forma-ilegal-aponta-pesquisa\/#breadcrumb","itemListElement":[{"@type":"ListItem","position":1,"name":"In\u00edcio","item":"https:\/\/bahiaeconomica.com.br\/wp\/"},{"@type":"ListItem","position":2,"name":"62% DA EXPLORA\u00c7\u00c3O MADEIREIRA NA AMAZ\u00d4NIA \u00c9 FEITA DE FORMA ILEGAL, APONTA PESQUISA"}]},{"@type":"WebSite","@id":"https:\/\/bahiaeconomica.com.br\/wp\/#website","url":"https:\/\/bahiaeconomica.com.br\/wp\/","name":"Bahia Economica","description":"O maior portal de Economia da Bahia","publisher":{"@id":"https:\/\/bahiaeconomica.com.br\/wp\/#organization"},"potentialAction":[{"@type":"SearchAction","target":{"@type":"EntryPoint","urlTemplate":"https:\/\/bahiaeconomica.com.br\/wp\/?s={search_term_string}"},"query-input":"required name=search_term_string"}],"inLanguage":"pt-BR"},{"@type":"Organization","@id":"https:\/\/bahiaeconomica.com.br\/wp\/#organization","name":"Bahia Econ\u00f4mica","url":"https:\/\/bahiaeconomica.com.br\/wp\/","logo":{"@type":"ImageObject","inLanguage":"pt-BR","@id":"https:\/\/bahiaeconomica.com.br\/wp\/#\/schema\/logo\/image\/","url":"https:\/\/bahiaeconomica.com.br\/wp\/wp-content\/uploads\/2020\/12\/cropped-BE.png","contentUrl":"https:\/\/bahiaeconomica.com.br\/wp\/wp-content\/uploads\/2020\/12\/cropped-BE.png","width":512,"height":512,"caption":"Bahia Econ\u00f4mica"},"image":{"@id":"https:\/\/bahiaeconomica.com.br\/wp\/#\/schema\/logo\/image\/"},"sameAs":["https:\/\/www.facebook.com\/bahiaeconomica"]},{"@type":"Person","@id":"https:\/\/bahiaeconomica.com.br\/wp\/#\/schema\/person\/3304d50cfd32353c7d08c39066638997","name":"Matheus Souza","sameAs":["http:\/\/www.bahiaeconomica.com.br"],"url":"https:\/\/bahiaeconomica.com.br\/wp\/author\/matheus-souza\/"}]}},"views":5,"_links":{"self":[{"href":"https:\/\/bahiaeconomica.com.br\/wp\/wp-json\/wp\/v2\/posts\/958633"}],"collection":[{"href":"https:\/\/bahiaeconomica.com.br\/wp\/wp-json\/wp\/v2\/posts"}],"about":[{"href":"https:\/\/bahiaeconomica.com.br\/wp\/wp-json\/wp\/v2\/types\/post"}],"author":[{"embeddable":true,"href":"https:\/\/bahiaeconomica.com.br\/wp\/wp-json\/wp\/v2\/users\/22"}],"replies":[{"embeddable":true,"href":"https:\/\/bahiaeconomica.com.br\/wp\/wp-json\/wp\/v2\/comments?post=958633"}],"version-history":[{"count":1,"href":"https:\/\/bahiaeconomica.com.br\/wp\/wp-json\/wp\/v2\/posts\/958633\/revisions"}],"predecessor-version":[{"id":958642,"href":"https:\/\/bahiaeconomica.com.br\/wp\/wp-json\/wp\/v2\/posts\/958633\/revisions\/958642"}],"wp:featuredmedia":[{"embeddable":true,"href":"https:\/\/bahiaeconomica.com.br\/wp\/wp-json\/wp\/v2\/media\/948339"}],"wp:attachment":[{"href":"https:\/\/bahiaeconomica.com.br\/wp\/wp-json\/wp\/v2\/media?parent=958633"}],"wp:term":[{"taxonomy":"category","embeddable":true,"href":"https:\/\/bahiaeconomica.com.br\/wp\/wp-json\/wp\/v2\/categories?post=958633"},{"taxonomy":"post_tag","embeddable":true,"href":"https:\/\/bahiaeconomica.com.br\/wp\/wp-json\/wp\/v2\/tags?post=958633"}],"curies":[{"name":"wp","href":"https:\/\/api.w.org\/{rel}","templated":true}]}}