{"id":958538,"date":"2025-12-05T14:59:12","date_gmt":"2025-12-05T17:59:12","guid":{"rendered":"https:\/\/bahiaeconomica.com.br\/wp\/?p=958538"},"modified":"2025-12-05T14:41:38","modified_gmt":"2025-12-05T17:41:38","slug":"policia-militar-ganhara-novo-centro-de-formacao-e-aperfeicoamento-de-pracas","status":"publish","type":"post","link":"https:\/\/bahiaeconomica.com.br\/wp\/2025\/12\/05\/policia-militar-ganhara-novo-centro-de-formacao-e-aperfeicoamento-de-pracas\/","title":{"rendered":"POL\u00cdCIA MILITAR GANHAR\u00c1 NOVO CENTRO DE FORMA\u00c7\u00c3O E APERFEI\u00c7OAMENTO DE PRA\u00c7AS"},"content":{"rendered":"<p>Ap\u00f3s a cerim\u00f4nia de formatura dos 1.865 novos soldados da Pol\u00edcia Militar, o governador Jer\u00f4nimo Rodrigues visitou, nesta sexta-feira (5), o Centro de Forma\u00e7\u00e3o e Aperfei\u00e7oamento de Pra\u00e7as (CFAP), em Salvador, onde anunciou que o Governo do Estado publicar\u00e1, dentro de 15 dias, o processo licitat\u00f3rio para a constru\u00e7\u00e3o de uma nova unidade. Respons\u00e1vel pela qualifica\u00e7\u00e3o cont\u00ednua da tropa, o CFAP oferece cursos t\u00e9cnicos, especializa\u00e7\u00f5es e treinamentos pr\u00e1ticos que preparam policiais para atuar em diferentes \u00e1reas da seguran\u00e7a p\u00fablica. A unidade re\u00fane forma\u00e7\u00f5es voltadas para policiamento ostensivo, opera\u00e7\u00f5es especiais, atua\u00e7\u00e3o em grandes eventos, defesa pessoal, armamento e tiro, \u00e9tica e cidadania, gerenciamento de crises, intelig\u00eancia policial e media\u00e7\u00e3o de conflitos.<\/p>\n<p>Durante a visita, o comandante-geral da PM, coronel Ant\u00f4nio Carlos Silva Magalh\u00e3es, destacou a import\u00e2ncia do CFAP para a forma\u00e7\u00e3o da corpora\u00e7\u00e3o e para o servi\u00e7o prestado \u00e0 sociedade. \u201c\u00c9 um dia especial para a Pol\u00edcia Militar e para a sociedade, que recebe quase dois mil profissionais capacitados e prontos para servir. Esta escola forma e aperfei\u00e7oa constantemente nossa tropa: agora entrega 1.865 novos policiais e j\u00e1 prepara cerca de 1.500 para o pr\u00f3ximo ano. Requalificar este centro significa melhorar a forma\u00e7\u00e3o e entregar um policial ainda mais preparado para a popula\u00e7\u00e3o\u201d, afirmou o comandante.<\/p>\n<p>O governador refor\u00e7ou que a obra integra o planejamento estrat\u00e9gico do Estado para fortalecer a seguran\u00e7a p\u00fablica investindo na qualifica\u00e7\u00e3o do efetivo. \u201cSeguran\u00e7a se constr\u00f3i com forma\u00e7\u00e3o cont\u00ednua, estudo, tecnologia e disciplina. Por isso estamos investindo neste centro. Em at\u00e9 15 dias, no m\u00e1ximo, publicaremos a licita\u00e7\u00e3o para a constru\u00e7\u00e3o do novo CFAP. Teremos um espa\u00e7o com estrutura moderna, doutrina \u00fanica e forma\u00e7\u00e3o ainda mais qualificada, garantindo que o policial tenha preparo t\u00e9cnico, defesa jur\u00eddica e atua\u00e7\u00e3o respons\u00e1vel. Investir na forma\u00e7\u00e3o \u00e9 garantir uma Bahia mais segura\u201d, afirmou Jer\u00f4nimo Rodrigues.<\/p>\n<p>O secret\u00e1rio da Seguran\u00e7a P\u00fablica, Marcelo Werner, ressaltou que os investimentos realizados pelo Estado ampliam a capacidade de atua\u00e7\u00e3o das for\u00e7as policiais. \u201cO Governo da Bahia vem fortalecendo a seguran\u00e7a p\u00fablica com novas estruturas, novas tecnologias, moderniza\u00e7\u00e3o de equipamentos e amplia\u00e7\u00e3o do efetivo. S\u00e3o a\u00e7\u00f5es que trabalham juntas para garantir mais prote\u00e7\u00e3o \u00e0 popula\u00e7\u00e3o e melhorar o combate ao crime em todo o estado. Cada investimento representa mais seguran\u00e7a nas ruas e mais efici\u00eancia no atendimento ao cidad\u00e3o\u201d, destacou Werner.<\/p>\n<p>&nbsp;<\/p>\n<p>Fotos: Feij\u00e3o Almeida\/GOVBA<\/p>\n","protected":false},"excerpt":{"rendered":"<p>Ap\u00f3s a cerim\u00f4nia de formatura dos 1.865 novos soldados da Pol\u00edcia Militar, o governador Jer\u00f4nimo Rodrigues visitou, nesta sexta-feira (5), o Centro de Forma\u00e7\u00e3o e Aperfei\u00e7oamento de Pra\u00e7as (CFAP), em Salvador, onde anunciou que o Governo do Estado publicar\u00e1, dentro de 15 dias, o processo licitat\u00f3rio para a constru\u00e7\u00e3o de uma nova unidade. Respons\u00e1vel pela [&hellip;]<\/p>\n","protected":false},"author":8,"featured_media":958539,"comment_status":"closed","ping_status":"closed","sticky":false,"template":"","format":"standard","meta":[],"categories":[14,3],"tags":[85,3379,992],"acf":[],"yoast_head":"<!-- This site is optimized with the Yoast SEO plugin v20.8 - https:\/\/yoast.com\/wordpress\/plugins\/seo\/ -->\n<title>POL\u00cdCIA MILITAR GANHAR\u00c1 NOVO CENTRO DE FORMA\u00c7\u00c3O E APERFEI\u00c7OAMENTO DE PRA\u00c7AS - Bahia Economica<\/title>\n<meta name=\"description\" content=\"O maior portal de Economia da Bahia DESTAQUE DO DIA, ECONOMIA \/ POL\u00cdTICA Bahia Economica Ap\u00f3s a cerim\u00f4nia de formatura dos 1.865 novos soldados da Pol\u00edcia Militar\" \/>\n<meta name=\"robots\" content=\"index, follow, max-snippet:-1, max-image-preview:large, max-video-preview:-1\" \/>\n<link rel=\"canonical\" href=\"https:\/\/bahiaeconomica.com.br\/wp\/2025\/12\/05\/policia-militar-ganhara-novo-centro-de-formacao-e-aperfeicoamento-de-pracas\/\" \/>\n<meta property=\"og:locale\" content=\"pt_BR\" \/>\n<meta property=\"og:type\" content=\"article\" \/>\n<meta property=\"og:title\" content=\"POL\u00cdCIA MILITAR GANHAR\u00c1 NOVO CENTRO DE FORMA\u00c7\u00c3O E APERFEI\u00c7OAMENTO DE PRA\u00c7AS - Bahia Economica\" \/>\n<meta property=\"og:description\" content=\"O maior portal de Economia da Bahia DESTAQUE DO DIA, ECONOMIA \/ POL\u00cdTICA Bahia Economica Ap\u00f3s a cerim\u00f4nia de formatura dos 1.865 novos soldados da Pol\u00edcia Militar\" \/>\n<meta property=\"og:url\" content=\"https:\/\/bahiaeconomica.com.br\/wp\/2025\/12\/05\/policia-militar-ganhara-novo-centro-de-formacao-e-aperfeicoamento-de-pracas\/\" \/>\n<meta property=\"og:site_name\" content=\"Bahia Economica\" \/>\n<meta property=\"article:publisher\" content=\"https:\/\/www.facebook.com\/bahiaeconomica\" \/>\n<meta property=\"article:published_time\" content=\"2025-12-05T17:59:12+00:00\" \/>\n<meta property=\"article:modified_time\" content=\"2025-12-05T17:41:38+00:00\" \/>\n<meta property=\"og:image\" content=\"https:\/\/bahiaeconomica.com.br\/wp\/wp-content\/uploads\/2025\/12\/WhatsApp-Image-2025-12-05-at-11.53.46.jpeg\" \/>\n\t<meta property=\"og:image:width\" content=\"1600\" \/>\n\t<meta property=\"og:image:height\" content=\"900\" \/>\n\t<meta property=\"og:image:type\" content=\"image\/jpeg\" \/>\n<meta name=\"author\" content=\"JP\" \/>\n<meta name=\"twitter:card\" content=\"summary_large_image\" \/>\n<meta name=\"twitter:label1\" content=\"Escrito por\" \/>\n\t<meta name=\"twitter:data1\" content=\"JP\" \/>\n\t<meta name=\"twitter:label2\" content=\"Est. tempo de leitura\" \/>\n\t<meta name=\"twitter:data2\" content=\"3 minutos\" \/>\n<script type=\"application\/ld+json\" class=\"yoast-schema-graph\">{\"@context\":\"https:\/\/schema.org\",\"@graph\":[{\"@type\":\"Article\",\"@id\":\"https:\/\/bahiaeconomica.com.br\/wp\/2025\/12\/05\/policia-militar-ganhara-novo-centro-de-formacao-e-aperfeicoamento-de-pracas\/#article\",\"isPartOf\":{\"@id\":\"https:\/\/bahiaeconomica.com.br\/wp\/2025\/12\/05\/policia-militar-ganhara-novo-centro-de-formacao-e-aperfeicoamento-de-pracas\/\"},\"author\":{\"name\":\"JP\",\"@id\":\"https:\/\/bahiaeconomica.com.br\/wp\/#\/schema\/person\/c86d3a3f8960425a0f9d0e5245991f4e\"},\"headline\":\"POL\u00cdCIA MILITAR GANHAR\u00c1 NOVO CENTRO DE FORMA\u00c7\u00c3O E APERFEI\u00c7OAMENTO DE PRA\u00c7AS\",\"datePublished\":\"2025-12-05T17:59:12+00:00\",\"dateModified\":\"2025-12-05T17:41:38+00:00\",\"mainEntityOfPage\":{\"@id\":\"https:\/\/bahiaeconomica.com.br\/wp\/2025\/12\/05\/policia-militar-ganhara-novo-centro-de-formacao-e-aperfeicoamento-de-pracas\/\"},\"wordCount\":456,\"publisher\":{\"@id\":\"https:\/\/bahiaeconomica.com.br\/wp\/#organization\"},\"keywords\":[\"Bahia\",\"militar\",\"policia\"],\"articleSection\":[\"DESTAQUE DO DIA\",\"ECONOMIA \/ POL\u00cdTICA\"],\"inLanguage\":\"pt-BR\"},{\"@type\":\"WebPage\",\"@id\":\"https:\/\/bahiaeconomica.com.br\/wp\/2025\/12\/05\/policia-militar-ganhara-novo-centro-de-formacao-e-aperfeicoamento-de-pracas\/\",\"url\":\"https:\/\/bahiaeconomica.com.br\/wp\/2025\/12\/05\/policia-militar-ganhara-novo-centro-de-formacao-e-aperfeicoamento-de-pracas\/\",\"name\":\"POL\u00cdCIA MILITAR GANHAR\u00c1 NOVO CENTRO DE FORMA\u00c7\u00c3O E APERFEI\u00c7OAMENTO DE PRA\u00c7AS - Bahia Economica\",\"isPartOf\":{\"@id\":\"https:\/\/bahiaeconomica.com.br\/wp\/#website\"},\"datePublished\":\"2025-12-05T17:59:12+00:00\",\"dateModified\":\"2025-12-05T17:41:38+00:00\",\"description\":\"O maior portal de Economia da Bahia DESTAQUE DO DIA, ECONOMIA \/ POL\u00cdTICA Bahia Economica Ap\u00f3s a cerim\u00f4nia de formatura dos 1.865 novos soldados da Pol\u00edcia Militar\",\"breadcrumb\":{\"@id\":\"https:\/\/bahiaeconomica.com.br\/wp\/2025\/12\/05\/policia-militar-ganhara-novo-centro-de-formacao-e-aperfeicoamento-de-pracas\/#breadcrumb\"},\"inLanguage\":\"pt-BR\",\"potentialAction\":[{\"@type\":\"ReadAction\",\"target\":[\"https:\/\/bahiaeconomica.com.br\/wp\/2025\/12\/05\/policia-militar-ganhara-novo-centro-de-formacao-e-aperfeicoamento-de-pracas\/\"]}]},{\"@type\":\"BreadcrumbList\",\"@id\":\"https:\/\/bahiaeconomica.com.br\/wp\/2025\/12\/05\/policia-militar-ganhara-novo-centro-de-formacao-e-aperfeicoamento-de-pracas\/#breadcrumb\",\"itemListElement\":[{\"@type\":\"ListItem\",\"position\":1,\"name\":\"In\u00edcio\",\"item\":\"https:\/\/bahiaeconomica.com.br\/wp\/\"},{\"@type\":\"ListItem\",\"position\":2,\"name\":\"POL\u00cdCIA MILITAR GANHAR\u00c1 NOVO CENTRO DE FORMA\u00c7\u00c3O E APERFEI\u00c7OAMENTO DE PRA\u00c7AS\"}]},{\"@type\":\"WebSite\",\"@id\":\"https:\/\/bahiaeconomica.com.br\/wp\/#website\",\"url\":\"https:\/\/bahiaeconomica.com.br\/wp\/\",\"name\":\"Bahia Economica\",\"description\":\"O maior portal de Economia da Bahia\",\"publisher\":{\"@id\":\"https:\/\/bahiaeconomica.com.br\/wp\/#organization\"},\"potentialAction\":[{\"@type\":\"SearchAction\",\"target\":{\"@type\":\"EntryPoint\",\"urlTemplate\":\"https:\/\/bahiaeconomica.com.br\/wp\/?s={search_term_string}\"},\"query-input\":\"required name=search_term_string\"}],\"inLanguage\":\"pt-BR\"},{\"@type\":\"Organization\",\"@id\":\"https:\/\/bahiaeconomica.com.br\/wp\/#organization\",\"name\":\"Bahia Econ\u00f4mica\",\"url\":\"https:\/\/bahiaeconomica.com.br\/wp\/\",\"logo\":{\"@type\":\"ImageObject\",\"inLanguage\":\"pt-BR\",\"@id\":\"https:\/\/bahiaeconomica.com.br\/wp\/#\/schema\/logo\/image\/\",\"url\":\"https:\/\/bahiaeconomica.com.br\/wp\/wp-content\/uploads\/2020\/12\/cropped-BE.png\",\"contentUrl\":\"https:\/\/bahiaeconomica.com.br\/wp\/wp-content\/uploads\/2020\/12\/cropped-BE.png\",\"width\":512,\"height\":512,\"caption\":\"Bahia Econ\u00f4mica\"},\"image\":{\"@id\":\"https:\/\/bahiaeconomica.com.br\/wp\/#\/schema\/logo\/image\/\"},\"sameAs\":[\"https:\/\/www.facebook.com\/bahiaeconomica\"]},{\"@type\":\"Person\",\"@id\":\"https:\/\/bahiaeconomica.com.br\/wp\/#\/schema\/person\/c86d3a3f8960425a0f9d0e5245991f4e\",\"name\":\"JP\",\"sameAs\":[\"https:\/\/bahiaeconomica.com.br\/wp\/beta\/\"],\"url\":\"https:\/\/bahiaeconomica.com.br\/wp\/author\/jp\/\"}]}<\/script>\n<!-- \/ Yoast SEO plugin. -->","yoast_head_json":{"title":"POL\u00cdCIA MILITAR GANHAR\u00c1 NOVO CENTRO DE FORMA\u00c7\u00c3O E APERFEI\u00c7OAMENTO DE PRA\u00c7AS - Bahia Economica","description":"O maior portal de Economia da Bahia DESTAQUE DO DIA, ECONOMIA \/ POL\u00cdTICA Bahia Economica Ap\u00f3s a cerim\u00f4nia de formatura dos 1.865 novos soldados da Pol\u00edcia Militar","robots":{"index":"index","follow":"follow","max-snippet":"max-snippet:-1","max-image-preview":"max-image-preview:large","max-video-preview":"max-video-preview:-1"},"canonical":"https:\/\/bahiaeconomica.com.br\/wp\/2025\/12\/05\/policia-militar-ganhara-novo-centro-de-formacao-e-aperfeicoamento-de-pracas\/","og_locale":"pt_BR","og_type":"article","og_title":"POL\u00cdCIA MILITAR GANHAR\u00c1 NOVO CENTRO DE FORMA\u00c7\u00c3O E APERFEI\u00c7OAMENTO DE PRA\u00c7AS - Bahia Economica","og_description":"O maior portal de Economia da Bahia DESTAQUE DO DIA, ECONOMIA \/ POL\u00cdTICA Bahia Economica Ap\u00f3s a cerim\u00f4nia de formatura dos 1.865 novos soldados da Pol\u00edcia Militar","og_url":"https:\/\/bahiaeconomica.com.br\/wp\/2025\/12\/05\/policia-militar-ganhara-novo-centro-de-formacao-e-aperfeicoamento-de-pracas\/","og_site_name":"Bahia Economica","article_publisher":"https:\/\/www.facebook.com\/bahiaeconomica","article_published_time":"2025-12-05T17:59:12+00:00","article_modified_time":"2025-12-05T17:41:38+00:00","og_image":[{"width":1600,"height":900,"url":"https:\/\/bahiaeconomica.com.br\/wp\/wp-content\/uploads\/2025\/12\/WhatsApp-Image-2025-12-05-at-11.53.46.jpeg","type":"image\/jpeg"}],"author":"JP","twitter_card":"summary_large_image","twitter_misc":{"Escrito por":"JP","Est. tempo de leitura":"3 minutos"},"schema":{"@context":"https:\/\/schema.org","@graph":[{"@type":"Article","@id":"https:\/\/bahiaeconomica.com.br\/wp\/2025\/12\/05\/policia-militar-ganhara-novo-centro-de-formacao-e-aperfeicoamento-de-pracas\/#article","isPartOf":{"@id":"https:\/\/bahiaeconomica.com.br\/wp\/2025\/12\/05\/policia-militar-ganhara-novo-centro-de-formacao-e-aperfeicoamento-de-pracas\/"},"author":{"name":"JP","@id":"https:\/\/bahiaeconomica.com.br\/wp\/#\/schema\/person\/c86d3a3f8960425a0f9d0e5245991f4e"},"headline":"POL\u00cdCIA MILITAR GANHAR\u00c1 NOVO CENTRO DE FORMA\u00c7\u00c3O E APERFEI\u00c7OAMENTO DE PRA\u00c7AS","datePublished":"2025-12-05T17:59:12+00:00","dateModified":"2025-12-05T17:41:38+00:00","mainEntityOfPage":{"@id":"https:\/\/bahiaeconomica.com.br\/wp\/2025\/12\/05\/policia-militar-ganhara-novo-centro-de-formacao-e-aperfeicoamento-de-pracas\/"},"wordCount":456,"publisher":{"@id":"https:\/\/bahiaeconomica.com.br\/wp\/#organization"},"keywords":["Bahia","militar","policia"],"articleSection":["DESTAQUE DO DIA","ECONOMIA \/ POL\u00cdTICA"],"inLanguage":"pt-BR"},{"@type":"WebPage","@id":"https:\/\/bahiaeconomica.com.br\/wp\/2025\/12\/05\/policia-militar-ganhara-novo-centro-de-formacao-e-aperfeicoamento-de-pracas\/","url":"https:\/\/bahiaeconomica.com.br\/wp\/2025\/12\/05\/policia-militar-ganhara-novo-centro-de-formacao-e-aperfeicoamento-de-pracas\/","name":"POL\u00cdCIA MILITAR GANHAR\u00c1 NOVO CENTRO DE FORMA\u00c7\u00c3O E APERFEI\u00c7OAMENTO DE PRA\u00c7AS - Bahia Economica","isPartOf":{"@id":"https:\/\/bahiaeconomica.com.br\/wp\/#website"},"datePublished":"2025-12-05T17:59:12+00:00","dateModified":"2025-12-05T17:41:38+00:00","description":"O maior portal de Economia da Bahia DESTAQUE DO DIA, ECONOMIA \/ POL\u00cdTICA Bahia Economica Ap\u00f3s a cerim\u00f4nia de formatura dos 1.865 novos soldados da Pol\u00edcia Militar","breadcrumb":{"@id":"https:\/\/bahiaeconomica.com.br\/wp\/2025\/12\/05\/policia-militar-ganhara-novo-centro-de-formacao-e-aperfeicoamento-de-pracas\/#breadcrumb"},"inLanguage":"pt-BR","potentialAction":[{"@type":"ReadAction","target":["https:\/\/bahiaeconomica.com.br\/wp\/2025\/12\/05\/policia-militar-ganhara-novo-centro-de-formacao-e-aperfeicoamento-de-pracas\/"]}]},{"@type":"BreadcrumbList","@id":"https:\/\/bahiaeconomica.com.br\/wp\/2025\/12\/05\/policia-militar-ganhara-novo-centro-de-formacao-e-aperfeicoamento-de-pracas\/#breadcrumb","itemListElement":[{"@type":"ListItem","position":1,"name":"In\u00edcio","item":"https:\/\/bahiaeconomica.com.br\/wp\/"},{"@type":"ListItem","position":2,"name":"POL\u00cdCIA MILITAR GANHAR\u00c1 NOVO CENTRO DE FORMA\u00c7\u00c3O E APERFEI\u00c7OAMENTO DE PRA\u00c7AS"}]},{"@type":"WebSite","@id":"https:\/\/bahiaeconomica.com.br\/wp\/#website","url":"https:\/\/bahiaeconomica.com.br\/wp\/","name":"Bahia Economica","description":"O maior portal de Economia da Bahia","publisher":{"@id":"https:\/\/bahiaeconomica.com.br\/wp\/#organization"},"potentialAction":[{"@type":"SearchAction","target":{"@type":"EntryPoint","urlTemplate":"https:\/\/bahiaeconomica.com.br\/wp\/?s={search_term_string}"},"query-input":"required name=search_term_string"}],"inLanguage":"pt-BR"},{"@type":"Organization","@id":"https:\/\/bahiaeconomica.com.br\/wp\/#organization","name":"Bahia Econ\u00f4mica","url":"https:\/\/bahiaeconomica.com.br\/wp\/","logo":{"@type":"ImageObject","inLanguage":"pt-BR","@id":"https:\/\/bahiaeconomica.com.br\/wp\/#\/schema\/logo\/image\/","url":"https:\/\/bahiaeconomica.com.br\/wp\/wp-content\/uploads\/2020\/12\/cropped-BE.png","contentUrl":"https:\/\/bahiaeconomica.com.br\/wp\/wp-content\/uploads\/2020\/12\/cropped-BE.png","width":512,"height":512,"caption":"Bahia Econ\u00f4mica"},"image":{"@id":"https:\/\/bahiaeconomica.com.br\/wp\/#\/schema\/logo\/image\/"},"sameAs":["https:\/\/www.facebook.com\/bahiaeconomica"]},{"@type":"Person","@id":"https:\/\/bahiaeconomica.com.br\/wp\/#\/schema\/person\/c86d3a3f8960425a0f9d0e5245991f4e","name":"JP","sameAs":["https:\/\/bahiaeconomica.com.br\/wp\/beta\/"],"url":"https:\/\/bahiaeconomica.com.br\/wp\/author\/jp\/"}]}},"views":21,"_links":{"self":[{"href":"https:\/\/bahiaeconomica.com.br\/wp\/wp-json\/wp\/v2\/posts\/958538"}],"collection":[{"href":"https:\/\/bahiaeconomica.com.br\/wp\/wp-json\/wp\/v2\/posts"}],"about":[{"href":"https:\/\/bahiaeconomica.com.br\/wp\/wp-json\/wp\/v2\/types\/post"}],"author":[{"embeddable":true,"href":"https:\/\/bahiaeconomica.com.br\/wp\/wp-json\/wp\/v2\/users\/8"}],"replies":[{"embeddable":true,"href":"https:\/\/bahiaeconomica.com.br\/wp\/wp-json\/wp\/v2\/comments?post=958538"}],"version-history":[{"count":1,"href":"https:\/\/bahiaeconomica.com.br\/wp\/wp-json\/wp\/v2\/posts\/958538\/revisions"}],"predecessor-version":[{"id":958540,"href":"https:\/\/bahiaeconomica.com.br\/wp\/wp-json\/wp\/v2\/posts\/958538\/revisions\/958540"}],"wp:featuredmedia":[{"embeddable":true,"href":"https:\/\/bahiaeconomica.com.br\/wp\/wp-json\/wp\/v2\/media\/958539"}],"wp:attachment":[{"href":"https:\/\/bahiaeconomica.com.br\/wp\/wp-json\/wp\/v2\/media?parent=958538"}],"wp:term":[{"taxonomy":"category","embeddable":true,"href":"https:\/\/bahiaeconomica.com.br\/wp\/wp-json\/wp\/v2\/categories?post=958538"},{"taxonomy":"post_tag","embeddable":true,"href":"https:\/\/bahiaeconomica.com.br\/wp\/wp-json\/wp\/v2\/tags?post=958538"}],"curies":[{"name":"wp","href":"https:\/\/api.w.org\/{rel}","templated":true}]}}