{"id":958503,"date":"2025-12-05T10:20:58","date_gmt":"2025-12-05T13:20:58","guid":{"rendered":"https:\/\/bahiaeconomica.com.br\/wp\/?p=958503"},"modified":"2025-12-05T13:18:17","modified_gmt":"2025-12-05T16:18:17","slug":"festival-paisagem-sonora-celebra-centenario-de-mae-stella-com-lancamento-de-livro-e-exibicao-de-documentario","status":"publish","type":"post","link":"https:\/\/bahiaeconomica.com.br\/wp\/2025\/12\/05\/festival-paisagem-sonora-celebra-centenario-de-mae-stella-com-lancamento-de-livro-e-exibicao-de-documentario\/","title":{"rendered":"FESTIVAL PAISAGEM SONORA CELEBRA CENTEN\u00c1RIO DE M\u00c3E STELLA COM LAN\u00c7AMENTO DE LIVRO E EXIBI\u00c7\u00c3O DE DOCUMENT\u00c1RIO"},"content":{"rendered":"<p>A 7\u00aa edi\u00e7\u00e3o do Festival Paisagem Sonora traz uma programa\u00e7\u00e3o especial ao Terreiro Il\u00ea Ax\u00e9 Op\u00f4 Afonj\u00e1, na nesta sexta-feira, dia 5, \u00e0s 18h. Na ocasi\u00e3o, ser\u00e1 exibido o document\u00e1rio \u201cPedagogia da Ancestralidade: F\u00e9, Educa\u00e7\u00e3o e Lideran\u00e7a no Il\u00ea Ax\u00e9 Op\u00f4 Afonj\u00e1\u201d, dirigido por Danillo Barata, Pr\u00f3-Reitor de Extens\u00e3o e Cultura da Universidade Federal do Rec\u00f4ncavo da Bahia (UFRB) e curador do festival. A obra conta a hist\u00f3ria do terreiro, que foi liderado por M\u00e3e Stella de Ox\u00f3ssi, a quinta Iyalorix\u00e1 da Casa de Xang\u00f4 e a primeira sacerdotisa imortal da Academia de Letras da Bahia, que se estivesse viva, completaria 100 anos, em 2025.<\/p>\n<p>Al\u00e9m do document\u00e1rio, ser\u00e1 lan\u00e7ado o livro\u00a0 \u201cIl\u00ea Ax\u00e9 Op\u00f4 Afonj\u00e1\u201d, tamb\u00e9m escrito por Danillo Barata e com fotografias de Roberto Abreu. A publica\u00e7\u00e3o \u00e9 produzida\u00a0 pelo Selo Editorial Anjo Negro, da UFRB, uma plataforma de difus\u00e3o intelectual, est\u00e9tica e pol\u00edtica de temas ligados \u00e0s matrizes afro-brasileiras.<\/p>\n<p>\u201cEste livro \u00e9 resultado de um percurso de escuta, conviv\u00eancia e di\u00e1logo. Nasceu das derivas e conversas partilhadas com o povo do terreiro, com suas vozes, gestos e sil\u00eancios, que fazem do Il\u00ea Ax\u00e9 Op\u00f4 Afonj\u00e1 um espa\u00e7o de mem\u00f3ria viva, f\u00e9 e pedagogia ancestral. As p\u00e1ginas que seguem foram tecidas a muitas m\u00e3os, num exerc\u00edcio de aproxima\u00e7\u00e3o entre a palavra escrita e a palavra ritual. S\u00e3o fruto do conv\u00edvio e da escuta atenta com M\u00e3e Ana de Xang\u00f4, Yalorix\u00e1 do Il\u00ea Ax\u00e9 Op\u00f4 Afonj\u00e1, cujas reflex\u00f5es e experi\u00eancias contribu\u00edram para compreender o Afonj\u00e1 como um territ\u00f3rio de saberes e pr\u00e1ticas que atravessam a hist\u00f3ria, a espiritualidade e a educa\u00e7\u00e3o\u201d, explica Danillo Barata, autor do livro e diretor do document\u00e1rio.<\/p>\n<p>Outras quatro obras ser\u00e3o lan\u00e7adas pelo selo Anjo Negro durante o Festival, no mesmo dia, na Casa Rosa, no Rio Vermelho. Entre os t\u00edtulos est\u00e3o: \u201cAlberto Pitta: F\u00fanF\u00fan D\u00faD\u00fa\u201d;\u00a0 \u201cNa\u00e7\u00f5es do Candombl\u00e9\u201d, de Mateus Aleluia; \u201cBemb\u00e9 do Mercado: Dossi\u00ea de Registro como Patrim\u00f4nio Cultural do Brasil\u201d; al\u00e9m de um box com os 21 \u201cCadernos de Educa\u00e7\u00e3o do Il\u00ea Aiy\u00ea\u201d.<\/p>\n<p>Durante os tr\u00eas dias, o evento traz tamb\u00e9m semin\u00e1rios e debates sobre arte e educa\u00e7\u00e3o, no Teatro Cambar\u00e1 da Casa Rosa. Na sexta (05), a programa\u00e7\u00e3o de semin\u00e1rios abre \u00e0s 15h30, com o tema \u201cPol\u00edtica Nacional de Equidade, Educa\u00e7\u00e3o para as Rela\u00e7\u00f5es \u00c9tnico-Raciais e Educa\u00e7\u00e3o Escolar Quilombola\u201d, com Zara Figueiredo, Secret\u00e1ria da SECADI (MEC). Na sequ\u00eancia, o Pr\u00f3-reitor de Extens\u00e3o e Cultura da UFRB, Danillo Barata, ministra o semin\u00e1rio \u201cPrograma M\u00fasica e Educa\u00e7\u00e3o para as Organiza\u00e7\u00f5es da Resist\u00eancia\u201d.<\/p>\n<p>No s\u00e1bado (06), os produtores musicais Arto Lindsay, Al\u00ea Siqueira e Nancy Viegas participam do semin\u00e1rio \u201cPaisagens Sonoras: Processos Criativos e Redes do Comum\u201d, \u00e0s 14h. Tamb\u00e9m no s\u00e1bado, com media\u00e7\u00e3o de Mara Felipe, o tema \u201cReconfigura\u00e7\u00f5es do Carnaval Negro\u201d ser\u00e1 debatido por Eric Mazone (Afrocidade), Alberto Pitta e Rog\u00e9rio Oliveira (Cortejo Afro) e Giba Gon\u00e7alves (Olodum), \u00e0s 15h. J\u00e1 no domingo (07), \u201cMuseu Itamar Assump\u00e7\u00e3o: Mem\u00f3ria, M\u00fasica e Afrofuturismo\u201d \u00e9 tema do semin\u00e1rio, \u00e0s 14h30, com Anelis Assump\u00e7\u00e3o, cantora e filha do artista. Encerrando a programa\u00e7\u00e3o de semin\u00e1rios, \u00e0s 15h30, o cantor e compositor Lazzo Matumbi fala, no \u201cSemin\u00e1rio Clube da Radiola\u201d, sobre o \u00e1lbum \u201cAtr\u00e1s do P\u00f4r do Sol\u201d, com media\u00e7\u00e3o da pesquisadora e professora da UFRB Tatiana Lima<\/p>\n<p>Com ingressos j\u00e1 esgotados, as apresenta\u00e7\u00f5es musicais envolvem DJs e bandas, come\u00e7ando com o\u00a0 Cortejo Afro, que convida Arto Lindsay, seguido por Afrocidade, no dia 05. J\u00e1 no dia 06, \u00e9 a vez de Afox\u00e9 Filhos de Gandhy, A\u0300TT\u00d8\u00d8XXA\u0301 e Marcia Castro com a Roda de Samba Reggae. No dia 07, encerrando o festival, se apresentam Il\u00ea Aiy\u00ea e Lazzo Matumbi, que convida Anelis Assump\u00e7\u00e3o.<\/p>\n<p>A programa\u00e7\u00e3o completa est\u00e1 dispon\u00edvel no site: https:\/\/festivalpaisagemsonora.org\/programacao .<\/p>\n<p>Acompanhe tamb\u00e9m atrav\u00e9s do Instagram: @paisagemsonorabahia<\/p>\n<p>Foto: Roberto Abreu<\/p>\n","protected":false},"excerpt":{"rendered":"<p>A 7\u00aa edi\u00e7\u00e3o do Festival Paisagem Sonora traz uma programa\u00e7\u00e3o especial ao Terreiro Il\u00ea Ax\u00e9 Op\u00f4 Afonj\u00e1, na nesta sexta-feira, dia 5, \u00e0s 18h. Na ocasi\u00e3o, ser\u00e1 exibido o document\u00e1rio \u201cPedagogia da Ancestralidade: F\u00e9, Educa\u00e7\u00e3o e Lideran\u00e7a no Il\u00ea Ax\u00e9 Op\u00f4 Afonj\u00e1\u201d, dirigido por Danillo Barata, Pr\u00f3-Reitor de Extens\u00e3o e Cultura da Universidade Federal do [&hellip;]<\/p>\n","protected":false},"author":8,"featured_media":958504,"comment_status":"closed","ping_status":"closed","sticky":false,"template":"","format":"standard","meta":[],"categories":[689],"tags":[52,11965,42667],"acf":[],"yoast_head":"<!-- This site is optimized with the Yoast SEO plugin v20.8 - https:\/\/yoast.com\/wordpress\/plugins\/seo\/ -->\n<title>FESTIVAL PAISAGEM SONORA CELEBRA CENTEN\u00c1RIO DE M\u00c3E STELLA COM LAN\u00c7AMENTO DE LIVRO E EXIBI\u00c7\u00c3O DE DOCUMENT\u00c1RIO - Bahia Economica<\/title>\n<meta name=\"description\" content=\"O maior portal de Economia da Bahia CULTURA E ARTE Bahia Economica\" \/>\n<meta name=\"robots\" content=\"index, follow, max-snippet:-1, max-image-preview:large, max-video-preview:-1\" \/>\n<link rel=\"canonical\" href=\"https:\/\/bahiaeconomica.com.br\/wp\/2025\/12\/05\/festival-paisagem-sonora-celebra-centenario-de-mae-stella-com-lancamento-de-livro-e-exibicao-de-documentario\/\" \/>\n<meta property=\"og:locale\" content=\"pt_BR\" \/>\n<meta property=\"og:type\" content=\"article\" \/>\n<meta property=\"og:title\" content=\"FESTIVAL PAISAGEM SONORA CELEBRA CENTEN\u00c1RIO DE M\u00c3E STELLA COM LAN\u00c7AMENTO DE LIVRO E EXIBI\u00c7\u00c3O DE DOCUMENT\u00c1RIO - Bahia Economica\" \/>\n<meta property=\"og:description\" content=\"O maior portal de Economia da Bahia CULTURA E ARTE Bahia Economica\" \/>\n<meta property=\"og:url\" content=\"https:\/\/bahiaeconomica.com.br\/wp\/2025\/12\/05\/festival-paisagem-sonora-celebra-centenario-de-mae-stella-com-lancamento-de-livro-e-exibicao-de-documentario\/\" \/>\n<meta property=\"og:site_name\" content=\"Bahia Economica\" \/>\n<meta property=\"article:publisher\" content=\"https:\/\/www.facebook.com\/bahiaeconomica\" \/>\n<meta property=\"article:published_time\" content=\"2025-12-05T13:20:58+00:00\" \/>\n<meta property=\"article:modified_time\" content=\"2025-12-05T16:18:17+00:00\" \/>\n<meta property=\"og:image\" content=\"https:\/\/bahiaeconomica.com.br\/wp\/wp-content\/uploads\/2025\/12\/WhatsApp-Image-2025-12-05-at-10.04.09.jpeg\" \/>\n\t<meta property=\"og:image:width\" content=\"1600\" \/>\n\t<meta property=\"og:image:height\" content=\"1067\" \/>\n\t<meta property=\"og:image:type\" content=\"image\/jpeg\" \/>\n<meta name=\"author\" content=\"JP\" \/>\n<meta name=\"twitter:card\" content=\"summary_large_image\" \/>\n<meta name=\"twitter:label1\" content=\"Escrito por\" \/>\n\t<meta name=\"twitter:data1\" content=\"JP\" \/>\n\t<meta name=\"twitter:label2\" content=\"Est. tempo de leitura\" \/>\n\t<meta name=\"twitter:data2\" content=\"4 minutos\" \/>\n<script type=\"application\/ld+json\" class=\"yoast-schema-graph\">{\"@context\":\"https:\/\/schema.org\",\"@graph\":[{\"@type\":\"Article\",\"@id\":\"https:\/\/bahiaeconomica.com.br\/wp\/2025\/12\/05\/festival-paisagem-sonora-celebra-centenario-de-mae-stella-com-lancamento-de-livro-e-exibicao-de-documentario\/#article\",\"isPartOf\":{\"@id\":\"https:\/\/bahiaeconomica.com.br\/wp\/2025\/12\/05\/festival-paisagem-sonora-celebra-centenario-de-mae-stella-com-lancamento-de-livro-e-exibicao-de-documentario\/\"},\"author\":{\"name\":\"JP\",\"@id\":\"https:\/\/bahiaeconomica.com.br\/wp\/#\/schema\/person\/c86d3a3f8960425a0f9d0e5245991f4e\"},\"headline\":\"FESTIVAL PAISAGEM SONORA CELEBRA CENTEN\u00c1RIO DE M\u00c3E STELLA COM LAN\u00c7AMENTO DE LIVRO E EXIBI\u00c7\u00c3O DE DOCUMENT\u00c1RIO\",\"datePublished\":\"2025-12-05T13:20:58+00:00\",\"dateModified\":\"2025-12-05T16:18:17+00:00\",\"mainEntityOfPage\":{\"@id\":\"https:\/\/bahiaeconomica.com.br\/wp\/2025\/12\/05\/festival-paisagem-sonora-celebra-centenario-de-mae-stella-com-lancamento-de-livro-e-exibicao-de-documentario\/\"},\"wordCount\":719,\"publisher\":{\"@id\":\"https:\/\/bahiaeconomica.com.br\/wp\/#organization\"},\"keywords\":[\"Brasil\",\"econmia\",\"PAISAGEM\"],\"articleSection\":[\"CULTURA E ARTE\"],\"inLanguage\":\"pt-BR\"},{\"@type\":\"WebPage\",\"@id\":\"https:\/\/bahiaeconomica.com.br\/wp\/2025\/12\/05\/festival-paisagem-sonora-celebra-centenario-de-mae-stella-com-lancamento-de-livro-e-exibicao-de-documentario\/\",\"url\":\"https:\/\/bahiaeconomica.com.br\/wp\/2025\/12\/05\/festival-paisagem-sonora-celebra-centenario-de-mae-stella-com-lancamento-de-livro-e-exibicao-de-documentario\/\",\"name\":\"FESTIVAL PAISAGEM SONORA CELEBRA CENTEN\u00c1RIO DE M\u00c3E STELLA COM LAN\u00c7AMENTO DE LIVRO E EXIBI\u00c7\u00c3O DE DOCUMENT\u00c1RIO - Bahia Economica\",\"isPartOf\":{\"@id\":\"https:\/\/bahiaeconomica.com.br\/wp\/#website\"},\"datePublished\":\"2025-12-05T13:20:58+00:00\",\"dateModified\":\"2025-12-05T16:18:17+00:00\",\"description\":\"O maior portal de Economia da Bahia CULTURA E ARTE Bahia Economica\",\"breadcrumb\":{\"@id\":\"https:\/\/bahiaeconomica.com.br\/wp\/2025\/12\/05\/festival-paisagem-sonora-celebra-centenario-de-mae-stella-com-lancamento-de-livro-e-exibicao-de-documentario\/#breadcrumb\"},\"inLanguage\":\"pt-BR\",\"potentialAction\":[{\"@type\":\"ReadAction\",\"target\":[\"https:\/\/bahiaeconomica.com.br\/wp\/2025\/12\/05\/festival-paisagem-sonora-celebra-centenario-de-mae-stella-com-lancamento-de-livro-e-exibicao-de-documentario\/\"]}]},{\"@type\":\"BreadcrumbList\",\"@id\":\"https:\/\/bahiaeconomica.com.br\/wp\/2025\/12\/05\/festival-paisagem-sonora-celebra-centenario-de-mae-stella-com-lancamento-de-livro-e-exibicao-de-documentario\/#breadcrumb\",\"itemListElement\":[{\"@type\":\"ListItem\",\"position\":1,\"name\":\"In\u00edcio\",\"item\":\"https:\/\/bahiaeconomica.com.br\/wp\/\"},{\"@type\":\"ListItem\",\"position\":2,\"name\":\"FESTIVAL PAISAGEM SONORA CELEBRA CENTEN\u00c1RIO DE M\u00c3E STELLA COM LAN\u00c7AMENTO DE LIVRO E EXIBI\u00c7\u00c3O DE DOCUMENT\u00c1RIO\"}]},{\"@type\":\"WebSite\",\"@id\":\"https:\/\/bahiaeconomica.com.br\/wp\/#website\",\"url\":\"https:\/\/bahiaeconomica.com.br\/wp\/\",\"name\":\"Bahia Economica\",\"description\":\"O maior portal de Economia da Bahia\",\"publisher\":{\"@id\":\"https:\/\/bahiaeconomica.com.br\/wp\/#organization\"},\"potentialAction\":[{\"@type\":\"SearchAction\",\"target\":{\"@type\":\"EntryPoint\",\"urlTemplate\":\"https:\/\/bahiaeconomica.com.br\/wp\/?s={search_term_string}\"},\"query-input\":\"required name=search_term_string\"}],\"inLanguage\":\"pt-BR\"},{\"@type\":\"Organization\",\"@id\":\"https:\/\/bahiaeconomica.com.br\/wp\/#organization\",\"name\":\"Bahia Econ\u00f4mica\",\"url\":\"https:\/\/bahiaeconomica.com.br\/wp\/\",\"logo\":{\"@type\":\"ImageObject\",\"inLanguage\":\"pt-BR\",\"@id\":\"https:\/\/bahiaeconomica.com.br\/wp\/#\/schema\/logo\/image\/\",\"url\":\"https:\/\/bahiaeconomica.com.br\/wp\/wp-content\/uploads\/2020\/12\/cropped-BE.png\",\"contentUrl\":\"https:\/\/bahiaeconomica.com.br\/wp\/wp-content\/uploads\/2020\/12\/cropped-BE.png\",\"width\":512,\"height\":512,\"caption\":\"Bahia Econ\u00f4mica\"},\"image\":{\"@id\":\"https:\/\/bahiaeconomica.com.br\/wp\/#\/schema\/logo\/image\/\"},\"sameAs\":[\"https:\/\/www.facebook.com\/bahiaeconomica\"]},{\"@type\":\"Person\",\"@id\":\"https:\/\/bahiaeconomica.com.br\/wp\/#\/schema\/person\/c86d3a3f8960425a0f9d0e5245991f4e\",\"name\":\"JP\",\"sameAs\":[\"https:\/\/bahiaeconomica.com.br\/wp\/beta\/\"],\"url\":\"https:\/\/bahiaeconomica.com.br\/wp\/author\/jp\/\"}]}<\/script>\n<!-- \/ Yoast SEO plugin. -->","yoast_head_json":{"title":"FESTIVAL PAISAGEM SONORA CELEBRA CENTEN\u00c1RIO DE M\u00c3E STELLA COM LAN\u00c7AMENTO DE LIVRO E EXIBI\u00c7\u00c3O DE DOCUMENT\u00c1RIO - Bahia Economica","description":"O maior portal de Economia da Bahia CULTURA E ARTE Bahia Economica","robots":{"index":"index","follow":"follow","max-snippet":"max-snippet:-1","max-image-preview":"max-image-preview:large","max-video-preview":"max-video-preview:-1"},"canonical":"https:\/\/bahiaeconomica.com.br\/wp\/2025\/12\/05\/festival-paisagem-sonora-celebra-centenario-de-mae-stella-com-lancamento-de-livro-e-exibicao-de-documentario\/","og_locale":"pt_BR","og_type":"article","og_title":"FESTIVAL PAISAGEM SONORA CELEBRA CENTEN\u00c1RIO DE M\u00c3E STELLA COM LAN\u00c7AMENTO DE LIVRO E EXIBI\u00c7\u00c3O DE DOCUMENT\u00c1RIO - Bahia Economica","og_description":"O maior portal de Economia da Bahia CULTURA E ARTE Bahia Economica","og_url":"https:\/\/bahiaeconomica.com.br\/wp\/2025\/12\/05\/festival-paisagem-sonora-celebra-centenario-de-mae-stella-com-lancamento-de-livro-e-exibicao-de-documentario\/","og_site_name":"Bahia Economica","article_publisher":"https:\/\/www.facebook.com\/bahiaeconomica","article_published_time":"2025-12-05T13:20:58+00:00","article_modified_time":"2025-12-05T16:18:17+00:00","og_image":[{"width":1600,"height":1067,"url":"https:\/\/bahiaeconomica.com.br\/wp\/wp-content\/uploads\/2025\/12\/WhatsApp-Image-2025-12-05-at-10.04.09.jpeg","type":"image\/jpeg"}],"author":"JP","twitter_card":"summary_large_image","twitter_misc":{"Escrito por":"JP","Est. tempo de leitura":"4 minutos"},"schema":{"@context":"https:\/\/schema.org","@graph":[{"@type":"Article","@id":"https:\/\/bahiaeconomica.com.br\/wp\/2025\/12\/05\/festival-paisagem-sonora-celebra-centenario-de-mae-stella-com-lancamento-de-livro-e-exibicao-de-documentario\/#article","isPartOf":{"@id":"https:\/\/bahiaeconomica.com.br\/wp\/2025\/12\/05\/festival-paisagem-sonora-celebra-centenario-de-mae-stella-com-lancamento-de-livro-e-exibicao-de-documentario\/"},"author":{"name":"JP","@id":"https:\/\/bahiaeconomica.com.br\/wp\/#\/schema\/person\/c86d3a3f8960425a0f9d0e5245991f4e"},"headline":"FESTIVAL PAISAGEM SONORA CELEBRA CENTEN\u00c1RIO DE M\u00c3E STELLA COM LAN\u00c7AMENTO DE LIVRO E EXIBI\u00c7\u00c3O DE DOCUMENT\u00c1RIO","datePublished":"2025-12-05T13:20:58+00:00","dateModified":"2025-12-05T16:18:17+00:00","mainEntityOfPage":{"@id":"https:\/\/bahiaeconomica.com.br\/wp\/2025\/12\/05\/festival-paisagem-sonora-celebra-centenario-de-mae-stella-com-lancamento-de-livro-e-exibicao-de-documentario\/"},"wordCount":719,"publisher":{"@id":"https:\/\/bahiaeconomica.com.br\/wp\/#organization"},"keywords":["Brasil","econmia","PAISAGEM"],"articleSection":["CULTURA E ARTE"],"inLanguage":"pt-BR"},{"@type":"WebPage","@id":"https:\/\/bahiaeconomica.com.br\/wp\/2025\/12\/05\/festival-paisagem-sonora-celebra-centenario-de-mae-stella-com-lancamento-de-livro-e-exibicao-de-documentario\/","url":"https:\/\/bahiaeconomica.com.br\/wp\/2025\/12\/05\/festival-paisagem-sonora-celebra-centenario-de-mae-stella-com-lancamento-de-livro-e-exibicao-de-documentario\/","name":"FESTIVAL PAISAGEM SONORA CELEBRA CENTEN\u00c1RIO DE M\u00c3E STELLA COM LAN\u00c7AMENTO DE LIVRO E EXIBI\u00c7\u00c3O DE DOCUMENT\u00c1RIO - Bahia Economica","isPartOf":{"@id":"https:\/\/bahiaeconomica.com.br\/wp\/#website"},"datePublished":"2025-12-05T13:20:58+00:00","dateModified":"2025-12-05T16:18:17+00:00","description":"O maior portal de Economia da Bahia CULTURA E ARTE Bahia Economica","breadcrumb":{"@id":"https:\/\/bahiaeconomica.com.br\/wp\/2025\/12\/05\/festival-paisagem-sonora-celebra-centenario-de-mae-stella-com-lancamento-de-livro-e-exibicao-de-documentario\/#breadcrumb"},"inLanguage":"pt-BR","potentialAction":[{"@type":"ReadAction","target":["https:\/\/bahiaeconomica.com.br\/wp\/2025\/12\/05\/festival-paisagem-sonora-celebra-centenario-de-mae-stella-com-lancamento-de-livro-e-exibicao-de-documentario\/"]}]},{"@type":"BreadcrumbList","@id":"https:\/\/bahiaeconomica.com.br\/wp\/2025\/12\/05\/festival-paisagem-sonora-celebra-centenario-de-mae-stella-com-lancamento-de-livro-e-exibicao-de-documentario\/#breadcrumb","itemListElement":[{"@type":"ListItem","position":1,"name":"In\u00edcio","item":"https:\/\/bahiaeconomica.com.br\/wp\/"},{"@type":"ListItem","position":2,"name":"FESTIVAL PAISAGEM SONORA CELEBRA CENTEN\u00c1RIO DE M\u00c3E STELLA COM LAN\u00c7AMENTO DE LIVRO E EXIBI\u00c7\u00c3O DE DOCUMENT\u00c1RIO"}]},{"@type":"WebSite","@id":"https:\/\/bahiaeconomica.com.br\/wp\/#website","url":"https:\/\/bahiaeconomica.com.br\/wp\/","name":"Bahia Economica","description":"O maior portal de Economia da Bahia","publisher":{"@id":"https:\/\/bahiaeconomica.com.br\/wp\/#organization"},"potentialAction":[{"@type":"SearchAction","target":{"@type":"EntryPoint","urlTemplate":"https:\/\/bahiaeconomica.com.br\/wp\/?s={search_term_string}"},"query-input":"required name=search_term_string"}],"inLanguage":"pt-BR"},{"@type":"Organization","@id":"https:\/\/bahiaeconomica.com.br\/wp\/#organization","name":"Bahia Econ\u00f4mica","url":"https:\/\/bahiaeconomica.com.br\/wp\/","logo":{"@type":"ImageObject","inLanguage":"pt-BR","@id":"https:\/\/bahiaeconomica.com.br\/wp\/#\/schema\/logo\/image\/","url":"https:\/\/bahiaeconomica.com.br\/wp\/wp-content\/uploads\/2020\/12\/cropped-BE.png","contentUrl":"https:\/\/bahiaeconomica.com.br\/wp\/wp-content\/uploads\/2020\/12\/cropped-BE.png","width":512,"height":512,"caption":"Bahia Econ\u00f4mica"},"image":{"@id":"https:\/\/bahiaeconomica.com.br\/wp\/#\/schema\/logo\/image\/"},"sameAs":["https:\/\/www.facebook.com\/bahiaeconomica"]},{"@type":"Person","@id":"https:\/\/bahiaeconomica.com.br\/wp\/#\/schema\/person\/c86d3a3f8960425a0f9d0e5245991f4e","name":"JP","sameAs":["https:\/\/bahiaeconomica.com.br\/wp\/beta\/"],"url":"https:\/\/bahiaeconomica.com.br\/wp\/author\/jp\/"}]}},"views":10,"_links":{"self":[{"href":"https:\/\/bahiaeconomica.com.br\/wp\/wp-json\/wp\/v2\/posts\/958503"}],"collection":[{"href":"https:\/\/bahiaeconomica.com.br\/wp\/wp-json\/wp\/v2\/posts"}],"about":[{"href":"https:\/\/bahiaeconomica.com.br\/wp\/wp-json\/wp\/v2\/types\/post"}],"author":[{"embeddable":true,"href":"https:\/\/bahiaeconomica.com.br\/wp\/wp-json\/wp\/v2\/users\/8"}],"replies":[{"embeddable":true,"href":"https:\/\/bahiaeconomica.com.br\/wp\/wp-json\/wp\/v2\/comments?post=958503"}],"version-history":[{"count":1,"href":"https:\/\/bahiaeconomica.com.br\/wp\/wp-json\/wp\/v2\/posts\/958503\/revisions"}],"predecessor-version":[{"id":958505,"href":"https:\/\/bahiaeconomica.com.br\/wp\/wp-json\/wp\/v2\/posts\/958503\/revisions\/958505"}],"wp:featuredmedia":[{"embeddable":true,"href":"https:\/\/bahiaeconomica.com.br\/wp\/wp-json\/wp\/v2\/media\/958504"}],"wp:attachment":[{"href":"https:\/\/bahiaeconomica.com.br\/wp\/wp-json\/wp\/v2\/media?parent=958503"}],"wp:term":[{"taxonomy":"category","embeddable":true,"href":"https:\/\/bahiaeconomica.com.br\/wp\/wp-json\/wp\/v2\/categories?post=958503"},{"taxonomy":"post_tag","embeddable":true,"href":"https:\/\/bahiaeconomica.com.br\/wp\/wp-json\/wp\/v2\/tags?post=958503"}],"curies":[{"name":"wp","href":"https:\/\/api.w.org\/{rel}","templated":true}]}}