{"id":958460,"date":"2025-12-05T09:20:41","date_gmt":"2025-12-05T12:20:41","guid":{"rendered":"https:\/\/bahiaeconomica.com.br\/wp\/?p=958460"},"modified":"2025-12-05T08:57:09","modified_gmt":"2025-12-05T11:57:09","slug":"conder-apresenta-inovacoes-em-conferencia-nacional-do-ibge","status":"publish","type":"post","link":"https:\/\/bahiaeconomica.com.br\/wp\/2025\/12\/05\/conder-apresenta-inovacoes-em-conferencia-nacional-do-ibge\/","title":{"rendered":"CONDER APRESENTA INOVA\u00c7\u00d5ES EM CONFER\u00caNCIA NACIONAL DO IBGE"},"content":{"rendered":"<p>O coordenador do Informs, setor de geoprocessamento e geoinforma\u00e7\u00e3o da Conder, Paulo de Tarso, participou nesta quinta-feira (4) da Confer\u00eancia Nacional dos Agentes Produtores e Usu\u00e1rios de Dados (CONFEST\/CONFEGE), realizada pelo IBGE em Salvador. Entre os dias 3 e 5 de dezembro, o evento re\u00fane institui\u00e7\u00f5es de todo o pa\u00eds para discutir a proposta do novo Plano Geral de Informa\u00e7\u00f5es Estat\u00edsticas e Geogr\u00e1ficas (PGIEG), que voltar\u00e1 a ser apresentado ao Brasil ap\u00f3s mais de cinco d\u00e9cadas. Este \u00e9 considerado o mais importante encontro nacional sobre informa\u00e7\u00e3o estat\u00edstica e geogr\u00e1fica.<\/p>\n<p>Durante sua apresenta\u00e7\u00e3o, Paulo de Tarso destacou o papel hist\u00f3rico da Conder na produ\u00e7\u00e3o, sistematiza\u00e7\u00e3o e atualiza\u00e7\u00e3o de dados geogr\u00e1ficos do territ\u00f3rio baiano, enfatizando que o Informs nasceu da necessidade de estruturar uma base homog\u00eanea e confi\u00e1vel de informa\u00e7\u00f5es territoriais para subsidiar pol\u00edticas p\u00fablicas. Ele relembrou a trajet\u00f3ria da Conder na constru\u00e7\u00e3o de acervos cartogr\u00e1ficos, o pioneirismo na modelagem da Regi\u00e3o Metropolitana de Salvador e a import\u00e2ncia estrat\u00e9gica das bases geoespaciais para orientar investimentos estaduais, como grandes obras vi\u00e1rias, habita\u00e7\u00e3o, infraestrutura urbana, educa\u00e7\u00e3o e equipamentos sociais.<\/p>\n<p>\u201cO setor de geoprocessamento e geoinforma\u00e7\u00e3o da Conder nasceu a partir da necessidade de organizar, padronizar e acelerar a produ\u00e7\u00e3o de dados no Estado. Hoje, trabalhamos com uma base estruturada que apoia desde o planejamento urbano at\u00e9 o acompanhamento de obras em tempo real. A Conder possui um dos maiores acervos cartogr\u00e1ficos do Nordeste, com registros que remontam \u00e0 d\u00e9cada de 1950, al\u00e9m de arquivos municipais integrados, o que permite an\u00e1lises hist\u00f3ricas essenciais para o desenvolvimento territorial\u201d, afirmou Paulo.<\/p>\n<p>Em sua fala, o coordenador tamb\u00e9m detalhou os avan\u00e7os recentes na moderniza\u00e7\u00e3o da gest\u00e3o das obras executadas pela Conder, com destaque para implanta\u00e7\u00e3o da metodologia BIM (Building Information Modeling) nas obras p\u00fablicas executadas pela Conder. Segundo Paulo, a ado\u00e7\u00e3o do BIM coloca a Bahia em sintonia com as diretrizes nacionais e com o que h\u00e1 de mais avan\u00e7ado no uso de dados, modelagem tridimensional e interoperabilidade entre sistemas, garantindo mais precis\u00e3o, efici\u00eancia e transpar\u00eancia nas entregas ao cidad\u00e3o.<\/p>\n<p>Outras ferramentas digitais utilizadas atualmente pela Conder tamb\u00e9m foram enfatizadas, a exemplo do Di\u00e1rio de obra georreferenciado, que registra em tempo real fotos, v\u00eddeos, localiza\u00e7\u00e3o e intercorr\u00eancias; Banco de dados integrado das obras estaduais, que permite acompanhar a evolu\u00e7\u00e3o de cada interven\u00e7\u00e3o nos 417 munic\u00edpios; e os Processos padronizados de topografia, sondagem, modelagem digital e an\u00e1lise t\u00e9cnica, que facilitam a tomada de decis\u00f5es pela \u00e1rea de engenharia.<\/p>\n<p>\u201cAtualmente, a Conder acompanha cerca de 1.200 obras ativas nos 417 munic\u00edpios baianos, incluindo vias estruturantes, parques urbanos, recupera\u00e7\u00e3o de encostas, escolas de tempo integral, hospitais e unidades de sa\u00fade. E o Informs \u00e9 parte essencial desse trabalho, oferecendo a base de dados necess\u00e1ria para que os projetos avancem com precis\u00e3o t\u00e9cnica. Essas ferramentas permitem que a gest\u00e3o p\u00fablica tenha respostas r\u00e1pidas e qualificadas, fortalecendo a tomada de decis\u00e3o e garantindo mais efici\u00eancia ao Estado\u201d, finalizou.<\/p>\n<p>Fotos: Tha\u00eds Tosta\/ Ascom Conder<\/p>\n","protected":false},"excerpt":{"rendered":"<p>O coordenador do Informs, setor de geoprocessamento e geoinforma\u00e7\u00e3o da Conder, Paulo de Tarso, participou nesta quinta-feira (4) da Confer\u00eancia Nacional dos Agentes Produtores e Usu\u00e1rios de Dados (CONFEST\/CONFEGE), realizada pelo IBGE em Salvador. Entre os dias 3 e 5 de dezembro, o evento re\u00fane institui\u00e7\u00f5es de todo o pa\u00eds para discutir a proposta do [&hellip;]<\/p>\n","protected":false},"author":8,"featured_media":958461,"comment_status":"closed","ping_status":"closed","sticky":false,"template":"","format":"standard","meta":[],"categories":[5],"tags":[2819,1176,100],"acf":[],"yoast_head":"<!-- This site is optimized with the Yoast SEO plugin v20.8 - https:\/\/yoast.com\/wordpress\/plugins\/seo\/ -->\n<title>CONDER APRESENTA INOVA\u00c7\u00d5ES EM CONFER\u00caNCIA NACIONAL DO IBGE - Bahia Economica<\/title>\n<meta name=\"description\" content=\"O maior portal de Economia da Bahia MUNIC\u00cdPIOS Bahia Economica O coordenador do Informs, setor de geoprocessamento e geoinforma\u00e7\u00e3o\" \/>\n<meta name=\"robots\" content=\"index, follow, max-snippet:-1, max-image-preview:large, max-video-preview:-1\" \/>\n<link rel=\"canonical\" href=\"https:\/\/bahiaeconomica.com.br\/wp\/2025\/12\/05\/conder-apresenta-inovacoes-em-conferencia-nacional-do-ibge\/\" \/>\n<meta property=\"og:locale\" content=\"pt_BR\" \/>\n<meta property=\"og:type\" content=\"article\" \/>\n<meta property=\"og:title\" content=\"CONDER APRESENTA INOVA\u00c7\u00d5ES EM CONFER\u00caNCIA NACIONAL DO IBGE - Bahia Economica\" \/>\n<meta property=\"og:description\" content=\"O maior portal de Economia da Bahia MUNIC\u00cdPIOS Bahia Economica O coordenador do Informs, setor de geoprocessamento e geoinforma\u00e7\u00e3o\" \/>\n<meta property=\"og:url\" content=\"https:\/\/bahiaeconomica.com.br\/wp\/2025\/12\/05\/conder-apresenta-inovacoes-em-conferencia-nacional-do-ibge\/\" \/>\n<meta property=\"og:site_name\" content=\"Bahia Economica\" \/>\n<meta property=\"article:publisher\" content=\"https:\/\/www.facebook.com\/bahiaeconomica\" \/>\n<meta property=\"article:published_time\" content=\"2025-12-05T12:20:41+00:00\" \/>\n<meta property=\"article:modified_time\" content=\"2025-12-05T11:57:09+00:00\" \/>\n<meta property=\"og:image\" content=\"https:\/\/bahiaeconomica.com.br\/wp\/wp-content\/uploads\/2025\/12\/WhatsApp-Image-2025-12-04-at-18.28.45.jpeg\" \/>\n\t<meta property=\"og:image:width\" content=\"1280\" \/>\n\t<meta property=\"og:image:height\" content=\"960\" \/>\n\t<meta property=\"og:image:type\" content=\"image\/jpeg\" \/>\n<meta name=\"author\" content=\"JP\" \/>\n<meta name=\"twitter:card\" content=\"summary_large_image\" \/>\n<meta name=\"twitter:label1\" content=\"Escrito por\" \/>\n\t<meta name=\"twitter:data1\" content=\"JP\" \/>\n\t<meta name=\"twitter:label2\" content=\"Est. tempo de leitura\" \/>\n\t<meta name=\"twitter:data2\" content=\"3 minutos\" \/>\n<script type=\"application\/ld+json\" class=\"yoast-schema-graph\">{\"@context\":\"https:\/\/schema.org\",\"@graph\":[{\"@type\":\"Article\",\"@id\":\"https:\/\/bahiaeconomica.com.br\/wp\/2025\/12\/05\/conder-apresenta-inovacoes-em-conferencia-nacional-do-ibge\/#article\",\"isPartOf\":{\"@id\":\"https:\/\/bahiaeconomica.com.br\/wp\/2025\/12\/05\/conder-apresenta-inovacoes-em-conferencia-nacional-do-ibge\/\"},\"author\":{\"name\":\"JP\",\"@id\":\"https:\/\/bahiaeconomica.com.br\/wp\/#\/schema\/person\/c86d3a3f8960425a0f9d0e5245991f4e\"},\"headline\":\"CONDER APRESENTA INOVA\u00c7\u00d5ES EM CONFER\u00caNCIA NACIONAL DO IBGE\",\"datePublished\":\"2025-12-05T12:20:41+00:00\",\"dateModified\":\"2025-12-05T11:57:09+00:00\",\"mainEntityOfPage\":{\"@id\":\"https:\/\/bahiaeconomica.com.br\/wp\/2025\/12\/05\/conder-apresenta-inovacoes-em-conferencia-nacional-do-ibge\/\"},\"wordCount\":558,\"publisher\":{\"@id\":\"https:\/\/bahiaeconomica.com.br\/wp\/#organization\"},\"keywords\":[\"conder\",\"mudan\u00e7a\",\"Pol\u00edtica\"],\"articleSection\":[\"MUNIC\u00cdPIOS\"],\"inLanguage\":\"pt-BR\"},{\"@type\":\"WebPage\",\"@id\":\"https:\/\/bahiaeconomica.com.br\/wp\/2025\/12\/05\/conder-apresenta-inovacoes-em-conferencia-nacional-do-ibge\/\",\"url\":\"https:\/\/bahiaeconomica.com.br\/wp\/2025\/12\/05\/conder-apresenta-inovacoes-em-conferencia-nacional-do-ibge\/\",\"name\":\"CONDER APRESENTA INOVA\u00c7\u00d5ES EM CONFER\u00caNCIA NACIONAL DO IBGE - Bahia Economica\",\"isPartOf\":{\"@id\":\"https:\/\/bahiaeconomica.com.br\/wp\/#website\"},\"datePublished\":\"2025-12-05T12:20:41+00:00\",\"dateModified\":\"2025-12-05T11:57:09+00:00\",\"description\":\"O maior portal de Economia da Bahia MUNIC\u00cdPIOS Bahia Economica O coordenador do Informs, setor de geoprocessamento e geoinforma\u00e7\u00e3o\",\"breadcrumb\":{\"@id\":\"https:\/\/bahiaeconomica.com.br\/wp\/2025\/12\/05\/conder-apresenta-inovacoes-em-conferencia-nacional-do-ibge\/#breadcrumb\"},\"inLanguage\":\"pt-BR\",\"potentialAction\":[{\"@type\":\"ReadAction\",\"target\":[\"https:\/\/bahiaeconomica.com.br\/wp\/2025\/12\/05\/conder-apresenta-inovacoes-em-conferencia-nacional-do-ibge\/\"]}]},{\"@type\":\"BreadcrumbList\",\"@id\":\"https:\/\/bahiaeconomica.com.br\/wp\/2025\/12\/05\/conder-apresenta-inovacoes-em-conferencia-nacional-do-ibge\/#breadcrumb\",\"itemListElement\":[{\"@type\":\"ListItem\",\"position\":1,\"name\":\"In\u00edcio\",\"item\":\"https:\/\/bahiaeconomica.com.br\/wp\/\"},{\"@type\":\"ListItem\",\"position\":2,\"name\":\"CONDER APRESENTA INOVA\u00c7\u00d5ES EM CONFER\u00caNCIA NACIONAL DO IBGE\"}]},{\"@type\":\"WebSite\",\"@id\":\"https:\/\/bahiaeconomica.com.br\/wp\/#website\",\"url\":\"https:\/\/bahiaeconomica.com.br\/wp\/\",\"name\":\"Bahia Economica\",\"description\":\"O maior portal de Economia da Bahia\",\"publisher\":{\"@id\":\"https:\/\/bahiaeconomica.com.br\/wp\/#organization\"},\"potentialAction\":[{\"@type\":\"SearchAction\",\"target\":{\"@type\":\"EntryPoint\",\"urlTemplate\":\"https:\/\/bahiaeconomica.com.br\/wp\/?s={search_term_string}\"},\"query-input\":\"required name=search_term_string\"}],\"inLanguage\":\"pt-BR\"},{\"@type\":\"Organization\",\"@id\":\"https:\/\/bahiaeconomica.com.br\/wp\/#organization\",\"name\":\"Bahia Econ\u00f4mica\",\"url\":\"https:\/\/bahiaeconomica.com.br\/wp\/\",\"logo\":{\"@type\":\"ImageObject\",\"inLanguage\":\"pt-BR\",\"@id\":\"https:\/\/bahiaeconomica.com.br\/wp\/#\/schema\/logo\/image\/\",\"url\":\"https:\/\/bahiaeconomica.com.br\/wp\/wp-content\/uploads\/2020\/12\/cropped-BE.png\",\"contentUrl\":\"https:\/\/bahiaeconomica.com.br\/wp\/wp-content\/uploads\/2020\/12\/cropped-BE.png\",\"width\":512,\"height\":512,\"caption\":\"Bahia Econ\u00f4mica\"},\"image\":{\"@id\":\"https:\/\/bahiaeconomica.com.br\/wp\/#\/schema\/logo\/image\/\"},\"sameAs\":[\"https:\/\/www.facebook.com\/bahiaeconomica\"]},{\"@type\":\"Person\",\"@id\":\"https:\/\/bahiaeconomica.com.br\/wp\/#\/schema\/person\/c86d3a3f8960425a0f9d0e5245991f4e\",\"name\":\"JP\",\"sameAs\":[\"https:\/\/bahiaeconomica.com.br\/wp\/beta\/\"],\"url\":\"https:\/\/bahiaeconomica.com.br\/wp\/author\/jp\/\"}]}<\/script>\n<!-- \/ Yoast SEO plugin. -->","yoast_head_json":{"title":"CONDER APRESENTA INOVA\u00c7\u00d5ES EM CONFER\u00caNCIA NACIONAL DO IBGE - Bahia Economica","description":"O maior portal de Economia da Bahia MUNIC\u00cdPIOS Bahia Economica O coordenador do Informs, setor de geoprocessamento e geoinforma\u00e7\u00e3o","robots":{"index":"index","follow":"follow","max-snippet":"max-snippet:-1","max-image-preview":"max-image-preview:large","max-video-preview":"max-video-preview:-1"},"canonical":"https:\/\/bahiaeconomica.com.br\/wp\/2025\/12\/05\/conder-apresenta-inovacoes-em-conferencia-nacional-do-ibge\/","og_locale":"pt_BR","og_type":"article","og_title":"CONDER APRESENTA INOVA\u00c7\u00d5ES EM CONFER\u00caNCIA NACIONAL DO IBGE - Bahia Economica","og_description":"O maior portal de Economia da Bahia MUNIC\u00cdPIOS Bahia Economica O coordenador do Informs, setor de geoprocessamento e geoinforma\u00e7\u00e3o","og_url":"https:\/\/bahiaeconomica.com.br\/wp\/2025\/12\/05\/conder-apresenta-inovacoes-em-conferencia-nacional-do-ibge\/","og_site_name":"Bahia Economica","article_publisher":"https:\/\/www.facebook.com\/bahiaeconomica","article_published_time":"2025-12-05T12:20:41+00:00","article_modified_time":"2025-12-05T11:57:09+00:00","og_image":[{"width":1280,"height":960,"url":"https:\/\/bahiaeconomica.com.br\/wp\/wp-content\/uploads\/2025\/12\/WhatsApp-Image-2025-12-04-at-18.28.45.jpeg","type":"image\/jpeg"}],"author":"JP","twitter_card":"summary_large_image","twitter_misc":{"Escrito por":"JP","Est. tempo de leitura":"3 minutos"},"schema":{"@context":"https:\/\/schema.org","@graph":[{"@type":"Article","@id":"https:\/\/bahiaeconomica.com.br\/wp\/2025\/12\/05\/conder-apresenta-inovacoes-em-conferencia-nacional-do-ibge\/#article","isPartOf":{"@id":"https:\/\/bahiaeconomica.com.br\/wp\/2025\/12\/05\/conder-apresenta-inovacoes-em-conferencia-nacional-do-ibge\/"},"author":{"name":"JP","@id":"https:\/\/bahiaeconomica.com.br\/wp\/#\/schema\/person\/c86d3a3f8960425a0f9d0e5245991f4e"},"headline":"CONDER APRESENTA INOVA\u00c7\u00d5ES EM CONFER\u00caNCIA NACIONAL DO IBGE","datePublished":"2025-12-05T12:20:41+00:00","dateModified":"2025-12-05T11:57:09+00:00","mainEntityOfPage":{"@id":"https:\/\/bahiaeconomica.com.br\/wp\/2025\/12\/05\/conder-apresenta-inovacoes-em-conferencia-nacional-do-ibge\/"},"wordCount":558,"publisher":{"@id":"https:\/\/bahiaeconomica.com.br\/wp\/#organization"},"keywords":["conder","mudan\u00e7a","Pol\u00edtica"],"articleSection":["MUNIC\u00cdPIOS"],"inLanguage":"pt-BR"},{"@type":"WebPage","@id":"https:\/\/bahiaeconomica.com.br\/wp\/2025\/12\/05\/conder-apresenta-inovacoes-em-conferencia-nacional-do-ibge\/","url":"https:\/\/bahiaeconomica.com.br\/wp\/2025\/12\/05\/conder-apresenta-inovacoes-em-conferencia-nacional-do-ibge\/","name":"CONDER APRESENTA INOVA\u00c7\u00d5ES EM CONFER\u00caNCIA NACIONAL DO IBGE - Bahia Economica","isPartOf":{"@id":"https:\/\/bahiaeconomica.com.br\/wp\/#website"},"datePublished":"2025-12-05T12:20:41+00:00","dateModified":"2025-12-05T11:57:09+00:00","description":"O maior portal de Economia da Bahia MUNIC\u00cdPIOS Bahia Economica O coordenador do Informs, setor de geoprocessamento e geoinforma\u00e7\u00e3o","breadcrumb":{"@id":"https:\/\/bahiaeconomica.com.br\/wp\/2025\/12\/05\/conder-apresenta-inovacoes-em-conferencia-nacional-do-ibge\/#breadcrumb"},"inLanguage":"pt-BR","potentialAction":[{"@type":"ReadAction","target":["https:\/\/bahiaeconomica.com.br\/wp\/2025\/12\/05\/conder-apresenta-inovacoes-em-conferencia-nacional-do-ibge\/"]}]},{"@type":"BreadcrumbList","@id":"https:\/\/bahiaeconomica.com.br\/wp\/2025\/12\/05\/conder-apresenta-inovacoes-em-conferencia-nacional-do-ibge\/#breadcrumb","itemListElement":[{"@type":"ListItem","position":1,"name":"In\u00edcio","item":"https:\/\/bahiaeconomica.com.br\/wp\/"},{"@type":"ListItem","position":2,"name":"CONDER APRESENTA INOVA\u00c7\u00d5ES EM CONFER\u00caNCIA NACIONAL DO IBGE"}]},{"@type":"WebSite","@id":"https:\/\/bahiaeconomica.com.br\/wp\/#website","url":"https:\/\/bahiaeconomica.com.br\/wp\/","name":"Bahia Economica","description":"O maior portal de Economia da Bahia","publisher":{"@id":"https:\/\/bahiaeconomica.com.br\/wp\/#organization"},"potentialAction":[{"@type":"SearchAction","target":{"@type":"EntryPoint","urlTemplate":"https:\/\/bahiaeconomica.com.br\/wp\/?s={search_term_string}"},"query-input":"required name=search_term_string"}],"inLanguage":"pt-BR"},{"@type":"Organization","@id":"https:\/\/bahiaeconomica.com.br\/wp\/#organization","name":"Bahia Econ\u00f4mica","url":"https:\/\/bahiaeconomica.com.br\/wp\/","logo":{"@type":"ImageObject","inLanguage":"pt-BR","@id":"https:\/\/bahiaeconomica.com.br\/wp\/#\/schema\/logo\/image\/","url":"https:\/\/bahiaeconomica.com.br\/wp\/wp-content\/uploads\/2020\/12\/cropped-BE.png","contentUrl":"https:\/\/bahiaeconomica.com.br\/wp\/wp-content\/uploads\/2020\/12\/cropped-BE.png","width":512,"height":512,"caption":"Bahia Econ\u00f4mica"},"image":{"@id":"https:\/\/bahiaeconomica.com.br\/wp\/#\/schema\/logo\/image\/"},"sameAs":["https:\/\/www.facebook.com\/bahiaeconomica"]},{"@type":"Person","@id":"https:\/\/bahiaeconomica.com.br\/wp\/#\/schema\/person\/c86d3a3f8960425a0f9d0e5245991f4e","name":"JP","sameAs":["https:\/\/bahiaeconomica.com.br\/wp\/beta\/"],"url":"https:\/\/bahiaeconomica.com.br\/wp\/author\/jp\/"}]}},"views":49,"_links":{"self":[{"href":"https:\/\/bahiaeconomica.com.br\/wp\/wp-json\/wp\/v2\/posts\/958460"}],"collection":[{"href":"https:\/\/bahiaeconomica.com.br\/wp\/wp-json\/wp\/v2\/posts"}],"about":[{"href":"https:\/\/bahiaeconomica.com.br\/wp\/wp-json\/wp\/v2\/types\/post"}],"author":[{"embeddable":true,"href":"https:\/\/bahiaeconomica.com.br\/wp\/wp-json\/wp\/v2\/users\/8"}],"replies":[{"embeddable":true,"href":"https:\/\/bahiaeconomica.com.br\/wp\/wp-json\/wp\/v2\/comments?post=958460"}],"version-history":[{"count":1,"href":"https:\/\/bahiaeconomica.com.br\/wp\/wp-json\/wp\/v2\/posts\/958460\/revisions"}],"predecessor-version":[{"id":958462,"href":"https:\/\/bahiaeconomica.com.br\/wp\/wp-json\/wp\/v2\/posts\/958460\/revisions\/958462"}],"wp:featuredmedia":[{"embeddable":true,"href":"https:\/\/bahiaeconomica.com.br\/wp\/wp-json\/wp\/v2\/media\/958461"}],"wp:attachment":[{"href":"https:\/\/bahiaeconomica.com.br\/wp\/wp-json\/wp\/v2\/media?parent=958460"}],"wp:term":[{"taxonomy":"category","embeddable":true,"href":"https:\/\/bahiaeconomica.com.br\/wp\/wp-json\/wp\/v2\/categories?post=958460"},{"taxonomy":"post_tag","embeddable":true,"href":"https:\/\/bahiaeconomica.com.br\/wp\/wp-json\/wp\/v2\/tags?post=958460"}],"curies":[{"name":"wp","href":"https:\/\/api.w.org\/{rel}","templated":true}]}}