{"id":958226,"date":"2025-12-04T13:59:57","date_gmt":"2025-12-04T16:59:57","guid":{"rendered":"https:\/\/bahiaeconomica.com.br\/wp\/?p=958226"},"modified":"2025-12-04T13:47:13","modified_gmt":"2025-12-04T16:47:13","slug":"prefeitura-amplia-numero-de-vagas-do-salvador-social-clube-em-57-e-vai-beneficiar-11-mil-estudantes-em-2026-2","status":"publish","type":"post","link":"https:\/\/bahiaeconomica.com.br\/wp\/2025\/12\/04\/prefeitura-amplia-numero-de-vagas-do-salvador-social-clube-em-57-e-vai-beneficiar-11-mil-estudantes-em-2026-2\/","title":{"rendered":"PREFEITURA AMPLIA N\u00daMERO DE VAGAS DO SALVADOR SOCIAL CLUBE EM 57% E VAI BENEFICIAR 1,1 MIL ESTUDANTES EM 2026"},"content":{"rendered":"<p>A Prefeitura assinou, nesta quinta-feira (4), a renova\u00e7\u00e3o do acordo de coopera\u00e7\u00e3o t\u00e9cnica que garante acesso de alunos da rede municipal de ensino para atividades esportivas por meio do programa Salvador Social Clube. Atualmente, cerca de 700 estudantes s\u00e3o beneficiados pela iniciativa. Para 2026, a gest\u00e3o municipal vai ofertar mais 400 vagas, aumentando em 57% o n\u00famero de crian\u00e7as e adolescentes assistidos.<\/p>\n<p>O programa atende alunos em 11 clubes sociais parceiros, com atividades realizadas duas vezes por semana, incluindo modalidades como canoagem, vela, v\u00f4lei de praia, jiu-jitsu, futebol, futev\u00f4lei, nata\u00e7\u00e3o, karat\u00ea, t\u00eanis, gin\u00e1stica r\u00edtmica, ballet, futsal, jud\u00f4, v\u00f4lei de quadra e basquete.<\/p>\n<p>Durante a assinatura da renova\u00e7\u00e3o da parceria com as institui\u00e7\u00f5es, em solenidade no Yacht Clube da Bahia, na Barra, o prefeito Bruno Reis afirmou que o programa promove integra\u00e7\u00e3o entre jovens de diferentes realidades sociais e contribui para a forma\u00e7\u00e3o cidad\u00e3.<\/p>\n<p>&#8220;Muitos filhos de pessoas que vivem em comunidades carentes passaram a praticar modalidades que antes eram impens\u00e1veis, como a vela, tendo o esporte como ferramenta de inclus\u00e3o social. Hoje, temos mais de 15 mil crian\u00e7as atendidas em programas sociais que, pelo esporte, aprendem princ\u00edpios que v\u00e3o levar para toda a vida. A pr\u00e1tica esportiva ajuda na sa\u00fade, no combate ao crime e \u00e0s drogas, e ensina disciplina, foco, respeito \u00e0s regras e trabalho em equipe. Mesmo quem n\u00e3o se tornar atleta poder\u00e1 ser um profissional de destaque gra\u00e7as a esses fundamentos&#8221;, enfatizou.<\/p>\n<p>O Salvador Social Clube \u00e9 desenvolvido pela Secretaria de Promo\u00e7\u00e3o Social, Combate \u00e0 Pobreza, Esportes e Lazer (Sempre), em parceria com as secretarias municipais da Educa\u00e7\u00e3o (Smed) e da Fazenda (Sefaz). Na pr\u00e1tica, o programa garante acesso gratuito de estudantes aos clubes sociais da capital por meio da concess\u00e3o de incentivos fiscais \u00e0s institui\u00e7\u00f5es participantes, que recebem isen\u00e7\u00e3o de tributos municipais como contrapartida pela oferta das vagas.<\/p>\n<p>A rede de clubes parceiros \u00e9 formada pelo Centro Cultural e Recreativo Hispano Galego, Costa Verde T\u00eanis Clube, Clube dos Empregados da Petrobras, Clube Recreativo Campomar, Clube Bahiano de T\u00eanis, Associa\u00e7\u00e3o dos Empregados da Paranapanema, Associa\u00e7\u00e3o Bahiana de Medicina, Yacht Clube da Bahia, Associa\u00e7\u00e3o Atl\u00e9tica da Bahia, Esporte Clube Vit\u00f3ria e Esporte Clube Ypiranga.<\/p>\n<p>Al\u00e9m da pr\u00e1tica esportiva, o Salvador Social Clube assegura transporte, fornecimento de uniformes e lanche aos alunos, garantindo as condi\u00e7\u00f5es necess\u00e1rias para a participa\u00e7\u00e3o regular nas atividades.<\/p>\n<p>Para o secret\u00e1rio da Sempre, J\u00fanior Magalh\u00e3es, o programa representa um modelo eficiente de pol\u00edtica p\u00fablica integrada. &#8220;A Prefeitura investe em inclus\u00e3o social a partir de uma pol\u00edtica de incentivo fiscal que gera resultado direto na vida de centenas de fam\u00edlias. Os clubes s\u00e3o fortalecidos e, em contrapartida, abrem suas portas para crian\u00e7as e adolescentes da rede p\u00fablica de ensino que passam a ter acesso ao esporte e a novas oportunidades&#8221;, destacou.<\/p>\n<p>O secret\u00e1rio da Educa\u00e7\u00e3o, Thiago Dantas, destacou o impacto pedag\u00f3gico e social da iniciativa. &#8220;Cerca de 1,1 mil alunos passar\u00e3o a ter a oportunidade de praticar modalidades que qualificam o curr\u00edculo e fortalecem o v\u00ednculo com a escola. \u00c9 uma a\u00e7\u00e3o intersetorial que envolve diversas secretarias e amplia o protagonismo juvenil&#8221;, disse. Segundo ele, 12 escolas j\u00e1 participam do programa, com estudantes do 1\u00ba ao 9\u00ba ano. A expectativa \u00e9 incorporar novas unidades de ensino para 2026.<\/p>\n<p>Fotos: Betto Jr.\/ Secom PMS<\/p>\n","protected":false},"excerpt":{"rendered":"<p>A Prefeitura assinou, nesta quinta-feira (4), a renova\u00e7\u00e3o do acordo de coopera\u00e7\u00e3o t\u00e9cnica que garante acesso de alunos da rede municipal de ensino para atividades esportivas por meio do programa Salvador Social Clube. Atualmente, cerca de 700 estudantes s\u00e3o beneficiados pela iniciativa. Para 2026, a gest\u00e3o municipal vai ofertar mais 400 vagas, aumentando em 57% [&hellip;]<\/p>\n","protected":false},"author":20,"featured_media":958231,"comment_status":"closed","ping_status":"closed","sticky":false,"template":"","format":"standard","meta":[],"categories":[5],"tags":[2076,420,35761,30618],"acf":[],"yoast_head":"<!-- This site is optimized with the Yoast SEO plugin v20.8 - https:\/\/yoast.com\/wordpress\/plugins\/seo\/ -->\n<title>PREFEITURA AMPLIA N\u00daMERO DE VAGAS DO SALVADOR SOCIAL CLUBE EM 57% E VAI BENEFICIAR 1,1 MIL ESTUDANTES EM 2026 - Bahia Economica<\/title>\n<meta name=\"description\" content=\"O maior portal de Economia da Bahia MUNIC\u00cdPIOS Bahia Economica\" \/>\n<meta name=\"robots\" content=\"index, follow, max-snippet:-1, max-image-preview:large, max-video-preview:-1\" \/>\n<link rel=\"canonical\" href=\"https:\/\/bahiaeconomica.com.br\/wp\/2025\/12\/04\/prefeitura-amplia-numero-de-vagas-do-salvador-social-clube-em-57-e-vai-beneficiar-11-mil-estudantes-em-2026-2\/\" \/>\n<meta property=\"og:locale\" content=\"pt_BR\" \/>\n<meta property=\"og:type\" content=\"article\" \/>\n<meta property=\"og:title\" content=\"PREFEITURA AMPLIA N\u00daMERO DE VAGAS DO SALVADOR SOCIAL CLUBE EM 57% E VAI BENEFICIAR 1,1 MIL ESTUDANTES EM 2026 - Bahia Economica\" \/>\n<meta property=\"og:description\" content=\"O maior portal de Economia da Bahia MUNIC\u00cdPIOS Bahia Economica\" \/>\n<meta property=\"og:url\" content=\"https:\/\/bahiaeconomica.com.br\/wp\/2025\/12\/04\/prefeitura-amplia-numero-de-vagas-do-salvador-social-clube-em-57-e-vai-beneficiar-11-mil-estudantes-em-2026-2\/\" \/>\n<meta property=\"og:site_name\" content=\"Bahia Economica\" \/>\n<meta property=\"article:publisher\" content=\"https:\/\/www.facebook.com\/bahiaeconomica\" \/>\n<meta property=\"article:published_time\" content=\"2025-12-04T16:59:57+00:00\" \/>\n<meta property=\"article:modified_time\" content=\"2025-12-04T16:47:13+00:00\" \/>\n<meta property=\"og:image\" content=\"https:\/\/bahiaeconomica.com.br\/wp\/wp-content\/uploads\/2025\/12\/04-12-25-Prefeitura-Salvador-Social-Clube-2026-Fotos-BettoJr-Secom-PMS-8.jpeg\" \/>\n\t<meta property=\"og:image:width\" content=\"1280\" \/>\n\t<meta property=\"og:image:height\" content=\"854\" \/>\n\t<meta property=\"og:image:type\" content=\"image\/jpeg\" \/>\n<meta name=\"author\" content=\"BRUNA CARVALHO\" \/>\n<meta name=\"twitter:card\" content=\"summary_large_image\" \/>\n<meta name=\"twitter:label1\" content=\"Escrito por\" \/>\n\t<meta name=\"twitter:data1\" content=\"BRUNA CARVALHO\" \/>\n\t<meta name=\"twitter:label2\" content=\"Est. tempo de leitura\" \/>\n\t<meta name=\"twitter:data2\" content=\"3 minutos\" \/>\n<script type=\"application\/ld+json\" class=\"yoast-schema-graph\">{\"@context\":\"https:\/\/schema.org\",\"@graph\":[{\"@type\":\"Article\",\"@id\":\"https:\/\/bahiaeconomica.com.br\/wp\/2025\/12\/04\/prefeitura-amplia-numero-de-vagas-do-salvador-social-clube-em-57-e-vai-beneficiar-11-mil-estudantes-em-2026-2\/#article\",\"isPartOf\":{\"@id\":\"https:\/\/bahiaeconomica.com.br\/wp\/2025\/12\/04\/prefeitura-amplia-numero-de-vagas-do-salvador-social-clube-em-57-e-vai-beneficiar-11-mil-estudantes-em-2026-2\/\"},\"author\":{\"name\":\"BRUNA CARVALHO\",\"@id\":\"https:\/\/bahiaeconomica.com.br\/wp\/#\/schema\/person\/9310b0e591f5979f6f99773eac5804e6\"},\"headline\":\"PREFEITURA AMPLIA N\u00daMERO DE VAGAS DO SALVADOR SOCIAL CLUBE EM 57% E VAI BENEFICIAR 1,1 MIL ESTUDANTES EM 2026\",\"datePublished\":\"2025-12-04T16:59:57+00:00\",\"dateModified\":\"2025-12-04T16:47:13+00:00\",\"mainEntityOfPage\":{\"@id\":\"https:\/\/bahiaeconomica.com.br\/wp\/2025\/12\/04\/prefeitura-amplia-numero-de-vagas-do-salvador-social-clube-em-57-e-vai-beneficiar-11-mil-estudantes-em-2026-2\/\"},\"wordCount\":600,\"publisher\":{\"@id\":\"https:\/\/bahiaeconomica.com.br\/wp\/#organization\"},\"keywords\":[\"amplia\u00e7\u00e3o\",\"estudantes\",\"novas vagas\",\"Salvador Social Clube\"],\"articleSection\":[\"MUNIC\u00cdPIOS\"],\"inLanguage\":\"pt-BR\"},{\"@type\":\"WebPage\",\"@id\":\"https:\/\/bahiaeconomica.com.br\/wp\/2025\/12\/04\/prefeitura-amplia-numero-de-vagas-do-salvador-social-clube-em-57-e-vai-beneficiar-11-mil-estudantes-em-2026-2\/\",\"url\":\"https:\/\/bahiaeconomica.com.br\/wp\/2025\/12\/04\/prefeitura-amplia-numero-de-vagas-do-salvador-social-clube-em-57-e-vai-beneficiar-11-mil-estudantes-em-2026-2\/\",\"name\":\"PREFEITURA AMPLIA N\u00daMERO DE VAGAS DO SALVADOR SOCIAL CLUBE EM 57% E VAI BENEFICIAR 1,1 MIL ESTUDANTES EM 2026 - Bahia Economica\",\"isPartOf\":{\"@id\":\"https:\/\/bahiaeconomica.com.br\/wp\/#website\"},\"datePublished\":\"2025-12-04T16:59:57+00:00\",\"dateModified\":\"2025-12-04T16:47:13+00:00\",\"description\":\"O maior portal de Economia da Bahia MUNIC\u00cdPIOS Bahia Economica\",\"breadcrumb\":{\"@id\":\"https:\/\/bahiaeconomica.com.br\/wp\/2025\/12\/04\/prefeitura-amplia-numero-de-vagas-do-salvador-social-clube-em-57-e-vai-beneficiar-11-mil-estudantes-em-2026-2\/#breadcrumb\"},\"inLanguage\":\"pt-BR\",\"potentialAction\":[{\"@type\":\"ReadAction\",\"target\":[\"https:\/\/bahiaeconomica.com.br\/wp\/2025\/12\/04\/prefeitura-amplia-numero-de-vagas-do-salvador-social-clube-em-57-e-vai-beneficiar-11-mil-estudantes-em-2026-2\/\"]}]},{\"@type\":\"BreadcrumbList\",\"@id\":\"https:\/\/bahiaeconomica.com.br\/wp\/2025\/12\/04\/prefeitura-amplia-numero-de-vagas-do-salvador-social-clube-em-57-e-vai-beneficiar-11-mil-estudantes-em-2026-2\/#breadcrumb\",\"itemListElement\":[{\"@type\":\"ListItem\",\"position\":1,\"name\":\"In\u00edcio\",\"item\":\"https:\/\/bahiaeconomica.com.br\/wp\/\"},{\"@type\":\"ListItem\",\"position\":2,\"name\":\"PREFEITURA AMPLIA N\u00daMERO DE VAGAS DO SALVADOR SOCIAL CLUBE EM 57% E VAI BENEFICIAR 1,1 MIL ESTUDANTES EM 2026\"}]},{\"@type\":\"WebSite\",\"@id\":\"https:\/\/bahiaeconomica.com.br\/wp\/#website\",\"url\":\"https:\/\/bahiaeconomica.com.br\/wp\/\",\"name\":\"Bahia Economica\",\"description\":\"O maior portal de Economia da Bahia\",\"publisher\":{\"@id\":\"https:\/\/bahiaeconomica.com.br\/wp\/#organization\"},\"potentialAction\":[{\"@type\":\"SearchAction\",\"target\":{\"@type\":\"EntryPoint\",\"urlTemplate\":\"https:\/\/bahiaeconomica.com.br\/wp\/?s={search_term_string}\"},\"query-input\":\"required name=search_term_string\"}],\"inLanguage\":\"pt-BR\"},{\"@type\":\"Organization\",\"@id\":\"https:\/\/bahiaeconomica.com.br\/wp\/#organization\",\"name\":\"Bahia Econ\u00f4mica\",\"url\":\"https:\/\/bahiaeconomica.com.br\/wp\/\",\"logo\":{\"@type\":\"ImageObject\",\"inLanguage\":\"pt-BR\",\"@id\":\"https:\/\/bahiaeconomica.com.br\/wp\/#\/schema\/logo\/image\/\",\"url\":\"https:\/\/bahiaeconomica.com.br\/wp\/wp-content\/uploads\/2020\/12\/cropped-BE.png\",\"contentUrl\":\"https:\/\/bahiaeconomica.com.br\/wp\/wp-content\/uploads\/2020\/12\/cropped-BE.png\",\"width\":512,\"height\":512,\"caption\":\"Bahia Econ\u00f4mica\"},\"image\":{\"@id\":\"https:\/\/bahiaeconomica.com.br\/wp\/#\/schema\/logo\/image\/\"},\"sameAs\":[\"https:\/\/www.facebook.com\/bahiaeconomica\"]},{\"@type\":\"Person\",\"@id\":\"https:\/\/bahiaeconomica.com.br\/wp\/#\/schema\/person\/9310b0e591f5979f6f99773eac5804e6\",\"name\":\"BRUNA CARVALHO\",\"sameAs\":[\"http:\/\/www.bahiaeconomica.com.br\"],\"url\":\"https:\/\/bahiaeconomica.com.br\/wp\/author\/bruna\/\"}]}<\/script>\n<!-- \/ Yoast SEO plugin. -->","yoast_head_json":{"title":"PREFEITURA AMPLIA N\u00daMERO DE VAGAS DO SALVADOR SOCIAL CLUBE EM 57% E VAI BENEFICIAR 1,1 MIL ESTUDANTES EM 2026 - Bahia Economica","description":"O maior portal de Economia da Bahia MUNIC\u00cdPIOS Bahia Economica","robots":{"index":"index","follow":"follow","max-snippet":"max-snippet:-1","max-image-preview":"max-image-preview:large","max-video-preview":"max-video-preview:-1"},"canonical":"https:\/\/bahiaeconomica.com.br\/wp\/2025\/12\/04\/prefeitura-amplia-numero-de-vagas-do-salvador-social-clube-em-57-e-vai-beneficiar-11-mil-estudantes-em-2026-2\/","og_locale":"pt_BR","og_type":"article","og_title":"PREFEITURA AMPLIA N\u00daMERO DE VAGAS DO SALVADOR SOCIAL CLUBE EM 57% E VAI BENEFICIAR 1,1 MIL ESTUDANTES EM 2026 - Bahia Economica","og_description":"O maior portal de Economia da Bahia MUNIC\u00cdPIOS Bahia Economica","og_url":"https:\/\/bahiaeconomica.com.br\/wp\/2025\/12\/04\/prefeitura-amplia-numero-de-vagas-do-salvador-social-clube-em-57-e-vai-beneficiar-11-mil-estudantes-em-2026-2\/","og_site_name":"Bahia Economica","article_publisher":"https:\/\/www.facebook.com\/bahiaeconomica","article_published_time":"2025-12-04T16:59:57+00:00","article_modified_time":"2025-12-04T16:47:13+00:00","og_image":[{"width":1280,"height":854,"url":"https:\/\/bahiaeconomica.com.br\/wp\/wp-content\/uploads\/2025\/12\/04-12-25-Prefeitura-Salvador-Social-Clube-2026-Fotos-BettoJr-Secom-PMS-8.jpeg","type":"image\/jpeg"}],"author":"BRUNA CARVALHO","twitter_card":"summary_large_image","twitter_misc":{"Escrito por":"BRUNA CARVALHO","Est. tempo de leitura":"3 minutos"},"schema":{"@context":"https:\/\/schema.org","@graph":[{"@type":"Article","@id":"https:\/\/bahiaeconomica.com.br\/wp\/2025\/12\/04\/prefeitura-amplia-numero-de-vagas-do-salvador-social-clube-em-57-e-vai-beneficiar-11-mil-estudantes-em-2026-2\/#article","isPartOf":{"@id":"https:\/\/bahiaeconomica.com.br\/wp\/2025\/12\/04\/prefeitura-amplia-numero-de-vagas-do-salvador-social-clube-em-57-e-vai-beneficiar-11-mil-estudantes-em-2026-2\/"},"author":{"name":"BRUNA CARVALHO","@id":"https:\/\/bahiaeconomica.com.br\/wp\/#\/schema\/person\/9310b0e591f5979f6f99773eac5804e6"},"headline":"PREFEITURA AMPLIA N\u00daMERO DE VAGAS DO SALVADOR SOCIAL CLUBE EM 57% E VAI BENEFICIAR 1,1 MIL ESTUDANTES EM 2026","datePublished":"2025-12-04T16:59:57+00:00","dateModified":"2025-12-04T16:47:13+00:00","mainEntityOfPage":{"@id":"https:\/\/bahiaeconomica.com.br\/wp\/2025\/12\/04\/prefeitura-amplia-numero-de-vagas-do-salvador-social-clube-em-57-e-vai-beneficiar-11-mil-estudantes-em-2026-2\/"},"wordCount":600,"publisher":{"@id":"https:\/\/bahiaeconomica.com.br\/wp\/#organization"},"keywords":["amplia\u00e7\u00e3o","estudantes","novas vagas","Salvador Social Clube"],"articleSection":["MUNIC\u00cdPIOS"],"inLanguage":"pt-BR"},{"@type":"WebPage","@id":"https:\/\/bahiaeconomica.com.br\/wp\/2025\/12\/04\/prefeitura-amplia-numero-de-vagas-do-salvador-social-clube-em-57-e-vai-beneficiar-11-mil-estudantes-em-2026-2\/","url":"https:\/\/bahiaeconomica.com.br\/wp\/2025\/12\/04\/prefeitura-amplia-numero-de-vagas-do-salvador-social-clube-em-57-e-vai-beneficiar-11-mil-estudantes-em-2026-2\/","name":"PREFEITURA AMPLIA N\u00daMERO DE VAGAS DO SALVADOR SOCIAL CLUBE EM 57% E VAI BENEFICIAR 1,1 MIL ESTUDANTES EM 2026 - Bahia Economica","isPartOf":{"@id":"https:\/\/bahiaeconomica.com.br\/wp\/#website"},"datePublished":"2025-12-04T16:59:57+00:00","dateModified":"2025-12-04T16:47:13+00:00","description":"O maior portal de Economia da Bahia MUNIC\u00cdPIOS Bahia Economica","breadcrumb":{"@id":"https:\/\/bahiaeconomica.com.br\/wp\/2025\/12\/04\/prefeitura-amplia-numero-de-vagas-do-salvador-social-clube-em-57-e-vai-beneficiar-11-mil-estudantes-em-2026-2\/#breadcrumb"},"inLanguage":"pt-BR","potentialAction":[{"@type":"ReadAction","target":["https:\/\/bahiaeconomica.com.br\/wp\/2025\/12\/04\/prefeitura-amplia-numero-de-vagas-do-salvador-social-clube-em-57-e-vai-beneficiar-11-mil-estudantes-em-2026-2\/"]}]},{"@type":"BreadcrumbList","@id":"https:\/\/bahiaeconomica.com.br\/wp\/2025\/12\/04\/prefeitura-amplia-numero-de-vagas-do-salvador-social-clube-em-57-e-vai-beneficiar-11-mil-estudantes-em-2026-2\/#breadcrumb","itemListElement":[{"@type":"ListItem","position":1,"name":"In\u00edcio","item":"https:\/\/bahiaeconomica.com.br\/wp\/"},{"@type":"ListItem","position":2,"name":"PREFEITURA AMPLIA N\u00daMERO DE VAGAS DO SALVADOR SOCIAL CLUBE EM 57% E VAI BENEFICIAR 1,1 MIL ESTUDANTES EM 2026"}]},{"@type":"WebSite","@id":"https:\/\/bahiaeconomica.com.br\/wp\/#website","url":"https:\/\/bahiaeconomica.com.br\/wp\/","name":"Bahia Economica","description":"O maior portal de Economia da Bahia","publisher":{"@id":"https:\/\/bahiaeconomica.com.br\/wp\/#organization"},"potentialAction":[{"@type":"SearchAction","target":{"@type":"EntryPoint","urlTemplate":"https:\/\/bahiaeconomica.com.br\/wp\/?s={search_term_string}"},"query-input":"required name=search_term_string"}],"inLanguage":"pt-BR"},{"@type":"Organization","@id":"https:\/\/bahiaeconomica.com.br\/wp\/#organization","name":"Bahia Econ\u00f4mica","url":"https:\/\/bahiaeconomica.com.br\/wp\/","logo":{"@type":"ImageObject","inLanguage":"pt-BR","@id":"https:\/\/bahiaeconomica.com.br\/wp\/#\/schema\/logo\/image\/","url":"https:\/\/bahiaeconomica.com.br\/wp\/wp-content\/uploads\/2020\/12\/cropped-BE.png","contentUrl":"https:\/\/bahiaeconomica.com.br\/wp\/wp-content\/uploads\/2020\/12\/cropped-BE.png","width":512,"height":512,"caption":"Bahia Econ\u00f4mica"},"image":{"@id":"https:\/\/bahiaeconomica.com.br\/wp\/#\/schema\/logo\/image\/"},"sameAs":["https:\/\/www.facebook.com\/bahiaeconomica"]},{"@type":"Person","@id":"https:\/\/bahiaeconomica.com.br\/wp\/#\/schema\/person\/9310b0e591f5979f6f99773eac5804e6","name":"BRUNA CARVALHO","sameAs":["http:\/\/www.bahiaeconomica.com.br"],"url":"https:\/\/bahiaeconomica.com.br\/wp\/author\/bruna\/"}]}},"views":19,"_links":{"self":[{"href":"https:\/\/bahiaeconomica.com.br\/wp\/wp-json\/wp\/v2\/posts\/958226"}],"collection":[{"href":"https:\/\/bahiaeconomica.com.br\/wp\/wp-json\/wp\/v2\/posts"}],"about":[{"href":"https:\/\/bahiaeconomica.com.br\/wp\/wp-json\/wp\/v2\/types\/post"}],"author":[{"embeddable":true,"href":"https:\/\/bahiaeconomica.com.br\/wp\/wp-json\/wp\/v2\/users\/20"}],"replies":[{"embeddable":true,"href":"https:\/\/bahiaeconomica.com.br\/wp\/wp-json\/wp\/v2\/comments?post=958226"}],"version-history":[{"count":1,"href":"https:\/\/bahiaeconomica.com.br\/wp\/wp-json\/wp\/v2\/posts\/958226\/revisions"}],"predecessor-version":[{"id":958242,"href":"https:\/\/bahiaeconomica.com.br\/wp\/wp-json\/wp\/v2\/posts\/958226\/revisions\/958242"}],"wp:featuredmedia":[{"embeddable":true,"href":"https:\/\/bahiaeconomica.com.br\/wp\/wp-json\/wp\/v2\/media\/958231"}],"wp:attachment":[{"href":"https:\/\/bahiaeconomica.com.br\/wp\/wp-json\/wp\/v2\/media?parent=958226"}],"wp:term":[{"taxonomy":"category","embeddable":true,"href":"https:\/\/bahiaeconomica.com.br\/wp\/wp-json\/wp\/v2\/categories?post=958226"},{"taxonomy":"post_tag","embeddable":true,"href":"https:\/\/bahiaeconomica.com.br\/wp\/wp-json\/wp\/v2\/tags?post=958226"}],"curies":[{"name":"wp","href":"https:\/\/api.w.org\/{rel}","templated":true}]}}