{"id":958217,"date":"2025-12-04T14:58:48","date_gmt":"2025-12-04T17:58:48","guid":{"rendered":"https:\/\/bahiaeconomica.com.br\/wp\/?p=958217"},"modified":"2025-12-04T14:44:30","modified_gmt":"2025-12-04T17:44:30","slug":"jeronimo-diz-que-vai-continuar-recebendo-prefeitos-independentemente-do-vies-politico","status":"publish","type":"post","link":"https:\/\/bahiaeconomica.com.br\/wp\/2025\/12\/04\/jeronimo-diz-que-vai-continuar-recebendo-prefeitos-independentemente-do-vies-politico\/","title":{"rendered":"JER\u00d4NIMO DIZ QUE VAI CONTINUAR RECEBENDO PREFEITOS &#8216;INDEPENDENTEMENTE DO VI\u00c9S POL\u00cdTICO&#8217;"},"content":{"rendered":"<p>O governador Jer\u00f4nimo Rodrigues (PT) afirmou nesta quinta-feira (4) que continuar\u00e1 recebendo prefeitos de todos os munic\u00edpios baianos, sem distin\u00e7\u00e3o pol\u00edtica. Durante entrevista coletiva no evento de entrega da nova liga\u00e7\u00e3o Lobato x BR-324, em Salvador, ele destacou que sua prioridade \u00e9 governar para toda a popula\u00e7\u00e3o. \u201cEu vou continuar recebendo a todos, votem em mim ou n\u00e3o, me apoiem em 2026 ou n\u00e3o, porque minha obriga\u00e7\u00e3o \u00e9 com o povo da Bahia\u201d, declarou.<\/p>\n<p>Jer\u00f4nimo refor\u00e7ou que diferen\u00e7as partid\u00e1rias n\u00e3o interferem na sua condu\u00e7\u00e3o administrativa e citou o ex-presidente Jair Bolsonaro (PL) como exemplo negativo de relacionamento institucional. Segundo o governador, o ex-chefe do Executivo federal n\u00e3o chegou a se reunir com o ent\u00e3o governador da Bahia, Rui Costa (PT), durante todo o mandato. \u201c\u00c9 dessa forma que eu trato, reconhecendo que: n\u00e3o votou em mim ou eu n\u00e3o fiz campanha para um prefeito, mas j\u00e1 passou as elei\u00e7\u00f5es. \u00c9 aquela frase \u2018n\u00e3o fa\u00e7a com os outros, o que voc\u00ea n\u00e3o gostaria que fizessem com voc\u00ea\u2019. N\u00f3s sofremos muito quando vimos o presidente passado do Brasil, n\u00e3o receber o Rui Costa por quatro anos, quatro anos sem receber um deputado federal da Bahia s\u00f3 porque votou na gente [do PT], isso n\u00e3o serve para a pol\u00edtica baiana e brasileira\u201d, afirmou.<\/p>\n<p>O governador destacou ainda que seguir\u00e1 mantendo di\u00e1logo com todos os gestores municipais, reafirmando que a coopera\u00e7\u00e3o institucional \u00e9 fundamental para atender as demandas da popula\u00e7\u00e3o e garantir avan\u00e7os em \u00e1reas estrat\u00e9gicas do estado.<\/p>\n<p>Foto: Rafael Martins\/Gov-BA<\/p>\n","protected":false},"excerpt":{"rendered":"<p>O governador Jer\u00f4nimo Rodrigues (PT) afirmou nesta quinta-feira (4) que continuar\u00e1 recebendo prefeitos de todos os munic\u00edpios baianos, sem distin\u00e7\u00e3o pol\u00edtica. Durante entrevista coletiva no evento de entrega da nova liga\u00e7\u00e3o Lobato x BR-324, em Salvador, ele destacou que sua prioridade \u00e9 governar para toda a popula\u00e7\u00e3o. \u201cEu vou continuar recebendo a todos, votem em [&hellip;]<\/p>\n","protected":false},"author":20,"featured_media":958218,"comment_status":"closed","ping_status":"closed","sticky":false,"template":"","format":"standard","meta":[],"categories":[14,14601],"tags":[1544,2503,1319],"acf":[],"yoast_head":"<!-- This site is optimized with the Yoast SEO plugin v20.8 - https:\/\/yoast.com\/wordpress\/plugins\/seo\/ -->\n<title>JER\u00d4NIMO DIZ QUE VAI CONTINUAR RECEBENDO PREFEITOS &#039;INDEPENDENTEMENTE DO VI\u00c9S POL\u00cdTICO&#039; - Bahia Economica<\/title>\n<meta name=\"description\" content=\"O maior portal de Economia da Bahia DESTAQUE DO DIA, Pol\u00edtica Bahia Economica\" \/>\n<meta name=\"robots\" content=\"index, follow, max-snippet:-1, max-image-preview:large, max-video-preview:-1\" \/>\n<link rel=\"canonical\" href=\"https:\/\/bahiaeconomica.com.br\/wp\/2025\/12\/04\/jeronimo-diz-que-vai-continuar-recebendo-prefeitos-independentemente-do-vies-politico\/\" \/>\n<meta property=\"og:locale\" content=\"pt_BR\" \/>\n<meta property=\"og:type\" content=\"article\" \/>\n<meta property=\"og:title\" content=\"JER\u00d4NIMO DIZ QUE VAI CONTINUAR RECEBENDO PREFEITOS &#039;INDEPENDENTEMENTE DO VI\u00c9S POL\u00cdTICO&#039; - Bahia Economica\" \/>\n<meta property=\"og:description\" content=\"O maior portal de Economia da Bahia DESTAQUE DO DIA, Pol\u00edtica Bahia Economica\" \/>\n<meta property=\"og:url\" content=\"https:\/\/bahiaeconomica.com.br\/wp\/2025\/12\/04\/jeronimo-diz-que-vai-continuar-recebendo-prefeitos-independentemente-do-vies-politico\/\" \/>\n<meta property=\"og:site_name\" content=\"Bahia Economica\" \/>\n<meta property=\"article:publisher\" content=\"https:\/\/www.facebook.com\/bahiaeconomica\" \/>\n<meta property=\"article:published_time\" content=\"2025-12-04T17:58:48+00:00\" \/>\n<meta property=\"article:modified_time\" content=\"2025-12-04T17:44:30+00:00\" \/>\n<meta property=\"og:image\" content=\"https:\/\/bahiaeconomica.com.br\/wp\/wp-content\/uploads\/2025\/12\/jeronimo-upb-prefeitos.png\" \/>\n\t<meta property=\"og:image:width\" content=\"600\" \/>\n\t<meta property=\"og:image:height\" content=\"420\" \/>\n\t<meta property=\"og:image:type\" content=\"image\/png\" \/>\n<meta name=\"author\" content=\"BRUNA CARVALHO\" \/>\n<meta name=\"twitter:card\" content=\"summary_large_image\" \/>\n<meta name=\"twitter:label1\" content=\"Escrito por\" \/>\n\t<meta name=\"twitter:data1\" content=\"BRUNA CARVALHO\" \/>\n\t<meta name=\"twitter:label2\" content=\"Est. tempo de leitura\" \/>\n\t<meta name=\"twitter:data2\" content=\"2 minutos\" \/>\n<script type=\"application\/ld+json\" class=\"yoast-schema-graph\">{\"@context\":\"https:\/\/schema.org\",\"@graph\":[{\"@type\":\"Article\",\"@id\":\"https:\/\/bahiaeconomica.com.br\/wp\/2025\/12\/04\/jeronimo-diz-que-vai-continuar-recebendo-prefeitos-independentemente-do-vies-politico\/#article\",\"isPartOf\":{\"@id\":\"https:\/\/bahiaeconomica.com.br\/wp\/2025\/12\/04\/jeronimo-diz-que-vai-continuar-recebendo-prefeitos-independentemente-do-vies-politico\/\"},\"author\":{\"name\":\"BRUNA CARVALHO\",\"@id\":\"https:\/\/bahiaeconomica.com.br\/wp\/#\/schema\/person\/9310b0e591f5979f6f99773eac5804e6\"},\"headline\":\"JER\u00d4NIMO DIZ QUE VAI CONTINUAR RECEBENDO PREFEITOS &#8216;INDEPENDENTEMENTE DO VI\u00c9S POL\u00cdTICO&#8217;\",\"datePublished\":\"2025-12-04T17:58:48+00:00\",\"dateModified\":\"2025-12-04T17:44:30+00:00\",\"mainEntityOfPage\":{\"@id\":\"https:\/\/bahiaeconomica.com.br\/wp\/2025\/12\/04\/jeronimo-diz-que-vai-continuar-recebendo-prefeitos-independentemente-do-vies-politico\/\"},\"wordCount\":287,\"publisher\":{\"@id\":\"https:\/\/bahiaeconomica.com.br\/wp\/#organization\"},\"keywords\":[\"jeronimo\",\"oposicao\",\"prefeitos\"],\"articleSection\":[\"DESTAQUE DO DIA\",\"Pol\u00edtica\"],\"inLanguage\":\"pt-BR\"},{\"@type\":\"WebPage\",\"@id\":\"https:\/\/bahiaeconomica.com.br\/wp\/2025\/12\/04\/jeronimo-diz-que-vai-continuar-recebendo-prefeitos-independentemente-do-vies-politico\/\",\"url\":\"https:\/\/bahiaeconomica.com.br\/wp\/2025\/12\/04\/jeronimo-diz-que-vai-continuar-recebendo-prefeitos-independentemente-do-vies-politico\/\",\"name\":\"JER\u00d4NIMO DIZ QUE VAI CONTINUAR RECEBENDO PREFEITOS 'INDEPENDENTEMENTE DO VI\u00c9S POL\u00cdTICO' - Bahia Economica\",\"isPartOf\":{\"@id\":\"https:\/\/bahiaeconomica.com.br\/wp\/#website\"},\"datePublished\":\"2025-12-04T17:58:48+00:00\",\"dateModified\":\"2025-12-04T17:44:30+00:00\",\"description\":\"O maior portal de Economia da Bahia DESTAQUE DO DIA, Pol\u00edtica Bahia Economica\",\"breadcrumb\":{\"@id\":\"https:\/\/bahiaeconomica.com.br\/wp\/2025\/12\/04\/jeronimo-diz-que-vai-continuar-recebendo-prefeitos-independentemente-do-vies-politico\/#breadcrumb\"},\"inLanguage\":\"pt-BR\",\"potentialAction\":[{\"@type\":\"ReadAction\",\"target\":[\"https:\/\/bahiaeconomica.com.br\/wp\/2025\/12\/04\/jeronimo-diz-que-vai-continuar-recebendo-prefeitos-independentemente-do-vies-politico\/\"]}]},{\"@type\":\"BreadcrumbList\",\"@id\":\"https:\/\/bahiaeconomica.com.br\/wp\/2025\/12\/04\/jeronimo-diz-que-vai-continuar-recebendo-prefeitos-independentemente-do-vies-politico\/#breadcrumb\",\"itemListElement\":[{\"@type\":\"ListItem\",\"position\":1,\"name\":\"In\u00edcio\",\"item\":\"https:\/\/bahiaeconomica.com.br\/wp\/\"},{\"@type\":\"ListItem\",\"position\":2,\"name\":\"JER\u00d4NIMO DIZ QUE VAI CONTINUAR RECEBENDO PREFEITOS &#8216;INDEPENDENTEMENTE DO VI\u00c9S POL\u00cdTICO&#8217;\"}]},{\"@type\":\"WebSite\",\"@id\":\"https:\/\/bahiaeconomica.com.br\/wp\/#website\",\"url\":\"https:\/\/bahiaeconomica.com.br\/wp\/\",\"name\":\"Bahia Economica\",\"description\":\"O maior portal de Economia da Bahia\",\"publisher\":{\"@id\":\"https:\/\/bahiaeconomica.com.br\/wp\/#organization\"},\"potentialAction\":[{\"@type\":\"SearchAction\",\"target\":{\"@type\":\"EntryPoint\",\"urlTemplate\":\"https:\/\/bahiaeconomica.com.br\/wp\/?s={search_term_string}\"},\"query-input\":\"required name=search_term_string\"}],\"inLanguage\":\"pt-BR\"},{\"@type\":\"Organization\",\"@id\":\"https:\/\/bahiaeconomica.com.br\/wp\/#organization\",\"name\":\"Bahia Econ\u00f4mica\",\"url\":\"https:\/\/bahiaeconomica.com.br\/wp\/\",\"logo\":{\"@type\":\"ImageObject\",\"inLanguage\":\"pt-BR\",\"@id\":\"https:\/\/bahiaeconomica.com.br\/wp\/#\/schema\/logo\/image\/\",\"url\":\"https:\/\/bahiaeconomica.com.br\/wp\/wp-content\/uploads\/2020\/12\/cropped-BE.png\",\"contentUrl\":\"https:\/\/bahiaeconomica.com.br\/wp\/wp-content\/uploads\/2020\/12\/cropped-BE.png\",\"width\":512,\"height\":512,\"caption\":\"Bahia Econ\u00f4mica\"},\"image\":{\"@id\":\"https:\/\/bahiaeconomica.com.br\/wp\/#\/schema\/logo\/image\/\"},\"sameAs\":[\"https:\/\/www.facebook.com\/bahiaeconomica\"]},{\"@type\":\"Person\",\"@id\":\"https:\/\/bahiaeconomica.com.br\/wp\/#\/schema\/person\/9310b0e591f5979f6f99773eac5804e6\",\"name\":\"BRUNA CARVALHO\",\"sameAs\":[\"http:\/\/www.bahiaeconomica.com.br\"],\"url\":\"https:\/\/bahiaeconomica.com.br\/wp\/author\/bruna\/\"}]}<\/script>\n<!-- \/ Yoast SEO plugin. -->","yoast_head_json":{"title":"JER\u00d4NIMO DIZ QUE VAI CONTINUAR RECEBENDO PREFEITOS 'INDEPENDENTEMENTE DO VI\u00c9S POL\u00cdTICO' - Bahia Economica","description":"O maior portal de Economia da Bahia DESTAQUE DO DIA, Pol\u00edtica Bahia Economica","robots":{"index":"index","follow":"follow","max-snippet":"max-snippet:-1","max-image-preview":"max-image-preview:large","max-video-preview":"max-video-preview:-1"},"canonical":"https:\/\/bahiaeconomica.com.br\/wp\/2025\/12\/04\/jeronimo-diz-que-vai-continuar-recebendo-prefeitos-independentemente-do-vies-politico\/","og_locale":"pt_BR","og_type":"article","og_title":"JER\u00d4NIMO DIZ QUE VAI CONTINUAR RECEBENDO PREFEITOS 'INDEPENDENTEMENTE DO VI\u00c9S POL\u00cdTICO' - Bahia Economica","og_description":"O maior portal de Economia da Bahia DESTAQUE DO DIA, Pol\u00edtica Bahia Economica","og_url":"https:\/\/bahiaeconomica.com.br\/wp\/2025\/12\/04\/jeronimo-diz-que-vai-continuar-recebendo-prefeitos-independentemente-do-vies-politico\/","og_site_name":"Bahia Economica","article_publisher":"https:\/\/www.facebook.com\/bahiaeconomica","article_published_time":"2025-12-04T17:58:48+00:00","article_modified_time":"2025-12-04T17:44:30+00:00","og_image":[{"width":600,"height":420,"url":"https:\/\/bahiaeconomica.com.br\/wp\/wp-content\/uploads\/2025\/12\/jeronimo-upb-prefeitos.png","type":"image\/png"}],"author":"BRUNA CARVALHO","twitter_card":"summary_large_image","twitter_misc":{"Escrito por":"BRUNA CARVALHO","Est. tempo de leitura":"2 minutos"},"schema":{"@context":"https:\/\/schema.org","@graph":[{"@type":"Article","@id":"https:\/\/bahiaeconomica.com.br\/wp\/2025\/12\/04\/jeronimo-diz-que-vai-continuar-recebendo-prefeitos-independentemente-do-vies-politico\/#article","isPartOf":{"@id":"https:\/\/bahiaeconomica.com.br\/wp\/2025\/12\/04\/jeronimo-diz-que-vai-continuar-recebendo-prefeitos-independentemente-do-vies-politico\/"},"author":{"name":"BRUNA CARVALHO","@id":"https:\/\/bahiaeconomica.com.br\/wp\/#\/schema\/person\/9310b0e591f5979f6f99773eac5804e6"},"headline":"JER\u00d4NIMO DIZ QUE VAI CONTINUAR RECEBENDO PREFEITOS &#8216;INDEPENDENTEMENTE DO VI\u00c9S POL\u00cdTICO&#8217;","datePublished":"2025-12-04T17:58:48+00:00","dateModified":"2025-12-04T17:44:30+00:00","mainEntityOfPage":{"@id":"https:\/\/bahiaeconomica.com.br\/wp\/2025\/12\/04\/jeronimo-diz-que-vai-continuar-recebendo-prefeitos-independentemente-do-vies-politico\/"},"wordCount":287,"publisher":{"@id":"https:\/\/bahiaeconomica.com.br\/wp\/#organization"},"keywords":["jeronimo","oposicao","prefeitos"],"articleSection":["DESTAQUE DO DIA","Pol\u00edtica"],"inLanguage":"pt-BR"},{"@type":"WebPage","@id":"https:\/\/bahiaeconomica.com.br\/wp\/2025\/12\/04\/jeronimo-diz-que-vai-continuar-recebendo-prefeitos-independentemente-do-vies-politico\/","url":"https:\/\/bahiaeconomica.com.br\/wp\/2025\/12\/04\/jeronimo-diz-que-vai-continuar-recebendo-prefeitos-independentemente-do-vies-politico\/","name":"JER\u00d4NIMO DIZ QUE VAI CONTINUAR RECEBENDO PREFEITOS 'INDEPENDENTEMENTE DO VI\u00c9S POL\u00cdTICO' - Bahia Economica","isPartOf":{"@id":"https:\/\/bahiaeconomica.com.br\/wp\/#website"},"datePublished":"2025-12-04T17:58:48+00:00","dateModified":"2025-12-04T17:44:30+00:00","description":"O maior portal de Economia da Bahia DESTAQUE DO DIA, Pol\u00edtica Bahia Economica","breadcrumb":{"@id":"https:\/\/bahiaeconomica.com.br\/wp\/2025\/12\/04\/jeronimo-diz-que-vai-continuar-recebendo-prefeitos-independentemente-do-vies-politico\/#breadcrumb"},"inLanguage":"pt-BR","potentialAction":[{"@type":"ReadAction","target":["https:\/\/bahiaeconomica.com.br\/wp\/2025\/12\/04\/jeronimo-diz-que-vai-continuar-recebendo-prefeitos-independentemente-do-vies-politico\/"]}]},{"@type":"BreadcrumbList","@id":"https:\/\/bahiaeconomica.com.br\/wp\/2025\/12\/04\/jeronimo-diz-que-vai-continuar-recebendo-prefeitos-independentemente-do-vies-politico\/#breadcrumb","itemListElement":[{"@type":"ListItem","position":1,"name":"In\u00edcio","item":"https:\/\/bahiaeconomica.com.br\/wp\/"},{"@type":"ListItem","position":2,"name":"JER\u00d4NIMO DIZ QUE VAI CONTINUAR RECEBENDO PREFEITOS &#8216;INDEPENDENTEMENTE DO VI\u00c9S POL\u00cdTICO&#8217;"}]},{"@type":"WebSite","@id":"https:\/\/bahiaeconomica.com.br\/wp\/#website","url":"https:\/\/bahiaeconomica.com.br\/wp\/","name":"Bahia Economica","description":"O maior portal de Economia da Bahia","publisher":{"@id":"https:\/\/bahiaeconomica.com.br\/wp\/#organization"},"potentialAction":[{"@type":"SearchAction","target":{"@type":"EntryPoint","urlTemplate":"https:\/\/bahiaeconomica.com.br\/wp\/?s={search_term_string}"},"query-input":"required name=search_term_string"}],"inLanguage":"pt-BR"},{"@type":"Organization","@id":"https:\/\/bahiaeconomica.com.br\/wp\/#organization","name":"Bahia Econ\u00f4mica","url":"https:\/\/bahiaeconomica.com.br\/wp\/","logo":{"@type":"ImageObject","inLanguage":"pt-BR","@id":"https:\/\/bahiaeconomica.com.br\/wp\/#\/schema\/logo\/image\/","url":"https:\/\/bahiaeconomica.com.br\/wp\/wp-content\/uploads\/2020\/12\/cropped-BE.png","contentUrl":"https:\/\/bahiaeconomica.com.br\/wp\/wp-content\/uploads\/2020\/12\/cropped-BE.png","width":512,"height":512,"caption":"Bahia Econ\u00f4mica"},"image":{"@id":"https:\/\/bahiaeconomica.com.br\/wp\/#\/schema\/logo\/image\/"},"sameAs":["https:\/\/www.facebook.com\/bahiaeconomica"]},{"@type":"Person","@id":"https:\/\/bahiaeconomica.com.br\/wp\/#\/schema\/person\/9310b0e591f5979f6f99773eac5804e6","name":"BRUNA CARVALHO","sameAs":["http:\/\/www.bahiaeconomica.com.br"],"url":"https:\/\/bahiaeconomica.com.br\/wp\/author\/bruna\/"}]}},"views":16,"_links":{"self":[{"href":"https:\/\/bahiaeconomica.com.br\/wp\/wp-json\/wp\/v2\/posts\/958217"}],"collection":[{"href":"https:\/\/bahiaeconomica.com.br\/wp\/wp-json\/wp\/v2\/posts"}],"about":[{"href":"https:\/\/bahiaeconomica.com.br\/wp\/wp-json\/wp\/v2\/types\/post"}],"author":[{"embeddable":true,"href":"https:\/\/bahiaeconomica.com.br\/wp\/wp-json\/wp\/v2\/users\/20"}],"replies":[{"embeddable":true,"href":"https:\/\/bahiaeconomica.com.br\/wp\/wp-json\/wp\/v2\/comments?post=958217"}],"version-history":[{"count":1,"href":"https:\/\/bahiaeconomica.com.br\/wp\/wp-json\/wp\/v2\/posts\/958217\/revisions"}],"predecessor-version":[{"id":958241,"href":"https:\/\/bahiaeconomica.com.br\/wp\/wp-json\/wp\/v2\/posts\/958217\/revisions\/958241"}],"wp:featuredmedia":[{"embeddable":true,"href":"https:\/\/bahiaeconomica.com.br\/wp\/wp-json\/wp\/v2\/media\/958218"}],"wp:attachment":[{"href":"https:\/\/bahiaeconomica.com.br\/wp\/wp-json\/wp\/v2\/media?parent=958217"}],"wp:term":[{"taxonomy":"category","embeddable":true,"href":"https:\/\/bahiaeconomica.com.br\/wp\/wp-json\/wp\/v2\/categories?post=958217"},{"taxonomy":"post_tag","embeddable":true,"href":"https:\/\/bahiaeconomica.com.br\/wp\/wp-json\/wp\/v2\/tags?post=958217"}],"curies":[{"name":"wp","href":"https:\/\/api.w.org\/{rel}","templated":true}]}}