{"id":958131,"date":"2025-12-04T09:20:44","date_gmt":"2025-12-04T12:20:44","guid":{"rendered":"https:\/\/bahiaeconomica.com.br\/wp\/?p=958131"},"modified":"2025-12-04T09:15:01","modified_gmt":"2025-12-04T12:15:01","slug":"quase-25-toneladas-de-residuos-plasticos-sao-arrecadadas-em-iniciativa-de-economia-circular-em-camacari","status":"publish","type":"post","link":"https:\/\/bahiaeconomica.com.br\/wp\/2025\/12\/04\/quase-25-toneladas-de-residuos-plasticos-sao-arrecadadas-em-iniciativa-de-economia-circular-em-camacari\/","title":{"rendered":"QUASE 2,5 TONELADAS DE RES\u00cdDUOS PL\u00c1STICOS S\u00c3O ARRECADADAS EM INICIATIVA DE ECONOMIA CIRCULAR EM CAMA\u00c7ARI"},"content":{"rendered":"<p>O Plastitroque, projeto socioambiental da Braskem, beneficiou cerca de 1.518 pessoas de forma direta e indireta, incentivando pr\u00e1ticas sustent\u00e1veis por meio da economia circular e da valoriza\u00e7\u00e3o do pl\u00e1stico. A Escola Municipal Cosme de Farias foi uma das tr\u00eas unidades escolares de Cama\u00e7ari que participaram do Plastitro que em 2025.<\/p>\n<p>Quase 2,5 toneladas de res\u00edduos pl\u00e1sticos foram arrecadadas durante o Plastitroque, projeto socioambiental promovido pela Braskem nas escolas municipais de Cama\u00e7ari, em parceria com a Secretaria Municipal de Educa\u00e7\u00e3o (SEDUC) e a Limpec, empresa de limpeza p\u00fablica de Cama\u00e7ari. Ao longo do ano, os 506 participantes puderam trocar res\u00edduos por itens essenciais, como alimentos, produtos de higiene e limpeza, beneficiando mais de 1.518 pessoas direta e indiretamente.<\/p>\n<p>A a\u00e7\u00e3o foi encerrada na tarde desta quarta-feira (3), na Escola Municipal S\u00f4nia Regina, localizada no bairro Phoc III, em Cama\u00e7ari. A unidade escolar se destacou ao arrecadar 1,145 tonelada de res\u00edduos. Para a diretora, Sandra Luiza de Ara\u00fajo Silva, o projeto impacta diretamente o comportamento e a forma\u00e7\u00e3o dos estudantes. \u201cO Plastitroque trouxe para a escola um aprendizado que vai al\u00e9m da reciclagem. Essas li\u00e7\u00f5es aparecem em atitudes simples, como ajudar colegas, evitar desperd\u00edcios, cuidar dos materiais e participar de a\u00e7\u00f5es solid\u00e1rias. As crian\u00e7as compreendem que cada gesto faz diferen\u00e7a\u201d, destaca.<\/p>\n<p>A iniciativa funciona de forma pr\u00e1tica e educativa: os participantes entregam seus res\u00edduos pl\u00e1sticos, que s\u00e3o pesados e convertidos em Plasticoins, moeda social do projeto. Os cr\u00e9ditos podem ser trocados por itens b\u00e1sicos, refor\u00e7ando a ideia de que o res\u00edduo tem valor e pode gerar ganhos para as comunidades. \u201cA cada edi\u00e7\u00e3o, buscamos o despertar da sociedade para a economia circular e o comprometimento das pessoas com o consumo consciente, o descarte correto de res\u00edduos e a reciclagem\u201d, ressalta Magn\u00f3lia Borges, gerente de Rela\u00e7\u00f5es Institucionais da Braskem na Bahia.<\/p>\n<p>Em 2025, o projeto foi realizado nas escolas municipais do Natal, Cosme de Farias e S\u00f4nia Regina. O secret\u00e1rio da SEDUC, M\u00e1rio Silva das Neves, destaca a relev\u00e2ncia da parceria entre poder p\u00fablico e a iniciativa privada em iniciativas que refor\u00e7am atitudes sustent\u00e1veis. \u201cEssa uni\u00e3o potencializa resultados e contribui para formar uma gera\u00e7\u00e3o mais respons\u00e1vel e engajada com o cuidado ao meio ambiente\u201d, afirma.<\/p>\n<p>Toda a arrecada\u00e7\u00e3o de materiais foi destinada \u00e0 Cooperativa de Materiais Recicl\u00e1veis de Cama\u00e7ari (Coopmarc), contribuindo para a gera\u00e7\u00e3o de renda e o fortalecimento da reciclagem no munic\u00edpio. Para J\u00fanior Borges, presidente da Limpec, o impacto vai al\u00e9m da coleta de res\u00edduos. \u201cA educa\u00e7\u00e3o ambiental e a participa\u00e7\u00e3o da comunidade caminham juntas. Quando uma crian\u00e7a entende que o pl\u00e1stico pode voltar para a cadeia produtiva e gerar benef\u00edcios, ela leva essa consci\u00eancia para casa. Estamos construindo uma nova mentalidade, que come\u00e7a nas pequenas atitudes\u201d, garante.<\/p>\n<p>Com 13 edi\u00e7\u00f5es realizadas na Bahia, o Plastitroque j\u00e1 beneficiou mais de 10 mil pessoas e resultou na coleta de mais de 14,2 toneladas de res\u00edduos pl\u00e1sticos, consolidando-se como uma refer\u00eancia em educa\u00e7\u00e3o ambiental e economia circular.<\/p>\n<p>Foto: Diogo Andrade \/ Divulga\u00e7\u00e3o<\/p>\n","protected":false},"excerpt":{"rendered":"<p>O Plastitroque, projeto socioambiental da Braskem, beneficiou cerca de 1.518 pessoas de forma direta e indireta, incentivando pr\u00e1ticas sustent\u00e1veis por meio da economia circular e da valoriza\u00e7\u00e3o do pl\u00e1stico. A Escola Municipal Cosme de Farias foi uma das tr\u00eas unidades escolares de Cama\u00e7ari que participaram do Plastitro que em 2025. Quase 2,5 toneladas de res\u00edduos [&hellip;]<\/p>\n","protected":false},"author":8,"featured_media":958132,"comment_status":"closed","ping_status":"closed","sticky":false,"template":"","format":"standard","meta":[],"categories":[5],"tags":[1794,4612],"acf":[],"yoast_head":"<!-- This site is optimized with the Yoast SEO plugin v20.8 - https:\/\/yoast.com\/wordpress\/plugins\/seo\/ -->\n<title>QUASE 2,5 TONELADAS DE RES\u00cdDUOS PL\u00c1STICOS S\u00c3O ARRECADADAS EM INICIATIVA DE ECONOMIA CIRCULAR EM CAMA\u00c7ARI - Bahia Economica<\/title>\n<meta name=\"description\" content=\"O maior portal de Economia da Bahia MUNIC\u00cdPIOS Bahia Economica O Plastitroque, projeto socioambiental da Braskem, beneficiou cerca de 1.518\" \/>\n<meta name=\"robots\" content=\"index, follow, max-snippet:-1, max-image-preview:large, max-video-preview:-1\" \/>\n<link rel=\"canonical\" href=\"https:\/\/bahiaeconomica.com.br\/wp\/2025\/12\/04\/quase-25-toneladas-de-residuos-plasticos-sao-arrecadadas-em-iniciativa-de-economia-circular-em-camacari\/\" \/>\n<meta property=\"og:locale\" content=\"pt_BR\" \/>\n<meta property=\"og:type\" content=\"article\" \/>\n<meta property=\"og:title\" content=\"QUASE 2,5 TONELADAS DE RES\u00cdDUOS PL\u00c1STICOS S\u00c3O ARRECADADAS EM INICIATIVA DE ECONOMIA CIRCULAR EM CAMA\u00c7ARI - Bahia Economica\" \/>\n<meta property=\"og:description\" content=\"O maior portal de Economia da Bahia MUNIC\u00cdPIOS Bahia Economica O Plastitroque, projeto socioambiental da Braskem, beneficiou cerca de 1.518\" \/>\n<meta property=\"og:url\" content=\"https:\/\/bahiaeconomica.com.br\/wp\/2025\/12\/04\/quase-25-toneladas-de-residuos-plasticos-sao-arrecadadas-em-iniciativa-de-economia-circular-em-camacari\/\" \/>\n<meta property=\"og:site_name\" content=\"Bahia Economica\" \/>\n<meta property=\"article:publisher\" content=\"https:\/\/www.facebook.com\/bahiaeconomica\" \/>\n<meta property=\"article:published_time\" content=\"2025-12-04T12:20:44+00:00\" \/>\n<meta property=\"article:modified_time\" content=\"2025-12-04T12:15:01+00:00\" \/>\n<meta property=\"og:image\" content=\"https:\/\/bahiaeconomica.com.br\/wp\/wp-content\/uploads\/2025\/12\/WhatsApp-Image-2025-12-04-at-09.05.52.jpeg\" \/>\n\t<meta property=\"og:image:width\" content=\"1600\" \/>\n\t<meta property=\"og:image:height\" content=\"1066\" \/>\n\t<meta property=\"og:image:type\" content=\"image\/jpeg\" \/>\n<meta name=\"author\" content=\"JP\" \/>\n<meta name=\"twitter:card\" content=\"summary_large_image\" \/>\n<meta name=\"twitter:label1\" content=\"Escrito por\" \/>\n\t<meta name=\"twitter:data1\" content=\"JP\" \/>\n\t<meta name=\"twitter:label2\" content=\"Est. tempo de leitura\" \/>\n\t<meta name=\"twitter:data2\" content=\"3 minutos\" \/>\n<script type=\"application\/ld+json\" class=\"yoast-schema-graph\">{\"@context\":\"https:\/\/schema.org\",\"@graph\":[{\"@type\":\"Article\",\"@id\":\"https:\/\/bahiaeconomica.com.br\/wp\/2025\/12\/04\/quase-25-toneladas-de-residuos-plasticos-sao-arrecadadas-em-iniciativa-de-economia-circular-em-camacari\/#article\",\"isPartOf\":{\"@id\":\"https:\/\/bahiaeconomica.com.br\/wp\/2025\/12\/04\/quase-25-toneladas-de-residuos-plasticos-sao-arrecadadas-em-iniciativa-de-economia-circular-em-camacari\/\"},\"author\":{\"name\":\"JP\",\"@id\":\"https:\/\/bahiaeconomica.com.br\/wp\/#\/schema\/person\/c86d3a3f8960425a0f9d0e5245991f4e\"},\"headline\":\"QUASE 2,5 TONELADAS DE RES\u00cdDUOS PL\u00c1STICOS S\u00c3O ARRECADADAS EM INICIATIVA DE ECONOMIA CIRCULAR EM CAMA\u00c7ARI\",\"datePublished\":\"2025-12-04T12:20:44+00:00\",\"dateModified\":\"2025-12-04T12:15:01+00:00\",\"mainEntityOfPage\":{\"@id\":\"https:\/\/bahiaeconomica.com.br\/wp\/2025\/12\/04\/quase-25-toneladas-de-residuos-plasticos-sao-arrecadadas-em-iniciativa-de-economia-circular-em-camacari\/\"},\"wordCount\":563,\"publisher\":{\"@id\":\"https:\/\/bahiaeconomica.com.br\/wp\/#organization\"},\"keywords\":[\"braskem\",\"res\u00edduos\"],\"articleSection\":[\"MUNIC\u00cdPIOS\"],\"inLanguage\":\"pt-BR\"},{\"@type\":\"WebPage\",\"@id\":\"https:\/\/bahiaeconomica.com.br\/wp\/2025\/12\/04\/quase-25-toneladas-de-residuos-plasticos-sao-arrecadadas-em-iniciativa-de-economia-circular-em-camacari\/\",\"url\":\"https:\/\/bahiaeconomica.com.br\/wp\/2025\/12\/04\/quase-25-toneladas-de-residuos-plasticos-sao-arrecadadas-em-iniciativa-de-economia-circular-em-camacari\/\",\"name\":\"QUASE 2,5 TONELADAS DE RES\u00cdDUOS PL\u00c1STICOS S\u00c3O ARRECADADAS EM INICIATIVA DE ECONOMIA CIRCULAR EM CAMA\u00c7ARI - Bahia Economica\",\"isPartOf\":{\"@id\":\"https:\/\/bahiaeconomica.com.br\/wp\/#website\"},\"datePublished\":\"2025-12-04T12:20:44+00:00\",\"dateModified\":\"2025-12-04T12:15:01+00:00\",\"description\":\"O maior portal de Economia da Bahia MUNIC\u00cdPIOS Bahia Economica O Plastitroque, projeto socioambiental da Braskem, beneficiou cerca de 1.518\",\"breadcrumb\":{\"@id\":\"https:\/\/bahiaeconomica.com.br\/wp\/2025\/12\/04\/quase-25-toneladas-de-residuos-plasticos-sao-arrecadadas-em-iniciativa-de-economia-circular-em-camacari\/#breadcrumb\"},\"inLanguage\":\"pt-BR\",\"potentialAction\":[{\"@type\":\"ReadAction\",\"target\":[\"https:\/\/bahiaeconomica.com.br\/wp\/2025\/12\/04\/quase-25-toneladas-de-residuos-plasticos-sao-arrecadadas-em-iniciativa-de-economia-circular-em-camacari\/\"]}]},{\"@type\":\"BreadcrumbList\",\"@id\":\"https:\/\/bahiaeconomica.com.br\/wp\/2025\/12\/04\/quase-25-toneladas-de-residuos-plasticos-sao-arrecadadas-em-iniciativa-de-economia-circular-em-camacari\/#breadcrumb\",\"itemListElement\":[{\"@type\":\"ListItem\",\"position\":1,\"name\":\"In\u00edcio\",\"item\":\"https:\/\/bahiaeconomica.com.br\/wp\/\"},{\"@type\":\"ListItem\",\"position\":2,\"name\":\"QUASE 2,5 TONELADAS DE RES\u00cdDUOS PL\u00c1STICOS S\u00c3O ARRECADADAS EM INICIATIVA DE ECONOMIA CIRCULAR EM CAMA\u00c7ARI\"}]},{\"@type\":\"WebSite\",\"@id\":\"https:\/\/bahiaeconomica.com.br\/wp\/#website\",\"url\":\"https:\/\/bahiaeconomica.com.br\/wp\/\",\"name\":\"Bahia Economica\",\"description\":\"O maior portal de Economia da Bahia\",\"publisher\":{\"@id\":\"https:\/\/bahiaeconomica.com.br\/wp\/#organization\"},\"potentialAction\":[{\"@type\":\"SearchAction\",\"target\":{\"@type\":\"EntryPoint\",\"urlTemplate\":\"https:\/\/bahiaeconomica.com.br\/wp\/?s={search_term_string}\"},\"query-input\":\"required name=search_term_string\"}],\"inLanguage\":\"pt-BR\"},{\"@type\":\"Organization\",\"@id\":\"https:\/\/bahiaeconomica.com.br\/wp\/#organization\",\"name\":\"Bahia Econ\u00f4mica\",\"url\":\"https:\/\/bahiaeconomica.com.br\/wp\/\",\"logo\":{\"@type\":\"ImageObject\",\"inLanguage\":\"pt-BR\",\"@id\":\"https:\/\/bahiaeconomica.com.br\/wp\/#\/schema\/logo\/image\/\",\"url\":\"https:\/\/bahiaeconomica.com.br\/wp\/wp-content\/uploads\/2020\/12\/cropped-BE.png\",\"contentUrl\":\"https:\/\/bahiaeconomica.com.br\/wp\/wp-content\/uploads\/2020\/12\/cropped-BE.png\",\"width\":512,\"height\":512,\"caption\":\"Bahia Econ\u00f4mica\"},\"image\":{\"@id\":\"https:\/\/bahiaeconomica.com.br\/wp\/#\/schema\/logo\/image\/\"},\"sameAs\":[\"https:\/\/www.facebook.com\/bahiaeconomica\"]},{\"@type\":\"Person\",\"@id\":\"https:\/\/bahiaeconomica.com.br\/wp\/#\/schema\/person\/c86d3a3f8960425a0f9d0e5245991f4e\",\"name\":\"JP\",\"sameAs\":[\"https:\/\/bahiaeconomica.com.br\/wp\/beta\/\"],\"url\":\"https:\/\/bahiaeconomica.com.br\/wp\/author\/jp\/\"}]}<\/script>\n<!-- \/ Yoast SEO plugin. -->","yoast_head_json":{"title":"QUASE 2,5 TONELADAS DE RES\u00cdDUOS PL\u00c1STICOS S\u00c3O ARRECADADAS EM INICIATIVA DE ECONOMIA CIRCULAR EM CAMA\u00c7ARI - Bahia Economica","description":"O maior portal de Economia da Bahia MUNIC\u00cdPIOS Bahia Economica O Plastitroque, projeto socioambiental da Braskem, beneficiou cerca de 1.518","robots":{"index":"index","follow":"follow","max-snippet":"max-snippet:-1","max-image-preview":"max-image-preview:large","max-video-preview":"max-video-preview:-1"},"canonical":"https:\/\/bahiaeconomica.com.br\/wp\/2025\/12\/04\/quase-25-toneladas-de-residuos-plasticos-sao-arrecadadas-em-iniciativa-de-economia-circular-em-camacari\/","og_locale":"pt_BR","og_type":"article","og_title":"QUASE 2,5 TONELADAS DE RES\u00cdDUOS PL\u00c1STICOS S\u00c3O ARRECADADAS EM INICIATIVA DE ECONOMIA CIRCULAR EM CAMA\u00c7ARI - Bahia Economica","og_description":"O maior portal de Economia da Bahia MUNIC\u00cdPIOS Bahia Economica O Plastitroque, projeto socioambiental da Braskem, beneficiou cerca de 1.518","og_url":"https:\/\/bahiaeconomica.com.br\/wp\/2025\/12\/04\/quase-25-toneladas-de-residuos-plasticos-sao-arrecadadas-em-iniciativa-de-economia-circular-em-camacari\/","og_site_name":"Bahia Economica","article_publisher":"https:\/\/www.facebook.com\/bahiaeconomica","article_published_time":"2025-12-04T12:20:44+00:00","article_modified_time":"2025-12-04T12:15:01+00:00","og_image":[{"width":1600,"height":1066,"url":"https:\/\/bahiaeconomica.com.br\/wp\/wp-content\/uploads\/2025\/12\/WhatsApp-Image-2025-12-04-at-09.05.52.jpeg","type":"image\/jpeg"}],"author":"JP","twitter_card":"summary_large_image","twitter_misc":{"Escrito por":"JP","Est. tempo de leitura":"3 minutos"},"schema":{"@context":"https:\/\/schema.org","@graph":[{"@type":"Article","@id":"https:\/\/bahiaeconomica.com.br\/wp\/2025\/12\/04\/quase-25-toneladas-de-residuos-plasticos-sao-arrecadadas-em-iniciativa-de-economia-circular-em-camacari\/#article","isPartOf":{"@id":"https:\/\/bahiaeconomica.com.br\/wp\/2025\/12\/04\/quase-25-toneladas-de-residuos-plasticos-sao-arrecadadas-em-iniciativa-de-economia-circular-em-camacari\/"},"author":{"name":"JP","@id":"https:\/\/bahiaeconomica.com.br\/wp\/#\/schema\/person\/c86d3a3f8960425a0f9d0e5245991f4e"},"headline":"QUASE 2,5 TONELADAS DE RES\u00cdDUOS PL\u00c1STICOS S\u00c3O ARRECADADAS EM INICIATIVA DE ECONOMIA CIRCULAR EM CAMA\u00c7ARI","datePublished":"2025-12-04T12:20:44+00:00","dateModified":"2025-12-04T12:15:01+00:00","mainEntityOfPage":{"@id":"https:\/\/bahiaeconomica.com.br\/wp\/2025\/12\/04\/quase-25-toneladas-de-residuos-plasticos-sao-arrecadadas-em-iniciativa-de-economia-circular-em-camacari\/"},"wordCount":563,"publisher":{"@id":"https:\/\/bahiaeconomica.com.br\/wp\/#organization"},"keywords":["braskem","res\u00edduos"],"articleSection":["MUNIC\u00cdPIOS"],"inLanguage":"pt-BR"},{"@type":"WebPage","@id":"https:\/\/bahiaeconomica.com.br\/wp\/2025\/12\/04\/quase-25-toneladas-de-residuos-plasticos-sao-arrecadadas-em-iniciativa-de-economia-circular-em-camacari\/","url":"https:\/\/bahiaeconomica.com.br\/wp\/2025\/12\/04\/quase-25-toneladas-de-residuos-plasticos-sao-arrecadadas-em-iniciativa-de-economia-circular-em-camacari\/","name":"QUASE 2,5 TONELADAS DE RES\u00cdDUOS PL\u00c1STICOS S\u00c3O ARRECADADAS EM INICIATIVA DE ECONOMIA CIRCULAR EM CAMA\u00c7ARI - Bahia Economica","isPartOf":{"@id":"https:\/\/bahiaeconomica.com.br\/wp\/#website"},"datePublished":"2025-12-04T12:20:44+00:00","dateModified":"2025-12-04T12:15:01+00:00","description":"O maior portal de Economia da Bahia MUNIC\u00cdPIOS Bahia Economica O Plastitroque, projeto socioambiental da Braskem, beneficiou cerca de 1.518","breadcrumb":{"@id":"https:\/\/bahiaeconomica.com.br\/wp\/2025\/12\/04\/quase-25-toneladas-de-residuos-plasticos-sao-arrecadadas-em-iniciativa-de-economia-circular-em-camacari\/#breadcrumb"},"inLanguage":"pt-BR","potentialAction":[{"@type":"ReadAction","target":["https:\/\/bahiaeconomica.com.br\/wp\/2025\/12\/04\/quase-25-toneladas-de-residuos-plasticos-sao-arrecadadas-em-iniciativa-de-economia-circular-em-camacari\/"]}]},{"@type":"BreadcrumbList","@id":"https:\/\/bahiaeconomica.com.br\/wp\/2025\/12\/04\/quase-25-toneladas-de-residuos-plasticos-sao-arrecadadas-em-iniciativa-de-economia-circular-em-camacari\/#breadcrumb","itemListElement":[{"@type":"ListItem","position":1,"name":"In\u00edcio","item":"https:\/\/bahiaeconomica.com.br\/wp\/"},{"@type":"ListItem","position":2,"name":"QUASE 2,5 TONELADAS DE RES\u00cdDUOS PL\u00c1STICOS S\u00c3O ARRECADADAS EM INICIATIVA DE ECONOMIA CIRCULAR EM CAMA\u00c7ARI"}]},{"@type":"WebSite","@id":"https:\/\/bahiaeconomica.com.br\/wp\/#website","url":"https:\/\/bahiaeconomica.com.br\/wp\/","name":"Bahia Economica","description":"O maior portal de Economia da Bahia","publisher":{"@id":"https:\/\/bahiaeconomica.com.br\/wp\/#organization"},"potentialAction":[{"@type":"SearchAction","target":{"@type":"EntryPoint","urlTemplate":"https:\/\/bahiaeconomica.com.br\/wp\/?s={search_term_string}"},"query-input":"required name=search_term_string"}],"inLanguage":"pt-BR"},{"@type":"Organization","@id":"https:\/\/bahiaeconomica.com.br\/wp\/#organization","name":"Bahia Econ\u00f4mica","url":"https:\/\/bahiaeconomica.com.br\/wp\/","logo":{"@type":"ImageObject","inLanguage":"pt-BR","@id":"https:\/\/bahiaeconomica.com.br\/wp\/#\/schema\/logo\/image\/","url":"https:\/\/bahiaeconomica.com.br\/wp\/wp-content\/uploads\/2020\/12\/cropped-BE.png","contentUrl":"https:\/\/bahiaeconomica.com.br\/wp\/wp-content\/uploads\/2020\/12\/cropped-BE.png","width":512,"height":512,"caption":"Bahia Econ\u00f4mica"},"image":{"@id":"https:\/\/bahiaeconomica.com.br\/wp\/#\/schema\/logo\/image\/"},"sameAs":["https:\/\/www.facebook.com\/bahiaeconomica"]},{"@type":"Person","@id":"https:\/\/bahiaeconomica.com.br\/wp\/#\/schema\/person\/c86d3a3f8960425a0f9d0e5245991f4e","name":"JP","sameAs":["https:\/\/bahiaeconomica.com.br\/wp\/beta\/"],"url":"https:\/\/bahiaeconomica.com.br\/wp\/author\/jp\/"}]}},"views":31,"_links":{"self":[{"href":"https:\/\/bahiaeconomica.com.br\/wp\/wp-json\/wp\/v2\/posts\/958131"}],"collection":[{"href":"https:\/\/bahiaeconomica.com.br\/wp\/wp-json\/wp\/v2\/posts"}],"about":[{"href":"https:\/\/bahiaeconomica.com.br\/wp\/wp-json\/wp\/v2\/types\/post"}],"author":[{"embeddable":true,"href":"https:\/\/bahiaeconomica.com.br\/wp\/wp-json\/wp\/v2\/users\/8"}],"replies":[{"embeddable":true,"href":"https:\/\/bahiaeconomica.com.br\/wp\/wp-json\/wp\/v2\/comments?post=958131"}],"version-history":[{"count":1,"href":"https:\/\/bahiaeconomica.com.br\/wp\/wp-json\/wp\/v2\/posts\/958131\/revisions"}],"predecessor-version":[{"id":958134,"href":"https:\/\/bahiaeconomica.com.br\/wp\/wp-json\/wp\/v2\/posts\/958131\/revisions\/958134"}],"wp:featuredmedia":[{"embeddable":true,"href":"https:\/\/bahiaeconomica.com.br\/wp\/wp-json\/wp\/v2\/media\/958132"}],"wp:attachment":[{"href":"https:\/\/bahiaeconomica.com.br\/wp\/wp-json\/wp\/v2\/media?parent=958131"}],"wp:term":[{"taxonomy":"category","embeddable":true,"href":"https:\/\/bahiaeconomica.com.br\/wp\/wp-json\/wp\/v2\/categories?post=958131"},{"taxonomy":"post_tag","embeddable":true,"href":"https:\/\/bahiaeconomica.com.br\/wp\/wp-json\/wp\/v2\/tags?post=958131"}],"curies":[{"name":"wp","href":"https:\/\/api.w.org\/{rel}","templated":true}]}}