{"id":957808,"date":"2025-12-03T10:21:25","date_gmt":"2025-12-03T13:21:25","guid":{"rendered":"https:\/\/bahiaeconomica.com.br\/wp\/?p=957808"},"modified":"2025-12-03T10:17:51","modified_gmt":"2025-12-03T13:17:51","slug":"maternidade-de-salvador-fara-mutirao-gratuito-com-900-vagas-veja-como-agendar","status":"publish","type":"post","link":"https:\/\/bahiaeconomica.com.br\/wp\/2025\/12\/03\/maternidade-de-salvador-fara-mutirao-gratuito-com-900-vagas-veja-como-agendar\/","title":{"rendered":"MATERNIDADE DE SALVADOR FAR\u00c1 MUTIR\u00c3O GRATUITO COM 900 VAGAS; VEJA COMO AGENDAR"},"content":{"rendered":"<p>A Maternidade Clim\u00e9rio de Oliveira (MCO), da Universidade Federal da Bahia (Ufba), realizar\u00e1 no dia 13 de novembro um mutir\u00e3o gratuito com 900 vagas para atendimentos e exames. Os agendamentos come\u00e7am nesta quarta-feira (3).<\/p>\n<p>A a\u00e7\u00e3o inclui consultas m\u00e9dicas, exames laboratoriais e de imagem, procedimentos preventivos e o Potencial Evocado Auditivo de Tronco Encef\u00e1lico (PEATE). As marca\u00e7\u00f5es poder\u00e3o ser feitas presencialmente ou pelos telefones (71) 3283-9306, 3283-9269 e 3283-9300, de segunda a sexta-feira, das 8h \u00e0s 17h.<\/p>\n<p>Para atendimento, \u00e9 necess\u00e1rio apresentar guias ou solicita\u00e7\u00f5es dos exames, CPF, cart\u00e3o do SUS, comprovante de resid\u00eancia e telefone para contato.<\/p>\n<p>Foto: Ufba\/Divulga\u00e7\u00e3o<\/p>\n","protected":false},"excerpt":{"rendered":"<p>A Maternidade Clim\u00e9rio de Oliveira (MCO), da Universidade Federal da Bahia (Ufba), realizar\u00e1 no dia 13 de novembro um mutir\u00e3o gratuito com 900 vagas para atendimentos e exames. Os agendamentos come\u00e7am nesta quarta-feira (3). A a\u00e7\u00e3o inclui consultas m\u00e9dicas, exames laboratoriais e de imagem, procedimentos preventivos e o Potencial Evocado Auditivo de Tronco Encef\u00e1lico (PEATE). [&hellip;]<\/p>\n","protected":false},"author":20,"featured_media":957810,"comment_status":"closed","ping_status":"closed","sticky":false,"template":"","format":"standard","meta":[],"categories":[5,21],"tags":[2885,42598,1274],"acf":[],"yoast_head":"<!-- This site is optimized with the Yoast SEO plugin v20.8 - https:\/\/yoast.com\/wordpress\/plugins\/seo\/ -->\n<title>MATERNIDADE DE SALVADOR FAR\u00c1 MUTIR\u00c3O GRATUITO COM 900 VAGAS; VEJA COMO AGENDAR - Bahia Economica<\/title>\n<meta name=\"description\" content=\"O maior portal de Economia da Bahia MUNIC\u00cdPIOS, Sa\u00fade \/ Educa\u00e7\u00e3o Bahia Economica\" \/>\n<meta name=\"robots\" content=\"index, follow, max-snippet:-1, max-image-preview:large, max-video-preview:-1\" \/>\n<link rel=\"canonical\" href=\"https:\/\/bahiaeconomica.com.br\/wp\/2025\/12\/03\/maternidade-de-salvador-fara-mutirao-gratuito-com-900-vagas-veja-como-agendar\/\" \/>\n<meta property=\"og:locale\" content=\"pt_BR\" \/>\n<meta property=\"og:type\" content=\"article\" \/>\n<meta property=\"og:title\" content=\"MATERNIDADE DE SALVADOR FAR\u00c1 MUTIR\u00c3O GRATUITO COM 900 VAGAS; VEJA COMO AGENDAR - Bahia Economica\" \/>\n<meta property=\"og:description\" content=\"O maior portal de Economia da Bahia MUNIC\u00cdPIOS, Sa\u00fade \/ Educa\u00e7\u00e3o Bahia Economica\" \/>\n<meta property=\"og:url\" content=\"https:\/\/bahiaeconomica.com.br\/wp\/2025\/12\/03\/maternidade-de-salvador-fara-mutirao-gratuito-com-900-vagas-veja-como-agendar\/\" \/>\n<meta property=\"og:site_name\" content=\"Bahia Economica\" \/>\n<meta property=\"article:publisher\" content=\"https:\/\/www.facebook.com\/bahiaeconomica\" \/>\n<meta property=\"article:published_time\" content=\"2025-12-03T13:21:25+00:00\" \/>\n<meta property=\"article:modified_time\" content=\"2025-12-03T13:17:51+00:00\" \/>\n<meta property=\"og:image\" content=\"https:\/\/bahiaeconomica.com.br\/wp\/wp-content\/uploads\/2025\/12\/Maternidade-em-Salvador-realiza-mutirao-gratuito-c0137091100202512030825-ScaleDownProportional.webp\" \/>\n\t<meta property=\"og:image:width\" content=\"984\" \/>\n\t<meta property=\"og:image:height\" content=\"590\" \/>\n\t<meta property=\"og:image:type\" content=\"image\/webp\" \/>\n<meta name=\"author\" content=\"BRUNA CARVALHO\" \/>\n<meta name=\"twitter:card\" content=\"summary_large_image\" \/>\n<meta name=\"twitter:label1\" content=\"Escrito por\" \/>\n\t<meta name=\"twitter:data1\" content=\"BRUNA CARVALHO\" \/>\n\t<meta name=\"twitter:label2\" content=\"Est. tempo de leitura\" \/>\n\t<meta name=\"twitter:data2\" content=\"1 minuto\" \/>\n<script type=\"application\/ld+json\" class=\"yoast-schema-graph\">{\"@context\":\"https:\/\/schema.org\",\"@graph\":[{\"@type\":\"Article\",\"@id\":\"https:\/\/bahiaeconomica.com.br\/wp\/2025\/12\/03\/maternidade-de-salvador-fara-mutirao-gratuito-com-900-vagas-veja-como-agendar\/#article\",\"isPartOf\":{\"@id\":\"https:\/\/bahiaeconomica.com.br\/wp\/2025\/12\/03\/maternidade-de-salvador-fara-mutirao-gratuito-com-900-vagas-veja-como-agendar\/\"},\"author\":{\"name\":\"BRUNA CARVALHO\",\"@id\":\"https:\/\/bahiaeconomica.com.br\/wp\/#\/schema\/person\/9310b0e591f5979f6f99773eac5804e6\"},\"headline\":\"MATERNIDADE DE SALVADOR FAR\u00c1 MUTIR\u00c3O GRATUITO COM 900 VAGAS; VEJA COMO AGENDAR\",\"datePublished\":\"2025-12-03T13:21:25+00:00\",\"dateModified\":\"2025-12-03T13:17:51+00:00\",\"mainEntityOfPage\":{\"@id\":\"https:\/\/bahiaeconomica.com.br\/wp\/2025\/12\/03\/maternidade-de-salvador-fara-mutirao-gratuito-com-900-vagas-veja-como-agendar\/\"},\"wordCount\":121,\"publisher\":{\"@id\":\"https:\/\/bahiaeconomica.com.br\/wp\/#organization\"},\"keywords\":[\"maternidade\",\"mutirao gratuito\",\"ufba\"],\"articleSection\":[\"MUNIC\u00cdPIOS\",\"Sa\u00fade \/ Educa\u00e7\u00e3o\"],\"inLanguage\":\"pt-BR\"},{\"@type\":\"WebPage\",\"@id\":\"https:\/\/bahiaeconomica.com.br\/wp\/2025\/12\/03\/maternidade-de-salvador-fara-mutirao-gratuito-com-900-vagas-veja-como-agendar\/\",\"url\":\"https:\/\/bahiaeconomica.com.br\/wp\/2025\/12\/03\/maternidade-de-salvador-fara-mutirao-gratuito-com-900-vagas-veja-como-agendar\/\",\"name\":\"MATERNIDADE DE SALVADOR FAR\u00c1 MUTIR\u00c3O GRATUITO COM 900 VAGAS; VEJA COMO AGENDAR - Bahia Economica\",\"isPartOf\":{\"@id\":\"https:\/\/bahiaeconomica.com.br\/wp\/#website\"},\"datePublished\":\"2025-12-03T13:21:25+00:00\",\"dateModified\":\"2025-12-03T13:17:51+00:00\",\"description\":\"O maior portal de Economia da Bahia MUNIC\u00cdPIOS, Sa\u00fade \/ Educa\u00e7\u00e3o Bahia Economica\",\"breadcrumb\":{\"@id\":\"https:\/\/bahiaeconomica.com.br\/wp\/2025\/12\/03\/maternidade-de-salvador-fara-mutirao-gratuito-com-900-vagas-veja-como-agendar\/#breadcrumb\"},\"inLanguage\":\"pt-BR\",\"potentialAction\":[{\"@type\":\"ReadAction\",\"target\":[\"https:\/\/bahiaeconomica.com.br\/wp\/2025\/12\/03\/maternidade-de-salvador-fara-mutirao-gratuito-com-900-vagas-veja-como-agendar\/\"]}]},{\"@type\":\"BreadcrumbList\",\"@id\":\"https:\/\/bahiaeconomica.com.br\/wp\/2025\/12\/03\/maternidade-de-salvador-fara-mutirao-gratuito-com-900-vagas-veja-como-agendar\/#breadcrumb\",\"itemListElement\":[{\"@type\":\"ListItem\",\"position\":1,\"name\":\"In\u00edcio\",\"item\":\"https:\/\/bahiaeconomica.com.br\/wp\/\"},{\"@type\":\"ListItem\",\"position\":2,\"name\":\"MATERNIDADE DE SALVADOR FAR\u00c1 MUTIR\u00c3O GRATUITO COM 900 VAGAS; VEJA COMO AGENDAR\"}]},{\"@type\":\"WebSite\",\"@id\":\"https:\/\/bahiaeconomica.com.br\/wp\/#website\",\"url\":\"https:\/\/bahiaeconomica.com.br\/wp\/\",\"name\":\"Bahia Economica\",\"description\":\"O maior portal de Economia da Bahia\",\"publisher\":{\"@id\":\"https:\/\/bahiaeconomica.com.br\/wp\/#organization\"},\"potentialAction\":[{\"@type\":\"SearchAction\",\"target\":{\"@type\":\"EntryPoint\",\"urlTemplate\":\"https:\/\/bahiaeconomica.com.br\/wp\/?s={search_term_string}\"},\"query-input\":\"required name=search_term_string\"}],\"inLanguage\":\"pt-BR\"},{\"@type\":\"Organization\",\"@id\":\"https:\/\/bahiaeconomica.com.br\/wp\/#organization\",\"name\":\"Bahia Econ\u00f4mica\",\"url\":\"https:\/\/bahiaeconomica.com.br\/wp\/\",\"logo\":{\"@type\":\"ImageObject\",\"inLanguage\":\"pt-BR\",\"@id\":\"https:\/\/bahiaeconomica.com.br\/wp\/#\/schema\/logo\/image\/\",\"url\":\"https:\/\/bahiaeconomica.com.br\/wp\/wp-content\/uploads\/2020\/12\/cropped-BE.png\",\"contentUrl\":\"https:\/\/bahiaeconomica.com.br\/wp\/wp-content\/uploads\/2020\/12\/cropped-BE.png\",\"width\":512,\"height\":512,\"caption\":\"Bahia Econ\u00f4mica\"},\"image\":{\"@id\":\"https:\/\/bahiaeconomica.com.br\/wp\/#\/schema\/logo\/image\/\"},\"sameAs\":[\"https:\/\/www.facebook.com\/bahiaeconomica\"]},{\"@type\":\"Person\",\"@id\":\"https:\/\/bahiaeconomica.com.br\/wp\/#\/schema\/person\/9310b0e591f5979f6f99773eac5804e6\",\"name\":\"BRUNA CARVALHO\",\"sameAs\":[\"http:\/\/www.bahiaeconomica.com.br\"],\"url\":\"https:\/\/bahiaeconomica.com.br\/wp\/author\/bruna\/\"}]}<\/script>\n<!-- \/ Yoast SEO plugin. -->","yoast_head_json":{"title":"MATERNIDADE DE SALVADOR FAR\u00c1 MUTIR\u00c3O GRATUITO COM 900 VAGAS; VEJA COMO AGENDAR - Bahia Economica","description":"O maior portal de Economia da Bahia MUNIC\u00cdPIOS, Sa\u00fade \/ Educa\u00e7\u00e3o Bahia Economica","robots":{"index":"index","follow":"follow","max-snippet":"max-snippet:-1","max-image-preview":"max-image-preview:large","max-video-preview":"max-video-preview:-1"},"canonical":"https:\/\/bahiaeconomica.com.br\/wp\/2025\/12\/03\/maternidade-de-salvador-fara-mutirao-gratuito-com-900-vagas-veja-como-agendar\/","og_locale":"pt_BR","og_type":"article","og_title":"MATERNIDADE DE SALVADOR FAR\u00c1 MUTIR\u00c3O GRATUITO COM 900 VAGAS; VEJA COMO AGENDAR - Bahia Economica","og_description":"O maior portal de Economia da Bahia MUNIC\u00cdPIOS, Sa\u00fade \/ Educa\u00e7\u00e3o Bahia Economica","og_url":"https:\/\/bahiaeconomica.com.br\/wp\/2025\/12\/03\/maternidade-de-salvador-fara-mutirao-gratuito-com-900-vagas-veja-como-agendar\/","og_site_name":"Bahia Economica","article_publisher":"https:\/\/www.facebook.com\/bahiaeconomica","article_published_time":"2025-12-03T13:21:25+00:00","article_modified_time":"2025-12-03T13:17:51+00:00","og_image":[{"width":984,"height":590,"url":"https:\/\/bahiaeconomica.com.br\/wp\/wp-content\/uploads\/2025\/12\/Maternidade-em-Salvador-realiza-mutirao-gratuito-c0137091100202512030825-ScaleDownProportional.webp","type":"image\/webp"}],"author":"BRUNA CARVALHO","twitter_card":"summary_large_image","twitter_misc":{"Escrito por":"BRUNA CARVALHO","Est. tempo de leitura":"1 minuto"},"schema":{"@context":"https:\/\/schema.org","@graph":[{"@type":"Article","@id":"https:\/\/bahiaeconomica.com.br\/wp\/2025\/12\/03\/maternidade-de-salvador-fara-mutirao-gratuito-com-900-vagas-veja-como-agendar\/#article","isPartOf":{"@id":"https:\/\/bahiaeconomica.com.br\/wp\/2025\/12\/03\/maternidade-de-salvador-fara-mutirao-gratuito-com-900-vagas-veja-como-agendar\/"},"author":{"name":"BRUNA CARVALHO","@id":"https:\/\/bahiaeconomica.com.br\/wp\/#\/schema\/person\/9310b0e591f5979f6f99773eac5804e6"},"headline":"MATERNIDADE DE SALVADOR FAR\u00c1 MUTIR\u00c3O GRATUITO COM 900 VAGAS; VEJA COMO AGENDAR","datePublished":"2025-12-03T13:21:25+00:00","dateModified":"2025-12-03T13:17:51+00:00","mainEntityOfPage":{"@id":"https:\/\/bahiaeconomica.com.br\/wp\/2025\/12\/03\/maternidade-de-salvador-fara-mutirao-gratuito-com-900-vagas-veja-como-agendar\/"},"wordCount":121,"publisher":{"@id":"https:\/\/bahiaeconomica.com.br\/wp\/#organization"},"keywords":["maternidade","mutirao gratuito","ufba"],"articleSection":["MUNIC\u00cdPIOS","Sa\u00fade \/ Educa\u00e7\u00e3o"],"inLanguage":"pt-BR"},{"@type":"WebPage","@id":"https:\/\/bahiaeconomica.com.br\/wp\/2025\/12\/03\/maternidade-de-salvador-fara-mutirao-gratuito-com-900-vagas-veja-como-agendar\/","url":"https:\/\/bahiaeconomica.com.br\/wp\/2025\/12\/03\/maternidade-de-salvador-fara-mutirao-gratuito-com-900-vagas-veja-como-agendar\/","name":"MATERNIDADE DE SALVADOR FAR\u00c1 MUTIR\u00c3O GRATUITO COM 900 VAGAS; VEJA COMO AGENDAR - Bahia Economica","isPartOf":{"@id":"https:\/\/bahiaeconomica.com.br\/wp\/#website"},"datePublished":"2025-12-03T13:21:25+00:00","dateModified":"2025-12-03T13:17:51+00:00","description":"O maior portal de Economia da Bahia MUNIC\u00cdPIOS, Sa\u00fade \/ Educa\u00e7\u00e3o Bahia Economica","breadcrumb":{"@id":"https:\/\/bahiaeconomica.com.br\/wp\/2025\/12\/03\/maternidade-de-salvador-fara-mutirao-gratuito-com-900-vagas-veja-como-agendar\/#breadcrumb"},"inLanguage":"pt-BR","potentialAction":[{"@type":"ReadAction","target":["https:\/\/bahiaeconomica.com.br\/wp\/2025\/12\/03\/maternidade-de-salvador-fara-mutirao-gratuito-com-900-vagas-veja-como-agendar\/"]}]},{"@type":"BreadcrumbList","@id":"https:\/\/bahiaeconomica.com.br\/wp\/2025\/12\/03\/maternidade-de-salvador-fara-mutirao-gratuito-com-900-vagas-veja-como-agendar\/#breadcrumb","itemListElement":[{"@type":"ListItem","position":1,"name":"In\u00edcio","item":"https:\/\/bahiaeconomica.com.br\/wp\/"},{"@type":"ListItem","position":2,"name":"MATERNIDADE DE SALVADOR FAR\u00c1 MUTIR\u00c3O GRATUITO COM 900 VAGAS; VEJA COMO AGENDAR"}]},{"@type":"WebSite","@id":"https:\/\/bahiaeconomica.com.br\/wp\/#website","url":"https:\/\/bahiaeconomica.com.br\/wp\/","name":"Bahia Economica","description":"O maior portal de Economia da Bahia","publisher":{"@id":"https:\/\/bahiaeconomica.com.br\/wp\/#organization"},"potentialAction":[{"@type":"SearchAction","target":{"@type":"EntryPoint","urlTemplate":"https:\/\/bahiaeconomica.com.br\/wp\/?s={search_term_string}"},"query-input":"required name=search_term_string"}],"inLanguage":"pt-BR"},{"@type":"Organization","@id":"https:\/\/bahiaeconomica.com.br\/wp\/#organization","name":"Bahia Econ\u00f4mica","url":"https:\/\/bahiaeconomica.com.br\/wp\/","logo":{"@type":"ImageObject","inLanguage":"pt-BR","@id":"https:\/\/bahiaeconomica.com.br\/wp\/#\/schema\/logo\/image\/","url":"https:\/\/bahiaeconomica.com.br\/wp\/wp-content\/uploads\/2020\/12\/cropped-BE.png","contentUrl":"https:\/\/bahiaeconomica.com.br\/wp\/wp-content\/uploads\/2020\/12\/cropped-BE.png","width":512,"height":512,"caption":"Bahia Econ\u00f4mica"},"image":{"@id":"https:\/\/bahiaeconomica.com.br\/wp\/#\/schema\/logo\/image\/"},"sameAs":["https:\/\/www.facebook.com\/bahiaeconomica"]},{"@type":"Person","@id":"https:\/\/bahiaeconomica.com.br\/wp\/#\/schema\/person\/9310b0e591f5979f6f99773eac5804e6","name":"BRUNA CARVALHO","sameAs":["http:\/\/www.bahiaeconomica.com.br"],"url":"https:\/\/bahiaeconomica.com.br\/wp\/author\/bruna\/"}]}},"views":58,"_links":{"self":[{"href":"https:\/\/bahiaeconomica.com.br\/wp\/wp-json\/wp\/v2\/posts\/957808"}],"collection":[{"href":"https:\/\/bahiaeconomica.com.br\/wp\/wp-json\/wp\/v2\/posts"}],"about":[{"href":"https:\/\/bahiaeconomica.com.br\/wp\/wp-json\/wp\/v2\/types\/post"}],"author":[{"embeddable":true,"href":"https:\/\/bahiaeconomica.com.br\/wp\/wp-json\/wp\/v2\/users\/20"}],"replies":[{"embeddable":true,"href":"https:\/\/bahiaeconomica.com.br\/wp\/wp-json\/wp\/v2\/comments?post=957808"}],"version-history":[{"count":1,"href":"https:\/\/bahiaeconomica.com.br\/wp\/wp-json\/wp\/v2\/posts\/957808\/revisions"}],"predecessor-version":[{"id":957828,"href":"https:\/\/bahiaeconomica.com.br\/wp\/wp-json\/wp\/v2\/posts\/957808\/revisions\/957828"}],"wp:featuredmedia":[{"embeddable":true,"href":"https:\/\/bahiaeconomica.com.br\/wp\/wp-json\/wp\/v2\/media\/957810"}],"wp:attachment":[{"href":"https:\/\/bahiaeconomica.com.br\/wp\/wp-json\/wp\/v2\/media?parent=957808"}],"wp:term":[{"taxonomy":"category","embeddable":true,"href":"https:\/\/bahiaeconomica.com.br\/wp\/wp-json\/wp\/v2\/categories?post=957808"},{"taxonomy":"post_tag","embeddable":true,"href":"https:\/\/bahiaeconomica.com.br\/wp\/wp-json\/wp\/v2\/tags?post=957808"}],"curies":[{"name":"wp","href":"https:\/\/api.w.org\/{rel}","templated":true}]}}