{"id":957774,"date":"2025-12-03T08:03:21","date_gmt":"2025-12-03T11:03:21","guid":{"rendered":"https:\/\/bahiaeconomica.com.br\/wp\/?p=957774"},"modified":"2025-12-03T08:03:21","modified_gmt":"2025-12-03T11:03:21","slug":"otto-filho-reune-todas-as-condicoes-para-assumir-o-tce-ba-afirma-a-deputada-ludmilla-fiscina","status":"publish","type":"post","link":"https:\/\/bahiaeconomica.com.br\/wp\/2025\/12\/03\/otto-filho-reune-todas-as-condicoes-para-assumir-o-tce-ba-afirma-a-deputada-ludmilla-fiscina\/","title":{"rendered":"\u201cOTTO FILHO RE\u00daNE TODAS AS CONDI\u00c7\u00d5ES PARA ASSUMIR O TCE-BA\u201d, AFIRMA A DEPUTADA LUDMILLA FISCINA"},"content":{"rendered":"<p>Na noite desta ter\u00e7a-feira (2), a deputada estadual Ludmilla Fiscina (PV) declarou seu apoio ao nome do deputado federal Otto Filho (PSD) para a vaga aberta no Tribunal de Contas do Estado da Bahia (TCE-BA). A indica\u00e7\u00e3o foi confirmada ontem (1\u00ba) pelo senador Otto Alencar, presidente estadual do PSD. Para Fiscina, a escolha representa o reconhecimento de uma trajet\u00f3ria marcada por responsabilidade e servi\u00e7os prestados ao estado. \u201cOtto Filho \u00e9 o nosso representante em Alagoinhas na C\u00e2mara dos Deputados, meu e do ex-prefeito Joaquim Neto, fez um grande trabalho como legislador e tenho certeza de que far\u00e1 um excelente trabalho no Tribunal de Contas do Estado. Ele re\u00fane todas as condi\u00e7\u00f5es para assumir a vaga, como idoneidade e reputa\u00e7\u00e3o ilibada, trabalho prestado com excel\u00eancia \u00e0 Bahia, al\u00e9m de not\u00f3rio conhecimento jur\u00eddico e de administra\u00e7\u00e3o p\u00fablica\u201d, afirmou a deputada.<\/p>\n<p>Fiscina destacou ainda que Otto Filho possui experi\u00eancia acumulada em \u00e1reas essenciais \u00e0 fun\u00e7\u00e3o de conselheiro, especialmente no acompanhamento de pol\u00edticas p\u00fablicas, no controle or\u00e7ament\u00e1rio e na defesa de iniciativas voltadas ao desenvolvimento dos munic\u00edpios baianos.<\/p>\n<p>A deputada ressaltou ainda que o Tribunal de Contas do Estado exige perfil t\u00e9cnico, imparcialidade e profundo conhecimento da m\u00e1quina p\u00fablica, qualifica\u00e7\u00f5es que, segundo ela, Otto Filho demonstra ter ao longo de sua vida p\u00fablica. Fiscina concluiu enfatizando que a Bahia ganha com a indica\u00e7\u00e3o de nomes preparados e comprometidos com a boa gest\u00e3o. \u201cTrata-se de uma escolha acertada, que fortalece o TCE e assegura ao estado um conselheiro \u00e0 altura da responsabilidade do cargo\u201d, disse.<\/p>\n<p>Foto: Alu\u00edsio Neto<\/p>\n","protected":false},"excerpt":{"rendered":"<p>Na noite desta ter\u00e7a-feira (2), a deputada estadual Ludmilla Fiscina (PV) declarou seu apoio ao nome do deputado federal Otto Filho (PSD) para a vaga aberta no Tribunal de Contas do Estado da Bahia (TCE-BA). A indica\u00e7\u00e3o foi confirmada ontem (1\u00ba) pelo senador Otto Alencar, presidente estadual do PSD. Para Fiscina, a escolha representa o [&hellip;]<\/p>\n","protected":false},"author":8,"featured_media":957775,"comment_status":"closed","ping_status":"closed","sticky":false,"template":"","format":"standard","meta":[],"categories":[14601],"tags":[52,2378,1470],"acf":[],"yoast_head":"<!-- This site is optimized with the Yoast SEO plugin v20.8 - https:\/\/yoast.com\/wordpress\/plugins\/seo\/ -->\n<title>\u201cOTTO FILHO RE\u00daNE TODAS AS CONDI\u00c7\u00d5ES PARA ASSUMIR O TCE-BA\u201d, AFIRMA A DEPUTADA LUDMILLA FISCINA - Bahia Economica<\/title>\n<meta name=\"description\" content=\"O maior portal de Economia da Bahia Pol\u00edtica Bahia Economica\" \/>\n<meta name=\"robots\" content=\"index, follow, max-snippet:-1, max-image-preview:large, max-video-preview:-1\" \/>\n<link rel=\"canonical\" href=\"https:\/\/bahiaeconomica.com.br\/wp\/2025\/12\/03\/otto-filho-reune-todas-as-condicoes-para-assumir-o-tce-ba-afirma-a-deputada-ludmilla-fiscina\/\" \/>\n<meta property=\"og:locale\" content=\"pt_BR\" \/>\n<meta property=\"og:type\" content=\"article\" \/>\n<meta property=\"og:title\" content=\"\u201cOTTO FILHO RE\u00daNE TODAS AS CONDI\u00c7\u00d5ES PARA ASSUMIR O TCE-BA\u201d, AFIRMA A DEPUTADA LUDMILLA FISCINA - Bahia Economica\" \/>\n<meta property=\"og:description\" content=\"O maior portal de Economia da Bahia Pol\u00edtica Bahia Economica\" \/>\n<meta property=\"og:url\" content=\"https:\/\/bahiaeconomica.com.br\/wp\/2025\/12\/03\/otto-filho-reune-todas-as-condicoes-para-assumir-o-tce-ba-afirma-a-deputada-ludmilla-fiscina\/\" \/>\n<meta property=\"og:site_name\" content=\"Bahia Economica\" \/>\n<meta property=\"article:publisher\" content=\"https:\/\/www.facebook.com\/bahiaeconomica\" \/>\n<meta property=\"article:published_time\" content=\"2025-12-03T11:03:21+00:00\" \/>\n<meta property=\"og:image\" content=\"https:\/\/bahiaeconomica.com.br\/wp\/wp-content\/uploads\/2025\/12\/WhatsApp-Image-2025-12-02-at-21.27.37.jpeg\" \/>\n\t<meta property=\"og:image:width\" content=\"1280\" \/>\n\t<meta property=\"og:image:height\" content=\"960\" \/>\n\t<meta property=\"og:image:type\" content=\"image\/jpeg\" \/>\n<meta name=\"author\" content=\"JP\" \/>\n<meta name=\"twitter:card\" content=\"summary_large_image\" \/>\n<meta name=\"twitter:label1\" content=\"Escrito por\" \/>\n\t<meta name=\"twitter:data1\" content=\"JP\" \/>\n\t<meta name=\"twitter:label2\" content=\"Est. tempo de leitura\" \/>\n\t<meta name=\"twitter:data2\" content=\"2 minutos\" \/>\n<script type=\"application\/ld+json\" class=\"yoast-schema-graph\">{\"@context\":\"https:\/\/schema.org\",\"@graph\":[{\"@type\":\"Article\",\"@id\":\"https:\/\/bahiaeconomica.com.br\/wp\/2025\/12\/03\/otto-filho-reune-todas-as-condicoes-para-assumir-o-tce-ba-afirma-a-deputada-ludmilla-fiscina\/#article\",\"isPartOf\":{\"@id\":\"https:\/\/bahiaeconomica.com.br\/wp\/2025\/12\/03\/otto-filho-reune-todas-as-condicoes-para-assumir-o-tce-ba-afirma-a-deputada-ludmilla-fiscina\/\"},\"author\":{\"name\":\"JP\",\"@id\":\"https:\/\/bahiaeconomica.com.br\/wp\/#\/schema\/person\/c86d3a3f8960425a0f9d0e5245991f4e\"},\"headline\":\"\u201cOTTO FILHO RE\u00daNE TODAS AS CONDI\u00c7\u00d5ES PARA ASSUMIR O TCE-BA\u201d, AFIRMA A DEPUTADA LUDMILLA FISCINA\",\"datePublished\":\"2025-12-03T11:03:21+00:00\",\"dateModified\":\"2025-12-03T11:03:21+00:00\",\"mainEntityOfPage\":{\"@id\":\"https:\/\/bahiaeconomica.com.br\/wp\/2025\/12\/03\/otto-filho-reune-todas-as-condicoes-para-assumir-o-tce-ba-afirma-a-deputada-ludmilla-fiscina\/\"},\"wordCount\":293,\"publisher\":{\"@id\":\"https:\/\/bahiaeconomica.com.br\/wp\/#organization\"},\"keywords\":[\"Brasil\",\"filho\",\"otto\"],\"articleSection\":[\"Pol\u00edtica\"],\"inLanguage\":\"pt-BR\"},{\"@type\":\"WebPage\",\"@id\":\"https:\/\/bahiaeconomica.com.br\/wp\/2025\/12\/03\/otto-filho-reune-todas-as-condicoes-para-assumir-o-tce-ba-afirma-a-deputada-ludmilla-fiscina\/\",\"url\":\"https:\/\/bahiaeconomica.com.br\/wp\/2025\/12\/03\/otto-filho-reune-todas-as-condicoes-para-assumir-o-tce-ba-afirma-a-deputada-ludmilla-fiscina\/\",\"name\":\"\u201cOTTO FILHO RE\u00daNE TODAS AS CONDI\u00c7\u00d5ES PARA ASSUMIR O TCE-BA\u201d, AFIRMA A DEPUTADA LUDMILLA FISCINA - Bahia Economica\",\"isPartOf\":{\"@id\":\"https:\/\/bahiaeconomica.com.br\/wp\/#website\"},\"datePublished\":\"2025-12-03T11:03:21+00:00\",\"dateModified\":\"2025-12-03T11:03:21+00:00\",\"description\":\"O maior portal de Economia da Bahia Pol\u00edtica Bahia Economica\",\"breadcrumb\":{\"@id\":\"https:\/\/bahiaeconomica.com.br\/wp\/2025\/12\/03\/otto-filho-reune-todas-as-condicoes-para-assumir-o-tce-ba-afirma-a-deputada-ludmilla-fiscina\/#breadcrumb\"},\"inLanguage\":\"pt-BR\",\"potentialAction\":[{\"@type\":\"ReadAction\",\"target\":[\"https:\/\/bahiaeconomica.com.br\/wp\/2025\/12\/03\/otto-filho-reune-todas-as-condicoes-para-assumir-o-tce-ba-afirma-a-deputada-ludmilla-fiscina\/\"]}]},{\"@type\":\"BreadcrumbList\",\"@id\":\"https:\/\/bahiaeconomica.com.br\/wp\/2025\/12\/03\/otto-filho-reune-todas-as-condicoes-para-assumir-o-tce-ba-afirma-a-deputada-ludmilla-fiscina\/#breadcrumb\",\"itemListElement\":[{\"@type\":\"ListItem\",\"position\":1,\"name\":\"In\u00edcio\",\"item\":\"https:\/\/bahiaeconomica.com.br\/wp\/\"},{\"@type\":\"ListItem\",\"position\":2,\"name\":\"\u201cOTTO FILHO RE\u00daNE TODAS AS CONDI\u00c7\u00d5ES PARA ASSUMIR O TCE-BA\u201d, AFIRMA A DEPUTADA LUDMILLA FISCINA\"}]},{\"@type\":\"WebSite\",\"@id\":\"https:\/\/bahiaeconomica.com.br\/wp\/#website\",\"url\":\"https:\/\/bahiaeconomica.com.br\/wp\/\",\"name\":\"Bahia Economica\",\"description\":\"O maior portal de Economia da Bahia\",\"publisher\":{\"@id\":\"https:\/\/bahiaeconomica.com.br\/wp\/#organization\"},\"potentialAction\":[{\"@type\":\"SearchAction\",\"target\":{\"@type\":\"EntryPoint\",\"urlTemplate\":\"https:\/\/bahiaeconomica.com.br\/wp\/?s={search_term_string}\"},\"query-input\":\"required name=search_term_string\"}],\"inLanguage\":\"pt-BR\"},{\"@type\":\"Organization\",\"@id\":\"https:\/\/bahiaeconomica.com.br\/wp\/#organization\",\"name\":\"Bahia Econ\u00f4mica\",\"url\":\"https:\/\/bahiaeconomica.com.br\/wp\/\",\"logo\":{\"@type\":\"ImageObject\",\"inLanguage\":\"pt-BR\",\"@id\":\"https:\/\/bahiaeconomica.com.br\/wp\/#\/schema\/logo\/image\/\",\"url\":\"https:\/\/bahiaeconomica.com.br\/wp\/wp-content\/uploads\/2020\/12\/cropped-BE.png\",\"contentUrl\":\"https:\/\/bahiaeconomica.com.br\/wp\/wp-content\/uploads\/2020\/12\/cropped-BE.png\",\"width\":512,\"height\":512,\"caption\":\"Bahia Econ\u00f4mica\"},\"image\":{\"@id\":\"https:\/\/bahiaeconomica.com.br\/wp\/#\/schema\/logo\/image\/\"},\"sameAs\":[\"https:\/\/www.facebook.com\/bahiaeconomica\"]},{\"@type\":\"Person\",\"@id\":\"https:\/\/bahiaeconomica.com.br\/wp\/#\/schema\/person\/c86d3a3f8960425a0f9d0e5245991f4e\",\"name\":\"JP\",\"sameAs\":[\"https:\/\/bahiaeconomica.com.br\/wp\/beta\/\"],\"url\":\"https:\/\/bahiaeconomica.com.br\/wp\/author\/jp\/\"}]}<\/script>\n<!-- \/ Yoast SEO plugin. -->","yoast_head_json":{"title":"\u201cOTTO FILHO RE\u00daNE TODAS AS CONDI\u00c7\u00d5ES PARA ASSUMIR O TCE-BA\u201d, AFIRMA A DEPUTADA LUDMILLA FISCINA - Bahia Economica","description":"O maior portal de Economia da Bahia Pol\u00edtica Bahia Economica","robots":{"index":"index","follow":"follow","max-snippet":"max-snippet:-1","max-image-preview":"max-image-preview:large","max-video-preview":"max-video-preview:-1"},"canonical":"https:\/\/bahiaeconomica.com.br\/wp\/2025\/12\/03\/otto-filho-reune-todas-as-condicoes-para-assumir-o-tce-ba-afirma-a-deputada-ludmilla-fiscina\/","og_locale":"pt_BR","og_type":"article","og_title":"\u201cOTTO FILHO RE\u00daNE TODAS AS CONDI\u00c7\u00d5ES PARA ASSUMIR O TCE-BA\u201d, AFIRMA A DEPUTADA LUDMILLA FISCINA - Bahia Economica","og_description":"O maior portal de Economia da Bahia Pol\u00edtica Bahia Economica","og_url":"https:\/\/bahiaeconomica.com.br\/wp\/2025\/12\/03\/otto-filho-reune-todas-as-condicoes-para-assumir-o-tce-ba-afirma-a-deputada-ludmilla-fiscina\/","og_site_name":"Bahia Economica","article_publisher":"https:\/\/www.facebook.com\/bahiaeconomica","article_published_time":"2025-12-03T11:03:21+00:00","og_image":[{"width":1280,"height":960,"url":"https:\/\/bahiaeconomica.com.br\/wp\/wp-content\/uploads\/2025\/12\/WhatsApp-Image-2025-12-02-at-21.27.37.jpeg","type":"image\/jpeg"}],"author":"JP","twitter_card":"summary_large_image","twitter_misc":{"Escrito por":"JP","Est. tempo de leitura":"2 minutos"},"schema":{"@context":"https:\/\/schema.org","@graph":[{"@type":"Article","@id":"https:\/\/bahiaeconomica.com.br\/wp\/2025\/12\/03\/otto-filho-reune-todas-as-condicoes-para-assumir-o-tce-ba-afirma-a-deputada-ludmilla-fiscina\/#article","isPartOf":{"@id":"https:\/\/bahiaeconomica.com.br\/wp\/2025\/12\/03\/otto-filho-reune-todas-as-condicoes-para-assumir-o-tce-ba-afirma-a-deputada-ludmilla-fiscina\/"},"author":{"name":"JP","@id":"https:\/\/bahiaeconomica.com.br\/wp\/#\/schema\/person\/c86d3a3f8960425a0f9d0e5245991f4e"},"headline":"\u201cOTTO FILHO RE\u00daNE TODAS AS CONDI\u00c7\u00d5ES PARA ASSUMIR O TCE-BA\u201d, AFIRMA A DEPUTADA LUDMILLA FISCINA","datePublished":"2025-12-03T11:03:21+00:00","dateModified":"2025-12-03T11:03:21+00:00","mainEntityOfPage":{"@id":"https:\/\/bahiaeconomica.com.br\/wp\/2025\/12\/03\/otto-filho-reune-todas-as-condicoes-para-assumir-o-tce-ba-afirma-a-deputada-ludmilla-fiscina\/"},"wordCount":293,"publisher":{"@id":"https:\/\/bahiaeconomica.com.br\/wp\/#organization"},"keywords":["Brasil","filho","otto"],"articleSection":["Pol\u00edtica"],"inLanguage":"pt-BR"},{"@type":"WebPage","@id":"https:\/\/bahiaeconomica.com.br\/wp\/2025\/12\/03\/otto-filho-reune-todas-as-condicoes-para-assumir-o-tce-ba-afirma-a-deputada-ludmilla-fiscina\/","url":"https:\/\/bahiaeconomica.com.br\/wp\/2025\/12\/03\/otto-filho-reune-todas-as-condicoes-para-assumir-o-tce-ba-afirma-a-deputada-ludmilla-fiscina\/","name":"\u201cOTTO FILHO RE\u00daNE TODAS AS CONDI\u00c7\u00d5ES PARA ASSUMIR O TCE-BA\u201d, AFIRMA A DEPUTADA LUDMILLA FISCINA - Bahia Economica","isPartOf":{"@id":"https:\/\/bahiaeconomica.com.br\/wp\/#website"},"datePublished":"2025-12-03T11:03:21+00:00","dateModified":"2025-12-03T11:03:21+00:00","description":"O maior portal de Economia da Bahia Pol\u00edtica Bahia Economica","breadcrumb":{"@id":"https:\/\/bahiaeconomica.com.br\/wp\/2025\/12\/03\/otto-filho-reune-todas-as-condicoes-para-assumir-o-tce-ba-afirma-a-deputada-ludmilla-fiscina\/#breadcrumb"},"inLanguage":"pt-BR","potentialAction":[{"@type":"ReadAction","target":["https:\/\/bahiaeconomica.com.br\/wp\/2025\/12\/03\/otto-filho-reune-todas-as-condicoes-para-assumir-o-tce-ba-afirma-a-deputada-ludmilla-fiscina\/"]}]},{"@type":"BreadcrumbList","@id":"https:\/\/bahiaeconomica.com.br\/wp\/2025\/12\/03\/otto-filho-reune-todas-as-condicoes-para-assumir-o-tce-ba-afirma-a-deputada-ludmilla-fiscina\/#breadcrumb","itemListElement":[{"@type":"ListItem","position":1,"name":"In\u00edcio","item":"https:\/\/bahiaeconomica.com.br\/wp\/"},{"@type":"ListItem","position":2,"name":"\u201cOTTO FILHO RE\u00daNE TODAS AS CONDI\u00c7\u00d5ES PARA ASSUMIR O TCE-BA\u201d, AFIRMA A DEPUTADA LUDMILLA FISCINA"}]},{"@type":"WebSite","@id":"https:\/\/bahiaeconomica.com.br\/wp\/#website","url":"https:\/\/bahiaeconomica.com.br\/wp\/","name":"Bahia Economica","description":"O maior portal de Economia da Bahia","publisher":{"@id":"https:\/\/bahiaeconomica.com.br\/wp\/#organization"},"potentialAction":[{"@type":"SearchAction","target":{"@type":"EntryPoint","urlTemplate":"https:\/\/bahiaeconomica.com.br\/wp\/?s={search_term_string}"},"query-input":"required name=search_term_string"}],"inLanguage":"pt-BR"},{"@type":"Organization","@id":"https:\/\/bahiaeconomica.com.br\/wp\/#organization","name":"Bahia Econ\u00f4mica","url":"https:\/\/bahiaeconomica.com.br\/wp\/","logo":{"@type":"ImageObject","inLanguage":"pt-BR","@id":"https:\/\/bahiaeconomica.com.br\/wp\/#\/schema\/logo\/image\/","url":"https:\/\/bahiaeconomica.com.br\/wp\/wp-content\/uploads\/2020\/12\/cropped-BE.png","contentUrl":"https:\/\/bahiaeconomica.com.br\/wp\/wp-content\/uploads\/2020\/12\/cropped-BE.png","width":512,"height":512,"caption":"Bahia Econ\u00f4mica"},"image":{"@id":"https:\/\/bahiaeconomica.com.br\/wp\/#\/schema\/logo\/image\/"},"sameAs":["https:\/\/www.facebook.com\/bahiaeconomica"]},{"@type":"Person","@id":"https:\/\/bahiaeconomica.com.br\/wp\/#\/schema\/person\/c86d3a3f8960425a0f9d0e5245991f4e","name":"JP","sameAs":["https:\/\/bahiaeconomica.com.br\/wp\/beta\/"],"url":"https:\/\/bahiaeconomica.com.br\/wp\/author\/jp\/"}]}},"views":14,"_links":{"self":[{"href":"https:\/\/bahiaeconomica.com.br\/wp\/wp-json\/wp\/v2\/posts\/957774"}],"collection":[{"href":"https:\/\/bahiaeconomica.com.br\/wp\/wp-json\/wp\/v2\/posts"}],"about":[{"href":"https:\/\/bahiaeconomica.com.br\/wp\/wp-json\/wp\/v2\/types\/post"}],"author":[{"embeddable":true,"href":"https:\/\/bahiaeconomica.com.br\/wp\/wp-json\/wp\/v2\/users\/8"}],"replies":[{"embeddable":true,"href":"https:\/\/bahiaeconomica.com.br\/wp\/wp-json\/wp\/v2\/comments?post=957774"}],"version-history":[{"count":1,"href":"https:\/\/bahiaeconomica.com.br\/wp\/wp-json\/wp\/v2\/posts\/957774\/revisions"}],"predecessor-version":[{"id":957776,"href":"https:\/\/bahiaeconomica.com.br\/wp\/wp-json\/wp\/v2\/posts\/957774\/revisions\/957776"}],"wp:featuredmedia":[{"embeddable":true,"href":"https:\/\/bahiaeconomica.com.br\/wp\/wp-json\/wp\/v2\/media\/957775"}],"wp:attachment":[{"href":"https:\/\/bahiaeconomica.com.br\/wp\/wp-json\/wp\/v2\/media?parent=957774"}],"wp:term":[{"taxonomy":"category","embeddable":true,"href":"https:\/\/bahiaeconomica.com.br\/wp\/wp-json\/wp\/v2\/categories?post=957774"},{"taxonomy":"post_tag","embeddable":true,"href":"https:\/\/bahiaeconomica.com.br\/wp\/wp-json\/wp\/v2\/tags?post=957774"}],"curies":[{"name":"wp","href":"https:\/\/api.w.org\/{rel}","templated":true}]}}