{"id":957622,"date":"2025-12-02T15:32:51","date_gmt":"2025-12-02T18:32:51","guid":{"rendered":"https:\/\/bahiaeconomica.com.br\/wp\/?p=957622"},"modified":"2025-12-02T15:32:51","modified_gmt":"2025-12-02T18:32:51","slug":"aneel-preve-para-2027-aprimoramento-regulatorio-para-abrir-mercado-de-energia-a-baixa-tensao","status":"publish","type":"post","link":"https:\/\/bahiaeconomica.com.br\/wp\/2025\/12\/02\/aneel-preve-para-2027-aprimoramento-regulatorio-para-abrir-mercado-de-energia-a-baixa-tensao\/","title":{"rendered":"ANEEL PREV\u00ca PARA 2027 APRIMORAMENTO REGULAT\u00d3RIO PARA ABRIR MERCADO DE ENERGIA \u00c0 BAIXA TENS\u00c3O"},"content":{"rendered":"<article>A Ag\u00eancia Nacional de Energia El\u00e9trica (Aneel) aprovou nesta ter\u00e7a-feira, 2, a agenda regulat\u00f3ria para o bi\u00eanio 2026-2027, com a previs\u00e3o de aprimoramentos regulat\u00f3rios relacionados \u00e0 abertura do mercado de energia para a baixa tens\u00e3o em 2027. A previs\u00e3o \u00e9 para o chamado \u201cGrupo B\u201d, como resid\u00eancias, pequenos com\u00e9rcios e servi\u00e7os.<\/p>\n<p>A agenda regulat\u00f3ria trata de temas com perspectiva de edi\u00e7\u00e3o de norma na vig\u00eancia do ciclo. Em novembro, o diretor-geral da Aneel, Sandoval Feitosa, disse em conversa com o\u00a0<i>Broadcast<\/i>\u00a0(sistema de not\u00edcias em tempo real do Grupo Estado) que no pr\u00f3ximo ano ser\u00e1 intensificada a discuss\u00e3o para a abertura de mercado aos consumidores residenciais, com todo processo ocorrendo at\u00e9 o prazo limite de 36 meses, que foi estabelecido legalmente com a aprova\u00e7\u00e3o da Medida Provis\u00f3ria (MP) da chamada reforma do setor el\u00e9trico.<\/p>\n<p>Na agenda regulat\u00f3ria aprovada nesta ter\u00e7a, tamb\u00e9m est\u00e3o previstas regulamenta\u00e7\u00f5es relacionadas, por exemplo, \u00e0 gera\u00e7\u00e3o distribu\u00edda, incluindo requisitos de observabilidade, operabilidade e controlabilidade de Recursos Energ\u00e9ticos Distribu\u00eddos (RED). Em complemento, haver\u00e1, em 2026, aprimoramentos regulat\u00f3rios para a gest\u00e3o dos excedentes de gera\u00e7\u00e3o na distribui\u00e7\u00e3o.<\/p>\n<p>A regulamenta\u00e7\u00e3o do chamado \u201cConstrained off\u201d de centrais geradoras hidrel\u00e9tricas, em 2026, \u00e9 outro destaque, dentre outros temas. O termo t\u00e9cnico trata da restri\u00e7\u00e3o de opera\u00e7\u00e3o por usinas geradoras, via comando do Operador Nacional do Sistema El\u00e9trico (ONS). A restri\u00e7\u00e3o ocorre por motivos originados externamente \u00e0s instala\u00e7\u00f5es das respectivas usinas.<\/p>\n<p>Fonte: Estad\u00e3o Conte\u00fado<\/p>\n<p>Foto: Reprodu\u00e7\u00e3o<\/p>\n<\/article>\n<nav class=\"post-tags\">\n<div class=\"post-tags-item\"><\/div>\n<\/nav>\n","protected":false},"excerpt":{"rendered":"<p>A Ag\u00eancia Nacional de Energia El\u00e9trica (Aneel) aprovou nesta ter\u00e7a-feira, 2, a agenda regulat\u00f3ria para o bi\u00eanio 2026-2027, com a previs\u00e3o de aprimoramentos regulat\u00f3rios relacionados \u00e0 abertura do mercado de energia para a baixa tens\u00e3o em 2027. A previs\u00e3o \u00e9 para o chamado \u201cGrupo B\u201d, como resid\u00eancias, pequenos com\u00e9rcios e servi\u00e7os. A agenda regulat\u00f3ria trata [&hellip;]<\/p>\n","protected":false},"author":24,"featured_media":751554,"comment_status":"closed","ping_status":"closed","sticky":false,"template":"","format":"standard","meta":[],"categories":[3],"tags":[1321,42589,3568],"acf":[],"yoast_head":"<!-- This site is optimized with the Yoast SEO plugin v20.8 - https:\/\/yoast.com\/wordpress\/plugins\/seo\/ -->\n<title>ANEEL PREV\u00ca PARA 2027 APRIMORAMENTO REGULAT\u00d3RIO PARA ABRIR MERCADO DE ENERGIA \u00c0 BAIXA TENS\u00c3O - Bahia Economica A Ag\u00eancia Nacional de Energia El\u00e9trica (Aneel) aprovou nesta ter\u00e7a-feira, 2, a agenda regulat\u00f3ria para o bi\u00eanio 2026-2027<\/title>\n<meta name=\"description\" content=\"O maior portal de Economia da Bahia ECONOMIA \/ POL\u00cdTICA Bahia Economica A Ag\u00eancia Nacional de Energia El\u00e9trica (Aneel) aprovou nesta ter\u00e7a-feira, 2, a agenda regulat\u00f3ria para o bi\u00eanio 2026-2027\" \/>\n<meta name=\"robots\" content=\"index, follow, max-snippet:-1, max-image-preview:large, max-video-preview:-1\" \/>\n<link rel=\"canonical\" href=\"https:\/\/bahiaeconomica.com.br\/wp\/2025\/12\/02\/aneel-preve-para-2027-aprimoramento-regulatorio-para-abrir-mercado-de-energia-a-baixa-tensao\/\" \/>\n<meta property=\"og:locale\" content=\"pt_BR\" \/>\n<meta property=\"og:type\" content=\"article\" \/>\n<meta property=\"og:title\" content=\"ANEEL PREV\u00ca PARA 2027 APRIMORAMENTO REGULAT\u00d3RIO PARA ABRIR MERCADO DE ENERGIA \u00c0 BAIXA TENS\u00c3O - Bahia Economica A Ag\u00eancia Nacional de Energia El\u00e9trica (Aneel) aprovou nesta ter\u00e7a-feira, 2, a agenda regulat\u00f3ria para o bi\u00eanio 2026-2027\" \/>\n<meta property=\"og:description\" content=\"O maior portal de Economia da Bahia ECONOMIA \/ POL\u00cdTICA Bahia Economica A Ag\u00eancia Nacional de Energia El\u00e9trica (Aneel) aprovou nesta ter\u00e7a-feira, 2, a agenda regulat\u00f3ria para o bi\u00eanio 2026-2027\" \/>\n<meta property=\"og:url\" content=\"https:\/\/bahiaeconomica.com.br\/wp\/2025\/12\/02\/aneel-preve-para-2027-aprimoramento-regulatorio-para-abrir-mercado-de-energia-a-baixa-tensao\/\" \/>\n<meta property=\"og:site_name\" content=\"Bahia Economica\" \/>\n<meta property=\"article:publisher\" content=\"https:\/\/www.facebook.com\/bahiaeconomica\" \/>\n<meta property=\"article:published_time\" content=\"2025-12-02T18:32:51+00:00\" \/>\n<meta property=\"og:image\" content=\"https:\/\/bahiaeconomica.com.br\/wp\/wp-content\/uploads\/2023\/07\/Faixada-ANEEL-Essencial-scaled.jpg\" \/>\n\t<meta property=\"og:image:width\" content=\"2560\" \/>\n\t<meta property=\"og:image:height\" content=\"1707\" \/>\n\t<meta property=\"og:image:type\" content=\"image\/jpeg\" \/>\n<meta name=\"author\" content=\"VICTOR OLIVEIRA\" \/>\n<meta name=\"twitter:card\" content=\"summary_large_image\" \/>\n<meta name=\"twitter:label1\" content=\"Escrito por\" \/>\n\t<meta name=\"twitter:data1\" content=\"VICTOR OLIVEIRA\" \/>\n\t<meta name=\"twitter:label2\" content=\"Est. tempo de leitura\" \/>\n\t<meta name=\"twitter:data2\" content=\"2 minutos\" \/>\n<script type=\"application\/ld+json\" class=\"yoast-schema-graph\">{\"@context\":\"https:\/\/schema.org\",\"@graph\":[{\"@type\":\"Article\",\"@id\":\"https:\/\/bahiaeconomica.com.br\/wp\/2025\/12\/02\/aneel-preve-para-2027-aprimoramento-regulatorio-para-abrir-mercado-de-energia-a-baixa-tensao\/#article\",\"isPartOf\":{\"@id\":\"https:\/\/bahiaeconomica.com.br\/wp\/2025\/12\/02\/aneel-preve-para-2027-aprimoramento-regulatorio-para-abrir-mercado-de-energia-a-baixa-tensao\/\"},\"author\":{\"name\":\"VICTOR OLIVEIRA\",\"@id\":\"https:\/\/bahiaeconomica.com.br\/wp\/#\/schema\/person\/a17956d0e1112b626f403fb06b8129a9\"},\"headline\":\"ANEEL PREV\u00ca PARA 2027 APRIMORAMENTO REGULAT\u00d3RIO PARA ABRIR MERCADO DE ENERGIA \u00c0 BAIXA TENS\u00c3O\",\"datePublished\":\"2025-12-02T18:32:51+00:00\",\"dateModified\":\"2025-12-02T18:32:51+00:00\",\"mainEntityOfPage\":{\"@id\":\"https:\/\/bahiaeconomica.com.br\/wp\/2025\/12\/02\/aneel-preve-para-2027-aprimoramento-regulatorio-para-abrir-mercado-de-energia-a-baixa-tensao\/\"},\"wordCount\":283,\"publisher\":{\"@id\":\"https:\/\/bahiaeconomica.com.br\/wp\/#organization\"},\"keywords\":[\"Aneel\",\"baixa tens\u00e3o\",\"regula\u00e7\u00e3o\"],\"articleSection\":[\"ECONOMIA \/ POL\u00cdTICA\"],\"inLanguage\":\"pt-BR\"},{\"@type\":\"WebPage\",\"@id\":\"https:\/\/bahiaeconomica.com.br\/wp\/2025\/12\/02\/aneel-preve-para-2027-aprimoramento-regulatorio-para-abrir-mercado-de-energia-a-baixa-tensao\/\",\"url\":\"https:\/\/bahiaeconomica.com.br\/wp\/2025\/12\/02\/aneel-preve-para-2027-aprimoramento-regulatorio-para-abrir-mercado-de-energia-a-baixa-tensao\/\",\"name\":\"ANEEL PREV\u00ca PARA 2027 APRIMORAMENTO REGULAT\u00d3RIO PARA ABRIR MERCADO DE ENERGIA \u00c0 BAIXA TENS\u00c3O - Bahia Economica A Ag\u00eancia Nacional de Energia El\u00e9trica (Aneel) aprovou nesta ter\u00e7a-feira, 2, a agenda regulat\u00f3ria para o bi\u00eanio 2026-2027\",\"isPartOf\":{\"@id\":\"https:\/\/bahiaeconomica.com.br\/wp\/#website\"},\"datePublished\":\"2025-12-02T18:32:51+00:00\",\"dateModified\":\"2025-12-02T18:32:51+00:00\",\"description\":\"O maior portal de Economia da Bahia ECONOMIA \/ POL\u00cdTICA Bahia Economica A Ag\u00eancia Nacional de Energia El\u00e9trica (Aneel) aprovou nesta ter\u00e7a-feira, 2, a agenda regulat\u00f3ria para o bi\u00eanio 2026-2027\",\"breadcrumb\":{\"@id\":\"https:\/\/bahiaeconomica.com.br\/wp\/2025\/12\/02\/aneel-preve-para-2027-aprimoramento-regulatorio-para-abrir-mercado-de-energia-a-baixa-tensao\/#breadcrumb\"},\"inLanguage\":\"pt-BR\",\"potentialAction\":[{\"@type\":\"ReadAction\",\"target\":[\"https:\/\/bahiaeconomica.com.br\/wp\/2025\/12\/02\/aneel-preve-para-2027-aprimoramento-regulatorio-para-abrir-mercado-de-energia-a-baixa-tensao\/\"]}]},{\"@type\":\"BreadcrumbList\",\"@id\":\"https:\/\/bahiaeconomica.com.br\/wp\/2025\/12\/02\/aneel-preve-para-2027-aprimoramento-regulatorio-para-abrir-mercado-de-energia-a-baixa-tensao\/#breadcrumb\",\"itemListElement\":[{\"@type\":\"ListItem\",\"position\":1,\"name\":\"In\u00edcio\",\"item\":\"https:\/\/bahiaeconomica.com.br\/wp\/\"},{\"@type\":\"ListItem\",\"position\":2,\"name\":\"ANEEL PREV\u00ca PARA 2027 APRIMORAMENTO REGULAT\u00d3RIO PARA ABRIR MERCADO DE ENERGIA \u00c0 BAIXA TENS\u00c3O\"}]},{\"@type\":\"WebSite\",\"@id\":\"https:\/\/bahiaeconomica.com.br\/wp\/#website\",\"url\":\"https:\/\/bahiaeconomica.com.br\/wp\/\",\"name\":\"Bahia Economica\",\"description\":\"O maior portal de Economia da Bahia\",\"publisher\":{\"@id\":\"https:\/\/bahiaeconomica.com.br\/wp\/#organization\"},\"potentialAction\":[{\"@type\":\"SearchAction\",\"target\":{\"@type\":\"EntryPoint\",\"urlTemplate\":\"https:\/\/bahiaeconomica.com.br\/wp\/?s={search_term_string}\"},\"query-input\":\"required name=search_term_string\"}],\"inLanguage\":\"pt-BR\"},{\"@type\":\"Organization\",\"@id\":\"https:\/\/bahiaeconomica.com.br\/wp\/#organization\",\"name\":\"Bahia Econ\u00f4mica\",\"url\":\"https:\/\/bahiaeconomica.com.br\/wp\/\",\"logo\":{\"@type\":\"ImageObject\",\"inLanguage\":\"pt-BR\",\"@id\":\"https:\/\/bahiaeconomica.com.br\/wp\/#\/schema\/logo\/image\/\",\"url\":\"https:\/\/bahiaeconomica.com.br\/wp\/wp-content\/uploads\/2020\/12\/cropped-BE.png\",\"contentUrl\":\"https:\/\/bahiaeconomica.com.br\/wp\/wp-content\/uploads\/2020\/12\/cropped-BE.png\",\"width\":512,\"height\":512,\"caption\":\"Bahia Econ\u00f4mica\"},\"image\":{\"@id\":\"https:\/\/bahiaeconomica.com.br\/wp\/#\/schema\/logo\/image\/\"},\"sameAs\":[\"https:\/\/www.facebook.com\/bahiaeconomica\"]},{\"@type\":\"Person\",\"@id\":\"https:\/\/bahiaeconomica.com.br\/wp\/#\/schema\/person\/a17956d0e1112b626f403fb06b8129a9\",\"name\":\"VICTOR OLIVEIRA\",\"sameAs\":[\"http:\/\/www.bahiaeconomica.com.br\"],\"url\":\"https:\/\/bahiaeconomica.com.br\/wp\/author\/victor-oliveira\/\"}]}<\/script>\n<!-- \/ Yoast SEO plugin. -->","yoast_head_json":{"title":"ANEEL PREV\u00ca PARA 2027 APRIMORAMENTO REGULAT\u00d3RIO PARA ABRIR MERCADO DE ENERGIA \u00c0 BAIXA TENS\u00c3O - Bahia Economica A Ag\u00eancia Nacional de Energia El\u00e9trica (Aneel) aprovou nesta ter\u00e7a-feira, 2, a agenda regulat\u00f3ria para o bi\u00eanio 2026-2027","description":"O maior portal de Economia da Bahia ECONOMIA \/ POL\u00cdTICA Bahia Economica A Ag\u00eancia Nacional de Energia El\u00e9trica (Aneel) aprovou nesta ter\u00e7a-feira, 2, a agenda regulat\u00f3ria para o bi\u00eanio 2026-2027","robots":{"index":"index","follow":"follow","max-snippet":"max-snippet:-1","max-image-preview":"max-image-preview:large","max-video-preview":"max-video-preview:-1"},"canonical":"https:\/\/bahiaeconomica.com.br\/wp\/2025\/12\/02\/aneel-preve-para-2027-aprimoramento-regulatorio-para-abrir-mercado-de-energia-a-baixa-tensao\/","og_locale":"pt_BR","og_type":"article","og_title":"ANEEL PREV\u00ca PARA 2027 APRIMORAMENTO REGULAT\u00d3RIO PARA ABRIR MERCADO DE ENERGIA \u00c0 BAIXA TENS\u00c3O - Bahia Economica A Ag\u00eancia Nacional de Energia El\u00e9trica (Aneel) aprovou nesta ter\u00e7a-feira, 2, a agenda regulat\u00f3ria para o bi\u00eanio 2026-2027","og_description":"O maior portal de Economia da Bahia ECONOMIA \/ POL\u00cdTICA Bahia Economica A Ag\u00eancia Nacional de Energia El\u00e9trica (Aneel) aprovou nesta ter\u00e7a-feira, 2, a agenda regulat\u00f3ria para o bi\u00eanio 2026-2027","og_url":"https:\/\/bahiaeconomica.com.br\/wp\/2025\/12\/02\/aneel-preve-para-2027-aprimoramento-regulatorio-para-abrir-mercado-de-energia-a-baixa-tensao\/","og_site_name":"Bahia Economica","article_publisher":"https:\/\/www.facebook.com\/bahiaeconomica","article_published_time":"2025-12-02T18:32:51+00:00","og_image":[{"width":2560,"height":1707,"url":"https:\/\/bahiaeconomica.com.br\/wp\/wp-content\/uploads\/2023\/07\/Faixada-ANEEL-Essencial-scaled.jpg","type":"image\/jpeg"}],"author":"VICTOR OLIVEIRA","twitter_card":"summary_large_image","twitter_misc":{"Escrito por":"VICTOR OLIVEIRA","Est. tempo de leitura":"2 minutos"},"schema":{"@context":"https:\/\/schema.org","@graph":[{"@type":"Article","@id":"https:\/\/bahiaeconomica.com.br\/wp\/2025\/12\/02\/aneel-preve-para-2027-aprimoramento-regulatorio-para-abrir-mercado-de-energia-a-baixa-tensao\/#article","isPartOf":{"@id":"https:\/\/bahiaeconomica.com.br\/wp\/2025\/12\/02\/aneel-preve-para-2027-aprimoramento-regulatorio-para-abrir-mercado-de-energia-a-baixa-tensao\/"},"author":{"name":"VICTOR OLIVEIRA","@id":"https:\/\/bahiaeconomica.com.br\/wp\/#\/schema\/person\/a17956d0e1112b626f403fb06b8129a9"},"headline":"ANEEL PREV\u00ca PARA 2027 APRIMORAMENTO REGULAT\u00d3RIO PARA ABRIR MERCADO DE ENERGIA \u00c0 BAIXA TENS\u00c3O","datePublished":"2025-12-02T18:32:51+00:00","dateModified":"2025-12-02T18:32:51+00:00","mainEntityOfPage":{"@id":"https:\/\/bahiaeconomica.com.br\/wp\/2025\/12\/02\/aneel-preve-para-2027-aprimoramento-regulatorio-para-abrir-mercado-de-energia-a-baixa-tensao\/"},"wordCount":283,"publisher":{"@id":"https:\/\/bahiaeconomica.com.br\/wp\/#organization"},"keywords":["Aneel","baixa tens\u00e3o","regula\u00e7\u00e3o"],"articleSection":["ECONOMIA \/ POL\u00cdTICA"],"inLanguage":"pt-BR"},{"@type":"WebPage","@id":"https:\/\/bahiaeconomica.com.br\/wp\/2025\/12\/02\/aneel-preve-para-2027-aprimoramento-regulatorio-para-abrir-mercado-de-energia-a-baixa-tensao\/","url":"https:\/\/bahiaeconomica.com.br\/wp\/2025\/12\/02\/aneel-preve-para-2027-aprimoramento-regulatorio-para-abrir-mercado-de-energia-a-baixa-tensao\/","name":"ANEEL PREV\u00ca PARA 2027 APRIMORAMENTO REGULAT\u00d3RIO PARA ABRIR MERCADO DE ENERGIA \u00c0 BAIXA TENS\u00c3O - Bahia Economica A Ag\u00eancia Nacional de Energia El\u00e9trica (Aneel) aprovou nesta ter\u00e7a-feira, 2, a agenda regulat\u00f3ria para o bi\u00eanio 2026-2027","isPartOf":{"@id":"https:\/\/bahiaeconomica.com.br\/wp\/#website"},"datePublished":"2025-12-02T18:32:51+00:00","dateModified":"2025-12-02T18:32:51+00:00","description":"O maior portal de Economia da Bahia ECONOMIA \/ POL\u00cdTICA Bahia Economica A Ag\u00eancia Nacional de Energia El\u00e9trica (Aneel) aprovou nesta ter\u00e7a-feira, 2, a agenda regulat\u00f3ria para o bi\u00eanio 2026-2027","breadcrumb":{"@id":"https:\/\/bahiaeconomica.com.br\/wp\/2025\/12\/02\/aneel-preve-para-2027-aprimoramento-regulatorio-para-abrir-mercado-de-energia-a-baixa-tensao\/#breadcrumb"},"inLanguage":"pt-BR","potentialAction":[{"@type":"ReadAction","target":["https:\/\/bahiaeconomica.com.br\/wp\/2025\/12\/02\/aneel-preve-para-2027-aprimoramento-regulatorio-para-abrir-mercado-de-energia-a-baixa-tensao\/"]}]},{"@type":"BreadcrumbList","@id":"https:\/\/bahiaeconomica.com.br\/wp\/2025\/12\/02\/aneel-preve-para-2027-aprimoramento-regulatorio-para-abrir-mercado-de-energia-a-baixa-tensao\/#breadcrumb","itemListElement":[{"@type":"ListItem","position":1,"name":"In\u00edcio","item":"https:\/\/bahiaeconomica.com.br\/wp\/"},{"@type":"ListItem","position":2,"name":"ANEEL PREV\u00ca PARA 2027 APRIMORAMENTO REGULAT\u00d3RIO PARA ABRIR MERCADO DE ENERGIA \u00c0 BAIXA TENS\u00c3O"}]},{"@type":"WebSite","@id":"https:\/\/bahiaeconomica.com.br\/wp\/#website","url":"https:\/\/bahiaeconomica.com.br\/wp\/","name":"Bahia Economica","description":"O maior portal de Economia da Bahia","publisher":{"@id":"https:\/\/bahiaeconomica.com.br\/wp\/#organization"},"potentialAction":[{"@type":"SearchAction","target":{"@type":"EntryPoint","urlTemplate":"https:\/\/bahiaeconomica.com.br\/wp\/?s={search_term_string}"},"query-input":"required name=search_term_string"}],"inLanguage":"pt-BR"},{"@type":"Organization","@id":"https:\/\/bahiaeconomica.com.br\/wp\/#organization","name":"Bahia Econ\u00f4mica","url":"https:\/\/bahiaeconomica.com.br\/wp\/","logo":{"@type":"ImageObject","inLanguage":"pt-BR","@id":"https:\/\/bahiaeconomica.com.br\/wp\/#\/schema\/logo\/image\/","url":"https:\/\/bahiaeconomica.com.br\/wp\/wp-content\/uploads\/2020\/12\/cropped-BE.png","contentUrl":"https:\/\/bahiaeconomica.com.br\/wp\/wp-content\/uploads\/2020\/12\/cropped-BE.png","width":512,"height":512,"caption":"Bahia Econ\u00f4mica"},"image":{"@id":"https:\/\/bahiaeconomica.com.br\/wp\/#\/schema\/logo\/image\/"},"sameAs":["https:\/\/www.facebook.com\/bahiaeconomica"]},{"@type":"Person","@id":"https:\/\/bahiaeconomica.com.br\/wp\/#\/schema\/person\/a17956d0e1112b626f403fb06b8129a9","name":"VICTOR OLIVEIRA","sameAs":["http:\/\/www.bahiaeconomica.com.br"],"url":"https:\/\/bahiaeconomica.com.br\/wp\/author\/victor-oliveira\/"}]}},"views":3,"_links":{"self":[{"href":"https:\/\/bahiaeconomica.com.br\/wp\/wp-json\/wp\/v2\/posts\/957622"}],"collection":[{"href":"https:\/\/bahiaeconomica.com.br\/wp\/wp-json\/wp\/v2\/posts"}],"about":[{"href":"https:\/\/bahiaeconomica.com.br\/wp\/wp-json\/wp\/v2\/types\/post"}],"author":[{"embeddable":true,"href":"https:\/\/bahiaeconomica.com.br\/wp\/wp-json\/wp\/v2\/users\/24"}],"replies":[{"embeddable":true,"href":"https:\/\/bahiaeconomica.com.br\/wp\/wp-json\/wp\/v2\/comments?post=957622"}],"version-history":[{"count":1,"href":"https:\/\/bahiaeconomica.com.br\/wp\/wp-json\/wp\/v2\/posts\/957622\/revisions"}],"predecessor-version":[{"id":957627,"href":"https:\/\/bahiaeconomica.com.br\/wp\/wp-json\/wp\/v2\/posts\/957622\/revisions\/957627"}],"wp:featuredmedia":[{"embeddable":true,"href":"https:\/\/bahiaeconomica.com.br\/wp\/wp-json\/wp\/v2\/media\/751554"}],"wp:attachment":[{"href":"https:\/\/bahiaeconomica.com.br\/wp\/wp-json\/wp\/v2\/media?parent=957622"}],"wp:term":[{"taxonomy":"category","embeddable":true,"href":"https:\/\/bahiaeconomica.com.br\/wp\/wp-json\/wp\/v2\/categories?post=957622"},{"taxonomy":"post_tag","embeddable":true,"href":"https:\/\/bahiaeconomica.com.br\/wp\/wp-json\/wp\/v2\/tags?post=957622"}],"curies":[{"name":"wp","href":"https:\/\/api.w.org\/{rel}","templated":true}]}}