{"id":957552,"date":"2025-12-02T14:20:38","date_gmt":"2025-12-02T17:20:38","guid":{"rendered":"https:\/\/bahiaeconomica.com.br\/wp\/?p=957552"},"modified":"2025-12-02T13:42:05","modified_gmt":"2025-12-02T16:42:05","slug":"titulos-internacionais-veja-o-ranking-dos-brasileiros-mais-vencedores","status":"publish","type":"post","link":"https:\/\/bahiaeconomica.com.br\/wp\/2025\/12\/02\/titulos-internacionais-veja-o-ranking-dos-brasileiros-mais-vencedores\/","title":{"rendered":"T\u00cdTULOS INTERNACIONAIS: VEJA O RANKING DOS BRASILEIROS MAIS VENCEDORES\u00a0"},"content":{"rendered":"<p>Com o t\u00edtulo da Libertadores conquistado no s\u00e1bado (29), o Flamengo chegou a oito trof\u00e9us internacionais em sua hist\u00f3ria. O feito coloca o clube na segunda posi\u00e7\u00e3o entre os times brasileiros com mais t\u00edtulos reconhecidos pela Fifa e pela Conmebol. O ranking considera conquistas como Mundial, Libertadores, Sul-Americana e Recopa, al\u00e9m de torneios extintos, como Supercopa da Libertadores, Copa Conmebol, Copa Master da Supercopa, Copa Master Conmebol, Copa Ouro Nicol\u00e1s Leoz, Copa Mercosul, Supercopa de Campe\u00f5es Intercontinentais e o Campeonato Sul-Americano de Campe\u00f5es.<\/p>\n<p>O S\u00e3o Paulo est\u00e1 no topo da lista, com 12 t\u00edtulos internacionais. Logo atr\u00e1s aparecem Flamengo (8), Santos (8), Gr\u00eamio (7) e Cruzeiro (7). O rubro-negro ainda ter\u00e1 duas novas oportunidades para ampliar essa marca: a Copa Intercontinental, que ser\u00e1 disputada ainda este m\u00eas, e a Recopa Sul-Americana, no in\u00edcio de 2026.<\/p>\n<p>Confira o ranking completo:<\/p>\n<p>S\u00e3o Paulo: 12 t\u00edtulos<\/p>\n<ul>\n<li>Tr\u00eas Libertadores (1992, 1993 e 2005)<\/li>\n<li>Tr\u00eas Mundiais (1992, 1993 e 2005)<\/li>\n<li>Duas Recopas Sul-Americanas (1993 e 1994)<\/li>\n<li>Uma Sul-Americana (2012)<\/li>\n<li>Uma Supercopa da Libertadores (1993)<\/li>\n<li>Uma Copa Conmebol (1994)<\/li>\n<li>Uma Copa Master Conmebol (1996)<\/li>\n<\/ul>\n<p>Santos: 8 t\u00edtulos<\/p>\n<ul>\n<li>Tr\u00eas Libertadores (1962, 1963 e 2011)<\/li>\n<li>Dois Mundiais (1962 e 1963)<\/li>\n<li>Uma Copa Conmebol (1998)<\/li>\n<li>Uma Recopa Sul-Americana (2012)<\/li>\n<li>Uma Supercopa de Campe\u00f5es Intercontinentais (1968)<\/li>\n<\/ul>\n<p>Flamengo: 8 t\u00edtulos<\/p>\n<ul>\n<li>Quatro Libertadores (1981, 2019, 2022 e 2025)<\/li>\n<li>Um Mundial (1981)<\/li>\n<li>Uma Recopa Sul-Americana (2020)<\/li>\n<li>Uma Copa Ouro Nicol\u00e1s Leoz (1996)<\/li>\n<li>Uma Copa Mercosul (1999)<\/li>\n<\/ul>\n<p>Cruzeiro: 7 t\u00edtulos<\/p>\n<ul>\n<li>Duas Libertadores (1976 e 1997)<\/li>\n<li>Duas Supercopas da Libertadores (1991 e 1992)<\/li>\n<li>Uma Recopa Sul-Americana (1998)<\/li>\n<li>Uma Copa Master da Supercopa (1994)<\/li>\n<li>Uma Copa Ouro Nicol\u00e1s Leoz (1995)<\/li>\n<\/ul>\n<p>Internacional: 6 t\u00edtulos<\/p>\n<ul>\n<li>Duas Libertadores (2006 e 2010)<\/li>\n<li>Uma Sul-Americana (2008)<\/li>\n<li>Um Mundial (2006)<\/li>\n<li>Duas Recopas Sul-Americanas (2007 e 2011)<\/li>\n<\/ul>\n<p>Gr\u00eamio: 6 t\u00edtulos<\/p>\n<ul>\n<li>Tr\u00eas Libertadores (1983, 1995 e 2017)<\/li>\n<li>Um Mundial (1983)<\/li>\n<li>Duas Recopas Sul-Americanas (1996 e 2018)<\/li>\n<\/ul>\n<p>Palmeiras: 5 t\u00edtulos<\/p>\n<ul>\n<li>Tr\u00eas Libertadores (1999, 2020 e 2021)<\/li>\n<li>Uma Recopa Sul-Americana (2022)<\/li>\n<li>Uma Copa Mercosul (1998)<\/li>\n<\/ul>\n<p>Corinthians: 4 t\u00edtulos<\/p>\n<ul>\n<li>Uma Libertadores (2012)<\/li>\n<li>Dois Mundiais (2000 e 2012)<\/li>\n<li>Uma Recopa Sul-Americana (2013)<\/li>\n<\/ul>\n<p>Atl\u00e9tico-MG: 4 t\u00edtulos<\/p>\n<ul>\n<li>Uma Libertadores (2013)<\/li>\n<li>Duas Copas Conmebol (1992 e 1997)<\/li>\n<li>Uma Recopa Sul-Americana (2014)<\/li>\n<\/ul>\n<p>Vasco: 3 t\u00edtulos<\/p>\n<ul>\n<li>Uma Libertadores (1998)<\/li>\n<li>Uma Copa Mercosul (2000)<\/li>\n<li>Um Campeonato Sul-Americano de Campe\u00f5es (1948)<\/li>\n<\/ul>\n<p>Athletico-PR: 2 t\u00edtulos<\/p>\n<ul>\n<li>Duas Copas Sul-Americanas (2018 e 2021)<\/li>\n<\/ul>\n<p>Botafogo: 2 t\u00edtulos<\/p>\n<ul>\n<li>Uma Libertadores (2024)<\/li>\n<li>Uma Copa Conmebol (1993)<\/li>\n<\/ul>\n<p>Fluminense: 2 t\u00edtulos<\/p>\n<ul>\n<li>Uma Libertadores (2023)<\/li>\n<li>Uma Recopa Sul-Americana (2024)<\/li>\n<\/ul>\n<p>Chapecoense: 1 t\u00edtulo<\/p>\n<ul>\n<li>Uma Copa Sul-Americana (2016)<\/li>\n<\/ul>\n<p>&nbsp;<\/p>\n<p>REUTERS\/Sebastian Castaneda<\/p>\n<p>&nbsp;<\/p>\n<p>&nbsp;<\/p>\n","protected":false},"excerpt":{"rendered":"<p>Com o t\u00edtulo da Libertadores conquistado no s\u00e1bado (29), o Flamengo chegou a oito trof\u00e9us internacionais em sua hist\u00f3ria. O feito coloca o clube na segunda posi\u00e7\u00e3o entre os times brasileiros com mais t\u00edtulos reconhecidos pela Fifa e pela Conmebol. O ranking considera conquistas como Mundial, Libertadores, Sul-Americana e Recopa, al\u00e9m de torneios extintos, como [&hellip;]<\/p>\n","protected":false},"author":8,"featured_media":957553,"comment_status":"closed","ping_status":"closed","sticky":false,"template":"","format":"standard","meta":[],"categories":[4486],"tags":[2442,1527,36473,1783,5763,42584],"acf":[],"yoast_head":"<!-- This site is optimized with the Yoast SEO plugin v20.8 - https:\/\/yoast.com\/wordpress\/plugins\/seo\/ -->\n<title>T\u00cdTULOS INTERNACIONAIS: VEJA O RANKING DOS BRASILEIROS MAIS VENCEDORES\u00a0 - Bahia Economica<\/title>\n<meta name=\"description\" content=\"O maior portal de Economia da Bahia Esporte Bahia Economica Com o t\u00edtulo da Libertadores conquistado no s\u00e1bado (29)\" \/>\n<meta name=\"robots\" content=\"index, follow, max-snippet:-1, max-image-preview:large, max-video-preview:-1\" \/>\n<link rel=\"canonical\" href=\"https:\/\/bahiaeconomica.com.br\/wp\/2025\/12\/02\/titulos-internacionais-veja-o-ranking-dos-brasileiros-mais-vencedores\/\" \/>\n<meta property=\"og:locale\" content=\"pt_BR\" \/>\n<meta property=\"og:type\" content=\"article\" \/>\n<meta property=\"og:title\" content=\"T\u00cdTULOS INTERNACIONAIS: VEJA O RANKING DOS BRASILEIROS MAIS VENCEDORES\u00a0 - Bahia Economica\" \/>\n<meta property=\"og:description\" content=\"O maior portal de Economia da Bahia Esporte Bahia Economica Com o t\u00edtulo da Libertadores conquistado no s\u00e1bado (29)\" \/>\n<meta property=\"og:url\" content=\"https:\/\/bahiaeconomica.com.br\/wp\/2025\/12\/02\/titulos-internacionais-veja-o-ranking-dos-brasileiros-mais-vencedores\/\" \/>\n<meta property=\"og:site_name\" content=\"Bahia Economica\" \/>\n<meta property=\"article:publisher\" content=\"https:\/\/www.facebook.com\/bahiaeconomica\" \/>\n<meta property=\"article:published_time\" content=\"2025-12-02T17:20:38+00:00\" \/>\n<meta property=\"article:modified_time\" content=\"2025-12-02T16:42:05+00:00\" \/>\n<meta property=\"og:image\" content=\"https:\/\/bahiaeconomica.com.br\/wp\/wp-content\/uploads\/2025\/12\/2025-11-30T001055Z_1996193177_UP1ELBU00I50H_RTRMADP_3_SOCCER-LIBERTADORES-PAL-FLA.webp\" \/>\n\t<meta property=\"og:image:width\" content=\"1920\" \/>\n\t<meta property=\"og:image:height\" content=\"1280\" \/>\n\t<meta property=\"og:image:type\" content=\"image\/webp\" \/>\n<meta name=\"author\" content=\"JP\" \/>\n<meta name=\"twitter:card\" content=\"summary_large_image\" \/>\n<meta name=\"twitter:label1\" content=\"Escrito por\" \/>\n\t<meta name=\"twitter:data1\" content=\"JP\" \/>\n\t<meta name=\"twitter:label2\" content=\"Est. tempo de leitura\" \/>\n\t<meta name=\"twitter:data2\" content=\"3 minutos\" \/>\n<script type=\"application\/ld+json\" class=\"yoast-schema-graph\">{\"@context\":\"https:\/\/schema.org\",\"@graph\":[{\"@type\":\"Article\",\"@id\":\"https:\/\/bahiaeconomica.com.br\/wp\/2025\/12\/02\/titulos-internacionais-veja-o-ranking-dos-brasileiros-mais-vencedores\/#article\",\"isPartOf\":{\"@id\":\"https:\/\/bahiaeconomica.com.br\/wp\/2025\/12\/02\/titulos-internacionais-veja-o-ranking-dos-brasileiros-mais-vencedores\/\"},\"author\":{\"name\":\"JP\",\"@id\":\"https:\/\/bahiaeconomica.com.br\/wp\/#\/schema\/person\/c86d3a3f8960425a0f9d0e5245991f4e\"},\"headline\":\"T\u00cdTULOS INTERNACIONAIS: VEJA O RANKING DOS BRASILEIROS MAIS VENCEDORES\u00a0\",\"datePublished\":\"2025-12-02T17:20:38+00:00\",\"dateModified\":\"2025-12-02T16:42:05+00:00\",\"mainEntityOfPage\":{\"@id\":\"https:\/\/bahiaeconomica.com.br\/wp\/2025\/12\/02\/titulos-internacionais-veja-o-ranking-dos-brasileiros-mais-vencedores\/\"},\"wordCount\":369,\"publisher\":{\"@id\":\"https:\/\/bahiaeconomica.com.br\/wp\/#organization\"},\"keywords\":[\"esportes\",\"futebol\",\"Hard\",\"libertadores\",\"news\",\"Vict\u00f3ria Anhesini\"],\"articleSection\":[\"Esporte\"],\"inLanguage\":\"pt-BR\"},{\"@type\":\"WebPage\",\"@id\":\"https:\/\/bahiaeconomica.com.br\/wp\/2025\/12\/02\/titulos-internacionais-veja-o-ranking-dos-brasileiros-mais-vencedores\/\",\"url\":\"https:\/\/bahiaeconomica.com.br\/wp\/2025\/12\/02\/titulos-internacionais-veja-o-ranking-dos-brasileiros-mais-vencedores\/\",\"name\":\"T\u00cdTULOS INTERNACIONAIS: VEJA O RANKING DOS BRASILEIROS MAIS VENCEDORES\u00a0 - Bahia Economica\",\"isPartOf\":{\"@id\":\"https:\/\/bahiaeconomica.com.br\/wp\/#website\"},\"datePublished\":\"2025-12-02T17:20:38+00:00\",\"dateModified\":\"2025-12-02T16:42:05+00:00\",\"description\":\"O maior portal de Economia da Bahia Esporte Bahia Economica Com o t\u00edtulo da Libertadores conquistado no s\u00e1bado (29)\",\"breadcrumb\":{\"@id\":\"https:\/\/bahiaeconomica.com.br\/wp\/2025\/12\/02\/titulos-internacionais-veja-o-ranking-dos-brasileiros-mais-vencedores\/#breadcrumb\"},\"inLanguage\":\"pt-BR\",\"potentialAction\":[{\"@type\":\"ReadAction\",\"target\":[\"https:\/\/bahiaeconomica.com.br\/wp\/2025\/12\/02\/titulos-internacionais-veja-o-ranking-dos-brasileiros-mais-vencedores\/\"]}]},{\"@type\":\"BreadcrumbList\",\"@id\":\"https:\/\/bahiaeconomica.com.br\/wp\/2025\/12\/02\/titulos-internacionais-veja-o-ranking-dos-brasileiros-mais-vencedores\/#breadcrumb\",\"itemListElement\":[{\"@type\":\"ListItem\",\"position\":1,\"name\":\"In\u00edcio\",\"item\":\"https:\/\/bahiaeconomica.com.br\/wp\/\"},{\"@type\":\"ListItem\",\"position\":2,\"name\":\"T\u00cdTULOS INTERNACIONAIS: VEJA O RANKING DOS BRASILEIROS MAIS VENCEDORES\u00a0\"}]},{\"@type\":\"WebSite\",\"@id\":\"https:\/\/bahiaeconomica.com.br\/wp\/#website\",\"url\":\"https:\/\/bahiaeconomica.com.br\/wp\/\",\"name\":\"Bahia Economica\",\"description\":\"O maior portal de Economia da Bahia\",\"publisher\":{\"@id\":\"https:\/\/bahiaeconomica.com.br\/wp\/#organization\"},\"potentialAction\":[{\"@type\":\"SearchAction\",\"target\":{\"@type\":\"EntryPoint\",\"urlTemplate\":\"https:\/\/bahiaeconomica.com.br\/wp\/?s={search_term_string}\"},\"query-input\":\"required name=search_term_string\"}],\"inLanguage\":\"pt-BR\"},{\"@type\":\"Organization\",\"@id\":\"https:\/\/bahiaeconomica.com.br\/wp\/#organization\",\"name\":\"Bahia Econ\u00f4mica\",\"url\":\"https:\/\/bahiaeconomica.com.br\/wp\/\",\"logo\":{\"@type\":\"ImageObject\",\"inLanguage\":\"pt-BR\",\"@id\":\"https:\/\/bahiaeconomica.com.br\/wp\/#\/schema\/logo\/image\/\",\"url\":\"https:\/\/bahiaeconomica.com.br\/wp\/wp-content\/uploads\/2020\/12\/cropped-BE.png\",\"contentUrl\":\"https:\/\/bahiaeconomica.com.br\/wp\/wp-content\/uploads\/2020\/12\/cropped-BE.png\",\"width\":512,\"height\":512,\"caption\":\"Bahia Econ\u00f4mica\"},\"image\":{\"@id\":\"https:\/\/bahiaeconomica.com.br\/wp\/#\/schema\/logo\/image\/\"},\"sameAs\":[\"https:\/\/www.facebook.com\/bahiaeconomica\"]},{\"@type\":\"Person\",\"@id\":\"https:\/\/bahiaeconomica.com.br\/wp\/#\/schema\/person\/c86d3a3f8960425a0f9d0e5245991f4e\",\"name\":\"JP\",\"sameAs\":[\"https:\/\/bahiaeconomica.com.br\/wp\/beta\/\"],\"url\":\"https:\/\/bahiaeconomica.com.br\/wp\/author\/jp\/\"}]}<\/script>\n<!-- \/ Yoast SEO plugin. -->","yoast_head_json":{"title":"T\u00cdTULOS INTERNACIONAIS: VEJA O RANKING DOS BRASILEIROS MAIS VENCEDORES\u00a0 - Bahia Economica","description":"O maior portal de Economia da Bahia Esporte Bahia Economica Com o t\u00edtulo da Libertadores conquistado no s\u00e1bado (29)","robots":{"index":"index","follow":"follow","max-snippet":"max-snippet:-1","max-image-preview":"max-image-preview:large","max-video-preview":"max-video-preview:-1"},"canonical":"https:\/\/bahiaeconomica.com.br\/wp\/2025\/12\/02\/titulos-internacionais-veja-o-ranking-dos-brasileiros-mais-vencedores\/","og_locale":"pt_BR","og_type":"article","og_title":"T\u00cdTULOS INTERNACIONAIS: VEJA O RANKING DOS BRASILEIROS MAIS VENCEDORES\u00a0 - Bahia Economica","og_description":"O maior portal de Economia da Bahia Esporte Bahia Economica Com o t\u00edtulo da Libertadores conquistado no s\u00e1bado (29)","og_url":"https:\/\/bahiaeconomica.com.br\/wp\/2025\/12\/02\/titulos-internacionais-veja-o-ranking-dos-brasileiros-mais-vencedores\/","og_site_name":"Bahia Economica","article_publisher":"https:\/\/www.facebook.com\/bahiaeconomica","article_published_time":"2025-12-02T17:20:38+00:00","article_modified_time":"2025-12-02T16:42:05+00:00","og_image":[{"width":1920,"height":1280,"url":"https:\/\/bahiaeconomica.com.br\/wp\/wp-content\/uploads\/2025\/12\/2025-11-30T001055Z_1996193177_UP1ELBU00I50H_RTRMADP_3_SOCCER-LIBERTADORES-PAL-FLA.webp","type":"image\/webp"}],"author":"JP","twitter_card":"summary_large_image","twitter_misc":{"Escrito por":"JP","Est. tempo de leitura":"3 minutos"},"schema":{"@context":"https:\/\/schema.org","@graph":[{"@type":"Article","@id":"https:\/\/bahiaeconomica.com.br\/wp\/2025\/12\/02\/titulos-internacionais-veja-o-ranking-dos-brasileiros-mais-vencedores\/#article","isPartOf":{"@id":"https:\/\/bahiaeconomica.com.br\/wp\/2025\/12\/02\/titulos-internacionais-veja-o-ranking-dos-brasileiros-mais-vencedores\/"},"author":{"name":"JP","@id":"https:\/\/bahiaeconomica.com.br\/wp\/#\/schema\/person\/c86d3a3f8960425a0f9d0e5245991f4e"},"headline":"T\u00cdTULOS INTERNACIONAIS: VEJA O RANKING DOS BRASILEIROS MAIS VENCEDORES\u00a0","datePublished":"2025-12-02T17:20:38+00:00","dateModified":"2025-12-02T16:42:05+00:00","mainEntityOfPage":{"@id":"https:\/\/bahiaeconomica.com.br\/wp\/2025\/12\/02\/titulos-internacionais-veja-o-ranking-dos-brasileiros-mais-vencedores\/"},"wordCount":369,"publisher":{"@id":"https:\/\/bahiaeconomica.com.br\/wp\/#organization"},"keywords":["esportes","futebol","Hard","libertadores","news","Vict\u00f3ria Anhesini"],"articleSection":["Esporte"],"inLanguage":"pt-BR"},{"@type":"WebPage","@id":"https:\/\/bahiaeconomica.com.br\/wp\/2025\/12\/02\/titulos-internacionais-veja-o-ranking-dos-brasileiros-mais-vencedores\/","url":"https:\/\/bahiaeconomica.com.br\/wp\/2025\/12\/02\/titulos-internacionais-veja-o-ranking-dos-brasileiros-mais-vencedores\/","name":"T\u00cdTULOS INTERNACIONAIS: VEJA O RANKING DOS BRASILEIROS MAIS VENCEDORES\u00a0 - Bahia Economica","isPartOf":{"@id":"https:\/\/bahiaeconomica.com.br\/wp\/#website"},"datePublished":"2025-12-02T17:20:38+00:00","dateModified":"2025-12-02T16:42:05+00:00","description":"O maior portal de Economia da Bahia Esporte Bahia Economica Com o t\u00edtulo da Libertadores conquistado no s\u00e1bado (29)","breadcrumb":{"@id":"https:\/\/bahiaeconomica.com.br\/wp\/2025\/12\/02\/titulos-internacionais-veja-o-ranking-dos-brasileiros-mais-vencedores\/#breadcrumb"},"inLanguage":"pt-BR","potentialAction":[{"@type":"ReadAction","target":["https:\/\/bahiaeconomica.com.br\/wp\/2025\/12\/02\/titulos-internacionais-veja-o-ranking-dos-brasileiros-mais-vencedores\/"]}]},{"@type":"BreadcrumbList","@id":"https:\/\/bahiaeconomica.com.br\/wp\/2025\/12\/02\/titulos-internacionais-veja-o-ranking-dos-brasileiros-mais-vencedores\/#breadcrumb","itemListElement":[{"@type":"ListItem","position":1,"name":"In\u00edcio","item":"https:\/\/bahiaeconomica.com.br\/wp\/"},{"@type":"ListItem","position":2,"name":"T\u00cdTULOS INTERNACIONAIS: VEJA O RANKING DOS BRASILEIROS MAIS VENCEDORES\u00a0"}]},{"@type":"WebSite","@id":"https:\/\/bahiaeconomica.com.br\/wp\/#website","url":"https:\/\/bahiaeconomica.com.br\/wp\/","name":"Bahia Economica","description":"O maior portal de Economia da Bahia","publisher":{"@id":"https:\/\/bahiaeconomica.com.br\/wp\/#organization"},"potentialAction":[{"@type":"SearchAction","target":{"@type":"EntryPoint","urlTemplate":"https:\/\/bahiaeconomica.com.br\/wp\/?s={search_term_string}"},"query-input":"required name=search_term_string"}],"inLanguage":"pt-BR"},{"@type":"Organization","@id":"https:\/\/bahiaeconomica.com.br\/wp\/#organization","name":"Bahia Econ\u00f4mica","url":"https:\/\/bahiaeconomica.com.br\/wp\/","logo":{"@type":"ImageObject","inLanguage":"pt-BR","@id":"https:\/\/bahiaeconomica.com.br\/wp\/#\/schema\/logo\/image\/","url":"https:\/\/bahiaeconomica.com.br\/wp\/wp-content\/uploads\/2020\/12\/cropped-BE.png","contentUrl":"https:\/\/bahiaeconomica.com.br\/wp\/wp-content\/uploads\/2020\/12\/cropped-BE.png","width":512,"height":512,"caption":"Bahia Econ\u00f4mica"},"image":{"@id":"https:\/\/bahiaeconomica.com.br\/wp\/#\/schema\/logo\/image\/"},"sameAs":["https:\/\/www.facebook.com\/bahiaeconomica"]},{"@type":"Person","@id":"https:\/\/bahiaeconomica.com.br\/wp\/#\/schema\/person\/c86d3a3f8960425a0f9d0e5245991f4e","name":"JP","sameAs":["https:\/\/bahiaeconomica.com.br\/wp\/beta\/"],"url":"https:\/\/bahiaeconomica.com.br\/wp\/author\/jp\/"}]}},"views":26,"_links":{"self":[{"href":"https:\/\/bahiaeconomica.com.br\/wp\/wp-json\/wp\/v2\/posts\/957552"}],"collection":[{"href":"https:\/\/bahiaeconomica.com.br\/wp\/wp-json\/wp\/v2\/posts"}],"about":[{"href":"https:\/\/bahiaeconomica.com.br\/wp\/wp-json\/wp\/v2\/types\/post"}],"author":[{"embeddable":true,"href":"https:\/\/bahiaeconomica.com.br\/wp\/wp-json\/wp\/v2\/users\/8"}],"replies":[{"embeddable":true,"href":"https:\/\/bahiaeconomica.com.br\/wp\/wp-json\/wp\/v2\/comments?post=957552"}],"version-history":[{"count":1,"href":"https:\/\/bahiaeconomica.com.br\/wp\/wp-json\/wp\/v2\/posts\/957552\/revisions"}],"predecessor-version":[{"id":957554,"href":"https:\/\/bahiaeconomica.com.br\/wp\/wp-json\/wp\/v2\/posts\/957552\/revisions\/957554"}],"wp:featuredmedia":[{"embeddable":true,"href":"https:\/\/bahiaeconomica.com.br\/wp\/wp-json\/wp\/v2\/media\/957553"}],"wp:attachment":[{"href":"https:\/\/bahiaeconomica.com.br\/wp\/wp-json\/wp\/v2\/media?parent=957552"}],"wp:term":[{"taxonomy":"category","embeddable":true,"href":"https:\/\/bahiaeconomica.com.br\/wp\/wp-json\/wp\/v2\/categories?post=957552"},{"taxonomy":"post_tag","embeddable":true,"href":"https:\/\/bahiaeconomica.com.br\/wp\/wp-json\/wp\/v2\/tags?post=957552"}],"curies":[{"name":"wp","href":"https:\/\/api.w.org\/{rel}","templated":true}]}}