{"id":956850,"date":"2025-11-29T18:00:33","date_gmt":"2025-11-29T21:00:33","guid":{"rendered":"https:\/\/bahiaeconomica.com.br\/wp\/?p=956850"},"modified":"2025-11-29T16:02:45","modified_gmt":"2025-11-29T19:02:45","slug":"com-reforcos-nos-cuidados-de-preservacao-temporada-de-tartarugas-marinhas-avanca-em-busca-vida","status":"publish","type":"post","link":"https:\/\/bahiaeconomica.com.br\/wp\/2025\/11\/29\/com-reforcos-nos-cuidados-de-preservacao-temporada-de-tartarugas-marinhas-avanca-em-busca-vida\/","title":{"rendered":"COM REFOR\u00c7OS NOS CUIDADOS DE PRESERVA\u00c7\u00c3O, TEMPORADA DE TARTARUGAS MARINHAS AVAN\u00c7A EM BUSCA VIDA"},"content":{"rendered":"<p>Os moradores e a comunidade do Condom\u00ednio Busca Vida (CBV), em Cama\u00e7ari, est\u00e3o mobilizados em a\u00e7\u00f5es de prote\u00e7\u00e3o e conscientiza\u00e7\u00e3o sobre a temporada de reprodu\u00e7\u00e3o das tartarugas marinhas. Em parceria com a Funda\u00e7\u00e3o Projeto Tamar, campanhas educativas v\u00eam sendo intensificadas para reduzir as amea\u00e7as que comprometem a sobreviv\u00eancia dessa esp\u00e9cie fundamental para o equil\u00edbrio marinho.<\/p>\n<p>De acordo com Marcelo Dourado, s\u00edndico administrador do CBV, a praia de Busca Vida \u00e9 um dos locais preferidos das tartarugas para a desova, especialmente durante a proximidade com o Ver\u00e3o. \u201cO ambiente tranquilo, silencioso e de pouca ilumina\u00e7\u00e3o \u00e0 noite cria as condi\u00e7\u00f5es ideais para o processo. Esse privil\u00e9gio exige aten\u00e7\u00e3o e responsabilidade dos frequentadores, principalmente no per\u00edodo de maior movimento da praia\u201d, refor\u00e7a.<\/p>\n<p>Nesse cen\u00e1rio, a Comiss\u00e3o Ambiental do condom\u00ednio tem orientado moradores e visitantes a adotarem h\u00e1bitos simples, mas decisivos para a preserva\u00e7\u00e3o. Entre as recomenda\u00e7\u00f5es est\u00e3o: manter a praia escura durante a noite, sem fogueiras ou festas com m\u00fasica e ilumina\u00e7\u00e3o artificial; retirar cadeiras, sombreiros e demais objetos da areia; evitar ve\u00edculos e passear sempre com os pets na coleira. Tamb\u00e9m \u00e9 desaconselhado o uso de rastelo na limpeza da praia, j\u00e1 que o equipamento pode apagar rastros usados pelos pesquisadores para localizar e monitorar ninhos e filhotes. Outro cuidado importante \u00e9 n\u00e3o remover as estacas de marca\u00e7\u00e3o do Tamar, que armazenam dados cient\u00edficos valiosos para o acompanhamento das esp\u00e9cies.<\/p>\n<p>\u201cAl\u00e9m das orienta\u00e7\u00f5es pr\u00e1ticas, \u00e9 fundamental respeitar a legisla\u00e7\u00e3o ambiental vigente, que protege as tartarugas em diferentes frentes\u201d, destaca Marcelo Dourado. Segundo ele, a Lei 9605\/1998 pro\u00edbe o manuseio de ovos, f\u00eameas e filhotes. J\u00e1 a Portaria 11\/1995 do IBAMA e a Lei Estadual 7034\/1997 estabelecem regras contra a polui\u00e7\u00e3o luminosa, impedindo a instala\u00e7\u00e3o de luzes em um raio de 50 metros da mar\u00e9 alta. E h\u00e1 ainda a Portaria 10\/1995 e a Lei Municipal 431\/1995, que vedam a circula\u00e7\u00e3o de ve\u00edculos na areia, e a Lei Municipal 429\/1999, que regula o acesso de animais dom\u00e9sticos \u00e0 praia.<\/p>\n<p>(Foto: Marcelo Dourado)<\/p>\n","protected":false},"excerpt":{"rendered":"<p>Os moradores e a comunidade do Condom\u00ednio Busca Vida (CBV), em Cama\u00e7ari, est\u00e3o mobilizados em a\u00e7\u00f5es de prote\u00e7\u00e3o e conscientiza\u00e7\u00e3o sobre a temporada de reprodu\u00e7\u00e3o das tartarugas marinhas. Em parceria com a Funda\u00e7\u00e3o Projeto Tamar, campanhas educativas v\u00eam sendo intensificadas para reduzir as amea\u00e7as que comprometem a sobreviv\u00eancia dessa esp\u00e9cie fundamental para o equil\u00edbrio marinho. [&hellip;]<\/p>\n","protected":false},"author":8,"featured_media":956851,"comment_status":"closed","ping_status":"closed","sticky":false,"template":"","format":"standard","meta":[],"categories":[5],"tags":[1176,100],"acf":[],"yoast_head":"<!-- This site is optimized with the Yoast SEO plugin v20.8 - https:\/\/yoast.com\/wordpress\/plugins\/seo\/ -->\n<title>COM REFOR\u00c7OS NOS CUIDADOS DE PRESERVA\u00c7\u00c3O, TEMPORADA DE TARTARUGAS MARINHAS AVAN\u00c7A EM BUSCA VIDA - Bahia Economica<\/title>\n<meta name=\"description\" content=\"O maior portal de Economia da Bahia MUNIC\u00cdPIOS Bahia Economica Os moradores e a comunidade do Condom\u00ednio Busca Vida (CBV),\" \/>\n<meta name=\"robots\" content=\"index, follow, max-snippet:-1, max-image-preview:large, max-video-preview:-1\" \/>\n<link rel=\"canonical\" href=\"https:\/\/bahiaeconomica.com.br\/wp\/2025\/11\/29\/com-reforcos-nos-cuidados-de-preservacao-temporada-de-tartarugas-marinhas-avanca-em-busca-vida\/\" \/>\n<meta property=\"og:locale\" content=\"pt_BR\" \/>\n<meta property=\"og:type\" content=\"article\" \/>\n<meta property=\"og:title\" content=\"COM REFOR\u00c7OS NOS CUIDADOS DE PRESERVA\u00c7\u00c3O, TEMPORADA DE TARTARUGAS MARINHAS AVAN\u00c7A EM BUSCA VIDA - Bahia Economica\" \/>\n<meta property=\"og:description\" content=\"O maior portal de Economia da Bahia MUNIC\u00cdPIOS Bahia Economica Os moradores e a comunidade do Condom\u00ednio Busca Vida (CBV),\" \/>\n<meta property=\"og:url\" content=\"https:\/\/bahiaeconomica.com.br\/wp\/2025\/11\/29\/com-reforcos-nos-cuidados-de-preservacao-temporada-de-tartarugas-marinhas-avanca-em-busca-vida\/\" \/>\n<meta property=\"og:site_name\" content=\"Bahia Economica\" \/>\n<meta property=\"article:publisher\" content=\"https:\/\/www.facebook.com\/bahiaeconomica\" \/>\n<meta property=\"article:published_time\" content=\"2025-11-29T21:00:33+00:00\" \/>\n<meta property=\"article:modified_time\" content=\"2025-11-29T19:02:45+00:00\" \/>\n<meta property=\"og:image\" content=\"https:\/\/bahiaeconomica.com.br\/wp\/wp-content\/uploads\/2025\/11\/WhatsApp-Image-2025-11-28-at-17.15.17.jpeg\" \/>\n\t<meta property=\"og:image:width\" content=\"1166\" \/>\n\t<meta property=\"og:image:height\" content=\"718\" \/>\n\t<meta property=\"og:image:type\" content=\"image\/jpeg\" \/>\n<meta name=\"author\" content=\"JP\" \/>\n<meta name=\"twitter:card\" content=\"summary_large_image\" \/>\n<meta name=\"twitter:label1\" content=\"Escrito por\" \/>\n\t<meta name=\"twitter:data1\" content=\"JP\" \/>\n\t<meta name=\"twitter:label2\" content=\"Est. tempo de leitura\" \/>\n\t<meta name=\"twitter:data2\" content=\"2 minutos\" \/>\n<script type=\"application\/ld+json\" class=\"yoast-schema-graph\">{\"@context\":\"https:\/\/schema.org\",\"@graph\":[{\"@type\":\"Article\",\"@id\":\"https:\/\/bahiaeconomica.com.br\/wp\/2025\/11\/29\/com-reforcos-nos-cuidados-de-preservacao-temporada-de-tartarugas-marinhas-avanca-em-busca-vida\/#article\",\"isPartOf\":{\"@id\":\"https:\/\/bahiaeconomica.com.br\/wp\/2025\/11\/29\/com-reforcos-nos-cuidados-de-preservacao-temporada-de-tartarugas-marinhas-avanca-em-busca-vida\/\"},\"author\":{\"name\":\"JP\",\"@id\":\"https:\/\/bahiaeconomica.com.br\/wp\/#\/schema\/person\/c86d3a3f8960425a0f9d0e5245991f4e\"},\"headline\":\"COM REFOR\u00c7OS NOS CUIDADOS DE PRESERVA\u00c7\u00c3O, TEMPORADA DE TARTARUGAS MARINHAS AVAN\u00c7A EM BUSCA VIDA\",\"datePublished\":\"2025-11-29T21:00:33+00:00\",\"dateModified\":\"2025-11-29T19:02:45+00:00\",\"mainEntityOfPage\":{\"@id\":\"https:\/\/bahiaeconomica.com.br\/wp\/2025\/11\/29\/com-reforcos-nos-cuidados-de-preservacao-temporada-de-tartarugas-marinhas-avanca-em-busca-vida\/\"},\"wordCount\":381,\"publisher\":{\"@id\":\"https:\/\/bahiaeconomica.com.br\/wp\/#organization\"},\"keywords\":[\"mudan\u00e7a\",\"Pol\u00edtica\"],\"articleSection\":[\"MUNIC\u00cdPIOS\"],\"inLanguage\":\"pt-BR\"},{\"@type\":\"WebPage\",\"@id\":\"https:\/\/bahiaeconomica.com.br\/wp\/2025\/11\/29\/com-reforcos-nos-cuidados-de-preservacao-temporada-de-tartarugas-marinhas-avanca-em-busca-vida\/\",\"url\":\"https:\/\/bahiaeconomica.com.br\/wp\/2025\/11\/29\/com-reforcos-nos-cuidados-de-preservacao-temporada-de-tartarugas-marinhas-avanca-em-busca-vida\/\",\"name\":\"COM REFOR\u00c7OS NOS CUIDADOS DE PRESERVA\u00c7\u00c3O, TEMPORADA DE TARTARUGAS MARINHAS AVAN\u00c7A EM BUSCA VIDA - Bahia Economica\",\"isPartOf\":{\"@id\":\"https:\/\/bahiaeconomica.com.br\/wp\/#website\"},\"datePublished\":\"2025-11-29T21:00:33+00:00\",\"dateModified\":\"2025-11-29T19:02:45+00:00\",\"description\":\"O maior portal de Economia da Bahia MUNIC\u00cdPIOS Bahia Economica Os moradores e a comunidade do Condom\u00ednio Busca Vida (CBV),\",\"breadcrumb\":{\"@id\":\"https:\/\/bahiaeconomica.com.br\/wp\/2025\/11\/29\/com-reforcos-nos-cuidados-de-preservacao-temporada-de-tartarugas-marinhas-avanca-em-busca-vida\/#breadcrumb\"},\"inLanguage\":\"pt-BR\",\"potentialAction\":[{\"@type\":\"ReadAction\",\"target\":[\"https:\/\/bahiaeconomica.com.br\/wp\/2025\/11\/29\/com-reforcos-nos-cuidados-de-preservacao-temporada-de-tartarugas-marinhas-avanca-em-busca-vida\/\"]}]},{\"@type\":\"BreadcrumbList\",\"@id\":\"https:\/\/bahiaeconomica.com.br\/wp\/2025\/11\/29\/com-reforcos-nos-cuidados-de-preservacao-temporada-de-tartarugas-marinhas-avanca-em-busca-vida\/#breadcrumb\",\"itemListElement\":[{\"@type\":\"ListItem\",\"position\":1,\"name\":\"In\u00edcio\",\"item\":\"https:\/\/bahiaeconomica.com.br\/wp\/\"},{\"@type\":\"ListItem\",\"position\":2,\"name\":\"COM REFOR\u00c7OS NOS CUIDADOS DE PRESERVA\u00c7\u00c3O, TEMPORADA DE TARTARUGAS MARINHAS AVAN\u00c7A EM BUSCA VIDA\"}]},{\"@type\":\"WebSite\",\"@id\":\"https:\/\/bahiaeconomica.com.br\/wp\/#website\",\"url\":\"https:\/\/bahiaeconomica.com.br\/wp\/\",\"name\":\"Bahia Economica\",\"description\":\"O maior portal de Economia da Bahia\",\"publisher\":{\"@id\":\"https:\/\/bahiaeconomica.com.br\/wp\/#organization\"},\"potentialAction\":[{\"@type\":\"SearchAction\",\"target\":{\"@type\":\"EntryPoint\",\"urlTemplate\":\"https:\/\/bahiaeconomica.com.br\/wp\/?s={search_term_string}\"},\"query-input\":\"required name=search_term_string\"}],\"inLanguage\":\"pt-BR\"},{\"@type\":\"Organization\",\"@id\":\"https:\/\/bahiaeconomica.com.br\/wp\/#organization\",\"name\":\"Bahia Econ\u00f4mica\",\"url\":\"https:\/\/bahiaeconomica.com.br\/wp\/\",\"logo\":{\"@type\":\"ImageObject\",\"inLanguage\":\"pt-BR\",\"@id\":\"https:\/\/bahiaeconomica.com.br\/wp\/#\/schema\/logo\/image\/\",\"url\":\"https:\/\/bahiaeconomica.com.br\/wp\/wp-content\/uploads\/2020\/12\/cropped-BE.png\",\"contentUrl\":\"https:\/\/bahiaeconomica.com.br\/wp\/wp-content\/uploads\/2020\/12\/cropped-BE.png\",\"width\":512,\"height\":512,\"caption\":\"Bahia Econ\u00f4mica\"},\"image\":{\"@id\":\"https:\/\/bahiaeconomica.com.br\/wp\/#\/schema\/logo\/image\/\"},\"sameAs\":[\"https:\/\/www.facebook.com\/bahiaeconomica\"]},{\"@type\":\"Person\",\"@id\":\"https:\/\/bahiaeconomica.com.br\/wp\/#\/schema\/person\/c86d3a3f8960425a0f9d0e5245991f4e\",\"name\":\"JP\",\"sameAs\":[\"https:\/\/bahiaeconomica.com.br\/wp\/beta\/\"],\"url\":\"https:\/\/bahiaeconomica.com.br\/wp\/author\/jp\/\"}]}<\/script>\n<!-- \/ Yoast SEO plugin. -->","yoast_head_json":{"title":"COM REFOR\u00c7OS NOS CUIDADOS DE PRESERVA\u00c7\u00c3O, TEMPORADA DE TARTARUGAS MARINHAS AVAN\u00c7A EM BUSCA VIDA - Bahia Economica","description":"O maior portal de Economia da Bahia MUNIC\u00cdPIOS Bahia Economica Os moradores e a comunidade do Condom\u00ednio Busca Vida (CBV),","robots":{"index":"index","follow":"follow","max-snippet":"max-snippet:-1","max-image-preview":"max-image-preview:large","max-video-preview":"max-video-preview:-1"},"canonical":"https:\/\/bahiaeconomica.com.br\/wp\/2025\/11\/29\/com-reforcos-nos-cuidados-de-preservacao-temporada-de-tartarugas-marinhas-avanca-em-busca-vida\/","og_locale":"pt_BR","og_type":"article","og_title":"COM REFOR\u00c7OS NOS CUIDADOS DE PRESERVA\u00c7\u00c3O, TEMPORADA DE TARTARUGAS MARINHAS AVAN\u00c7A EM BUSCA VIDA - Bahia Economica","og_description":"O maior portal de Economia da Bahia MUNIC\u00cdPIOS Bahia Economica Os moradores e a comunidade do Condom\u00ednio Busca Vida (CBV),","og_url":"https:\/\/bahiaeconomica.com.br\/wp\/2025\/11\/29\/com-reforcos-nos-cuidados-de-preservacao-temporada-de-tartarugas-marinhas-avanca-em-busca-vida\/","og_site_name":"Bahia Economica","article_publisher":"https:\/\/www.facebook.com\/bahiaeconomica","article_published_time":"2025-11-29T21:00:33+00:00","article_modified_time":"2025-11-29T19:02:45+00:00","og_image":[{"width":1166,"height":718,"url":"https:\/\/bahiaeconomica.com.br\/wp\/wp-content\/uploads\/2025\/11\/WhatsApp-Image-2025-11-28-at-17.15.17.jpeg","type":"image\/jpeg"}],"author":"JP","twitter_card":"summary_large_image","twitter_misc":{"Escrito por":"JP","Est. tempo de leitura":"2 minutos"},"schema":{"@context":"https:\/\/schema.org","@graph":[{"@type":"Article","@id":"https:\/\/bahiaeconomica.com.br\/wp\/2025\/11\/29\/com-reforcos-nos-cuidados-de-preservacao-temporada-de-tartarugas-marinhas-avanca-em-busca-vida\/#article","isPartOf":{"@id":"https:\/\/bahiaeconomica.com.br\/wp\/2025\/11\/29\/com-reforcos-nos-cuidados-de-preservacao-temporada-de-tartarugas-marinhas-avanca-em-busca-vida\/"},"author":{"name":"JP","@id":"https:\/\/bahiaeconomica.com.br\/wp\/#\/schema\/person\/c86d3a3f8960425a0f9d0e5245991f4e"},"headline":"COM REFOR\u00c7OS NOS CUIDADOS DE PRESERVA\u00c7\u00c3O, TEMPORADA DE TARTARUGAS MARINHAS AVAN\u00c7A EM BUSCA VIDA","datePublished":"2025-11-29T21:00:33+00:00","dateModified":"2025-11-29T19:02:45+00:00","mainEntityOfPage":{"@id":"https:\/\/bahiaeconomica.com.br\/wp\/2025\/11\/29\/com-reforcos-nos-cuidados-de-preservacao-temporada-de-tartarugas-marinhas-avanca-em-busca-vida\/"},"wordCount":381,"publisher":{"@id":"https:\/\/bahiaeconomica.com.br\/wp\/#organization"},"keywords":["mudan\u00e7a","Pol\u00edtica"],"articleSection":["MUNIC\u00cdPIOS"],"inLanguage":"pt-BR"},{"@type":"WebPage","@id":"https:\/\/bahiaeconomica.com.br\/wp\/2025\/11\/29\/com-reforcos-nos-cuidados-de-preservacao-temporada-de-tartarugas-marinhas-avanca-em-busca-vida\/","url":"https:\/\/bahiaeconomica.com.br\/wp\/2025\/11\/29\/com-reforcos-nos-cuidados-de-preservacao-temporada-de-tartarugas-marinhas-avanca-em-busca-vida\/","name":"COM REFOR\u00c7OS NOS CUIDADOS DE PRESERVA\u00c7\u00c3O, TEMPORADA DE TARTARUGAS MARINHAS AVAN\u00c7A EM BUSCA VIDA - Bahia Economica","isPartOf":{"@id":"https:\/\/bahiaeconomica.com.br\/wp\/#website"},"datePublished":"2025-11-29T21:00:33+00:00","dateModified":"2025-11-29T19:02:45+00:00","description":"O maior portal de Economia da Bahia MUNIC\u00cdPIOS Bahia Economica Os moradores e a comunidade do Condom\u00ednio Busca Vida (CBV),","breadcrumb":{"@id":"https:\/\/bahiaeconomica.com.br\/wp\/2025\/11\/29\/com-reforcos-nos-cuidados-de-preservacao-temporada-de-tartarugas-marinhas-avanca-em-busca-vida\/#breadcrumb"},"inLanguage":"pt-BR","potentialAction":[{"@type":"ReadAction","target":["https:\/\/bahiaeconomica.com.br\/wp\/2025\/11\/29\/com-reforcos-nos-cuidados-de-preservacao-temporada-de-tartarugas-marinhas-avanca-em-busca-vida\/"]}]},{"@type":"BreadcrumbList","@id":"https:\/\/bahiaeconomica.com.br\/wp\/2025\/11\/29\/com-reforcos-nos-cuidados-de-preservacao-temporada-de-tartarugas-marinhas-avanca-em-busca-vida\/#breadcrumb","itemListElement":[{"@type":"ListItem","position":1,"name":"In\u00edcio","item":"https:\/\/bahiaeconomica.com.br\/wp\/"},{"@type":"ListItem","position":2,"name":"COM REFOR\u00c7OS NOS CUIDADOS DE PRESERVA\u00c7\u00c3O, TEMPORADA DE TARTARUGAS MARINHAS AVAN\u00c7A EM BUSCA VIDA"}]},{"@type":"WebSite","@id":"https:\/\/bahiaeconomica.com.br\/wp\/#website","url":"https:\/\/bahiaeconomica.com.br\/wp\/","name":"Bahia Economica","description":"O maior portal de Economia da Bahia","publisher":{"@id":"https:\/\/bahiaeconomica.com.br\/wp\/#organization"},"potentialAction":[{"@type":"SearchAction","target":{"@type":"EntryPoint","urlTemplate":"https:\/\/bahiaeconomica.com.br\/wp\/?s={search_term_string}"},"query-input":"required name=search_term_string"}],"inLanguage":"pt-BR"},{"@type":"Organization","@id":"https:\/\/bahiaeconomica.com.br\/wp\/#organization","name":"Bahia Econ\u00f4mica","url":"https:\/\/bahiaeconomica.com.br\/wp\/","logo":{"@type":"ImageObject","inLanguage":"pt-BR","@id":"https:\/\/bahiaeconomica.com.br\/wp\/#\/schema\/logo\/image\/","url":"https:\/\/bahiaeconomica.com.br\/wp\/wp-content\/uploads\/2020\/12\/cropped-BE.png","contentUrl":"https:\/\/bahiaeconomica.com.br\/wp\/wp-content\/uploads\/2020\/12\/cropped-BE.png","width":512,"height":512,"caption":"Bahia Econ\u00f4mica"},"image":{"@id":"https:\/\/bahiaeconomica.com.br\/wp\/#\/schema\/logo\/image\/"},"sameAs":["https:\/\/www.facebook.com\/bahiaeconomica"]},{"@type":"Person","@id":"https:\/\/bahiaeconomica.com.br\/wp\/#\/schema\/person\/c86d3a3f8960425a0f9d0e5245991f4e","name":"JP","sameAs":["https:\/\/bahiaeconomica.com.br\/wp\/beta\/"],"url":"https:\/\/bahiaeconomica.com.br\/wp\/author\/jp\/"}]}},"views":6,"_links":{"self":[{"href":"https:\/\/bahiaeconomica.com.br\/wp\/wp-json\/wp\/v2\/posts\/956850"}],"collection":[{"href":"https:\/\/bahiaeconomica.com.br\/wp\/wp-json\/wp\/v2\/posts"}],"about":[{"href":"https:\/\/bahiaeconomica.com.br\/wp\/wp-json\/wp\/v2\/types\/post"}],"author":[{"embeddable":true,"href":"https:\/\/bahiaeconomica.com.br\/wp\/wp-json\/wp\/v2\/users\/8"}],"replies":[{"embeddable":true,"href":"https:\/\/bahiaeconomica.com.br\/wp\/wp-json\/wp\/v2\/comments?post=956850"}],"version-history":[{"count":2,"href":"https:\/\/bahiaeconomica.com.br\/wp\/wp-json\/wp\/v2\/posts\/956850\/revisions"}],"predecessor-version":[{"id":956853,"href":"https:\/\/bahiaeconomica.com.br\/wp\/wp-json\/wp\/v2\/posts\/956850\/revisions\/956853"}],"wp:featuredmedia":[{"embeddable":true,"href":"https:\/\/bahiaeconomica.com.br\/wp\/wp-json\/wp\/v2\/media\/956851"}],"wp:attachment":[{"href":"https:\/\/bahiaeconomica.com.br\/wp\/wp-json\/wp\/v2\/media?parent=956850"}],"wp:term":[{"taxonomy":"category","embeddable":true,"href":"https:\/\/bahiaeconomica.com.br\/wp\/wp-json\/wp\/v2\/categories?post=956850"},{"taxonomy":"post_tag","embeddable":true,"href":"https:\/\/bahiaeconomica.com.br\/wp\/wp-json\/wp\/v2\/tags?post=956850"}],"curies":[{"name":"wp","href":"https:\/\/api.w.org\/{rel}","templated":true}]}}