{"id":956811,"date":"2025-11-28T18:30:37","date_gmt":"2025-11-28T21:30:37","guid":{"rendered":"https:\/\/bahiaeconomica.com.br\/wp\/?p=956811"},"modified":"2025-11-28T18:30:37","modified_gmt":"2025-11-28T21:30:37","slug":"confira-os-detalhes-da-programacao-da-festa-de-santa-barbara-em-salvador","status":"publish","type":"post","link":"https:\/\/bahiaeconomica.com.br\/wp\/2025\/11\/28\/confira-os-detalhes-da-programacao-da-festa-de-santa-barbara-em-salvador\/","title":{"rendered":"CONFIRA OS DETALHES DA PROGRAMA\u00c7\u00c3O DA FESTA DE SANTA B\u00c1RBARA EM SALVADOR"},"content":{"rendered":"<p>Na pr\u00f3xima quinta-feira (4) a Festa de Santa B\u00e1rbara, abrir\u00e1 o calend\u00e1rio de festas populares da Bahia. A prociss\u00e3o, que tradicional que re\u00fane milhares de fi\u00e9is todos os anos, ocorre ap\u00f3s a missa celebrada \u00e0s 8 horas na Igreja Nossa Senhora do Ros\u00e1rio dos Pretos, localizada no Centro Hist\u00f3rico.<\/p>\n<p>Antes da prociss\u00e3o, a Vener\u00e1vel Ordem Terceira de Nossa Senhora do Ros\u00e1rio dos Pretos (Irmandade dos Homens Pretos) realiza um tr\u00edduo preparat\u00f3rio nos dias 1, 2 e 3. Ao longo dessas tr\u00eas noites, de segunda a quarta-feira, a programa\u00e7\u00e3o inclui a recita\u00e7\u00e3o do Santo Ter\u00e7o \u00e0s 17h, seguida da celebra\u00e7\u00e3o da Santa Missa \u00e0s 18h.<\/p>\n<p>No dia 4, quando acontece o ponto alto das homenagens \u00e0 santa, a programa\u00e7\u00e3o ter\u00e1 in\u00edcio \u00e0s 6h, com a Alvorada de Fogos, seguida pela tradicional Salva dos Clarins, \u00e0s 7h. \u00c0s 8h, ser\u00e1 celebrada a Santa Missa campal, seguida de prociss\u00e3o pelas ruas do Pelourinho. Os devotos v\u00e3o sair da Igreja do Ros\u00e1rio dos Pretos, passando pelas ruas Greg\u00f3rio de Mattos, Jo\u00e3o de Deus, Terreiro de Jesus, Pra\u00e7a da S\u00e9 e Ladeira da Pra\u00e7a.<\/p>\n<div class=\"flex flex-col w-full font-normal text-[18px] leading-[30px] text-tw-theme-text-default\">\n<p id=\"paragrafo-tlt6ysu56l\">Ao chegar ao Corpo de Bombeiros, na Barroquinha, os devotos far\u00e3o uma parada para homenagear a padroeira da corpora\u00e7\u00e3o e, logo ap\u00f3s, seguir\u00e3o para a Baixa dos Sapateiros, rua Padre Agostinho e Pelourinho at\u00e9 retornar \u00e0 Igreja. J\u00e1 \u00e0 tarde, \u00e0s 15h, haver\u00e1 apresenta\u00e7\u00e3o cultural.<\/p>\n<p>Foto: Reprodu\u00e7\u00e3o<\/p>\n<\/div>\n<div class=\"flex flex-col w-full font-normal text-[18px] leading-[30px] text-tw-theme-text-default\"><\/div>\n","protected":false},"excerpt":{"rendered":"<p>Na pr\u00f3xima quinta-feira (4) a Festa de Santa B\u00e1rbara, abrir\u00e1 o calend\u00e1rio de festas populares da Bahia. A prociss\u00e3o, que tradicional que re\u00fane milhares de fi\u00e9is todos os anos, ocorre ap\u00f3s a missa celebrada \u00e0s 8 horas na Igreja Nossa Senhora do Ros\u00e1rio dos Pretos, localizada no Centro Hist\u00f3rico. Antes da prociss\u00e3o, a Vener\u00e1vel Ordem [&hellip;]<\/p>\n","protected":false},"author":24,"featured_media":863642,"comment_status":"closed","ping_status":"closed","sticky":false,"template":"","format":"standard","meta":[],"categories":[5],"tags":[4040,19308],"acf":[],"yoast_head":"<!-- This site is optimized with the Yoast SEO plugin v20.8 - https:\/\/yoast.com\/wordpress\/plugins\/seo\/ -->\n<title>CONFIRA OS DETALHES DA PROGRAMA\u00c7\u00c3O DA FESTA DE SANTA B\u00c1RBARA EM SALVADOR - Bahia Economica Na pr\u00f3xima quinta-feira (4) a Festa de Santa B\u00e1rbara, abrir\u00e1 o calend\u00e1rio de festas populares da Bahia. A prociss\u00e3o, que tradicional que re\u00fane milhares de fi\u00e9is todos os anos<\/title>\n<meta name=\"description\" content=\"O maior portal de Economia da Bahia MUNIC\u00cdPIOS Bahia Economica Na pr\u00f3xima quinta-feira (4) a Festa de Santa B\u00e1rbara, abrir\u00e1 o calend\u00e1rio de festas populares da Bahia. A prociss\u00e3o, que tradicional que re\u00fane milhares de fi\u00e9is todos os anos\" \/>\n<meta name=\"robots\" content=\"index, follow, max-snippet:-1, max-image-preview:large, max-video-preview:-1\" \/>\n<link rel=\"canonical\" href=\"https:\/\/bahiaeconomica.com.br\/wp\/2025\/11\/28\/confira-os-detalhes-da-programacao-da-festa-de-santa-barbara-em-salvador\/\" \/>\n<meta property=\"og:locale\" content=\"pt_BR\" \/>\n<meta property=\"og:type\" content=\"article\" \/>\n<meta property=\"og:title\" content=\"CONFIRA OS DETALHES DA PROGRAMA\u00c7\u00c3O DA FESTA DE SANTA B\u00c1RBARA EM SALVADOR - Bahia Economica Na pr\u00f3xima quinta-feira (4) a Festa de Santa B\u00e1rbara, abrir\u00e1 o calend\u00e1rio de festas populares da Bahia. A prociss\u00e3o, que tradicional que re\u00fane milhares de fi\u00e9is todos os anos\" \/>\n<meta property=\"og:description\" content=\"O maior portal de Economia da Bahia MUNIC\u00cdPIOS Bahia Economica Na pr\u00f3xima quinta-feira (4) a Festa de Santa B\u00e1rbara, abrir\u00e1 o calend\u00e1rio de festas populares da Bahia. A prociss\u00e3o, que tradicional que re\u00fane milhares de fi\u00e9is todos os anos\" \/>\n<meta property=\"og:url\" content=\"https:\/\/bahiaeconomica.com.br\/wp\/2025\/11\/28\/confira-os-detalhes-da-programacao-da-festa-de-santa-barbara-em-salvador\/\" \/>\n<meta property=\"og:site_name\" content=\"Bahia Economica\" \/>\n<meta property=\"article:publisher\" content=\"https:\/\/www.facebook.com\/bahiaeconomica\" \/>\n<meta property=\"article:published_time\" content=\"2025-11-28T21:30:37+00:00\" \/>\n<meta property=\"og:image\" content=\"https:\/\/bahiaeconomica.com.br\/wp\/wp-content\/uploads\/2024\/12\/Procissao-Santa-Barbara_Fot-Bruno-Concha_Secom_Pms-6-scaled.jpg\" \/>\n\t<meta property=\"og:image:width\" content=\"2560\" \/>\n\t<meta property=\"og:image:height\" content=\"1706\" \/>\n\t<meta property=\"og:image:type\" content=\"image\/jpeg\" \/>\n<meta name=\"author\" content=\"VICTOR OLIVEIRA\" \/>\n<meta name=\"twitter:card\" content=\"summary_large_image\" \/>\n<meta name=\"twitter:label1\" content=\"Escrito por\" \/>\n\t<meta name=\"twitter:data1\" content=\"VICTOR OLIVEIRA\" \/>\n\t<meta name=\"twitter:label2\" content=\"Est. tempo de leitura\" \/>\n\t<meta name=\"twitter:data2\" content=\"2 minutos\" \/>\n<script type=\"application\/ld+json\" class=\"yoast-schema-graph\">{\"@context\":\"https:\/\/schema.org\",\"@graph\":[{\"@type\":\"Article\",\"@id\":\"https:\/\/bahiaeconomica.com.br\/wp\/2025\/11\/28\/confira-os-detalhes-da-programacao-da-festa-de-santa-barbara-em-salvador\/#article\",\"isPartOf\":{\"@id\":\"https:\/\/bahiaeconomica.com.br\/wp\/2025\/11\/28\/confira-os-detalhes-da-programacao-da-festa-de-santa-barbara-em-salvador\/\"},\"author\":{\"name\":\"VICTOR OLIVEIRA\",\"@id\":\"https:\/\/bahiaeconomica.com.br\/wp\/#\/schema\/person\/a17956d0e1112b626f403fb06b8129a9\"},\"headline\":\"CONFIRA OS DETALHES DA PROGRAMA\u00c7\u00c3O DA FESTA DE SANTA B\u00c1RBARA EM SALVADOR\",\"datePublished\":\"2025-11-28T21:30:37+00:00\",\"dateModified\":\"2025-11-28T21:30:37+00:00\",\"mainEntityOfPage\":{\"@id\":\"https:\/\/bahiaeconomica.com.br\/wp\/2025\/11\/28\/confira-os-detalhes-da-programacao-da-festa-de-santa-barbara-em-salvador\/\"},\"wordCount\":265,\"publisher\":{\"@id\":\"https:\/\/bahiaeconomica.com.br\/wp\/#organization\"},\"keywords\":[\"programa\u00e7\u00e3o\",\"Santa B\u00e1rbara\"],\"articleSection\":[\"MUNIC\u00cdPIOS\"],\"inLanguage\":\"pt-BR\"},{\"@type\":\"WebPage\",\"@id\":\"https:\/\/bahiaeconomica.com.br\/wp\/2025\/11\/28\/confira-os-detalhes-da-programacao-da-festa-de-santa-barbara-em-salvador\/\",\"url\":\"https:\/\/bahiaeconomica.com.br\/wp\/2025\/11\/28\/confira-os-detalhes-da-programacao-da-festa-de-santa-barbara-em-salvador\/\",\"name\":\"CONFIRA OS DETALHES DA PROGRAMA\u00c7\u00c3O DA FESTA DE SANTA B\u00c1RBARA EM SALVADOR - Bahia Economica Na pr\u00f3xima quinta-feira (4) a Festa de Santa B\u00e1rbara, abrir\u00e1 o calend\u00e1rio de festas populares da Bahia. A prociss\u00e3o, que tradicional que re\u00fane milhares de fi\u00e9is todos os anos\",\"isPartOf\":{\"@id\":\"https:\/\/bahiaeconomica.com.br\/wp\/#website\"},\"datePublished\":\"2025-11-28T21:30:37+00:00\",\"dateModified\":\"2025-11-28T21:30:37+00:00\",\"description\":\"O maior portal de Economia da Bahia MUNIC\u00cdPIOS Bahia Economica Na pr\u00f3xima quinta-feira (4) a Festa de Santa B\u00e1rbara, abrir\u00e1 o calend\u00e1rio de festas populares da Bahia. A prociss\u00e3o, que tradicional que re\u00fane milhares de fi\u00e9is todos os anos\",\"breadcrumb\":{\"@id\":\"https:\/\/bahiaeconomica.com.br\/wp\/2025\/11\/28\/confira-os-detalhes-da-programacao-da-festa-de-santa-barbara-em-salvador\/#breadcrumb\"},\"inLanguage\":\"pt-BR\",\"potentialAction\":[{\"@type\":\"ReadAction\",\"target\":[\"https:\/\/bahiaeconomica.com.br\/wp\/2025\/11\/28\/confira-os-detalhes-da-programacao-da-festa-de-santa-barbara-em-salvador\/\"]}]},{\"@type\":\"BreadcrumbList\",\"@id\":\"https:\/\/bahiaeconomica.com.br\/wp\/2025\/11\/28\/confira-os-detalhes-da-programacao-da-festa-de-santa-barbara-em-salvador\/#breadcrumb\",\"itemListElement\":[{\"@type\":\"ListItem\",\"position\":1,\"name\":\"In\u00edcio\",\"item\":\"https:\/\/bahiaeconomica.com.br\/wp\/\"},{\"@type\":\"ListItem\",\"position\":2,\"name\":\"CONFIRA OS DETALHES DA PROGRAMA\u00c7\u00c3O DA FESTA DE SANTA B\u00c1RBARA EM SALVADOR\"}]},{\"@type\":\"WebSite\",\"@id\":\"https:\/\/bahiaeconomica.com.br\/wp\/#website\",\"url\":\"https:\/\/bahiaeconomica.com.br\/wp\/\",\"name\":\"Bahia Economica\",\"description\":\"O maior portal de Economia da Bahia\",\"publisher\":{\"@id\":\"https:\/\/bahiaeconomica.com.br\/wp\/#organization\"},\"potentialAction\":[{\"@type\":\"SearchAction\",\"target\":{\"@type\":\"EntryPoint\",\"urlTemplate\":\"https:\/\/bahiaeconomica.com.br\/wp\/?s={search_term_string}\"},\"query-input\":\"required name=search_term_string\"}],\"inLanguage\":\"pt-BR\"},{\"@type\":\"Organization\",\"@id\":\"https:\/\/bahiaeconomica.com.br\/wp\/#organization\",\"name\":\"Bahia Econ\u00f4mica\",\"url\":\"https:\/\/bahiaeconomica.com.br\/wp\/\",\"logo\":{\"@type\":\"ImageObject\",\"inLanguage\":\"pt-BR\",\"@id\":\"https:\/\/bahiaeconomica.com.br\/wp\/#\/schema\/logo\/image\/\",\"url\":\"https:\/\/bahiaeconomica.com.br\/wp\/wp-content\/uploads\/2020\/12\/cropped-BE.png\",\"contentUrl\":\"https:\/\/bahiaeconomica.com.br\/wp\/wp-content\/uploads\/2020\/12\/cropped-BE.png\",\"width\":512,\"height\":512,\"caption\":\"Bahia Econ\u00f4mica\"},\"image\":{\"@id\":\"https:\/\/bahiaeconomica.com.br\/wp\/#\/schema\/logo\/image\/\"},\"sameAs\":[\"https:\/\/www.facebook.com\/bahiaeconomica\"]},{\"@type\":\"Person\",\"@id\":\"https:\/\/bahiaeconomica.com.br\/wp\/#\/schema\/person\/a17956d0e1112b626f403fb06b8129a9\",\"name\":\"VICTOR OLIVEIRA\",\"sameAs\":[\"http:\/\/www.bahiaeconomica.com.br\"],\"url\":\"https:\/\/bahiaeconomica.com.br\/wp\/author\/victor-oliveira\/\"}]}<\/script>\n<!-- \/ Yoast SEO plugin. -->","yoast_head_json":{"title":"CONFIRA OS DETALHES DA PROGRAMA\u00c7\u00c3O DA FESTA DE SANTA B\u00c1RBARA EM SALVADOR - Bahia Economica Na pr\u00f3xima quinta-feira (4) a Festa de Santa B\u00e1rbara, abrir\u00e1 o calend\u00e1rio de festas populares da Bahia. A prociss\u00e3o, que tradicional que re\u00fane milhares de fi\u00e9is todos os anos","description":"O maior portal de Economia da Bahia MUNIC\u00cdPIOS Bahia Economica Na pr\u00f3xima quinta-feira (4) a Festa de Santa B\u00e1rbara, abrir\u00e1 o calend\u00e1rio de festas populares da Bahia. A prociss\u00e3o, que tradicional que re\u00fane milhares de fi\u00e9is todos os anos","robots":{"index":"index","follow":"follow","max-snippet":"max-snippet:-1","max-image-preview":"max-image-preview:large","max-video-preview":"max-video-preview:-1"},"canonical":"https:\/\/bahiaeconomica.com.br\/wp\/2025\/11\/28\/confira-os-detalhes-da-programacao-da-festa-de-santa-barbara-em-salvador\/","og_locale":"pt_BR","og_type":"article","og_title":"CONFIRA OS DETALHES DA PROGRAMA\u00c7\u00c3O DA FESTA DE SANTA B\u00c1RBARA EM SALVADOR - Bahia Economica Na pr\u00f3xima quinta-feira (4) a Festa de Santa B\u00e1rbara, abrir\u00e1 o calend\u00e1rio de festas populares da Bahia. A prociss\u00e3o, que tradicional que re\u00fane milhares de fi\u00e9is todos os anos","og_description":"O maior portal de Economia da Bahia MUNIC\u00cdPIOS Bahia Economica Na pr\u00f3xima quinta-feira (4) a Festa de Santa B\u00e1rbara, abrir\u00e1 o calend\u00e1rio de festas populares da Bahia. A prociss\u00e3o, que tradicional que re\u00fane milhares de fi\u00e9is todos os anos","og_url":"https:\/\/bahiaeconomica.com.br\/wp\/2025\/11\/28\/confira-os-detalhes-da-programacao-da-festa-de-santa-barbara-em-salvador\/","og_site_name":"Bahia Economica","article_publisher":"https:\/\/www.facebook.com\/bahiaeconomica","article_published_time":"2025-11-28T21:30:37+00:00","og_image":[{"width":2560,"height":1706,"url":"https:\/\/bahiaeconomica.com.br\/wp\/wp-content\/uploads\/2024\/12\/Procissao-Santa-Barbara_Fot-Bruno-Concha_Secom_Pms-6-scaled.jpg","type":"image\/jpeg"}],"author":"VICTOR OLIVEIRA","twitter_card":"summary_large_image","twitter_misc":{"Escrito por":"VICTOR OLIVEIRA","Est. tempo de leitura":"2 minutos"},"schema":{"@context":"https:\/\/schema.org","@graph":[{"@type":"Article","@id":"https:\/\/bahiaeconomica.com.br\/wp\/2025\/11\/28\/confira-os-detalhes-da-programacao-da-festa-de-santa-barbara-em-salvador\/#article","isPartOf":{"@id":"https:\/\/bahiaeconomica.com.br\/wp\/2025\/11\/28\/confira-os-detalhes-da-programacao-da-festa-de-santa-barbara-em-salvador\/"},"author":{"name":"VICTOR OLIVEIRA","@id":"https:\/\/bahiaeconomica.com.br\/wp\/#\/schema\/person\/a17956d0e1112b626f403fb06b8129a9"},"headline":"CONFIRA OS DETALHES DA PROGRAMA\u00c7\u00c3O DA FESTA DE SANTA B\u00c1RBARA EM SALVADOR","datePublished":"2025-11-28T21:30:37+00:00","dateModified":"2025-11-28T21:30:37+00:00","mainEntityOfPage":{"@id":"https:\/\/bahiaeconomica.com.br\/wp\/2025\/11\/28\/confira-os-detalhes-da-programacao-da-festa-de-santa-barbara-em-salvador\/"},"wordCount":265,"publisher":{"@id":"https:\/\/bahiaeconomica.com.br\/wp\/#organization"},"keywords":["programa\u00e7\u00e3o","Santa B\u00e1rbara"],"articleSection":["MUNIC\u00cdPIOS"],"inLanguage":"pt-BR"},{"@type":"WebPage","@id":"https:\/\/bahiaeconomica.com.br\/wp\/2025\/11\/28\/confira-os-detalhes-da-programacao-da-festa-de-santa-barbara-em-salvador\/","url":"https:\/\/bahiaeconomica.com.br\/wp\/2025\/11\/28\/confira-os-detalhes-da-programacao-da-festa-de-santa-barbara-em-salvador\/","name":"CONFIRA OS DETALHES DA PROGRAMA\u00c7\u00c3O DA FESTA DE SANTA B\u00c1RBARA EM SALVADOR - Bahia Economica Na pr\u00f3xima quinta-feira (4) a Festa de Santa B\u00e1rbara, abrir\u00e1 o calend\u00e1rio de festas populares da Bahia. A prociss\u00e3o, que tradicional que re\u00fane milhares de fi\u00e9is todos os anos","isPartOf":{"@id":"https:\/\/bahiaeconomica.com.br\/wp\/#website"},"datePublished":"2025-11-28T21:30:37+00:00","dateModified":"2025-11-28T21:30:37+00:00","description":"O maior portal de Economia da Bahia MUNIC\u00cdPIOS Bahia Economica Na pr\u00f3xima quinta-feira (4) a Festa de Santa B\u00e1rbara, abrir\u00e1 o calend\u00e1rio de festas populares da Bahia. A prociss\u00e3o, que tradicional que re\u00fane milhares de fi\u00e9is todos os anos","breadcrumb":{"@id":"https:\/\/bahiaeconomica.com.br\/wp\/2025\/11\/28\/confira-os-detalhes-da-programacao-da-festa-de-santa-barbara-em-salvador\/#breadcrumb"},"inLanguage":"pt-BR","potentialAction":[{"@type":"ReadAction","target":["https:\/\/bahiaeconomica.com.br\/wp\/2025\/11\/28\/confira-os-detalhes-da-programacao-da-festa-de-santa-barbara-em-salvador\/"]}]},{"@type":"BreadcrumbList","@id":"https:\/\/bahiaeconomica.com.br\/wp\/2025\/11\/28\/confira-os-detalhes-da-programacao-da-festa-de-santa-barbara-em-salvador\/#breadcrumb","itemListElement":[{"@type":"ListItem","position":1,"name":"In\u00edcio","item":"https:\/\/bahiaeconomica.com.br\/wp\/"},{"@type":"ListItem","position":2,"name":"CONFIRA OS DETALHES DA PROGRAMA\u00c7\u00c3O DA FESTA DE SANTA B\u00c1RBARA EM SALVADOR"}]},{"@type":"WebSite","@id":"https:\/\/bahiaeconomica.com.br\/wp\/#website","url":"https:\/\/bahiaeconomica.com.br\/wp\/","name":"Bahia Economica","description":"O maior portal de Economia da Bahia","publisher":{"@id":"https:\/\/bahiaeconomica.com.br\/wp\/#organization"},"potentialAction":[{"@type":"SearchAction","target":{"@type":"EntryPoint","urlTemplate":"https:\/\/bahiaeconomica.com.br\/wp\/?s={search_term_string}"},"query-input":"required name=search_term_string"}],"inLanguage":"pt-BR"},{"@type":"Organization","@id":"https:\/\/bahiaeconomica.com.br\/wp\/#organization","name":"Bahia Econ\u00f4mica","url":"https:\/\/bahiaeconomica.com.br\/wp\/","logo":{"@type":"ImageObject","inLanguage":"pt-BR","@id":"https:\/\/bahiaeconomica.com.br\/wp\/#\/schema\/logo\/image\/","url":"https:\/\/bahiaeconomica.com.br\/wp\/wp-content\/uploads\/2020\/12\/cropped-BE.png","contentUrl":"https:\/\/bahiaeconomica.com.br\/wp\/wp-content\/uploads\/2020\/12\/cropped-BE.png","width":512,"height":512,"caption":"Bahia Econ\u00f4mica"},"image":{"@id":"https:\/\/bahiaeconomica.com.br\/wp\/#\/schema\/logo\/image\/"},"sameAs":["https:\/\/www.facebook.com\/bahiaeconomica"]},{"@type":"Person","@id":"https:\/\/bahiaeconomica.com.br\/wp\/#\/schema\/person\/a17956d0e1112b626f403fb06b8129a9","name":"VICTOR OLIVEIRA","sameAs":["http:\/\/www.bahiaeconomica.com.br"],"url":"https:\/\/bahiaeconomica.com.br\/wp\/author\/victor-oliveira\/"}]}},"views":90,"_links":{"self":[{"href":"https:\/\/bahiaeconomica.com.br\/wp\/wp-json\/wp\/v2\/posts\/956811"}],"collection":[{"href":"https:\/\/bahiaeconomica.com.br\/wp\/wp-json\/wp\/v2\/posts"}],"about":[{"href":"https:\/\/bahiaeconomica.com.br\/wp\/wp-json\/wp\/v2\/types\/post"}],"author":[{"embeddable":true,"href":"https:\/\/bahiaeconomica.com.br\/wp\/wp-json\/wp\/v2\/users\/24"}],"replies":[{"embeddable":true,"href":"https:\/\/bahiaeconomica.com.br\/wp\/wp-json\/wp\/v2\/comments?post=956811"}],"version-history":[{"count":1,"href":"https:\/\/bahiaeconomica.com.br\/wp\/wp-json\/wp\/v2\/posts\/956811\/revisions"}],"predecessor-version":[{"id":956815,"href":"https:\/\/bahiaeconomica.com.br\/wp\/wp-json\/wp\/v2\/posts\/956811\/revisions\/956815"}],"wp:featuredmedia":[{"embeddable":true,"href":"https:\/\/bahiaeconomica.com.br\/wp\/wp-json\/wp\/v2\/media\/863642"}],"wp:attachment":[{"href":"https:\/\/bahiaeconomica.com.br\/wp\/wp-json\/wp\/v2\/media?parent=956811"}],"wp:term":[{"taxonomy":"category","embeddable":true,"href":"https:\/\/bahiaeconomica.com.br\/wp\/wp-json\/wp\/v2\/categories?post=956811"},{"taxonomy":"post_tag","embeddable":true,"href":"https:\/\/bahiaeconomica.com.br\/wp\/wp-json\/wp\/v2\/tags?post=956811"}],"curies":[{"name":"wp","href":"https:\/\/api.w.org\/{rel}","templated":true}]}}