{"id":956738,"date":"2025-11-28T16:58:20","date_gmt":"2025-11-28T19:58:20","guid":{"rendered":"https:\/\/bahiaeconomica.com.br\/wp\/?p=956738"},"modified":"2025-11-28T15:03:44","modified_gmt":"2025-11-28T18:03:44","slug":"empresas-sanaram-384-das-dividas-negativadas-em-julho-em-ate-60-dias","status":"publish","type":"post","link":"https:\/\/bahiaeconomica.com.br\/wp\/2025\/11\/28\/empresas-sanaram-384-das-dividas-negativadas-em-julho-em-ate-60-dias\/","title":{"rendered":"EMPRESAS SANARAM 38,4% DAS D\u00cdVIDAS NEGATIVADAS EM JULHO EM AT\u00c9 60 DIAS"},"content":{"rendered":"<p>Segundo dados do Indicador de Recupera\u00e7\u00e3o de Cr\u00e9dito da Serasa Experian, primeira e maior datatech do Brasil, do total de d\u00edvidas negativadas em julho de 2025, 38,4% foram pagas ou renegociadas em at\u00e9 60 dias, ou seja, setembro. O setor de &#8220;Utilities&#8221;, que contemplam contas como \u00e1gua, luz, g\u00e1s, tiveram o maior percentual no per\u00edodo (43,0%). O segmento com menor \u00edndice de recupera\u00e7\u00e3o foi o de &#8220;Telefonia&#8221; (15,1%).<\/p>\n<p>Desde agosto deste ano, a inadimpl\u00eancia das empresas no pa\u00eds ultrapassa os 8,1 milh\u00f5es de CNPJs, dos quais 7,7 milh\u00f5es s\u00e3o Micro, Pequenas e M\u00e9dias empresas, segundo outro indicador da datatech. Para a economista-chefe da Serasa Experian, Camila Abdelmalack, &#8220;quando o n\u00famero de empresas inadimplentes aumenta muito, o que vem ocorrendo desde janeiro de 2025, a composi\u00e7\u00e3o da carteira em atraso muda. Passa a incluir mais empresas em situa\u00e7\u00e3o cr\u00edtica e com menor capacidade de pagamento&#8221;.<\/p>\n<p>Ainda de acordo com o Indicador de Recupera\u00e7\u00e3o de Cr\u00e9dito das Empresas, quanto mais pr\u00f3ximo a negativa\u00e7\u00e3o em rela\u00e7\u00e3o \u00e0 data de vencimento do compromisso, maior a taxa de recupera\u00e7\u00e3o. Do total de d\u00edvidas vencidas em at\u00e9 30 dias, negativadas em julho, 43,7% foram sanadas \u2013 sendo o maior percentual desta vis\u00e3o. As d\u00edvidas com mais de um ano de vencimento e que foram negativadas pelos credores apenas em julho, o \u00edndice de recupera\u00e7\u00e3o foi muito inferior (19,0%), revelando a import\u00e2ncia de uma gest\u00e3o ativa pelos credores.<\/p>\n<p>&#8220;A taxa m\u00e9dia de recupera\u00e7\u00e3o em at\u00e9 60 dias de d\u00edvidas negativadas vem caindo ao longo dos \u00faltimos anos: 48,3% em 2023, 41,8% em 2024 e 38,7% at\u00e9 julho de 2025. Essa evolu\u00e7\u00e3o reflete uma deteriora\u00e7\u00e3o no cen\u00e1rio econ\u00f4mico, devido aos aumentos sucessivos da Selic, que tendem a desencorajar a busca por cr\u00e9dito caro, fazendo com que o CNPJ negativado n\u00e3o seja um problema de curto prazo t\u00e3o grande. Ou at\u00e9 mesmo, aquelas empresas que seguem buscando cr\u00e9dito, pois \u00e9 a \u00fanica alternativa para manuten\u00e7\u00e3o do fluxo de caixa, muitas vezes n\u00e3o acessam as linhas pela maior cautela dos credores na concess\u00e3o&#8221;, explica a economista.<\/p>\n<p>O melhor desempenho de resolu\u00e7\u00e3o na vis\u00e3o de valor da d\u00edvida foi entre as contas com valor at\u00e9 R$ 500 (46,7%) e o pior, entre aquelas de R$ 2 mil a 10 mil. Confira os dados comparativos na tabela abaixo:<\/p>\n<p><strong>Vis\u00e3o por Unidades Federativas<\/strong><\/p>\n<p>Em rela\u00e7\u00e3o \u00e0s d\u00edvidas inadimplidas em julho de 2025, sanadas em at\u00e9 60 dias, na vis\u00e3o das Unidades Federativas (UFs), o melhor desempenho foi do Piau\u00ed (62,6%). O ranking das cinco principais seguiu com Esp\u00edrito Santo (53,3%), Cear\u00e1 (52,8%), Acre (52,3%) e Maranh\u00e3o (51,5%). Os piores \u00edndices ficaram com Santa Catarina (35,6%), Rio Grande do Sul (35,1%), S\u00e3o Paulo (32,3%), Distrito Federal (26,6%), e Amazonas (19,8%).<\/p>\n<p>&nbsp;<\/p>\n<p>Foto: Jos\u00e9 Cruz\/Ag\u00eancia Brasil<\/p>\n<p>&nbsp;<\/p>\n","protected":false},"excerpt":{"rendered":"<p>Segundo dados do Indicador de Recupera\u00e7\u00e3o de Cr\u00e9dito da Serasa Experian, primeira e maior datatech do Brasil, do total de d\u00edvidas negativadas em julho de 2025, 38,4% foram pagas ou renegociadas em at\u00e9 60 dias, ou seja, setembro. O setor de &#8220;Utilities&#8221;, que contemplam contas como \u00e1gua, luz, g\u00e1s, tiveram o maior percentual no per\u00edodo [&hellip;]<\/p>\n","protected":false},"author":15,"featured_media":956740,"comment_status":"closed","ping_status":"closed","sticky":false,"template":"","format":"standard","meta":[],"categories":[14,3],"tags":[],"acf":[],"yoast_head":"<!-- This site is optimized with the Yoast SEO plugin v20.8 - https:\/\/yoast.com\/wordpress\/plugins\/seo\/ -->\n<title>EMPRESAS SANARAM 38,4% DAS D\u00cdVIDAS NEGATIVADAS EM JULHO EM AT\u00c9 60 DIAS - Bahia Economica<\/title>\n<meta name=\"description\" content=\"O maior portal de Economia da Bahia DESTAQUE DO DIA, ECONOMIA \/ POL\u00cdTICA Bahia Economica\" \/>\n<meta name=\"robots\" content=\"index, follow, max-snippet:-1, max-image-preview:large, max-video-preview:-1\" \/>\n<link rel=\"canonical\" href=\"https:\/\/bahiaeconomica.com.br\/wp\/2025\/11\/28\/empresas-sanaram-384-das-dividas-negativadas-em-julho-em-ate-60-dias\/\" \/>\n<meta property=\"og:locale\" content=\"pt_BR\" \/>\n<meta property=\"og:type\" content=\"article\" \/>\n<meta property=\"og:title\" content=\"EMPRESAS SANARAM 38,4% DAS D\u00cdVIDAS NEGATIVADAS EM JULHO EM AT\u00c9 60 DIAS - Bahia Economica\" \/>\n<meta property=\"og:description\" content=\"O maior portal de Economia da Bahia DESTAQUE DO DIA, ECONOMIA \/ POL\u00cdTICA Bahia Economica\" \/>\n<meta property=\"og:url\" content=\"https:\/\/bahiaeconomica.com.br\/wp\/2025\/11\/28\/empresas-sanaram-384-das-dividas-negativadas-em-julho-em-ate-60-dias\/\" \/>\n<meta property=\"og:site_name\" content=\"Bahia Economica\" \/>\n<meta property=\"article:publisher\" content=\"https:\/\/www.facebook.com\/bahiaeconomica\" \/>\n<meta property=\"article:published_time\" content=\"2025-11-28T19:58:20+00:00\" \/>\n<meta property=\"article:modified_time\" content=\"2025-11-28T18:03:44+00:00\" \/>\n<meta property=\"og:image\" content=\"https:\/\/bahiaeconomica.com.br\/wp\/wp-content\/uploads\/2025\/11\/real_moedadinheiro_jfcrz_abr_1701220048_1-2-1024x613-1-768x460-1.webp\" \/>\n\t<meta property=\"og:image:width\" content=\"768\" \/>\n\t<meta property=\"og:image:height\" content=\"460\" \/>\n\t<meta property=\"og:image:type\" content=\"image\/webp\" \/>\n<meta name=\"author\" content=\"VICTORIA ISABEL\" \/>\n<meta name=\"twitter:card\" content=\"summary_large_image\" \/>\n<meta name=\"twitter:label1\" content=\"Escrito por\" \/>\n\t<meta name=\"twitter:data1\" content=\"VICTORIA ISABEL\" \/>\n\t<meta name=\"twitter:label2\" content=\"Est. tempo de leitura\" \/>\n\t<meta name=\"twitter:data2\" content=\"3 minutos\" \/>\n<script type=\"application\/ld+json\" class=\"yoast-schema-graph\">{\"@context\":\"https:\/\/schema.org\",\"@graph\":[{\"@type\":\"Article\",\"@id\":\"https:\/\/bahiaeconomica.com.br\/wp\/2025\/11\/28\/empresas-sanaram-384-das-dividas-negativadas-em-julho-em-ate-60-dias\/#article\",\"isPartOf\":{\"@id\":\"https:\/\/bahiaeconomica.com.br\/wp\/2025\/11\/28\/empresas-sanaram-384-das-dividas-negativadas-em-julho-em-ate-60-dias\/\"},\"author\":{\"name\":\"VICTORIA ISABEL\",\"@id\":\"https:\/\/bahiaeconomica.com.br\/wp\/#\/schema\/person\/b719ce0fb1c09f3c7a00d9243ced4a6f\"},\"headline\":\"EMPRESAS SANARAM 38,4% DAS D\u00cdVIDAS NEGATIVADAS EM JULHO EM AT\u00c9 60 DIAS\",\"datePublished\":\"2025-11-28T19:58:20+00:00\",\"dateModified\":\"2025-11-28T18:03:44+00:00\",\"mainEntityOfPage\":{\"@id\":\"https:\/\/bahiaeconomica.com.br\/wp\/2025\/11\/28\/empresas-sanaram-384-das-dividas-negativadas-em-julho-em-ate-60-dias\/\"},\"wordCount\":480,\"publisher\":{\"@id\":\"https:\/\/bahiaeconomica.com.br\/wp\/#organization\"},\"articleSection\":[\"DESTAQUE DO DIA\",\"ECONOMIA \/ POL\u00cdTICA\"],\"inLanguage\":\"pt-BR\"},{\"@type\":\"WebPage\",\"@id\":\"https:\/\/bahiaeconomica.com.br\/wp\/2025\/11\/28\/empresas-sanaram-384-das-dividas-negativadas-em-julho-em-ate-60-dias\/\",\"url\":\"https:\/\/bahiaeconomica.com.br\/wp\/2025\/11\/28\/empresas-sanaram-384-das-dividas-negativadas-em-julho-em-ate-60-dias\/\",\"name\":\"EMPRESAS SANARAM 38,4% DAS D\u00cdVIDAS NEGATIVADAS EM JULHO EM AT\u00c9 60 DIAS - Bahia Economica\",\"isPartOf\":{\"@id\":\"https:\/\/bahiaeconomica.com.br\/wp\/#website\"},\"datePublished\":\"2025-11-28T19:58:20+00:00\",\"dateModified\":\"2025-11-28T18:03:44+00:00\",\"description\":\"O maior portal de Economia da Bahia DESTAQUE DO DIA, ECONOMIA \/ POL\u00cdTICA Bahia Economica\",\"breadcrumb\":{\"@id\":\"https:\/\/bahiaeconomica.com.br\/wp\/2025\/11\/28\/empresas-sanaram-384-das-dividas-negativadas-em-julho-em-ate-60-dias\/#breadcrumb\"},\"inLanguage\":\"pt-BR\",\"potentialAction\":[{\"@type\":\"ReadAction\",\"target\":[\"https:\/\/bahiaeconomica.com.br\/wp\/2025\/11\/28\/empresas-sanaram-384-das-dividas-negativadas-em-julho-em-ate-60-dias\/\"]}]},{\"@type\":\"BreadcrumbList\",\"@id\":\"https:\/\/bahiaeconomica.com.br\/wp\/2025\/11\/28\/empresas-sanaram-384-das-dividas-negativadas-em-julho-em-ate-60-dias\/#breadcrumb\",\"itemListElement\":[{\"@type\":\"ListItem\",\"position\":1,\"name\":\"In\u00edcio\",\"item\":\"https:\/\/bahiaeconomica.com.br\/wp\/\"},{\"@type\":\"ListItem\",\"position\":2,\"name\":\"EMPRESAS SANARAM 38,4% DAS D\u00cdVIDAS NEGATIVADAS EM JULHO EM AT\u00c9 60 DIAS\"}]},{\"@type\":\"WebSite\",\"@id\":\"https:\/\/bahiaeconomica.com.br\/wp\/#website\",\"url\":\"https:\/\/bahiaeconomica.com.br\/wp\/\",\"name\":\"Bahia Economica\",\"description\":\"O maior portal de Economia da Bahia\",\"publisher\":{\"@id\":\"https:\/\/bahiaeconomica.com.br\/wp\/#organization\"},\"potentialAction\":[{\"@type\":\"SearchAction\",\"target\":{\"@type\":\"EntryPoint\",\"urlTemplate\":\"https:\/\/bahiaeconomica.com.br\/wp\/?s={search_term_string}\"},\"query-input\":\"required name=search_term_string\"}],\"inLanguage\":\"pt-BR\"},{\"@type\":\"Organization\",\"@id\":\"https:\/\/bahiaeconomica.com.br\/wp\/#organization\",\"name\":\"Bahia Econ\u00f4mica\",\"url\":\"https:\/\/bahiaeconomica.com.br\/wp\/\",\"logo\":{\"@type\":\"ImageObject\",\"inLanguage\":\"pt-BR\",\"@id\":\"https:\/\/bahiaeconomica.com.br\/wp\/#\/schema\/logo\/image\/\",\"url\":\"https:\/\/bahiaeconomica.com.br\/wp\/wp-content\/uploads\/2020\/12\/cropped-BE.png\",\"contentUrl\":\"https:\/\/bahiaeconomica.com.br\/wp\/wp-content\/uploads\/2020\/12\/cropped-BE.png\",\"width\":512,\"height\":512,\"caption\":\"Bahia Econ\u00f4mica\"},\"image\":{\"@id\":\"https:\/\/bahiaeconomica.com.br\/wp\/#\/schema\/logo\/image\/\"},\"sameAs\":[\"https:\/\/www.facebook.com\/bahiaeconomica\"]},{\"@type\":\"Person\",\"@id\":\"https:\/\/bahiaeconomica.com.br\/wp\/#\/schema\/person\/b719ce0fb1c09f3c7a00d9243ced4a6f\",\"name\":\"VICTORIA ISABEL\",\"sameAs\":[\"http:\/\/www.bahiaeconomica.com.br\"],\"url\":\"https:\/\/bahiaeconomica.com.br\/wp\/author\/victoria-isabel\/\"}]}<\/script>\n<!-- \/ Yoast SEO plugin. -->","yoast_head_json":{"title":"EMPRESAS SANARAM 38,4% DAS D\u00cdVIDAS NEGATIVADAS EM JULHO EM AT\u00c9 60 DIAS - Bahia Economica","description":"O maior portal de Economia da Bahia DESTAQUE DO DIA, ECONOMIA \/ POL\u00cdTICA Bahia Economica","robots":{"index":"index","follow":"follow","max-snippet":"max-snippet:-1","max-image-preview":"max-image-preview:large","max-video-preview":"max-video-preview:-1"},"canonical":"https:\/\/bahiaeconomica.com.br\/wp\/2025\/11\/28\/empresas-sanaram-384-das-dividas-negativadas-em-julho-em-ate-60-dias\/","og_locale":"pt_BR","og_type":"article","og_title":"EMPRESAS SANARAM 38,4% DAS D\u00cdVIDAS NEGATIVADAS EM JULHO EM AT\u00c9 60 DIAS - Bahia Economica","og_description":"O maior portal de Economia da Bahia DESTAQUE DO DIA, ECONOMIA \/ POL\u00cdTICA Bahia Economica","og_url":"https:\/\/bahiaeconomica.com.br\/wp\/2025\/11\/28\/empresas-sanaram-384-das-dividas-negativadas-em-julho-em-ate-60-dias\/","og_site_name":"Bahia Economica","article_publisher":"https:\/\/www.facebook.com\/bahiaeconomica","article_published_time":"2025-11-28T19:58:20+00:00","article_modified_time":"2025-11-28T18:03:44+00:00","og_image":[{"width":768,"height":460,"url":"https:\/\/bahiaeconomica.com.br\/wp\/wp-content\/uploads\/2025\/11\/real_moedadinheiro_jfcrz_abr_1701220048_1-2-1024x613-1-768x460-1.webp","type":"image\/webp"}],"author":"VICTORIA ISABEL","twitter_card":"summary_large_image","twitter_misc":{"Escrito por":"VICTORIA ISABEL","Est. tempo de leitura":"3 minutos"},"schema":{"@context":"https:\/\/schema.org","@graph":[{"@type":"Article","@id":"https:\/\/bahiaeconomica.com.br\/wp\/2025\/11\/28\/empresas-sanaram-384-das-dividas-negativadas-em-julho-em-ate-60-dias\/#article","isPartOf":{"@id":"https:\/\/bahiaeconomica.com.br\/wp\/2025\/11\/28\/empresas-sanaram-384-das-dividas-negativadas-em-julho-em-ate-60-dias\/"},"author":{"name":"VICTORIA ISABEL","@id":"https:\/\/bahiaeconomica.com.br\/wp\/#\/schema\/person\/b719ce0fb1c09f3c7a00d9243ced4a6f"},"headline":"EMPRESAS SANARAM 38,4% DAS D\u00cdVIDAS NEGATIVADAS EM JULHO EM AT\u00c9 60 DIAS","datePublished":"2025-11-28T19:58:20+00:00","dateModified":"2025-11-28T18:03:44+00:00","mainEntityOfPage":{"@id":"https:\/\/bahiaeconomica.com.br\/wp\/2025\/11\/28\/empresas-sanaram-384-das-dividas-negativadas-em-julho-em-ate-60-dias\/"},"wordCount":480,"publisher":{"@id":"https:\/\/bahiaeconomica.com.br\/wp\/#organization"},"articleSection":["DESTAQUE DO DIA","ECONOMIA \/ POL\u00cdTICA"],"inLanguage":"pt-BR"},{"@type":"WebPage","@id":"https:\/\/bahiaeconomica.com.br\/wp\/2025\/11\/28\/empresas-sanaram-384-das-dividas-negativadas-em-julho-em-ate-60-dias\/","url":"https:\/\/bahiaeconomica.com.br\/wp\/2025\/11\/28\/empresas-sanaram-384-das-dividas-negativadas-em-julho-em-ate-60-dias\/","name":"EMPRESAS SANARAM 38,4% DAS D\u00cdVIDAS NEGATIVADAS EM JULHO EM AT\u00c9 60 DIAS - Bahia Economica","isPartOf":{"@id":"https:\/\/bahiaeconomica.com.br\/wp\/#website"},"datePublished":"2025-11-28T19:58:20+00:00","dateModified":"2025-11-28T18:03:44+00:00","description":"O maior portal de Economia da Bahia DESTAQUE DO DIA, ECONOMIA \/ POL\u00cdTICA Bahia Economica","breadcrumb":{"@id":"https:\/\/bahiaeconomica.com.br\/wp\/2025\/11\/28\/empresas-sanaram-384-das-dividas-negativadas-em-julho-em-ate-60-dias\/#breadcrumb"},"inLanguage":"pt-BR","potentialAction":[{"@type":"ReadAction","target":["https:\/\/bahiaeconomica.com.br\/wp\/2025\/11\/28\/empresas-sanaram-384-das-dividas-negativadas-em-julho-em-ate-60-dias\/"]}]},{"@type":"BreadcrumbList","@id":"https:\/\/bahiaeconomica.com.br\/wp\/2025\/11\/28\/empresas-sanaram-384-das-dividas-negativadas-em-julho-em-ate-60-dias\/#breadcrumb","itemListElement":[{"@type":"ListItem","position":1,"name":"In\u00edcio","item":"https:\/\/bahiaeconomica.com.br\/wp\/"},{"@type":"ListItem","position":2,"name":"EMPRESAS SANARAM 38,4% DAS D\u00cdVIDAS NEGATIVADAS EM JULHO EM AT\u00c9 60 DIAS"}]},{"@type":"WebSite","@id":"https:\/\/bahiaeconomica.com.br\/wp\/#website","url":"https:\/\/bahiaeconomica.com.br\/wp\/","name":"Bahia Economica","description":"O maior portal de Economia da Bahia","publisher":{"@id":"https:\/\/bahiaeconomica.com.br\/wp\/#organization"},"potentialAction":[{"@type":"SearchAction","target":{"@type":"EntryPoint","urlTemplate":"https:\/\/bahiaeconomica.com.br\/wp\/?s={search_term_string}"},"query-input":"required name=search_term_string"}],"inLanguage":"pt-BR"},{"@type":"Organization","@id":"https:\/\/bahiaeconomica.com.br\/wp\/#organization","name":"Bahia Econ\u00f4mica","url":"https:\/\/bahiaeconomica.com.br\/wp\/","logo":{"@type":"ImageObject","inLanguage":"pt-BR","@id":"https:\/\/bahiaeconomica.com.br\/wp\/#\/schema\/logo\/image\/","url":"https:\/\/bahiaeconomica.com.br\/wp\/wp-content\/uploads\/2020\/12\/cropped-BE.png","contentUrl":"https:\/\/bahiaeconomica.com.br\/wp\/wp-content\/uploads\/2020\/12\/cropped-BE.png","width":512,"height":512,"caption":"Bahia Econ\u00f4mica"},"image":{"@id":"https:\/\/bahiaeconomica.com.br\/wp\/#\/schema\/logo\/image\/"},"sameAs":["https:\/\/www.facebook.com\/bahiaeconomica"]},{"@type":"Person","@id":"https:\/\/bahiaeconomica.com.br\/wp\/#\/schema\/person\/b719ce0fb1c09f3c7a00d9243ced4a6f","name":"VICTORIA ISABEL","sameAs":["http:\/\/www.bahiaeconomica.com.br"],"url":"https:\/\/bahiaeconomica.com.br\/wp\/author\/victoria-isabel\/"}]}},"views":7,"_links":{"self":[{"href":"https:\/\/bahiaeconomica.com.br\/wp\/wp-json\/wp\/v2\/posts\/956738"}],"collection":[{"href":"https:\/\/bahiaeconomica.com.br\/wp\/wp-json\/wp\/v2\/posts"}],"about":[{"href":"https:\/\/bahiaeconomica.com.br\/wp\/wp-json\/wp\/v2\/types\/post"}],"author":[{"embeddable":true,"href":"https:\/\/bahiaeconomica.com.br\/wp\/wp-json\/wp\/v2\/users\/15"}],"replies":[{"embeddable":true,"href":"https:\/\/bahiaeconomica.com.br\/wp\/wp-json\/wp\/v2\/comments?post=956738"}],"version-history":[{"count":1,"href":"https:\/\/bahiaeconomica.com.br\/wp\/wp-json\/wp\/v2\/posts\/956738\/revisions"}],"predecessor-version":[{"id":956741,"href":"https:\/\/bahiaeconomica.com.br\/wp\/wp-json\/wp\/v2\/posts\/956738\/revisions\/956741"}],"wp:featuredmedia":[{"embeddable":true,"href":"https:\/\/bahiaeconomica.com.br\/wp\/wp-json\/wp\/v2\/media\/956740"}],"wp:attachment":[{"href":"https:\/\/bahiaeconomica.com.br\/wp\/wp-json\/wp\/v2\/media?parent=956738"}],"wp:term":[{"taxonomy":"category","embeddable":true,"href":"https:\/\/bahiaeconomica.com.br\/wp\/wp-json\/wp\/v2\/categories?post=956738"},{"taxonomy":"post_tag","embeddable":true,"href":"https:\/\/bahiaeconomica.com.br\/wp\/wp-json\/wp\/v2\/tags?post=956738"}],"curies":[{"name":"wp","href":"https:\/\/api.w.org\/{rel}","templated":true}]}}