{"id":956530,"date":"2025-11-28T06:59:53","date_gmt":"2025-11-28T09:59:53","guid":{"rendered":"https:\/\/bahiaeconomica.com.br\/wp\/?p=956530"},"modified":"2025-11-28T06:20:07","modified_gmt":"2025-11-28T09:20:07","slug":"gigante-do-atacarejo-abre-novas-lojas-e-promete-mais-de-300-empregos","status":"publish","type":"post","link":"https:\/\/bahiaeconomica.com.br\/wp\/2025\/11\/28\/gigante-do-atacarejo-abre-novas-lojas-e-promete-mais-de-300-empregos\/","title":{"rendered":"GIGANTE DO ATACAREJO ABRE NOVAS LOJAS E PROMETE MAIS DE 300 EMPREGOS"},"content":{"rendered":"<p>O setor de atacarejo segue em forte expans\u00e3o em Santa Catarina. Uma das maiores redes nacionais acaba de inaugurar simultaneamente duas novas e estrat\u00e9gicas unidades nos munic\u00edpios de Cambori\u00fa e S\u00e3o Francisco do Sul.<\/p>\n<p>Estas aberturas marcam a estreia da bandeira em cidades que ainda n\u00e3o possu\u00edam sua opera\u00e7\u00e3o, refor\u00e7ando a presen\u00e7a regional do grupo.<\/p>\n<p>A chegada das duas novas lojas \u00e9 um grande impulso para a economia local, gerando mais de 300 vagas de emprego direto nas duas cidades.<\/p>\n<p>Localiza\u00e7\u00e3o estrat\u00e9gica e adapta\u00e7\u00e3o<\/p>\n<p>As novas unidades foram estrategicamente posicionadas para garantir f\u00e1cil acesso e alta circula\u00e7\u00e3o de clientes:<\/p>\n<p>S\u00e3o Francisco do Sul: Localizada no bairro Acara\u00ed, a loja possui uma estrutura mais robusta. Ocupando milhares de metros quadrados de \u00e1rea de vendas, o local foi projetado para receber um grande volume de p\u00fablico, oferecendo dezenas de caixas, incluindo o servi\u00e7o de autoatendimento.<\/p>\n<p>Cambori\u00fa: Situada em uma regi\u00e3o central e de grande fluxo, a unidade aproveita a proximidade com servi\u00e7os essenciais. Esta loja, mais compacta, nasceu da convers\u00e3o de um pr\u00e9dio existente adquirido pelo grupo no in\u00edcio do ano, ap\u00f3s a compra de uma rede local. O im\u00f3vel foi adaptado para otimizar o fluxo e o conforto dos clientes.<\/p>\n<p>Estrutura moderna e foco na agilidade<\/p>\n<p>Ambas as lojas seguem o conceito moderno de atacarejo, combinando a conveni\u00eancia de compras em grandes volumes com pre\u00e7os competitivos. A rede investiu em infraestrutura para suportar um alto volume de clientes<\/p>\n<p>Atendimento r\u00e1pido: Em S\u00e3o Francisco do Sul, o alto n\u00famero de caixas e o autoatendimento visam reduzir filas e agilizar as transa\u00e7\u00f5es. Conforto e fluxo: As unidades contam com \u00e1reas internas climatizadas, corredores amplos e estacionamentos com vagas pensadas para ve\u00edculos de diferentes portes, facilitando a movimenta\u00e7\u00e3o e a experi\u00eancia de compra.(A Tarde)<\/p>\n<p>&nbsp;<\/p>\n<p>Foto: Adobe Stock<\/p>\n<p>&nbsp;<\/p>\n<p>&nbsp;<\/p>\n","protected":false},"excerpt":{"rendered":"<p>O setor de atacarejo segue em forte expans\u00e3o em Santa Catarina. Uma das maiores redes nacionais acaba de inaugurar simultaneamente duas novas e estrat\u00e9gicas unidades nos munic\u00edpios de Cambori\u00fa e S\u00e3o Francisco do Sul. Estas aberturas marcam a estreia da bandeira em cidades que ainda n\u00e3o possu\u00edam sua opera\u00e7\u00e3o, refor\u00e7ando a presen\u00e7a regional do grupo. [&hellip;]<\/p>\n","protected":false},"author":8,"featured_media":956531,"comment_status":"closed","ping_status":"closed","sticky":false,"template":"","format":"standard","meta":[],"categories":[14,3],"tags":[42526,1012,2260],"acf":[],"yoast_head":"<!-- This site is optimized with the Yoast SEO plugin v20.8 - https:\/\/yoast.com\/wordpress\/plugins\/seo\/ -->\n<title>GIGANTE DO ATACAREJO ABRE NOVAS LOJAS E PROMETE MAIS DE 300 EMPREGOS - Bahia Economica<\/title>\n<meta name=\"description\" content=\"O maior portal de Economia da Bahia DESTAQUE DO DIA, ECONOMIA \/ POL\u00cdTICA Bahia Economica O setor de atacarejo segue em forte expans\u00e3o em Santa Catarina.\" \/>\n<meta name=\"robots\" content=\"index, follow, max-snippet:-1, max-image-preview:large, max-video-preview:-1\" \/>\n<link rel=\"canonical\" href=\"https:\/\/bahiaeconomica.com.br\/wp\/2025\/11\/28\/gigante-do-atacarejo-abre-novas-lojas-e-promete-mais-de-300-empregos\/\" \/>\n<meta property=\"og:locale\" content=\"pt_BR\" \/>\n<meta property=\"og:type\" content=\"article\" \/>\n<meta property=\"og:title\" content=\"GIGANTE DO ATACAREJO ABRE NOVAS LOJAS E PROMETE MAIS DE 300 EMPREGOS - Bahia Economica\" \/>\n<meta property=\"og:description\" content=\"O maior portal de Economia da Bahia DESTAQUE DO DIA, ECONOMIA \/ POL\u00cdTICA Bahia Economica O setor de atacarejo segue em forte expans\u00e3o em Santa Catarina.\" \/>\n<meta property=\"og:url\" content=\"https:\/\/bahiaeconomica.com.br\/wp\/2025\/11\/28\/gigante-do-atacarejo-abre-novas-lojas-e-promete-mais-de-300-empregos\/\" \/>\n<meta property=\"og:site_name\" content=\"Bahia Economica\" \/>\n<meta property=\"article:publisher\" content=\"https:\/\/www.facebook.com\/bahiaeconomica\" \/>\n<meta property=\"article:published_time\" content=\"2025-11-28T09:59:53+00:00\" \/>\n<meta property=\"article:modified_time\" content=\"2025-11-28T09:20:07+00:00\" \/>\n<meta property=\"og:image\" content=\"https:\/\/bahiaeconomica.com.br\/wp\/wp-content\/uploads\/2025\/11\/Inauguracao-de-novo-gigante-do-atacarejo-promete-g0135126600202509171742-ScaleDownProportional.webp\" \/>\n\t<meta property=\"og:image:width\" content=\"1080\" \/>\n\t<meta property=\"og:image:height\" content=\"720\" \/>\n\t<meta property=\"og:image:type\" content=\"image\/webp\" \/>\n<meta name=\"author\" content=\"JP\" \/>\n<meta name=\"twitter:card\" content=\"summary_large_image\" \/>\n<meta name=\"twitter:label1\" content=\"Escrito por\" \/>\n\t<meta name=\"twitter:data1\" content=\"JP\" \/>\n\t<meta name=\"twitter:label2\" content=\"Est. tempo de leitura\" \/>\n\t<meta name=\"twitter:data2\" content=\"2 minutos\" \/>\n<script type=\"application\/ld+json\" class=\"yoast-schema-graph\">{\"@context\":\"https:\/\/schema.org\",\"@graph\":[{\"@type\":\"Article\",\"@id\":\"https:\/\/bahiaeconomica.com.br\/wp\/2025\/11\/28\/gigante-do-atacarejo-abre-novas-lojas-e-promete-mais-de-300-empregos\/#article\",\"isPartOf\":{\"@id\":\"https:\/\/bahiaeconomica.com.br\/wp\/2025\/11\/28\/gigante-do-atacarejo-abre-novas-lojas-e-promete-mais-de-300-empregos\/\"},\"author\":{\"name\":\"JP\",\"@id\":\"https:\/\/bahiaeconomica.com.br\/wp\/#\/schema\/person\/c86d3a3f8960425a0f9d0e5245991f4e\"},\"headline\":\"GIGANTE DO ATACAREJO ABRE NOVAS LOJAS E PROMETE MAIS DE 300 EMPREGOS\",\"datePublished\":\"2025-11-28T09:59:53+00:00\",\"dateModified\":\"2025-11-28T09:20:07+00:00\",\"mainEntityOfPage\":{\"@id\":\"https:\/\/bahiaeconomica.com.br\/wp\/2025\/11\/28\/gigante-do-atacarejo-abre-novas-lojas-e-promete-mais-de-300-empregos\/\"},\"wordCount\":339,\"publisher\":{\"@id\":\"https:\/\/bahiaeconomica.com.br\/wp\/#organization\"},\"keywords\":[\"Atacarejo\",\"empregos\",\"supermercado\"],\"articleSection\":[\"DESTAQUE DO DIA\",\"ECONOMIA \/ POL\u00cdTICA\"],\"inLanguage\":\"pt-BR\"},{\"@type\":\"WebPage\",\"@id\":\"https:\/\/bahiaeconomica.com.br\/wp\/2025\/11\/28\/gigante-do-atacarejo-abre-novas-lojas-e-promete-mais-de-300-empregos\/\",\"url\":\"https:\/\/bahiaeconomica.com.br\/wp\/2025\/11\/28\/gigante-do-atacarejo-abre-novas-lojas-e-promete-mais-de-300-empregos\/\",\"name\":\"GIGANTE DO ATACAREJO ABRE NOVAS LOJAS E PROMETE MAIS DE 300 EMPREGOS - Bahia Economica\",\"isPartOf\":{\"@id\":\"https:\/\/bahiaeconomica.com.br\/wp\/#website\"},\"datePublished\":\"2025-11-28T09:59:53+00:00\",\"dateModified\":\"2025-11-28T09:20:07+00:00\",\"description\":\"O maior portal de Economia da Bahia DESTAQUE DO DIA, ECONOMIA \/ POL\u00cdTICA Bahia Economica O setor de atacarejo segue em forte expans\u00e3o em Santa Catarina.\",\"breadcrumb\":{\"@id\":\"https:\/\/bahiaeconomica.com.br\/wp\/2025\/11\/28\/gigante-do-atacarejo-abre-novas-lojas-e-promete-mais-de-300-empregos\/#breadcrumb\"},\"inLanguage\":\"pt-BR\",\"potentialAction\":[{\"@type\":\"ReadAction\",\"target\":[\"https:\/\/bahiaeconomica.com.br\/wp\/2025\/11\/28\/gigante-do-atacarejo-abre-novas-lojas-e-promete-mais-de-300-empregos\/\"]}]},{\"@type\":\"BreadcrumbList\",\"@id\":\"https:\/\/bahiaeconomica.com.br\/wp\/2025\/11\/28\/gigante-do-atacarejo-abre-novas-lojas-e-promete-mais-de-300-empregos\/#breadcrumb\",\"itemListElement\":[{\"@type\":\"ListItem\",\"position\":1,\"name\":\"In\u00edcio\",\"item\":\"https:\/\/bahiaeconomica.com.br\/wp\/\"},{\"@type\":\"ListItem\",\"position\":2,\"name\":\"GIGANTE DO ATACAREJO ABRE NOVAS LOJAS E PROMETE MAIS DE 300 EMPREGOS\"}]},{\"@type\":\"WebSite\",\"@id\":\"https:\/\/bahiaeconomica.com.br\/wp\/#website\",\"url\":\"https:\/\/bahiaeconomica.com.br\/wp\/\",\"name\":\"Bahia Economica\",\"description\":\"O maior portal de Economia da Bahia\",\"publisher\":{\"@id\":\"https:\/\/bahiaeconomica.com.br\/wp\/#organization\"},\"potentialAction\":[{\"@type\":\"SearchAction\",\"target\":{\"@type\":\"EntryPoint\",\"urlTemplate\":\"https:\/\/bahiaeconomica.com.br\/wp\/?s={search_term_string}\"},\"query-input\":\"required name=search_term_string\"}],\"inLanguage\":\"pt-BR\"},{\"@type\":\"Organization\",\"@id\":\"https:\/\/bahiaeconomica.com.br\/wp\/#organization\",\"name\":\"Bahia Econ\u00f4mica\",\"url\":\"https:\/\/bahiaeconomica.com.br\/wp\/\",\"logo\":{\"@type\":\"ImageObject\",\"inLanguage\":\"pt-BR\",\"@id\":\"https:\/\/bahiaeconomica.com.br\/wp\/#\/schema\/logo\/image\/\",\"url\":\"https:\/\/bahiaeconomica.com.br\/wp\/wp-content\/uploads\/2020\/12\/cropped-BE.png\",\"contentUrl\":\"https:\/\/bahiaeconomica.com.br\/wp\/wp-content\/uploads\/2020\/12\/cropped-BE.png\",\"width\":512,\"height\":512,\"caption\":\"Bahia Econ\u00f4mica\"},\"image\":{\"@id\":\"https:\/\/bahiaeconomica.com.br\/wp\/#\/schema\/logo\/image\/\"},\"sameAs\":[\"https:\/\/www.facebook.com\/bahiaeconomica\"]},{\"@type\":\"Person\",\"@id\":\"https:\/\/bahiaeconomica.com.br\/wp\/#\/schema\/person\/c86d3a3f8960425a0f9d0e5245991f4e\",\"name\":\"JP\",\"sameAs\":[\"https:\/\/bahiaeconomica.com.br\/wp\/beta\/\"],\"url\":\"https:\/\/bahiaeconomica.com.br\/wp\/author\/jp\/\"}]}<\/script>\n<!-- \/ Yoast SEO plugin. -->","yoast_head_json":{"title":"GIGANTE DO ATACAREJO ABRE NOVAS LOJAS E PROMETE MAIS DE 300 EMPREGOS - Bahia Economica","description":"O maior portal de Economia da Bahia DESTAQUE DO DIA, ECONOMIA \/ POL\u00cdTICA Bahia Economica O setor de atacarejo segue em forte expans\u00e3o em Santa Catarina.","robots":{"index":"index","follow":"follow","max-snippet":"max-snippet:-1","max-image-preview":"max-image-preview:large","max-video-preview":"max-video-preview:-1"},"canonical":"https:\/\/bahiaeconomica.com.br\/wp\/2025\/11\/28\/gigante-do-atacarejo-abre-novas-lojas-e-promete-mais-de-300-empregos\/","og_locale":"pt_BR","og_type":"article","og_title":"GIGANTE DO ATACAREJO ABRE NOVAS LOJAS E PROMETE MAIS DE 300 EMPREGOS - Bahia Economica","og_description":"O maior portal de Economia da Bahia DESTAQUE DO DIA, ECONOMIA \/ POL\u00cdTICA Bahia Economica O setor de atacarejo segue em forte expans\u00e3o em Santa Catarina.","og_url":"https:\/\/bahiaeconomica.com.br\/wp\/2025\/11\/28\/gigante-do-atacarejo-abre-novas-lojas-e-promete-mais-de-300-empregos\/","og_site_name":"Bahia Economica","article_publisher":"https:\/\/www.facebook.com\/bahiaeconomica","article_published_time":"2025-11-28T09:59:53+00:00","article_modified_time":"2025-11-28T09:20:07+00:00","og_image":[{"width":1080,"height":720,"url":"https:\/\/bahiaeconomica.com.br\/wp\/wp-content\/uploads\/2025\/11\/Inauguracao-de-novo-gigante-do-atacarejo-promete-g0135126600202509171742-ScaleDownProportional.webp","type":"image\/webp"}],"author":"JP","twitter_card":"summary_large_image","twitter_misc":{"Escrito por":"JP","Est. tempo de leitura":"2 minutos"},"schema":{"@context":"https:\/\/schema.org","@graph":[{"@type":"Article","@id":"https:\/\/bahiaeconomica.com.br\/wp\/2025\/11\/28\/gigante-do-atacarejo-abre-novas-lojas-e-promete-mais-de-300-empregos\/#article","isPartOf":{"@id":"https:\/\/bahiaeconomica.com.br\/wp\/2025\/11\/28\/gigante-do-atacarejo-abre-novas-lojas-e-promete-mais-de-300-empregos\/"},"author":{"name":"JP","@id":"https:\/\/bahiaeconomica.com.br\/wp\/#\/schema\/person\/c86d3a3f8960425a0f9d0e5245991f4e"},"headline":"GIGANTE DO ATACAREJO ABRE NOVAS LOJAS E PROMETE MAIS DE 300 EMPREGOS","datePublished":"2025-11-28T09:59:53+00:00","dateModified":"2025-11-28T09:20:07+00:00","mainEntityOfPage":{"@id":"https:\/\/bahiaeconomica.com.br\/wp\/2025\/11\/28\/gigante-do-atacarejo-abre-novas-lojas-e-promete-mais-de-300-empregos\/"},"wordCount":339,"publisher":{"@id":"https:\/\/bahiaeconomica.com.br\/wp\/#organization"},"keywords":["Atacarejo","empregos","supermercado"],"articleSection":["DESTAQUE DO DIA","ECONOMIA \/ POL\u00cdTICA"],"inLanguage":"pt-BR"},{"@type":"WebPage","@id":"https:\/\/bahiaeconomica.com.br\/wp\/2025\/11\/28\/gigante-do-atacarejo-abre-novas-lojas-e-promete-mais-de-300-empregos\/","url":"https:\/\/bahiaeconomica.com.br\/wp\/2025\/11\/28\/gigante-do-atacarejo-abre-novas-lojas-e-promete-mais-de-300-empregos\/","name":"GIGANTE DO ATACAREJO ABRE NOVAS LOJAS E PROMETE MAIS DE 300 EMPREGOS - Bahia Economica","isPartOf":{"@id":"https:\/\/bahiaeconomica.com.br\/wp\/#website"},"datePublished":"2025-11-28T09:59:53+00:00","dateModified":"2025-11-28T09:20:07+00:00","description":"O maior portal de Economia da Bahia DESTAQUE DO DIA, ECONOMIA \/ POL\u00cdTICA Bahia Economica O setor de atacarejo segue em forte expans\u00e3o em Santa Catarina.","breadcrumb":{"@id":"https:\/\/bahiaeconomica.com.br\/wp\/2025\/11\/28\/gigante-do-atacarejo-abre-novas-lojas-e-promete-mais-de-300-empregos\/#breadcrumb"},"inLanguage":"pt-BR","potentialAction":[{"@type":"ReadAction","target":["https:\/\/bahiaeconomica.com.br\/wp\/2025\/11\/28\/gigante-do-atacarejo-abre-novas-lojas-e-promete-mais-de-300-empregos\/"]}]},{"@type":"BreadcrumbList","@id":"https:\/\/bahiaeconomica.com.br\/wp\/2025\/11\/28\/gigante-do-atacarejo-abre-novas-lojas-e-promete-mais-de-300-empregos\/#breadcrumb","itemListElement":[{"@type":"ListItem","position":1,"name":"In\u00edcio","item":"https:\/\/bahiaeconomica.com.br\/wp\/"},{"@type":"ListItem","position":2,"name":"GIGANTE DO ATACAREJO ABRE NOVAS LOJAS E PROMETE MAIS DE 300 EMPREGOS"}]},{"@type":"WebSite","@id":"https:\/\/bahiaeconomica.com.br\/wp\/#website","url":"https:\/\/bahiaeconomica.com.br\/wp\/","name":"Bahia Economica","description":"O maior portal de Economia da Bahia","publisher":{"@id":"https:\/\/bahiaeconomica.com.br\/wp\/#organization"},"potentialAction":[{"@type":"SearchAction","target":{"@type":"EntryPoint","urlTemplate":"https:\/\/bahiaeconomica.com.br\/wp\/?s={search_term_string}"},"query-input":"required name=search_term_string"}],"inLanguage":"pt-BR"},{"@type":"Organization","@id":"https:\/\/bahiaeconomica.com.br\/wp\/#organization","name":"Bahia Econ\u00f4mica","url":"https:\/\/bahiaeconomica.com.br\/wp\/","logo":{"@type":"ImageObject","inLanguage":"pt-BR","@id":"https:\/\/bahiaeconomica.com.br\/wp\/#\/schema\/logo\/image\/","url":"https:\/\/bahiaeconomica.com.br\/wp\/wp-content\/uploads\/2020\/12\/cropped-BE.png","contentUrl":"https:\/\/bahiaeconomica.com.br\/wp\/wp-content\/uploads\/2020\/12\/cropped-BE.png","width":512,"height":512,"caption":"Bahia Econ\u00f4mica"},"image":{"@id":"https:\/\/bahiaeconomica.com.br\/wp\/#\/schema\/logo\/image\/"},"sameAs":["https:\/\/www.facebook.com\/bahiaeconomica"]},{"@type":"Person","@id":"https:\/\/bahiaeconomica.com.br\/wp\/#\/schema\/person\/c86d3a3f8960425a0f9d0e5245991f4e","name":"JP","sameAs":["https:\/\/bahiaeconomica.com.br\/wp\/beta\/"],"url":"https:\/\/bahiaeconomica.com.br\/wp\/author\/jp\/"}]}},"views":39,"_links":{"self":[{"href":"https:\/\/bahiaeconomica.com.br\/wp\/wp-json\/wp\/v2\/posts\/956530"}],"collection":[{"href":"https:\/\/bahiaeconomica.com.br\/wp\/wp-json\/wp\/v2\/posts"}],"about":[{"href":"https:\/\/bahiaeconomica.com.br\/wp\/wp-json\/wp\/v2\/types\/post"}],"author":[{"embeddable":true,"href":"https:\/\/bahiaeconomica.com.br\/wp\/wp-json\/wp\/v2\/users\/8"}],"replies":[{"embeddable":true,"href":"https:\/\/bahiaeconomica.com.br\/wp\/wp-json\/wp\/v2\/comments?post=956530"}],"version-history":[{"count":1,"href":"https:\/\/bahiaeconomica.com.br\/wp\/wp-json\/wp\/v2\/posts\/956530\/revisions"}],"predecessor-version":[{"id":956532,"href":"https:\/\/bahiaeconomica.com.br\/wp\/wp-json\/wp\/v2\/posts\/956530\/revisions\/956532"}],"wp:featuredmedia":[{"embeddable":true,"href":"https:\/\/bahiaeconomica.com.br\/wp\/wp-json\/wp\/v2\/media\/956531"}],"wp:attachment":[{"href":"https:\/\/bahiaeconomica.com.br\/wp\/wp-json\/wp\/v2\/media?parent=956530"}],"wp:term":[{"taxonomy":"category","embeddable":true,"href":"https:\/\/bahiaeconomica.com.br\/wp\/wp-json\/wp\/v2\/categories?post=956530"},{"taxonomy":"post_tag","embeddable":true,"href":"https:\/\/bahiaeconomica.com.br\/wp\/wp-json\/wp\/v2\/tags?post=956530"}],"curies":[{"name":"wp","href":"https:\/\/api.w.org\/{rel}","templated":true}]}}